{"id":1188,"date":"2021-05-14T08:57:54","date_gmt":"2021-05-14T08:57:54","guid":{"rendered":"https:\/\/www.laescueladelagua.com\/?p=1188"},"modified":"2023-07-06T08:59:11","modified_gmt":"2023-07-06T08:59:11","slug":"la-escuela-del-agua-premiada-en-los-fpcat-2020-por-su-compromiso-con-la-formacion-profesional","status":"publish","type":"post","link":"https:\/\/www.laescueladelagua.com\/ca\/la-escuela-del-agua-premiada-en-los-fpcat-2020-por-su-compromiso-con-la-formacion-profesional\/","title":{"rendered":"L&#039;Escola de l&#039;Aigua, premiada als FPCAT 2020 pel seu comprom\u00eds amb la formaci\u00f3 professional"},"content":{"rendered":"<p>Avui L&#039;Escola de l&#039;Aigua d&#039;Agbar ha estat guardonada a la segona edici\u00f3 dels Premis FPCAT 2020, atorgats per la Generalitat de Catalunya en reconeixement a les bones pr\u00e0ctiques en el camp de la formaci\u00f3 professional, a la categoria d&#039;empreses i altres entitats. Manuel Cermer\u00f3n, CEO d&#039;Agbar, ha rebut el premi, en aquest acte que ha comptat amb la pres\u00e8ncia de Josep Bargall\u00f3, Conseller d&#039;Educaci\u00f3 de la Generalitat, i de Chakir El Homrani, Conseller de Treball, Assumptes Socials i Fam\u00edlies.<\/p>\n<p>Des del 2012, L&#039;Escola de l&#039;Aigua -instituci\u00f3 d&#039;Agbar creada per compartir i transferir coneixement en mat\u00e8ria d&#039;aigua i medi ambient- promou el desenvolupament de la Formaci\u00f3 Professional Dual, un model d&#039;\u00e8xit en col\u00b7laboraci\u00f3 publicoprivada, amb les diferents administracions p\u00fabliques i els centres educatius, per tal de generar ocupaci\u00f3 de qualitat i millorar l&#039;ocupabilitat dels joves. Aquest comprom\u00eds ha convertit Agbar en el referent del sector, formant des de l&#039;inici, a trav\u00e9s de l&#039;Escola de l&#039;Aigua, m\u00e9s de 300 persones a 20 empreses del grup juntament amb centres de Catalunya, Gal\u00edcia, Madrid, Regi\u00f3 de M\u00farcia, Andalusia i Can\u00e0ries.<\/p>\n<p>Manuel Cermer\u00f3n, CEO d&#039;Agbar, ha destacat el comprom\u00eds de la companyia amb la formaci\u00f3 de qualitat: \u201cL&#039;Escola de l&#039;Aigua \u00e9s el vehicle que t\u00e9 Agbar per millorar el coneixement i la tecnificaci\u00f3 a l&#039;\u00e0mbit de l&#039;aigua i del medi ambient, i la vocaci\u00f3 \u00e9s fer-ho com a plataforma per a tot el sector\u201d, ha afirmat.<\/p>\n<p>A m\u00e9s, ha destacat que ja el 2012 &quot;es va posar en marxa el desenvolupament d\u00b4un curr\u00edculum propi per al sector de l\u00b4aigua, que no existia en aquell moment&quot;, i que s\u00b4ha fet promovent la FP Dual des de l\u00b4inici.<\/p>\n<p>Finalment, el CEO d&#039;Agbar ha volgut agrair als treballadors del sector de l&#039;aigua pel seu comprom\u00eds per garantir el subministrament d&#039;aigua durant tota la pand\u00e8mia.<\/p>\n<p>Aquest any, l&#039;acte de lliurament de premis, que ha tingut lloc a l&#039;Institut de l&#039;Escola de Treball de Barcelona i ha estat retransm\u00e8s en directe pel canal YouTube del Departament d&#039;Educaci\u00f3 de la Generalitat de Catalunya, ha tingut diverses categories: Traject\u00f2ries individuals; Centres formatius -categoria on han estat premiats dos instituts amb qu\u00e8 col\u00b7labora Agbar, l&#039;Escola Municipal de Treball de Granollers i l&#039;Institut Esteve Terrades i Illa de Cornella de Llobregat-; Empreses i altres entitats on s&#039;inclou el premi a l&#039;Escola de l&#039;Aigua d&#039;Agbar i el Premi a la traject\u00f2ria individual de la persona usu\u00e0ria de centres de formaci\u00f3 professional.<\/p>","protected":false},"excerpt":{"rendered":"<p>Avui L&#039;Escola de l&#039;Aigua d&#039;Agbar ha estat guardonada a la segona edici\u00f3 dels Premis FPCAT 2020, atorgats per la Generalitat de Catalunya en reconeixement a les bones pr\u00e0ctiques en el camp de la formaci\u00f3 professional, a la categoria d&#039;empreses i altres entitats. Manuel Cermer\u00f3n, CEO d&#039;Agbar, ha rebut el premi, [\u2026]<\/p>","protected":false},"author":1,"featured_media":1189,"comment_status":"open","ping_status":"open","sticky":false,"template":"","format":"standard","meta":{"footnotes":""},"categories":[28],"tags":[],"class_list":["post-1188","post","type-post","status-publish","format-standard","has-post-thumbnail","hentry","category-fp-dual"],"yoast_head":"<!-- This site is optimized with the Yoast SEO plugin v24.5 - https:\/\/yoast.com\/wordpress\/plugins\/seo\/ -->\r\n<title>La Escuela del Agua, premiada en los FPCAT 2020 por su compromiso con la formaci\u00f3n profesional - Escuela del agua<\/title>\r\n<meta name=\"robots\" content=\"index, follow, max-snippet:-1, max-image-preview:large, max-video-preview:-1\" \/>\r\n<link rel=\"canonical\" href=\"https:\/\/www.laescueladelagua.com\/ca\/la-escuela-del-agua-premiada-en-los-fpcat-2020-por-su-compromiso-con-la-formacion-profesional\/\" \/>\r\n<meta property=\"og:locale\" content=\"ca_ES\" \/>\r\n<meta property=\"og:type\" content=\"article\" \/>\r\n<meta property=\"og:title\" content=\"La Escuela del Agua, premiada en los FPCAT 2020 por su compromiso con la formaci\u00f3n profesional - Escuela del agua\" \/>\r\n<meta property=\"og:description\" content=\"Hoy La Escuela del Agua de Agbar ha sido galardonada en la segunda edici\u00f3n de los Premios FPCAT 2020, otorgados por la Generalitat de Catalunya en reconocimiento a las buenas pr\u00e1cticas en el campo de la formaci\u00f3n profesional, en la categor\u00eda de empresas y otras entidades. Manuel Cermer\u00f3n, CEO de Agbar, ha recibido el premio, [&hellip;]\" \/>\r\n<meta property=\"og:url\" content=\"https:\/\/www.laescueladelagua.com\/ca\/la-escuela-del-agua-premiada-en-los-fpcat-2020-por-su-compromiso-con-la-formacion-profesional\/\" \/>\r\n<meta property=\"og:site_name\" content=\"Escuela del agua\" \/>\r\n<meta property=\"article:published_time\" content=\"2021-05-14T08:57:54+00:00\" \/>\r\n<meta property=\"article:modified_time\" content=\"2023-07-06T08:59:11+00:00\" \/>\r\n<meta property=\"og:image\" content=\"https:\/\/www.laescueladelagua.com\/wp-content\/uploads\/2023\/07\/article-4-e1698069515443.jpeg\" \/>\r\n\t<meta property=\"og:image:width\" content=\"800\" \/>\r\n\t<meta property=\"og:image:height\" content=\"393\" \/>\r\n\t<meta property=\"og:image:type\" content=\"image\/jpeg\" \/>\r\n<meta name=\"author\" content=\"adminusr\" \/>\r\n<meta name=\"twitter:card\" content=\"summary_large_image\" \/>\r\n<meta name=\"twitter:label1\" content=\"Escrit per\" \/>\n\t<meta name=\"twitter:data1\" content=\"adminusr\" \/>\n\t<meta name=\"twitter:label2\" content=\"Temps estimat de lectura\" \/>\n\t<meta name=\"twitter:data2\" content=\"2 minuts\" \/>\r\n<script type=\"application\/ld+json\" class=\"yoast-schema-graph\">{\"@context\":\"https:\/\/schema.org\",\"@graph\":[{\"@type\":\"Article\",\"@id\":\"https:\/\/www.laescueladelagua.com\/la-escuela-del-agua-premiada-en-los-fpcat-2020-por-su-compromiso-con-la-formacion-profesional\/#article\",\"isPartOf\":{\"@id\":\"https:\/\/www.laescueladelagua.com\/la-escuela-del-agua-premiada-en-los-fpcat-2020-por-su-compromiso-con-la-formacion-profesional\/\"},\"author\":{\"name\":\"adminusr\",\"@id\":\"https:\/\/wapwebedapro01.azurewebsites.net\/#\/schema\/person\/dd1649223e405b6f9eb82e8f6798f241\"},\"headline\":\"La Escuela del Agua, premiada en los FPCAT 2020 por su compromiso con la formaci\u00f3n profesional\",\"datePublished\":\"2021-05-14T08:57:54+00:00\",\"dateModified\":\"2023-07-06T08:59:11+00:00\",\"mainEntityOfPage\":{\"@id\":\"https:\/\/www.laescueladelagua.com\/la-escuela-del-agua-premiada-en-los-fpcat-2020-por-su-compromiso-con-la-formacion-profesional\/\"},\"wordCount\":469,\"commentCount\":0,\"publisher\":{\"@id\":\"https:\/\/wapwebedapro01.azurewebsites.net\/#organization\"},\"image\":{\"@id\":\"https:\/\/www.laescueladelagua.com\/la-escuela-del-agua-premiada-en-los-fpcat-2020-por-su-compromiso-con-la-formacion-profesional\/#primaryimage\"},\"thumbnailUrl\":\"\/wp-content\/uploads\/2023\/07\/article-4-e1698069515443.jpeg\",\"articleSection\":[\"FP Dual\"],\"inLanguage\":\"ca\",\"potentialAction\":[{\"@type\":\"CommentAction\",\"name\":\"Comment\",\"target\":[\"https:\/\/www.laescueladelagua.com\/la-escuela-del-agua-premiada-en-los-fpcat-2020-por-su-compromiso-con-la-formacion-profesional\/#respond\"]}]},{\"@type\":\"WebPage\",\"@id\":\"https:\/\/www.laescueladelagua.com\/la-escuela-del-agua-premiada-en-los-fpcat-2020-por-su-compromiso-con-la-formacion-profesional\/\",\"url\":\"https:\/\/www.laescueladelagua.com\/la-escuela-del-agua-premiada-en-los-fpcat-2020-por-su-compromiso-con-la-formacion-profesional\/\",\"name\":\"La Escuela del Agua, premiada en los FPCAT 2020 por su compromiso con la formaci\u00f3n profesional - Escuela del agua\",\"isPartOf\":{\"@id\":\"https:\/\/wapwebedapro01.azurewebsites.net\/#website\"},\"primaryImageOfPage\":{\"@id\":\"https:\/\/www.laescueladelagua.com\/la-escuela-del-agua-premiada-en-los-fpcat-2020-por-su-compromiso-con-la-formacion-profesional\/#primaryimage\"},\"image\":{\"@id\":\"https:\/\/www.laescueladelagua.com\/la-escuela-del-agua-premiada-en-los-fpcat-2020-por-su-compromiso-con-la-formacion-profesional\/#primaryimage\"},\"thumbnailUrl\":\"\/wp-content\/uploads\/2023\/07\/article-4-e1698069515443.jpeg\",\"datePublished\":\"2021-05-14T08:57:54+00:00\",\"dateModified\":\"2023-07-06T08:59:11+00:00\",\"breadcrumb\":{\"@id\":\"https:\/\/www.laescueladelagua.com\/la-escuela-del-agua-premiada-en-los-fpcat-2020-por-su-compromiso-con-la-formacion-profesional\/#breadcrumb\"},\"inLanguage\":\"ca\",\"potentialAction\":[{\"@type\":\"ReadAction\",\"target\":[\"https:\/\/www.laescueladelagua.com\/la-escuela-del-agua-premiada-en-los-fpcat-2020-por-su-compromiso-con-la-formacion-profesional\/\"]}]},{\"@type\":\"ImageObject\",\"inLanguage\":\"ca\",\"@id\":\"https:\/\/www.laescueladelagua.com\/la-escuela-del-agua-premiada-en-los-fpcat-2020-por-su-compromiso-con-la-formacion-profesional\/#primaryimage\",\"url\":\"\/wp-content\/uploads\/2023\/07\/article-4-e1698069515443.jpeg\",\"contentUrl\":\"\/wp-content\/uploads\/2023\/07\/article-4-e1698069515443.jpeg\",\"width\":800,\"height\":393},{\"@type\":\"BreadcrumbList\",\"@id\":\"https:\/\/www.laescueladelagua.com\/la-escuela-del-agua-premiada-en-los-fpcat-2020-por-su-compromiso-con-la-formacion-profesional\/#breadcrumb\",\"itemListElement\":[{\"@type\":\"ListItem\",\"position\":1,\"name\":\"Home\",\"item\":\"https:\/\/wapwebedapro01.azurewebsites.net\/\"},{\"@type\":\"ListItem\",\"position\":2,\"name\":\"La Escuela del Agua, premiada en los FPCAT 2020 por su compromiso con la formaci\u00f3n profesional\"}]},{\"@type\":\"WebSite\",\"@id\":\"https:\/\/wapwebedapro01.azurewebsites.net\/#website\",\"url\":\"https:\/\/wapwebedapro01.azurewebsites.net\/\",\"name\":\"Escuela del agua\",\"description\":\"\",\"publisher\":{\"@id\":\"https:\/\/wapwebedapro01.azurewebsites.net\/#organization\"},\"potentialAction\":[{\"@type\":\"SearchAction\",\"target\":{\"@type\":\"EntryPoint\",\"urlTemplate\":\"https:\/\/wapwebedapro01.azurewebsites.net\/?s={search_term_string}\"},\"query-input\":{\"@type\":\"PropertyValueSpecification\",\"valueRequired\":true,\"valueName\":\"search_term_string\"}}],\"inLanguage\":\"ca\"},{\"@type\":\"Organization\",\"@id\":\"https:\/\/wapwebedapro01.azurewebsites.net\/#organization\",\"name\":\"Escuela del agua\",\"url\":\"https:\/\/wapwebedapro01.azurewebsites.net\/\",\"logo\":{\"@type\":\"ImageObject\",\"inLanguage\":\"ca\",\"@id\":\"https:\/\/wapwebedapro01.azurewebsites.net\/#\/schema\/logo\/image\/\",\"url\":\"\/wp-content\/uploads\/2023\/08\/logo_EscueladelAgua_mod.1.1_150px.png\",\"contentUrl\":\"\/wp-content\/uploads\/2023\/08\/logo_EscueladelAgua_mod.1.1_150px.png\",\"width\":150,\"height\":90,\"caption\":\"Escuela del agua\"},\"image\":{\"@id\":\"https:\/\/wapwebedapro01.azurewebsites.net\/#\/schema\/logo\/image\/\"}},{\"@type\":\"Person\",\"@id\":\"https:\/\/wapwebedapro01.azurewebsites.net\/#\/schema\/person\/dd1649223e405b6f9eb82e8f6798f241\",\"name\":\"adminusr\",\"image\":{\"@type\":\"ImageObject\",\"inLanguage\":\"ca\",\"@id\":\"https:\/\/wapwebedapro01.azurewebsites.net\/#\/schema\/person\/image\/\",\"url\":\"https:\/\/secure.gravatar.com\/avatar\/0faaa87907e163fd330069f117adf408?s=96&d=mm&r=g\",\"contentUrl\":\"https:\/\/secure.gravatar.com\/avatar\/0faaa87907e163fd330069f117adf408?s=96&d=mm&r=g\",\"caption\":\"adminusr\"},\"sameAs\":[\"https:\/\/www.laescueladelagua.com\"],\"url\":\"https:\/\/www.laescueladelagua.com\/ca\/author\/adminusr\/\"}]}<\/script>\r\n<!-- \/ Yoast SEO plugin. -->","yoast_head_json":{"title":"La Escuela del Agua, premiada en los FPCAT 2020 por su compromiso con la formaci\u00f3n profesional - Escuela del agua","robots":{"index":"index","follow":"follow","max-snippet":"max-snippet:-1","max-image-preview":"max-image-preview:large","max-video-preview":"max-video-preview:-1"},"canonical":"https:\/\/www.laescueladelagua.com\/ca\/la-escuela-del-agua-premiada-en-los-fpcat-2020-por-su-compromiso-con-la-formacion-profesional\/","og_locale":"ca_ES","og_type":"article","og_title":"La Escuela del Agua, premiada en los FPCAT 2020 por su compromiso con la formaci\u00f3n profesional - Escuela del agua","og_description":"Hoy La Escuela del Agua de Agbar ha sido galardonada en la segunda edici\u00f3n de los Premios FPCAT 2020, otorgados por la Generalitat de Catalunya en reconocimiento a las buenas pr\u00e1cticas en el campo de la formaci\u00f3n profesional, en la categor\u00eda de empresas y otras entidades. Manuel Cermer\u00f3n, CEO de Agbar, ha recibido el premio, [&hellip;]","og_url":"https:\/\/www.laescueladelagua.com\/ca\/la-escuela-del-agua-premiada-en-los-fpcat-2020-por-su-compromiso-con-la-formacion-profesional\/","og_site_name":"Escuela del agua","article_published_time":"2021-05-14T08:57:54+00:00","article_modified_time":"2023-07-06T08:59:11+00:00","og_image":[{"width":800,"height":393,"url":"https:\/\/www.laescueladelagua.com\/wp-content\/uploads\/2023\/07\/article-4-e1698069515443.jpeg","type":"image\/jpeg"}],"author":"adminusr","twitter_card":"summary_large_image","twitter_misc":{"Escrit per":"adminusr","Temps estimat de lectura":"2 minuts"},"schema":{"@context":"https:\/\/schema.org","@graph":[{"@type":"Article","@id":"https:\/\/www.laescueladelagua.com\/la-escuela-del-agua-premiada-en-los-fpcat-2020-por-su-compromiso-con-la-formacion-profesional\/#article","isPartOf":{"@id":"https:\/\/www.laescueladelagua.com\/la-escuela-del-agua-premiada-en-los-fpcat-2020-por-su-compromiso-con-la-formacion-profesional\/"},"author":{"name":"adminusr","@id":"https:\/\/wapwebedapro01.azurewebsites.net\/#\/schema\/person\/dd1649223e405b6f9eb82e8f6798f241"},"headline":"La Escuela del Agua, premiada en los FPCAT 2020 por su compromiso con la formaci\u00f3n profesional","datePublished":"2021-05-14T08:57:54+00:00","dateModified":"2023-07-06T08:59:11+00:00","mainEntityOfPage":{"@id":"https:\/\/www.laescueladelagua.com\/la-escuela-del-agua-premiada-en-los-fpcat-2020-por-su-compromiso-con-la-formacion-profesional\/"},"wordCount":469,"commentCount":0,"publisher":{"@id":"https:\/\/wapwebedapro01.azurewebsites.net\/#organization"},"image":{"@id":"https:\/\/www.laescueladelagua.com\/la-escuela-del-agua-premiada-en-los-fpcat-2020-por-su-compromiso-con-la-formacion-profesional\/#primaryimage"},"thumbnailUrl":"\/wp-content\/uploads\/2023\/07\/article-4-e1698069515443.jpeg","articleSection":["FP Dual"],"inLanguage":"ca","potentialAction":[{"@type":"CommentAction","name":"Comment","target":["https:\/\/www.laescueladelagua.com\/la-escuela-del-agua-premiada-en-los-fpcat-2020-por-su-compromiso-con-la-formacion-profesional\/#respond"]}]},{"@type":"WebPage","@id":"https:\/\/www.laescueladelagua.com\/la-escuela-del-agua-premiada-en-los-fpcat-2020-por-su-compromiso-con-la-formacion-profesional\/","url":"https:\/\/www.laescueladelagua.com\/la-escuela-del-agua-premiada-en-los-fpcat-2020-por-su-compromiso-con-la-formacion-profesional\/","name":"La Escuela del Agua, premiada en los FPCAT 2020 por su compromiso con la formaci\u00f3n profesional - Escuela del agua","isPartOf":{"@id":"https:\/\/wapwebedapro01.azurewebsites.net\/#website"},"primaryImageOfPage":{"@id":"https:\/\/www.laescueladelagua.com\/la-escuela-del-agua-premiada-en-los-fpcat-2020-por-su-compromiso-con-la-formacion-profesional\/#primaryimage"},"image":{"@id":"https:\/\/www.laescueladelagua.com\/la-escuela-del-agua-premiada-en-los-fpcat-2020-por-su-compromiso-con-la-formacion-profesional\/#primaryimage"},"thumbnailUrl":"\/wp-content\/uploads\/2023\/07\/article-4-e1698069515443.jpeg","datePublished":"2021-05-14T08:57:54+00:00","dateModified":"2023-07-06T08:59:11+00:00","breadcrumb":{"@id":"https:\/\/www.laescueladelagua.com\/la-escuela-del-agua-premiada-en-los-fpcat-2020-por-su-compromiso-con-la-formacion-profesional\/#breadcrumb"},"inLanguage":"ca","potentialAction":[{"@type":"ReadAction","target":["https:\/\/www.laescueladelagua.com\/la-escuela-del-agua-premiada-en-los-fpcat-2020-por-su-compromiso-con-la-formacion-profesional\/"]}]},{"@type":"ImageObject","inLanguage":"ca","@id":"https:\/\/www.laescueladelagua.com\/la-escuela-del-agua-premiada-en-los-fpcat-2020-por-su-compromiso-con-la-formacion-profesional\/#primaryimage","url":"\/wp-content\/uploads\/2023\/07\/article-4-e1698069515443.jpeg","contentUrl":"\/wp-content\/uploads\/2023\/07\/article-4-e1698069515443.jpeg","width":800,"height":393},{"@type":"BreadcrumbList","@id":"https:\/\/www.laescueladelagua.com\/la-escuela-del-agua-premiada-en-los-fpcat-2020-por-su-compromiso-con-la-formacion-profesional\/#breadcrumb","itemListElement":[{"@type":"ListItem","position":1,"name":"Home","item":"https:\/\/wapwebedapro01.azurewebsites.net\/"},{"@type":"ListItem","position":2,"name":"La Escuela del Agua, premiada en los FPCAT 2020 por su compromiso con la formaci\u00f3n profesional"}]},{"@type":"WebSite","@id":"https:\/\/wapwebedapro01.azurewebsites.net\/#website","url":"https:\/\/wapwebedapro01.azurewebsites.net\/","name":"Escuela del agua","description":"","publisher":{"@id":"https:\/\/wapwebedapro01.azurewebsites.net\/#organization"},"potentialAction":[{"@type":"SearchAction","target":{"@type":"EntryPoint","urlTemplate":"https:\/\/wapwebedapro01.azurewebsites.net\/?s={search_term_string}"},"query-input":{"@type":"PropertyValueSpecification","valueRequired":true,"valueName":"search_term_string"}}],"inLanguage":"ca"},{"@type":"Organization","@id":"https:\/\/wapwebedapro01.azurewebsites.net\/#organization","name":"Escuela del agua","url":"https:\/\/wapwebedapro01.azurewebsites.net\/","logo":{"@type":"ImageObject","inLanguage":"ca","@id":"https:\/\/wapwebedapro01.azurewebsites.net\/#\/schema\/logo\/image\/","url":"\/wp-content\/uploads\/2023\/08\/logo_EscueladelAgua_mod.1.1_150px.png","contentUrl":"\/wp-content\/uploads\/2023\/08\/logo_EscueladelAgua_mod.1.1_150px.png","width":150,"height":90,"caption":"Escuela del agua"},"image":{"@id":"https:\/\/wapwebedapro01.azurewebsites.net\/#\/schema\/logo\/image\/"}},{"@type":"Person","@id":"https:\/\/wapwebedapro01.azurewebsites.net\/#\/schema\/person\/dd1649223e405b6f9eb82e8f6798f241","name":"adminusr","image":{"@type":"ImageObject","inLanguage":"ca","@id":"https:\/\/wapwebedapro01.azurewebsites.net\/#\/schema\/person\/image\/","url":"https:\/\/secure.gravatar.com\/avatar\/0faaa87907e163fd330069f117adf408?s=96&d=mm&r=g","contentUrl":"https:\/\/secure.gravatar.com\/avatar\/0faaa87907e163fd330069f117adf408?s=96&d=mm&r=g","caption":"adminusr"},"sameAs":["https:\/\/www.laescueladelagua.com"],"url":"https:\/\/www.laescueladelagua.com\/ca\/author\/adminusr\/"}]}},"meta_box":[],"_links":{"self":[{"href":"https:\/\/www.laescueladelagua.com\/ca\/wp-json\/wp\/v2\/posts\/1188","targetHints":{"allow":["GET"]}}],"collection":[{"href":"https:\/\/www.laescueladelagua.com\/ca\/wp-json\/wp\/v2\/posts"}],"about":[{"href":"https:\/\/www.laescueladelagua.com\/ca\/wp-json\/wp\/v2\/types\/post"}],"author":[{"embeddable":true,"href":"https:\/\/www.laescueladelagua.com\/ca\/wp-json\/wp\/v2\/users\/1"}],"replies":[{"embeddable":true,"href":"https:\/\/www.laescueladelagua.com\/ca\/wp-json\/wp\/v2\/comments?post=1188"}],"version-history":[{"count":2,"href":"https:\/\/www.laescueladelagua.com\/ca\/wp-json\/wp\/v2\/posts\/1188\/revisions"}],"predecessor-version":[{"id":1191,"href":"https:\/\/www.laescueladelagua.com\/ca\/wp-json\/wp\/v2\/posts\/1188\/revisions\/1191"}],"wp:featuredmedia":[{"embeddable":true,"href":"https:\/\/www.laescueladelagua.com\/ca\/wp-json\/wp\/v2\/media\/1189"}],"wp:attachment":[{"href":"https:\/\/www.laescueladelagua.com\/ca\/wp-json\/wp\/v2\/media?parent=1188"}],"wp:term":[{"taxonomy":"category","embeddable":true,"href":"https:\/\/www.laescueladelagua.com\/ca\/wp-json\/wp\/v2\/categories?post=1188"},{"taxonomy":"post_tag","embeddable":true,"href":"https:\/\/www.laescueladelagua.com\/ca\/wp-json\/wp\/v2\/tags?post=1188"}],"curies":[{"name":"wp","href":"https:\/\/api.w.org\/{rel}","templated":true}]}}