{"id":1410,"date":"2021-09-06T12:01:22","date_gmt":"2021-09-06T12:01:22","guid":{"rendered":"https:\/\/www.laescueladelagua.com\/?p=1410"},"modified":"2023-07-12T12:03:07","modified_gmt":"2023-07-12T12:03:07","slug":"spire-sais-es-oficialmente-parte-del-pact-for-skills-de-la-union-europea","status":"publish","type":"post","link":"https:\/\/www.laescueladelagua.com\/ca\/spire-sais-es-oficialmente-parte-del-pact-for-skills-de-la-union-europea\/","title":{"rendered":"SPIRE-SAIS \u00e9s oficialment parteix del Pact for Skills de la Uni\u00f3 Europea"},"content":{"rendered":"<p>El <a href=\"https:\/\/www.spire2030.eu\/sais\" target=\"_blank\" rel=\"noopener\">projecte SPIRE-SAIS<\/a> en qu\u00e8 l&#039;Escola de l&#039;Aigua participa ha estat acceptat per formar part del Pact for skills de la Uni\u00f3 Europea.<\/p>\n<p>El projecte reuneix parts interessades de tota la comunitat SPIRE, incloses associacions del sector industrial, prove\u00efdors d&#039;educaci\u00f3 i capacitaci\u00f3, organitzacions de recerca i tecnologia, institucions de recerca, empreses i altres, per permetre i accelerar l&#039;adopci\u00f3 de simbiosi industrial i energia i que pret\u00e9n desenvolupar un pla integral intersectorial d&#039;habilitats. El projecte tracta de descriure el blueprint on skills per a les ind\u00fastries intensives en energia, i recull la llista de les noves compet\u00e8ncies necess\u00e0ries per donar resposta a les necessitats de les empreses ia aquests gaps de compet\u00e8ncies per sectors.<\/p>\n<p>El Pack for Skills \u00e9s un comprom\u00eds i un enfocament compartit per al desenvolupament de les habilitats. Est\u00e0 fermament ancorat en els principis del pilar Europeu de drets socials i recolza els objectius del Green Deal i de la transformaci\u00f3 digital, com estableix la comunicaci\u00f3 de la Comissi\u00f3 \u201cUna Europa social forta per a la transici\u00f3 justa.\u201d<\/p>\n<p>El Pacte t\u00e9 com a objectiu mobilitzar i incentiva les parts interessades p\u00fabliques i privada a prendre mesures concretes per al upskilling i reskilling de les persones en edat de treballar. Al Pacte es pot sumar qualsevol organitzaci\u00f3 o associaci\u00f3 p\u00fablica o privada amb \u00e0nim de capacitar o tornar a capacitar les persones d&#039;edat treballadora. Respectarem i mantindrem els principis clau seg\u00fcents: Promoci\u00f3 d&#039;una cultura d&#039;aprenentatge permanent per a tothom, construcci\u00f3 de s\u00f2lides aliances d&#039;habilitats, monitoritzar l&#039;oferta \/ demanda d&#039;habilitats i anticipar les necessitats d&#039;habilitats i treballar contra la discriminaci\u00f3 i la igualtat de g\u00e8nere i la igualtat doportunitats.<\/p>\n<p>Els desenvolupaments econ\u00f2mics, digitals i tecnol\u00f2gics, aix\u00ed com l&#039;augment de l&#039;efici\u00e8ncia energ\u00e8tica i les demandes mediambientals, plantegen a les ind\u00fastries europees intensives en energia molts desafiaments, inclosa l&#039;actualitzaci\u00f3 cont\u00ednua de les qualificacions, els coneixements i el perfil d&#039;habilitats de la m\u00e0 obra.<\/p>","protected":false},"excerpt":{"rendered":"<p>El projecte SPIRE-SAIS on l&#039;Escola de l&#039;Aigua participa ha estat acceptat per formar part del Pact for skills de la Uni\u00f3 Europea. El projecte aplega parts interessades de tota la comunitat SPIRE, incloses associacions del sector industrial, prove\u00efdors d&#039;educaci\u00f3 i capacitaci\u00f3, organitzacions de recerca i tecnologia, institucions de recerca, empreses [\u2026]<\/p>","protected":false},"author":1,"featured_media":1411,"comment_status":"open","ping_status":"open","sticky":false,"template":"","format":"standard","meta":{"footnotes":""},"categories":[50],"tags":[],"class_list":["post-1410","post","type-post","status-publish","format-standard","has-post-thumbnail","hentry","category-actualidad"],"yoast_head":"<!-- This site is optimized with the Yoast SEO plugin v24.5 - https:\/\/yoast.com\/wordpress\/plugins\/seo\/ -->\r\n<title>SPIRE-SAIS es oficialmente parte del Pact for Skills de la Uni\u00f3n Europea - Escuela del agua<\/title>\r\n<meta name=\"robots\" content=\"index, follow, max-snippet:-1, max-image-preview:large, max-video-preview:-1\" \/>\r\n<link rel=\"canonical\" href=\"https:\/\/www.laescueladelagua.com\/ca\/spire-sais-es-oficialmente-parte-del-pact-for-skills-de-la-union-europea\/\" \/>\r\n<meta property=\"og:locale\" content=\"ca_ES\" \/>\r\n<meta property=\"og:type\" content=\"article\" \/>\r\n<meta property=\"og:title\" content=\"SPIRE-SAIS es oficialmente parte del Pact for Skills de la Uni\u00f3n Europea - Escuela del agua\" \/>\r\n<meta property=\"og:description\" content=\"El proyecto SPIRE-SAIS en el que la Escuela del Agua participa ha sido aceptado para formar parte del Pact for skills de la Uni\u00f3n Europea. El proyecto re\u00fane a partes interesadas de toda la comunidad SPIRE, incluidas asociaciones del sector industrial, proveedores de educaci\u00f3n y capacitaci\u00f3n, organizaciones de investigaci\u00f3n y tecnolog\u00eda, instituciones de investigaci\u00f3n, empresas [&hellip;]\" \/>\r\n<meta property=\"og:url\" content=\"https:\/\/www.laescueladelagua.com\/ca\/spire-sais-es-oficialmente-parte-del-pact-for-skills-de-la-union-europea\/\" \/>\r\n<meta property=\"og:site_name\" content=\"Escuela del agua\" \/>\r\n<meta property=\"article:published_time\" content=\"2021-09-06T12:01:22+00:00\" \/>\r\n<meta property=\"article:modified_time\" content=\"2023-07-12T12:03:07+00:00\" \/>\r\n<meta property=\"og:image\" content=\"https:\/\/www.laescueladelagua.com\/wp-content\/uploads\/2023\/07\/article-9.jpeg\" \/>\r\n\t<meta property=\"og:image:width\" content=\"1200\" \/>\r\n\t<meta property=\"og:image:height\" content=\"300\" \/>\r\n\t<meta property=\"og:image:type\" content=\"image\/jpeg\" \/>\r\n<meta name=\"author\" content=\"adminusr\" \/>\r\n<meta name=\"twitter:card\" content=\"summary_large_image\" \/>\r\n<meta name=\"twitter:label1\" content=\"Escrit per\" \/>\n\t<meta name=\"twitter:data1\" content=\"adminusr\" \/>\n\t<meta name=\"twitter:label2\" content=\"Temps estimat de lectura\" \/>\n\t<meta name=\"twitter:data2\" content=\"2 minuts\" \/>\r\n<script type=\"application\/ld+json\" class=\"yoast-schema-graph\">{\"@context\":\"https:\/\/schema.org\",\"@graph\":[{\"@type\":\"Article\",\"@id\":\"https:\/\/www.laescueladelagua.com\/spire-sais-es-oficialmente-parte-del-pact-for-skills-de-la-union-europea\/#article\",\"isPartOf\":{\"@id\":\"https:\/\/www.laescueladelagua.com\/spire-sais-es-oficialmente-parte-del-pact-for-skills-de-la-union-europea\/\"},\"author\":{\"name\":\"adminusr\",\"@id\":\"https:\/\/wapwebedapro01.azurewebsites.net\/#\/schema\/person\/dd1649223e405b6f9eb82e8f6798f241\"},\"headline\":\"SPIRE-SAIS es oficialmente parte del Pact for Skills de la Uni\u00f3n Europea\",\"datePublished\":\"2021-09-06T12:01:22+00:00\",\"dateModified\":\"2023-07-12T12:03:07+00:00\",\"mainEntityOfPage\":{\"@id\":\"https:\/\/www.laescueladelagua.com\/spire-sais-es-oficialmente-parte-del-pact-for-skills-de-la-union-europea\/\"},\"wordCount\":375,\"commentCount\":0,\"publisher\":{\"@id\":\"https:\/\/wapwebedapro01.azurewebsites.net\/#organization\"},\"image\":{\"@id\":\"https:\/\/www.laescueladelagua.com\/spire-sais-es-oficialmente-parte-del-pact-for-skills-de-la-union-europea\/#primaryimage\"},\"thumbnailUrl\":\"\/wp-content\/uploads\/2023\/07\/article-9.jpeg\",\"articleSection\":[\"Actualidad\"],\"inLanguage\":\"ca\",\"potentialAction\":[{\"@type\":\"CommentAction\",\"name\":\"Comment\",\"target\":[\"https:\/\/www.laescueladelagua.com\/spire-sais-es-oficialmente-parte-del-pact-for-skills-de-la-union-europea\/#respond\"]}]},{\"@type\":\"WebPage\",\"@id\":\"https:\/\/www.laescueladelagua.com\/spire-sais-es-oficialmente-parte-del-pact-for-skills-de-la-union-europea\/\",\"url\":\"https:\/\/www.laescueladelagua.com\/spire-sais-es-oficialmente-parte-del-pact-for-skills-de-la-union-europea\/\",\"name\":\"SPIRE-SAIS es oficialmente parte del Pact for Skills de la Uni\u00f3n Europea - Escuela del agua\",\"isPartOf\":{\"@id\":\"https:\/\/wapwebedapro01.azurewebsites.net\/#website\"},\"primaryImageOfPage\":{\"@id\":\"https:\/\/www.laescueladelagua.com\/spire-sais-es-oficialmente-parte-del-pact-for-skills-de-la-union-europea\/#primaryimage\"},\"image\":{\"@id\":\"https:\/\/www.laescueladelagua.com\/spire-sais-es-oficialmente-parte-del-pact-for-skills-de-la-union-europea\/#primaryimage\"},\"thumbnailUrl\":\"\/wp-content\/uploads\/2023\/07\/article-9.jpeg\",\"datePublished\":\"2021-09-06T12:01:22+00:00\",\"dateModified\":\"2023-07-12T12:03:07+00:00\",\"breadcrumb\":{\"@id\":\"https:\/\/www.laescueladelagua.com\/spire-sais-es-oficialmente-parte-del-pact-for-skills-de-la-union-europea\/#breadcrumb\"},\"inLanguage\":\"ca\",\"potentialAction\":[{\"@type\":\"ReadAction\",\"target\":[\"https:\/\/www.laescueladelagua.com\/spire-sais-es-oficialmente-parte-del-pact-for-skills-de-la-union-europea\/\"]}]},{\"@type\":\"ImageObject\",\"inLanguage\":\"ca\",\"@id\":\"https:\/\/www.laescueladelagua.com\/spire-sais-es-oficialmente-parte-del-pact-for-skills-de-la-union-europea\/#primaryimage\",\"url\":\"\/wp-content\/uploads\/2023\/07\/article-9.jpeg\",\"contentUrl\":\"\/wp-content\/uploads\/2023\/07\/article-9.jpeg\",\"width\":1200,\"height\":300},{\"@type\":\"BreadcrumbList\",\"@id\":\"https:\/\/www.laescueladelagua.com\/spire-sais-es-oficialmente-parte-del-pact-for-skills-de-la-union-europea\/#breadcrumb\",\"itemListElement\":[{\"@type\":\"ListItem\",\"position\":1,\"name\":\"Home\",\"item\":\"https:\/\/wapwebedapro01.azurewebsites.net\/\"},{\"@type\":\"ListItem\",\"position\":2,\"name\":\"SPIRE-SAIS es oficialmente parte del Pact for Skills de la Uni\u00f3n Europea\"}]},{\"@type\":\"WebSite\",\"@id\":\"https:\/\/wapwebedapro01.azurewebsites.net\/#website\",\"url\":\"https:\/\/wapwebedapro01.azurewebsites.net\/\",\"name\":\"Escuela del agua\",\"description\":\"\",\"publisher\":{\"@id\":\"https:\/\/wapwebedapro01.azurewebsites.net\/#organization\"},\"potentialAction\":[{\"@type\":\"SearchAction\",\"target\":{\"@type\":\"EntryPoint\",\"urlTemplate\":\"https:\/\/wapwebedapro01.azurewebsites.net\/?s={search_term_string}\"},\"query-input\":{\"@type\":\"PropertyValueSpecification\",\"valueRequired\":true,\"valueName\":\"search_term_string\"}}],\"inLanguage\":\"ca\"},{\"@type\":\"Organization\",\"@id\":\"https:\/\/wapwebedapro01.azurewebsites.net\/#organization\",\"name\":\"Escuela del agua\",\"url\":\"https:\/\/wapwebedapro01.azurewebsites.net\/\",\"logo\":{\"@type\":\"ImageObject\",\"inLanguage\":\"ca\",\"@id\":\"https:\/\/wapwebedapro01.azurewebsites.net\/#\/schema\/logo\/image\/\",\"url\":\"\/wp-content\/uploads\/2023\/08\/logo_EscueladelAgua_mod.1.1_150px.png\",\"contentUrl\":\"\/wp-content\/uploads\/2023\/08\/logo_EscueladelAgua_mod.1.1_150px.png\",\"width\":150,\"height\":90,\"caption\":\"Escuela del agua\"},\"image\":{\"@id\":\"https:\/\/wapwebedapro01.azurewebsites.net\/#\/schema\/logo\/image\/\"}},{\"@type\":\"Person\",\"@id\":\"https:\/\/wapwebedapro01.azurewebsites.net\/#\/schema\/person\/dd1649223e405b6f9eb82e8f6798f241\",\"name\":\"adminusr\",\"image\":{\"@type\":\"ImageObject\",\"inLanguage\":\"ca\",\"@id\":\"https:\/\/wapwebedapro01.azurewebsites.net\/#\/schema\/person\/image\/\",\"url\":\"https:\/\/secure.gravatar.com\/avatar\/0faaa87907e163fd330069f117adf408?s=96&d=mm&r=g\",\"contentUrl\":\"https:\/\/secure.gravatar.com\/avatar\/0faaa87907e163fd330069f117adf408?s=96&d=mm&r=g\",\"caption\":\"adminusr\"},\"sameAs\":[\"https:\/\/www.laescueladelagua.com\"],\"url\":\"https:\/\/www.laescueladelagua.com\/ca\/author\/adminusr\/\"}]}<\/script>\r\n<!-- \/ Yoast SEO plugin. -->","yoast_head_json":{"title":"SPIRE-SAIS es oficialmente parte del Pact for Skills de la Uni\u00f3n Europea - Escuela del agua","robots":{"index":"index","follow":"follow","max-snippet":"max-snippet:-1","max-image-preview":"max-image-preview:large","max-video-preview":"max-video-preview:-1"},"canonical":"https:\/\/www.laescueladelagua.com\/ca\/spire-sais-es-oficialmente-parte-del-pact-for-skills-de-la-union-europea\/","og_locale":"ca_ES","og_type":"article","og_title":"SPIRE-SAIS es oficialmente parte del Pact for Skills de la Uni\u00f3n Europea - Escuela del agua","og_description":"El proyecto SPIRE-SAIS en el que la Escuela del Agua participa ha sido aceptado para formar parte del Pact for skills de la Uni\u00f3n Europea. El proyecto re\u00fane a partes interesadas de toda la comunidad SPIRE, incluidas asociaciones del sector industrial, proveedores de educaci\u00f3n y capacitaci\u00f3n, organizaciones de investigaci\u00f3n y tecnolog\u00eda, instituciones de investigaci\u00f3n, empresas [&hellip;]","og_url":"https:\/\/www.laescueladelagua.com\/ca\/spire-sais-es-oficialmente-parte-del-pact-for-skills-de-la-union-europea\/","og_site_name":"Escuela del agua","article_published_time":"2021-09-06T12:01:22+00:00","article_modified_time":"2023-07-12T12:03:07+00:00","og_image":[{"width":1200,"height":300,"url":"https:\/\/www.laescueladelagua.com\/wp-content\/uploads\/2023\/07\/article-9.jpeg","type":"image\/jpeg"}],"author":"adminusr","twitter_card":"summary_large_image","twitter_misc":{"Escrit per":"adminusr","Temps estimat de lectura":"2 minuts"},"schema":{"@context":"https:\/\/schema.org","@graph":[{"@type":"Article","@id":"https:\/\/www.laescueladelagua.com\/spire-sais-es-oficialmente-parte-del-pact-for-skills-de-la-union-europea\/#article","isPartOf":{"@id":"https:\/\/www.laescueladelagua.com\/spire-sais-es-oficialmente-parte-del-pact-for-skills-de-la-union-europea\/"},"author":{"name":"adminusr","@id":"https:\/\/wapwebedapro01.azurewebsites.net\/#\/schema\/person\/dd1649223e405b6f9eb82e8f6798f241"},"headline":"SPIRE-SAIS es oficialmente parte del Pact for Skills de la Uni\u00f3n Europea","datePublished":"2021-09-06T12:01:22+00:00","dateModified":"2023-07-12T12:03:07+00:00","mainEntityOfPage":{"@id":"https:\/\/www.laescueladelagua.com\/spire-sais-es-oficialmente-parte-del-pact-for-skills-de-la-union-europea\/"},"wordCount":375,"commentCount":0,"publisher":{"@id":"https:\/\/wapwebedapro01.azurewebsites.net\/#organization"},"image":{"@id":"https:\/\/www.laescueladelagua.com\/spire-sais-es-oficialmente-parte-del-pact-for-skills-de-la-union-europea\/#primaryimage"},"thumbnailUrl":"\/wp-content\/uploads\/2023\/07\/article-9.jpeg","articleSection":["Actualidad"],"inLanguage":"ca","potentialAction":[{"@type":"CommentAction","name":"Comment","target":["https:\/\/www.laescueladelagua.com\/spire-sais-es-oficialmente-parte-del-pact-for-skills-de-la-union-europea\/#respond"]}]},{"@type":"WebPage","@id":"https:\/\/www.laescueladelagua.com\/spire-sais-es-oficialmente-parte-del-pact-for-skills-de-la-union-europea\/","url":"https:\/\/www.laescueladelagua.com\/spire-sais-es-oficialmente-parte-del-pact-for-skills-de-la-union-europea\/","name":"SPIRE-SAIS es oficialmente parte del Pact for Skills de la Uni\u00f3n Europea - Escuela del agua","isPartOf":{"@id":"https:\/\/wapwebedapro01.azurewebsites.net\/#website"},"primaryImageOfPage":{"@id":"https:\/\/www.laescueladelagua.com\/spire-sais-es-oficialmente-parte-del-pact-for-skills-de-la-union-europea\/#primaryimage"},"image":{"@id":"https:\/\/www.laescueladelagua.com\/spire-sais-es-oficialmente-parte-del-pact-for-skills-de-la-union-europea\/#primaryimage"},"thumbnailUrl":"\/wp-content\/uploads\/2023\/07\/article-9.jpeg","datePublished":"2021-09-06T12:01:22+00:00","dateModified":"2023-07-12T12:03:07+00:00","breadcrumb":{"@id":"https:\/\/www.laescueladelagua.com\/spire-sais-es-oficialmente-parte-del-pact-for-skills-de-la-union-europea\/#breadcrumb"},"inLanguage":"ca","potentialAction":[{"@type":"ReadAction","target":["https:\/\/www.laescueladelagua.com\/spire-sais-es-oficialmente-parte-del-pact-for-skills-de-la-union-europea\/"]}]},{"@type":"ImageObject","inLanguage":"ca","@id":"https:\/\/www.laescueladelagua.com\/spire-sais-es-oficialmente-parte-del-pact-for-skills-de-la-union-europea\/#primaryimage","url":"\/wp-content\/uploads\/2023\/07\/article-9.jpeg","contentUrl":"\/wp-content\/uploads\/2023\/07\/article-9.jpeg","width":1200,"height":300},{"@type":"BreadcrumbList","@id":"https:\/\/www.laescueladelagua.com\/spire-sais-es-oficialmente-parte-del-pact-for-skills-de-la-union-europea\/#breadcrumb","itemListElement":[{"@type":"ListItem","position":1,"name":"Home","item":"https:\/\/wapwebedapro01.azurewebsites.net\/"},{"@type":"ListItem","position":2,"name":"SPIRE-SAIS es oficialmente parte del Pact for Skills de la Uni\u00f3n Europea"}]},{"@type":"WebSite","@id":"https:\/\/wapwebedapro01.azurewebsites.net\/#website","url":"https:\/\/wapwebedapro01.azurewebsites.net\/","name":"Escuela del agua","description":"","publisher":{"@id":"https:\/\/wapwebedapro01.azurewebsites.net\/#organization"},"potentialAction":[{"@type":"SearchAction","target":{"@type":"EntryPoint","urlTemplate":"https:\/\/wapwebedapro01.azurewebsites.net\/?s={search_term_string}"},"query-input":{"@type":"PropertyValueSpecification","valueRequired":true,"valueName":"search_term_string"}}],"inLanguage":"ca"},{"@type":"Organization","@id":"https:\/\/wapwebedapro01.azurewebsites.net\/#organization","name":"Escuela del agua","url":"https:\/\/wapwebedapro01.azurewebsites.net\/","logo":{"@type":"ImageObject","inLanguage":"ca","@id":"https:\/\/wapwebedapro01.azurewebsites.net\/#\/schema\/logo\/image\/","url":"\/wp-content\/uploads\/2023\/08\/logo_EscueladelAgua_mod.1.1_150px.png","contentUrl":"\/wp-content\/uploads\/2023\/08\/logo_EscueladelAgua_mod.1.1_150px.png","width":150,"height":90,"caption":"Escuela del agua"},"image":{"@id":"https:\/\/wapwebedapro01.azurewebsites.net\/#\/schema\/logo\/image\/"}},{"@type":"Person","@id":"https:\/\/wapwebedapro01.azurewebsites.net\/#\/schema\/person\/dd1649223e405b6f9eb82e8f6798f241","name":"adminusr","image":{"@type":"ImageObject","inLanguage":"ca","@id":"https:\/\/wapwebedapro01.azurewebsites.net\/#\/schema\/person\/image\/","url":"https:\/\/secure.gravatar.com\/avatar\/0faaa87907e163fd330069f117adf408?s=96&d=mm&r=g","contentUrl":"https:\/\/secure.gravatar.com\/avatar\/0faaa87907e163fd330069f117adf408?s=96&d=mm&r=g","caption":"adminusr"},"sameAs":["https:\/\/www.laescueladelagua.com"],"url":"https:\/\/www.laescueladelagua.com\/ca\/author\/adminusr\/"}]}},"meta_box":[],"_links":{"self":[{"href":"https:\/\/www.laescueladelagua.com\/ca\/wp-json\/wp\/v2\/posts\/1410","targetHints":{"allow":["GET"]}}],"collection":[{"href":"https:\/\/www.laescueladelagua.com\/ca\/wp-json\/wp\/v2\/posts"}],"about":[{"href":"https:\/\/www.laescueladelagua.com\/ca\/wp-json\/wp\/v2\/types\/post"}],"author":[{"embeddable":true,"href":"https:\/\/www.laescueladelagua.com\/ca\/wp-json\/wp\/v2\/users\/1"}],"replies":[{"embeddable":true,"href":"https:\/\/www.laescueladelagua.com\/ca\/wp-json\/wp\/v2\/comments?post=1410"}],"version-history":[{"count":2,"href":"https:\/\/www.laescueladelagua.com\/ca\/wp-json\/wp\/v2\/posts\/1410\/revisions"}],"predecessor-version":[{"id":1413,"href":"https:\/\/www.laescueladelagua.com\/ca\/wp-json\/wp\/v2\/posts\/1410\/revisions\/1413"}],"wp:featuredmedia":[{"embeddable":true,"href":"https:\/\/www.laescueladelagua.com\/ca\/wp-json\/wp\/v2\/media\/1411"}],"wp:attachment":[{"href":"https:\/\/www.laescueladelagua.com\/ca\/wp-json\/wp\/v2\/media?parent=1410"}],"wp:term":[{"taxonomy":"category","embeddable":true,"href":"https:\/\/www.laescueladelagua.com\/ca\/wp-json\/wp\/v2\/categories?post=1410"},{"taxonomy":"post_tag","embeddable":true,"href":"https:\/\/www.laescueladelagua.com\/ca\/wp-json\/wp\/v2\/tags?post=1410"}],"curies":[{"name":"wp","href":"https:\/\/api.w.org\/{rel}","templated":true}]}}