{"id":1419,"date":"2021-09-22T12:08:47","date_gmt":"2021-09-22T12:08:47","guid":{"rendered":"https:\/\/www.laescueladelagua.com\/?p=1419"},"modified":"2023-07-26T12:34:32","modified_gmt":"2023-07-26T12:34:32","slug":"monica-perez-clausen-se-requiere-de-un-talento-capacitado-para-liderar-sosteniblemente-las-organizaciones","status":"publish","type":"post","link":"https:\/\/www.laescueladelagua.com\/ca\/monica-perez-clausen-se-requiere-de-un-talento-capacitado-para-liderar-sosteniblemente-las-organizaciones\/","title":{"rendered":"M\u00f3nica Perez Clausen: \u00abEs requereix un talent capacitat per liderar sosteniblement les organitzacions\u00bb"},"content":{"rendered":"<p>Avui entrevistem Monica Perez Clausen, Chief Learning Officer a Agbar, directora acad\u00e8mia de l&#039;Escola de l&#039;Aigua i codirectora acad\u00e8mica del Postgrau en Negocis sostenibles.<\/p>\n<p><strong>P: Qu\u00e8 \u00e9s segons la teva visi\u00f3 una organitzaci\u00f3 sostenible?<\/strong><\/p>\n<p>Una organitzaci\u00f3 on la sostenibilitat forma part de l&#039;ADN de l&#039;empresa i est\u00e0 integrada a tota l&#039;estructura empresarial, des de la direcci\u00f3 fins a tot el personal implicat. Formar part dels valors i la cultura empresarial.<\/p>\n<p><strong>P: Cada cop hi ha m\u00e9s empreses que advoquen per la sostenibilitat, convertint-se a curt termini en una transformaci\u00f3 obligada qu\u00e8 diria a les que encara no han fet el pas?<\/strong><\/p>\n<p>La transformaci\u00f3 cap a la sostenibilitat \u00e9s inevitable, i totes les empreses l&#039;hauran d&#039;afrontar, tard o d&#039;hora, per exig\u00e8ncies del mercat, per exig\u00e8ncies de les noves regulacions, per pressi\u00f3 de la societat i per tant per pressi\u00f3 dels clients. Els productes i serveis sostenibles cada cop s\u00f3n m\u00e9s valorats pels clients.<\/p>\n<p>La sostenibilitat \u00e9s el futur dels negocis, per aix\u00f2 cal liderar adequadament la transformaci\u00f3 verda juntament amb la transformaci\u00f3 digital.<\/p>\n<p><strong>P: Com es garanteix i estandarditza la sostenibilitat a les organitzacions?<\/strong><\/p>\n<p>R: Les companyies europees tenen puntuacions de sostenibilitat m\u00e9s altes en les qualificacions ESG que els seus rivals, estan al capdavant en efici\u00e8ncia energ\u00e8tica i en l&#039;aplicaci\u00f3 de criteris de sostenibilitat. De fet, tant els executius com els inversors mostren molt d&#039;inter\u00e8s i tracten les seves estrat\u00e8gies en sostenibilitat en els \u00e0mbits de decisi\u00f3.<\/p>\n<p><strong>P: Moltes companyies han detectat la rellev\u00e0ncia de la transformaci\u00f3 sostenible, per\u00f2 el nivell de conscienciaci\u00f3, el detall del full de ruta i fins i tot l&#039;efectivitat dels seus estrategs derivats s\u00f3n molt variables. Com aborda aquesta transformaci\u00f3?<\/strong><\/p>\n<p>R: Aquesta \u00e9s la clau des del meu punt de vista. Ha de formar part de lestrat\u00e8gia de la companyia.<\/p>\n<p>La meva recomanaci\u00f3 \u00e9s no esperar que el regulador exigeixi aquesta transformaci\u00f3 per llei sin\u00f3 que cal ser proactiu per aprofitar l&#039;oportunitat vs peers. En aquest sentit, la sostenibilitat hauria de ser un core de l&#039;estrat\u00e8gia de les companyies, ocupar un lloc preferent a l&#039;agenda de l&#039;alta direcci\u00f3 i involucrar amb visi\u00f3 360 \u00ba tota l&#039;organitzaci\u00f3.<\/p>\n<p>Ha de ser un projecte global de canvi cultural profund per a lempresa. Aix\u00f2 exigeix dissenyar un full de ruta clar, ambicios i implantable al llarg d&#039;aquesta d\u00e8cada, amb compromisos, objectius i accions concretes que siguin profundament transformadores i apliquin a tota la cadena de valor.<\/p>\n<p>No cal fer-ho tot alhora, per\u00f2 s\u00ed definir objectius progressius i marcar un cam\u00ed, per poder avan\u00e7ar i reportar aquests aven\u00e7os. Fomentar ecosistemes impulsats per la sostenibilitat, la tecnologia i la innovaci\u00f3.<\/p>\n<p><strong>P: Qui l&#039;ha de fer? tenim els col\u00b7laboradors de les companyies preparats\/des?<\/strong><\/p>\n<p>Cal un lideratge per convicci\u00f3 no per obligaci\u00f3. Cal una aposta decidida des de la direcci\u00f3 de l&#039;empresa si realment es vol avan\u00e7ar en una nova economia circular, descarbonitzada i justa. Els plans estrat\u00e8gics, els fulls de ruta, les agendes 2030 no s\u00f3n efectives sense un veritable lideratge per part de l&#039;equip de direcci\u00f3.<\/p>\n<p>Les empreses que aposten pels negocis sostenibles necessiten incorporar el talent necessari per comprendre la complexitat del repte ambiental i fer realitat a les seves organitzacions els conceptes com ODS, economia circular, transici\u00f3 energ\u00e8tica, contribuci\u00f3 social.<\/p>\n<p>Cal un talent capacitat per liderar sosteniblement les organitzacions. Els desafiaments s\u00f3n complexos i estan interconnectats. La resposta ha de ser auda\u00e7, exhaustiva i competitiva. \u00c9s necess\u00e0ria una estreta coordinaci\u00f3 de totes les \u00e0rees. I tot aix\u00f2 demostrant que est\u00e0 estretament relacionat amb la rendibilitat econ\u00f2mica.<\/p>\n<p><strong>P: Quina rellev\u00e0ncia tindr\u00e0 la cerca de la sostenibilitat per a les empreses?<\/strong><\/p>\n<p>La sostenibilitat \u00e9s una oportunitat per apostar per noves tecnologies renovables, aconseguir estalvis energ\u00e8tics, gestionar millor els riscos del canvi clim\u00e0tic, noves generacions de consumidors i tamb\u00e9 retenir i atreure talent.<\/p>\n<p>Les empreses que s&#039;anticipin a aquesta transformaci\u00f3 tindran avantatge. Les empreses que arribin tard tindran dificultats per sobreviure.<\/p>\n<p>En definitiva, l&#039;aposta per la sostenibilitat \u00e9s rendible i aporta competitivitat, creixement i benefici a les empreses.<\/p>\n<p><strong>P: Qu\u00e8 \u00e9s segons la teva visi\u00f3 una organitzaci\u00f3 sostenible?<\/strong><\/p>\n<p>Una organitzaci\u00f3 on la sostenibilitat forma part de l&#039;ADN de l&#039;empresa i est\u00e0 integrada a tota l&#039;estructura empresarial, des de la direcci\u00f3 fins a tot el personal implicat. Formar part dels valors i la cultura empresarial.<\/p>\n<p>Gr\u00e0cies per compartir les vostres reflexions.<\/p>\n<p>&nbsp;<\/p>\n<p><strong>Si vols seguir llegint entrevistes als directors\/es del Postgrau en Desenvolupament Directiu en Negocis Sostenibles<\/strong>:<\/p>\n<ul>\n<li><a href=\"\/ca\/entrevista-a-marcos-eguiguren-seria-un-error-el-hecho-de-suscribir-la-sostenibilidad-a-una-tendencia-que-solo-afecta-a-unos-sectores-mas-especificos-porque-parezcan-los-mas-evidentes\/\" target=\"_blank\" rel=\"noopener\">Entrevista a Marcos Eguiguren \u2013 director acad\u00e8mic<\/a><\/li>\n<\/ul>","protected":false},"excerpt":{"rendered":"<p>Avui entrevistem Monica Perez Clausen, Chief Learning Officer a Agbar, directora acad\u00e8mia de l&#039;Escola de l&#039;Aigua i codirectora acad\u00e8mica del Postgrau en Negocis sostenibles. P: Qu\u00e8 \u00e9s segons la teva visi\u00f3 una organitzaci\u00f3 sostenible? Una organitzaci\u00f3 on la sostenibilitat forma part de l&#039;ADN de l&#039;empresa i estar integrada en tota la [\u2026]<\/p>","protected":false},"author":1,"featured_media":1422,"comment_status":"open","ping_status":"open","sticky":false,"template":"","format":"standard","meta":{"footnotes":""},"categories":[45],"tags":[],"class_list":["post-1419","post","type-post","status-publish","format-standard","has-post-thumbnail","hentry","category-programas"],"yoast_head":"<!-- This site is optimized with the Yoast SEO plugin v24.5 - https:\/\/yoast.com\/wordpress\/plugins\/seo\/ -->\r\n<title>M\u00f3nica Perez Clausen: &quot;Se requiere de un talento capacitado para liderar sosteniblemente las organizaciones&quot; - Escuela del agua<\/title>\r\n<meta name=\"robots\" content=\"index, follow, max-snippet:-1, max-image-preview:large, max-video-preview:-1\" \/>\r\n<link rel=\"canonical\" href=\"https:\/\/www.laescueladelagua.com\/ca\/monica-perez-clausen-se-requiere-de-un-talento-capacitado-para-liderar-sosteniblemente-las-organizaciones\/\" \/>\r\n<meta property=\"og:locale\" content=\"ca_ES\" \/>\r\n<meta property=\"og:type\" content=\"article\" \/>\r\n<meta property=\"og:title\" content=\"M\u00f3nica Perez Clausen: &quot;Se requiere de un talento capacitado para liderar sosteniblemente las organizaciones&quot; - Escuela del agua\" \/>\r\n<meta property=\"og:description\" content=\"Hoy entrevistamos a Monica Perez Clausen, Chief Learning Officer en Agbar, directora acad\u00e9mia de la Escuela del Agua y co-directora acad\u00e9mica del Posgrado en Negocios sostenibles. P: \u00bfQu\u00e9 es seg\u00fan tu visi\u00f3n una organizaci\u00f3n sostenible? Una organizaci\u00f3n en la que la sostenibilidad forma parte del ADN de la empresa y estar integrada en toda la [&hellip;]\" \/>\r\n<meta property=\"og:url\" content=\"https:\/\/www.laescueladelagua.com\/ca\/monica-perez-clausen-se-requiere-de-un-talento-capacitado-para-liderar-sosteniblemente-las-organizaciones\/\" \/>\r\n<meta property=\"og:site_name\" content=\"Escuela del agua\" \/>\r\n<meta property=\"article:published_time\" content=\"2021-09-22T12:08:47+00:00\" \/>\r\n<meta property=\"article:modified_time\" content=\"2023-07-26T12:34:32+00:00\" \/>\r\n<meta property=\"og:image\" content=\"https:\/\/www.laescueladelagua.com\/wp-content\/uploads\/2023\/07\/article-12.jpeg\" \/>\r\n\t<meta property=\"og:image:width\" content=\"1300\" \/>\r\n\t<meta property=\"og:image:height\" content=\"300\" \/>\r\n\t<meta property=\"og:image:type\" content=\"image\/jpeg\" \/>\r\n<meta name=\"author\" content=\"adminusr\" \/>\r\n<meta name=\"twitter:card\" content=\"summary_large_image\" \/>\r\n<meta name=\"twitter:label1\" content=\"Escrit per\" \/>\n\t<meta name=\"twitter:data1\" content=\"adminusr\" \/>\n\t<meta name=\"twitter:label2\" content=\"Temps estimat de lectura\" \/>\n\t<meta name=\"twitter:data2\" content=\"4 minuts\" \/>\r\n<script type=\"application\/ld+json\" class=\"yoast-schema-graph\">{\"@context\":\"https:\/\/schema.org\",\"@graph\":[{\"@type\":\"Article\",\"@id\":\"https:\/\/www.laescueladelagua.com\/en\/monica-perez-clausen-se-requiere-de-un-talento-capacitado-para-liderar-sosteniblemente-las-organizaciones\/#article\",\"isPartOf\":{\"@id\":\"https:\/\/www.laescueladelagua.com\/en\/monica-perez-clausen-se-requiere-de-un-talento-capacitado-para-liderar-sosteniblemente-las-organizaciones\/\"},\"author\":{\"name\":\"adminusr\",\"@id\":\"https:\/\/wapwebedapro01.azurewebsites.net\/#\/schema\/person\/dd1649223e405b6f9eb82e8f6798f241\"},\"headline\":\"M\u00f3nica Perez Clausen: \u00abSe requiere de un talento capacitado para liderar sosteniblemente las organizaciones\u00bb\",\"datePublished\":\"2021-09-22T12:08:47+00:00\",\"dateModified\":\"2023-07-26T12:34:32+00:00\",\"mainEntityOfPage\":{\"@id\":\"https:\/\/www.laescueladelagua.com\/en\/monica-perez-clausen-se-requiere-de-un-talento-capacitado-para-liderar-sosteniblemente-las-organizaciones\/\"},\"wordCount\":853,\"commentCount\":0,\"publisher\":{\"@id\":\"https:\/\/wapwebedapro01.azurewebsites.net\/#organization\"},\"image\":{\"@id\":\"https:\/\/www.laescueladelagua.com\/en\/monica-perez-clausen-se-requiere-de-un-talento-capacitado-para-liderar-sosteniblemente-las-organizaciones\/#primaryimage\"},\"thumbnailUrl\":\"\/wp-content\/uploads\/2023\/07\/article-12.jpeg\",\"articleSection\":[\"Programas\"],\"inLanguage\":\"ca\",\"potentialAction\":[{\"@type\":\"CommentAction\",\"name\":\"Comment\",\"target\":[\"https:\/\/www.laescueladelagua.com\/en\/monica-perez-clausen-se-requiere-de-un-talento-capacitado-para-liderar-sosteniblemente-las-organizaciones\/#respond\"]}]},{\"@type\":\"WebPage\",\"@id\":\"https:\/\/www.laescueladelagua.com\/en\/monica-perez-clausen-se-requiere-de-un-talento-capacitado-para-liderar-sosteniblemente-las-organizaciones\/\",\"url\":\"https:\/\/www.laescueladelagua.com\/en\/monica-perez-clausen-se-requiere-de-un-talento-capacitado-para-liderar-sosteniblemente-las-organizaciones\/\",\"name\":\"M\u00f3nica Perez Clausen: \\\"Se requiere de un talento capacitado para liderar sosteniblemente las organizaciones\\\" - Escuela del agua\",\"isPartOf\":{\"@id\":\"https:\/\/wapwebedapro01.azurewebsites.net\/#website\"},\"primaryImageOfPage\":{\"@id\":\"https:\/\/www.laescueladelagua.com\/en\/monica-perez-clausen-se-requiere-de-un-talento-capacitado-para-liderar-sosteniblemente-las-organizaciones\/#primaryimage\"},\"image\":{\"@id\":\"https:\/\/www.laescueladelagua.com\/en\/monica-perez-clausen-se-requiere-de-un-talento-capacitado-para-liderar-sosteniblemente-las-organizaciones\/#primaryimage\"},\"thumbnailUrl\":\"\/wp-content\/uploads\/2023\/07\/article-12.jpeg\",\"datePublished\":\"2021-09-22T12:08:47+00:00\",\"dateModified\":\"2023-07-26T12:34:32+00:00\",\"breadcrumb\":{\"@id\":\"https:\/\/www.laescueladelagua.com\/en\/monica-perez-clausen-se-requiere-de-un-talento-capacitado-para-liderar-sosteniblemente-las-organizaciones\/#breadcrumb\"},\"inLanguage\":\"ca\",\"potentialAction\":[{\"@type\":\"ReadAction\",\"target\":[\"https:\/\/www.laescueladelagua.com\/en\/monica-perez-clausen-se-requiere-de-un-talento-capacitado-para-liderar-sosteniblemente-las-organizaciones\/\"]}]},{\"@type\":\"ImageObject\",\"inLanguage\":\"ca\",\"@id\":\"https:\/\/www.laescueladelagua.com\/en\/monica-perez-clausen-se-requiere-de-un-talento-capacitado-para-liderar-sosteniblemente-las-organizaciones\/#primaryimage\",\"url\":\"\/wp-content\/uploads\/2023\/07\/article-12.jpeg\",\"contentUrl\":\"\/wp-content\/uploads\/2023\/07\/article-12.jpeg\",\"width\":1300,\"height\":300},{\"@type\":\"BreadcrumbList\",\"@id\":\"https:\/\/www.laescueladelagua.com\/en\/monica-perez-clausen-se-requiere-de-un-talento-capacitado-para-liderar-sosteniblemente-las-organizaciones\/#breadcrumb\",\"itemListElement\":[{\"@type\":\"ListItem\",\"position\":1,\"name\":\"Home\",\"item\":\"https:\/\/wapwebedapro01.azurewebsites.net\/\"},{\"@type\":\"ListItem\",\"position\":2,\"name\":\"M\u00f3nica Perez Clausen: \u00abSe requiere de un talento capacitado para liderar sosteniblemente las organizaciones\u00bb\"}]},{\"@type\":\"WebSite\",\"@id\":\"https:\/\/wapwebedapro01.azurewebsites.net\/#website\",\"url\":\"https:\/\/wapwebedapro01.azurewebsites.net\/\",\"name\":\"Escuela del agua\",\"description\":\"\",\"publisher\":{\"@id\":\"https:\/\/wapwebedapro01.azurewebsites.net\/#organization\"},\"potentialAction\":[{\"@type\":\"SearchAction\",\"target\":{\"@type\":\"EntryPoint\",\"urlTemplate\":\"https:\/\/wapwebedapro01.azurewebsites.net\/?s={search_term_string}\"},\"query-input\":{\"@type\":\"PropertyValueSpecification\",\"valueRequired\":true,\"valueName\":\"search_term_string\"}}],\"inLanguage\":\"ca\"},{\"@type\":\"Organization\",\"@id\":\"https:\/\/wapwebedapro01.azurewebsites.net\/#organization\",\"name\":\"Escuela del agua\",\"url\":\"https:\/\/wapwebedapro01.azurewebsites.net\/\",\"logo\":{\"@type\":\"ImageObject\",\"inLanguage\":\"ca\",\"@id\":\"https:\/\/wapwebedapro01.azurewebsites.net\/#\/schema\/logo\/image\/\",\"url\":\"\/wp-content\/uploads\/2023\/08\/logo_EscueladelAgua_mod.1.1_150px.png\",\"contentUrl\":\"\/wp-content\/uploads\/2023\/08\/logo_EscueladelAgua_mod.1.1_150px.png\",\"width\":150,\"height\":90,\"caption\":\"Escuela del agua\"},\"image\":{\"@id\":\"https:\/\/wapwebedapro01.azurewebsites.net\/#\/schema\/logo\/image\/\"}},{\"@type\":\"Person\",\"@id\":\"https:\/\/wapwebedapro01.azurewebsites.net\/#\/schema\/person\/dd1649223e405b6f9eb82e8f6798f241\",\"name\":\"adminusr\",\"image\":{\"@type\":\"ImageObject\",\"inLanguage\":\"ca\",\"@id\":\"https:\/\/wapwebedapro01.azurewebsites.net\/#\/schema\/person\/image\/\",\"url\":\"https:\/\/secure.gravatar.com\/avatar\/0faaa87907e163fd330069f117adf408?s=96&d=mm&r=g\",\"contentUrl\":\"https:\/\/secure.gravatar.com\/avatar\/0faaa87907e163fd330069f117adf408?s=96&d=mm&r=g\",\"caption\":\"adminusr\"},\"sameAs\":[\"https:\/\/www.laescueladelagua.com\"],\"url\":\"https:\/\/www.laescueladelagua.com\/ca\/author\/adminusr\/\"}]}<\/script>\r\n<!-- \/ Yoast SEO plugin. -->","yoast_head_json":{"title":"M\u00f3nica Perez Clausen: \"Se requiere de un talento capacitado para liderar sosteniblemente las organizaciones\" - Escuela del agua","robots":{"index":"index","follow":"follow","max-snippet":"max-snippet:-1","max-image-preview":"max-image-preview:large","max-video-preview":"max-video-preview:-1"},"canonical":"https:\/\/www.laescueladelagua.com\/ca\/monica-perez-clausen-se-requiere-de-un-talento-capacitado-para-liderar-sosteniblemente-las-organizaciones\/","og_locale":"ca_ES","og_type":"article","og_title":"M\u00f3nica Perez Clausen: \"Se requiere de un talento capacitado para liderar sosteniblemente las organizaciones\" - Escuela del agua","og_description":"Hoy entrevistamos a Monica Perez Clausen, Chief Learning Officer en Agbar, directora acad\u00e9mia de la Escuela del Agua y co-directora acad\u00e9mica del Posgrado en Negocios sostenibles. P: \u00bfQu\u00e9 es seg\u00fan tu visi\u00f3n una organizaci\u00f3n sostenible? Una organizaci\u00f3n en la que la sostenibilidad forma parte del ADN de la empresa y estar integrada en toda la [&hellip;]","og_url":"https:\/\/www.laescueladelagua.com\/ca\/monica-perez-clausen-se-requiere-de-un-talento-capacitado-para-liderar-sosteniblemente-las-organizaciones\/","og_site_name":"Escuela del agua","article_published_time":"2021-09-22T12:08:47+00:00","article_modified_time":"2023-07-26T12:34:32+00:00","og_image":[{"width":1300,"height":300,"url":"https:\/\/www.laescueladelagua.com\/wp-content\/uploads\/2023\/07\/article-12.jpeg","type":"image\/jpeg"}],"author":"adminusr","twitter_card":"summary_large_image","twitter_misc":{"Escrit per":"adminusr","Temps estimat de lectura":"4 minuts"},"schema":{"@context":"https:\/\/schema.org","@graph":[{"@type":"Article","@id":"https:\/\/www.laescueladelagua.com\/en\/monica-perez-clausen-se-requiere-de-un-talento-capacitado-para-liderar-sosteniblemente-las-organizaciones\/#article","isPartOf":{"@id":"https:\/\/www.laescueladelagua.com\/en\/monica-perez-clausen-se-requiere-de-un-talento-capacitado-para-liderar-sosteniblemente-las-organizaciones\/"},"author":{"name":"adminusr","@id":"https:\/\/wapwebedapro01.azurewebsites.net\/#\/schema\/person\/dd1649223e405b6f9eb82e8f6798f241"},"headline":"M\u00f3nica Perez Clausen: \u00abSe requiere de un talento capacitado para liderar sosteniblemente las organizaciones\u00bb","datePublished":"2021-09-22T12:08:47+00:00","dateModified":"2023-07-26T12:34:32+00:00","mainEntityOfPage":{"@id":"https:\/\/www.laescueladelagua.com\/en\/monica-perez-clausen-se-requiere-de-un-talento-capacitado-para-liderar-sosteniblemente-las-organizaciones\/"},"wordCount":853,"commentCount":0,"publisher":{"@id":"https:\/\/wapwebedapro01.azurewebsites.net\/#organization"},"image":{"@id":"https:\/\/www.laescueladelagua.com\/en\/monica-perez-clausen-se-requiere-de-un-talento-capacitado-para-liderar-sosteniblemente-las-organizaciones\/#primaryimage"},"thumbnailUrl":"\/wp-content\/uploads\/2023\/07\/article-12.jpeg","articleSection":["Programas"],"inLanguage":"ca","potentialAction":[{"@type":"CommentAction","name":"Comment","target":["https:\/\/www.laescueladelagua.com\/en\/monica-perez-clausen-se-requiere-de-un-talento-capacitado-para-liderar-sosteniblemente-las-organizaciones\/#respond"]}]},{"@type":"WebPage","@id":"https:\/\/www.laescueladelagua.com\/en\/monica-perez-clausen-se-requiere-de-un-talento-capacitado-para-liderar-sosteniblemente-las-organizaciones\/","url":"https:\/\/www.laescueladelagua.com\/en\/monica-perez-clausen-se-requiere-de-un-talento-capacitado-para-liderar-sosteniblemente-las-organizaciones\/","name":"M\u00f3nica Perez Clausen: \"Se requiere de un talento capacitado para liderar sosteniblemente las organizaciones\" - Escuela del agua","isPartOf":{"@id":"https:\/\/wapwebedapro01.azurewebsites.net\/#website"},"primaryImageOfPage":{"@id":"https:\/\/www.laescueladelagua.com\/en\/monica-perez-clausen-se-requiere-de-un-talento-capacitado-para-liderar-sosteniblemente-las-organizaciones\/#primaryimage"},"image":{"@id":"https:\/\/www.laescueladelagua.com\/en\/monica-perez-clausen-se-requiere-de-un-talento-capacitado-para-liderar-sosteniblemente-las-organizaciones\/#primaryimage"},"thumbnailUrl":"\/wp-content\/uploads\/2023\/07\/article-12.jpeg","datePublished":"2021-09-22T12:08:47+00:00","dateModified":"2023-07-26T12:34:32+00:00","breadcrumb":{"@id":"https:\/\/www.laescueladelagua.com\/en\/monica-perez-clausen-se-requiere-de-un-talento-capacitado-para-liderar-sosteniblemente-las-organizaciones\/#breadcrumb"},"inLanguage":"ca","potentialAction":[{"@type":"ReadAction","target":["https:\/\/www.laescueladelagua.com\/en\/monica-perez-clausen-se-requiere-de-un-talento-capacitado-para-liderar-sosteniblemente-las-organizaciones\/"]}]},{"@type":"ImageObject","inLanguage":"ca","@id":"https:\/\/www.laescueladelagua.com\/en\/monica-perez-clausen-se-requiere-de-un-talento-capacitado-para-liderar-sosteniblemente-las-organizaciones\/#primaryimage","url":"\/wp-content\/uploads\/2023\/07\/article-12.jpeg","contentUrl":"\/wp-content\/uploads\/2023\/07\/article-12.jpeg","width":1300,"height":300},{"@type":"BreadcrumbList","@id":"https:\/\/www.laescueladelagua.com\/en\/monica-perez-clausen-se-requiere-de-un-talento-capacitado-para-liderar-sosteniblemente-las-organizaciones\/#breadcrumb","itemListElement":[{"@type":"ListItem","position":1,"name":"Home","item":"https:\/\/wapwebedapro01.azurewebsites.net\/"},{"@type":"ListItem","position":2,"name":"M\u00f3nica Perez Clausen: \u00abSe requiere de un talento capacitado para liderar sosteniblemente las organizaciones\u00bb"}]},{"@type":"WebSite","@id":"https:\/\/wapwebedapro01.azurewebsites.net\/#website","url":"https:\/\/wapwebedapro01.azurewebsites.net\/","name":"Escuela del agua","description":"","publisher":{"@id":"https:\/\/wapwebedapro01.azurewebsites.net\/#organization"},"potentialAction":[{"@type":"SearchAction","target":{"@type":"EntryPoint","urlTemplate":"https:\/\/wapwebedapro01.azurewebsites.net\/?s={search_term_string}"},"query-input":{"@type":"PropertyValueSpecification","valueRequired":true,"valueName":"search_term_string"}}],"inLanguage":"ca"},{"@type":"Organization","@id":"https:\/\/wapwebedapro01.azurewebsites.net\/#organization","name":"Escuela del agua","url":"https:\/\/wapwebedapro01.azurewebsites.net\/","logo":{"@type":"ImageObject","inLanguage":"ca","@id":"https:\/\/wapwebedapro01.azurewebsites.net\/#\/schema\/logo\/image\/","url":"\/wp-content\/uploads\/2023\/08\/logo_EscueladelAgua_mod.1.1_150px.png","contentUrl":"\/wp-content\/uploads\/2023\/08\/logo_EscueladelAgua_mod.1.1_150px.png","width":150,"height":90,"caption":"Escuela del agua"},"image":{"@id":"https:\/\/wapwebedapro01.azurewebsites.net\/#\/schema\/logo\/image\/"}},{"@type":"Person","@id":"https:\/\/wapwebedapro01.azurewebsites.net\/#\/schema\/person\/dd1649223e405b6f9eb82e8f6798f241","name":"adminusr","image":{"@type":"ImageObject","inLanguage":"ca","@id":"https:\/\/wapwebedapro01.azurewebsites.net\/#\/schema\/person\/image\/","url":"https:\/\/secure.gravatar.com\/avatar\/0faaa87907e163fd330069f117adf408?s=96&d=mm&r=g","contentUrl":"https:\/\/secure.gravatar.com\/avatar\/0faaa87907e163fd330069f117adf408?s=96&d=mm&r=g","caption":"adminusr"},"sameAs":["https:\/\/www.laescueladelagua.com"],"url":"https:\/\/www.laescueladelagua.com\/ca\/author\/adminusr\/"}]}},"meta_box":[],"_links":{"self":[{"href":"https:\/\/www.laescueladelagua.com\/ca\/wp-json\/wp\/v2\/posts\/1419","targetHints":{"allow":["GET"]}}],"collection":[{"href":"https:\/\/www.laescueladelagua.com\/ca\/wp-json\/wp\/v2\/posts"}],"about":[{"href":"https:\/\/www.laescueladelagua.com\/ca\/wp-json\/wp\/v2\/types\/post"}],"author":[{"embeddable":true,"href":"https:\/\/www.laescueladelagua.com\/ca\/wp-json\/wp\/v2\/users\/1"}],"replies":[{"embeddable":true,"href":"https:\/\/www.laescueladelagua.com\/ca\/wp-json\/wp\/v2\/comments?post=1419"}],"version-history":[{"count":3,"href":"https:\/\/www.laescueladelagua.com\/ca\/wp-json\/wp\/v2\/posts\/1419\/revisions"}],"predecessor-version":[{"id":1425,"href":"https:\/\/www.laescueladelagua.com\/ca\/wp-json\/wp\/v2\/posts\/1419\/revisions\/1425"}],"wp:featuredmedia":[{"embeddable":true,"href":"https:\/\/www.laescueladelagua.com\/ca\/wp-json\/wp\/v2\/media\/1422"}],"wp:attachment":[{"href":"https:\/\/www.laescueladelagua.com\/ca\/wp-json\/wp\/v2\/media?parent=1419"}],"wp:term":[{"taxonomy":"category","embeddable":true,"href":"https:\/\/www.laescueladelagua.com\/ca\/wp-json\/wp\/v2\/categories?post=1419"},{"taxonomy":"post_tag","embeddable":true,"href":"https:\/\/www.laescueladelagua.com\/ca\/wp-json\/wp\/v2\/tags?post=1419"}],"curies":[{"name":"wp","href":"https:\/\/api.w.org\/{rel}","templated":true}]}}