{"id":1420,"date":"2021-10-13T12:13:42","date_gmt":"2021-10-13T12:13:42","guid":{"rendered":"https:\/\/www.laescueladelagua.com\/?p=1420"},"modified":"2023-07-26T12:38:23","modified_gmt":"2023-07-26T12:38:23","slug":"entrevista-a-marcos-eguiguren-seria-un-error-el-hecho-de-suscribir-la-sostenibilidad-a-una-tendencia-que-solo-afecta-a-unos-sectores-mas-especificos-porque-parezcan-los-mas-evidentes","status":"publish","type":"post","link":"https:\/\/www.laescueladelagua.com\/ca\/entrevista-a-marcos-eguiguren-seria-un-error-el-hecho-de-suscribir-la-sostenibilidad-a-una-tendencia-que-solo-afecta-a-unos-sectores-mas-especificos-porque-parezcan-los-mas-evidentes\/","title":{"rendered":"Entrevista a Marcos Eguiguren: \u00abSeria un error el fet de subscriure la sostenibilitat a una tend\u00e8ncia que nom\u00e9s afecta uns sectors m\u00e9s espec\u00edfics perqu\u00e8 semblin els m\u00e9s evidents\u00bb"},"content":{"rendered":"<p><em><strong>Marcs Eguiguren<\/strong><\/em><\/p>\n<p><em>Expert en sostenibilitat i codirector del Postgrau de Desenvolupament Directiu en Negocis Sostenibles UPF-Barcelona School of Managment i Escola de l&#039;Aigua d&#039;Agbar<\/em><\/p>\n<p><strong>P: Es parla fins ara de sostenibilitat com a avantatge competitiu i ara estem evolucionant amb la sostenibilitat com a megatend\u00e8ndia. Quina \u00e9s la teva visi\u00f3 sobre aix\u00f2?<\/strong><\/p>\n<p>R: Sembla evident que el concepte de megatend\u00e8ncia, que \u00e9s molt utilitzat en direcci\u00f3 estrat\u00e8gica, \u00e9s un concepte que en el fons identifica aquelles situacions, aquelles evid\u00e8ncies, que tu visualitzes avui mateix, que estan passant ara. S\u00f3n exemples de com estan canviant les coses al m\u00f3n i que tu perceps que aquests exemples, aquestes situacions de canvi, persistiran en el futur.<\/p>\n<p>Megatend\u00e8ncies serien, la intel\u00b7lig\u00e8ncia artificial aplicada a les activitats de producci\u00f3, megatend\u00e8ncia seria l&#039;envelliment a les societats occidentals i per descomptat una megatend\u00e8ncia \u00e9s la sostenibilitat. \u00c9s una cosa que ja fa uns anys que est\u00e0 en voga i que per descomptat \u00e9s aqu\u00ed per quedar-s&#039;hi.<\/p>\n<p>Les megatend\u00e8ncies, no s\u00f3n una moda, s\u00f3n realitats, que s\u00f3n creixents i que les empreses i els seus directius, o s&#039;hi adapten o tindran algunes dificultats. Per\u00f2 \u00e9s clar que, si les megatend\u00e8ncies, s\u00f3n evid\u00e8ncies reals que passen i que apunten que en el futur encara tindran m\u00e9s pes, sembla que cap empresa est\u00e0 immune a aquest canvi de paradigma, ni grans ni petites.<\/p>\n<p><strong>P: La manera com la sostenibilitat implica o participa \u00e9s factor d&#039;\u00e8xit dins de les organitzacions. Com ho han d&#039;integrar en el seu dia a dia?<\/strong><\/p>\n<p>R: Les empreses petrolieres, per exemple, han comen\u00e7at a ser conscients dels problemes que els pot comportar a mitj\u00e0 oa llarg termini la sostenibilitat pel fenomen que els actius no valen res, o que estan a punt de no valer res. Empreses que s&#039;estan adonant que, si se&#039;n mira el balan\u00e7, una bona part en 5-10 anys poden disminuir el seu valor d&#039;una manera radical i com a resposta a aix\u00f2 s&#039;han plantejat que cal fer alguna cosa.<\/p>\n<p>Per\u00f2 veritablement per integrar la sostenibilitat a l&#039;ADN d&#039;una empresa, m\u00e9s enll\u00e0 de mitigar els riscos, com podria ser el cas d&#039;empreses d&#039;aquesta mena, el tema \u00e9s la cultura. Les empreses que en un futur han integrat la sostenibilitat d&#039;una manera clara, en el seu dia a dia, s\u00f3n empreses en qu\u00e8 la governan\u00e7a, la direcci\u00f3, els consells d&#039;administraci\u00f3 i qualsevol persona que hi treballa entenguin de deb\u00f2 que el paradigma de la sostenibilitat \u00e9s irrenunciable. Crec que aquesta \u00e9s la l\u00ednia adequada.<\/p>\n<p><strong>P: Com veieu l&#039;evoluci\u00f3 dels directius i del managment de les empreses?<\/strong><\/p>\n<p>R: Les soft skills (com el lideratge, l&#039;empatia) s\u00f3n fonamentals per\u00f2, com que en realitat estem davant un canvi en qu\u00e8 ja hi ha moltes empreses que ho estan realitzant, i moltes m\u00e9s que es posaran, tenim evid\u00e8ncies clar\u00edssimes que ja fa temps que s&#039;estan abra\u00e7ant determinats elements a l&#039;\u00e0mbit de la sostenibilitat: podem esmentar el sector de l&#039;alimentaci\u00f3, el cas de Mercadona, a l&#039;\u00e0mbit de les finances, amb Triodos Bank.<\/p>\n<p>Tots aquests directius, que ja estan treballant en aquestes empreses, s\u00f3n directius que a aquestes habilitats soft, hi afegeixes tota una s\u00e8rie d&#039;habilitats espec\u00edfiques: t\u00e8cniques sobre l&#039;\u00e0mbit de la sostenibilitat, reporting de dades als p\u00fablics d&#039;inter\u00e8s\u2026 com els explico i els transmeto que la nostra companyia veritablement est\u00e0 en l&#039;\u00e0mbit de la sostenibilitat, com des del punt de vista t\u00e8cnic es prenen decisions de log\u00edstica, producci\u00f3, les vist veritablement, les faig des d&#039;aquesta perspectiva de la sostenibilitat o com des d&#039;un punt de vista financer treballo sostenibilitat, per tant, hi ha un munt d&#039;habilitats hard d&#039;un directiu que tamb\u00e9 s&#039;ha de desenvolupar, sens dubte.<\/p>\n<p><strong>P: En aquest moment de canvi, moment d&#039;acceleraci\u00f3 d&#039;incertesa, com es desenvolupen les megatend\u00e8ncies?<\/strong><\/p>\n<p>R: Despr\u00e9s d&#039;aquest any de la covid-19, el que s&#039;est\u00e0 produint en moltes tend\u00e8ncies \u00e9s una acceleraci\u00f3 d&#039;aquestes, ho estem observant en temes com ara la utilitzaci\u00f3 de la intel\u00b7lig\u00e8ncia artificial o el fet del teletreball. Per tant, per aquest motiu i per molts altres motius, \u00e9s evident que la sostenibilitat ha arribat per quedar-s&#039;hi. Que una empresa adopt\u00e9s l&#039;\u00e8tica o la sostenibilitat com a paraigua hol\u00edstic, en la manera com gestionava els seus negocis, era una cosa \u201ccara\u201d, guanyen menys diners i aquesta percepci\u00f3 es va instal\u00b7lar des de fa molt de temps a la cultura de moltes organitzacions. De mica en mica, han comen\u00e7at a sortir estudis i an\u00e0lisis en sectors que ens porten a pensar justament el contrari. I \u00e9s que les empreses que abracen el paradigma de la sostenibilitat normalment tenen una millor performance financera. \u00c9s a dir, si encara hi ha alg\u00fa que creu que aix\u00f2 de la sostenibilitat \u00e9s car, no ho \u00e9s, i hi ha molt\u00edssims motius: sostenibilitat \u00e9s km0, sostenibilitat \u00e9s intentar reduir la petjada de carboni, per tant, optimitzar la log\u00edstica de les manufactures i la distribuci\u00f3, sostenibilitat al fons \u00e9s barat, \u00e9s un cost menor.<\/p>\n<p><strong>P: Durant la teva darrera traject\u00f2ria professional, has assessorat i has estat directiu de diverses organitzacions en comandaments de direcci\u00f3. Quins exemples posaries de sectors que estan fent la transici\u00f3 o s&#039;estan enfrontant a reptes de sostenibilitat?<\/strong><\/p>\n<p>R: Seria un error el fet de subscriure la sostenibilitat a una tend\u00e8ncia que nom\u00e9s afecta uns sectors m\u00e9s espec\u00edfics perqu\u00e8 semblin els m\u00e9s evidents. Est\u00e0 afectant de manera transversal tots els sectors, l&#039;\u00fanica difer\u00e8ncia \u00e9s que a alguns els arriba m\u00e9s r\u00e0pid perqu\u00e8 la necessitat de reaccionar per aspectes reguladors, per pressi\u00f3 social o fins i tot per costos \u00e9s m\u00e9s r\u00e0pida. En canvi, altres sectors est\u00e0 arribant amb una mica m\u00e9s de retard. Sectors com a alimentaci\u00f3 on s&#039;est\u00e0 reconsiderant la cadena de \u201csupplier chain\u201d i de subministrament per fer-la m\u00e9s eficient i tamb\u00e9 ecol\u00f2gicament molt m\u00e9s sostenible, sectors que tenen a veure amb la distribuci\u00f3, molt lligat a l&#039;alimentaci\u00f3 i que estan fent el mateix, a una batalla des del punt de vista ecol\u00f2gic i de costos, al final tots dos van lligats. Sectors com el financer que sembla molt allunyat d&#039;aquests temes, perqu\u00e8 ja em dir\u00e0s una asseguradora, una gestora de fons un banc i que t\u00e9 a veure amb tot aix\u00f2. T\u00e9 a veure molt perqu\u00e8 s\u00f3n aquells que financen l&#039;activitat productiva de les empreses petites, mitjanes o grans. Tots els sectors estan ficats en aquest tema.<\/p>\n<p><strong>P: Atesa la necessitat de formar els l\u00edders de la transici\u00f3 verda, Qu\u00e8 destacaries del postgrau de Desenvolupament Directiu en negocis sostenibles?<\/strong><\/p>\n<p>R: El Postgrau que oferim la UPF-BSM i Agbar respon molt b\u00e9 amb la combinaci\u00f3 d&#039;eines softskills (que necessiten tenir-les) amb tota una s\u00e8rie d&#039;habilitats hardskills. Donem eines per integrar una estrat\u00e8gia de sostenibilitat d&#039;una manera eficient en temes com ara les finances sostenibles: com vincular les decisions financeres d&#039;una companyia amb l&#039;adaptaci\u00f3 al repte dels ODS o com eines de monitoring sobre l&#039;adequaci\u00f3 a la sostenibilitat o la import\u00e0ncia de la transpar\u00e8ncia en una estrat\u00e8gia de sostenibilitat.<\/p>\n<p>Moltes gr\u00e0cies.<\/p>\n<p>&nbsp;<\/p>\n<p><strong>Si vols seguir llegint entrevistes als directors\/es del Postgrau en Desenvolupament Directiu en Negocis Sostenibles:<\/strong><\/p>\n<ul>\n<li><a href=\"\/ca\/monica-perez-clausen-se-requiere-de-un-talento-capacitado-para-liderar-sosteniblemente-las-organizaciones\/\" target=\"_blank\" rel=\"noopener\">Entrevista a Monica P\u00e9rez \u2013 directora acad\u00e8mica<\/a><\/li>\n<\/ul>","protected":false},"excerpt":{"rendered":"<p>Marcos Eguiguren Expert en sostenibilitat i codirector del Postgrau de Desenvolupament Directiu en Negocis Sostenibles UPF-Barcelona School of Managment i Escola de l&#039;Aigua d&#039;Agbar P: Es parla fins ara de sostenibilitat com a avantatge competitiu i ara estem evolucionant amb la sostenibilitat com a megatend\u00e8ndia. Quina \u00e9s la teva visi\u00f3 sobre aix\u00f2? R: Sembla evident que el [\u2026]<\/p>","protected":false},"author":1,"featured_media":1421,"comment_status":"open","ping_status":"open","sticky":false,"template":"","format":"standard","meta":{"footnotes":""},"categories":[45],"tags":[],"class_list":["post-1420","post","type-post","status-publish","format-standard","has-post-thumbnail","hentry","category-programas"],"yoast_head":"<!-- This site is optimized with the Yoast SEO plugin v24.5 - https:\/\/yoast.com\/wordpress\/plugins\/seo\/ -->\r\n<title>Entrevista a Marcos Eguiguren: &quot;Ser\u00eda un error el hecho de suscribir la sostenibilidad a una tendencia que solo afecta a unos sectores m\u00e1s espec\u00edficos porque parezcan los m\u00e1s evidentes&quot; - Escuela del agua<\/title>\r\n<meta name=\"robots\" content=\"index, follow, max-snippet:-1, max-image-preview:large, max-video-preview:-1\" \/>\r\n<link rel=\"canonical\" href=\"https:\/\/www.laescueladelagua.com\/ca\/entrevista-a-marcos-eguiguren-seria-un-error-el-hecho-de-suscribir-la-sostenibilidad-a-una-tendencia-que-solo-afecta-a-unos-sectores-mas-especificos-porque-parezcan-los-mas-evidentes\/\" \/>\r\n<meta property=\"og:locale\" content=\"ca_ES\" \/>\r\n<meta property=\"og:type\" content=\"article\" \/>\r\n<meta property=\"og:title\" content=\"Entrevista a Marcos Eguiguren: &quot;Ser\u00eda un error el hecho de suscribir la sostenibilidad a una tendencia que solo afecta a unos sectores m\u00e1s espec\u00edficos porque parezcan los m\u00e1s evidentes&quot; - Escuela del agua\" \/>\r\n<meta property=\"og:description\" content=\"Marcos Eguiguren Experto en sostenibilidad y codirector del Posgrado de Desarrollo Directivo en Negocios Sostenibles UPF-Barcelona School of Managment y Escuela del Agua de Agbar P: Se habla hasta ahora de sostenibilidad como ventaja competitiva y ahora estamos evolucionando con la sostenibilidad como megatendendia. \u00bfCu\u00e1l es tu visi\u00f3n al respecto? R: Parece evidente que el [&hellip;]\" \/>\r\n<meta property=\"og:url\" content=\"https:\/\/www.laescueladelagua.com\/ca\/entrevista-a-marcos-eguiguren-seria-un-error-el-hecho-de-suscribir-la-sostenibilidad-a-una-tendencia-que-solo-afecta-a-unos-sectores-mas-especificos-porque-parezcan-los-mas-evidentes\/\" \/>\r\n<meta property=\"og:site_name\" content=\"Escuela del agua\" \/>\r\n<meta property=\"article:published_time\" content=\"2021-10-13T12:13:42+00:00\" \/>\r\n<meta property=\"article:modified_time\" content=\"2023-07-26T12:38:23+00:00\" \/>\r\n<meta property=\"og:image\" content=\"https:\/\/www.laescueladelagua.com\/wp-content\/uploads\/2023\/07\/article-11.jpeg\" \/>\r\n\t<meta property=\"og:image:width\" content=\"1200\" \/>\r\n\t<meta property=\"og:image:height\" content=\"300\" \/>\r\n\t<meta property=\"og:image:type\" content=\"image\/jpeg\" \/>\r\n<meta name=\"author\" content=\"adminusr\" \/>\r\n<meta name=\"twitter:card\" content=\"summary_large_image\" \/>\r\n<meta name=\"twitter:label1\" content=\"Escrit per\" \/>\n\t<meta name=\"twitter:data1\" content=\"adminusr\" \/>\n\t<meta name=\"twitter:label2\" content=\"Temps estimat de lectura\" \/>\n\t<meta name=\"twitter:data2\" content=\"7 minuts\" \/>\r\n<script type=\"application\/ld+json\" class=\"yoast-schema-graph\">{\"@context\":\"https:\/\/schema.org\",\"@graph\":[{\"@type\":\"Article\",\"@id\":\"https:\/\/www.laescueladelagua.com\/ca\/entrevista-a-marcos-eguiguren-seria-un-error-el-hecho-de-suscribir-la-sostenibilidad-a-una-tendencia-que-solo-afecta-a-unos-sectores-mas-especificos-porque-parezcan-los-mas-evidentes\/#article\",\"isPartOf\":{\"@id\":\"https:\/\/www.laescueladelagua.com\/ca\/entrevista-a-marcos-eguiguren-seria-un-error-el-hecho-de-suscribir-la-sostenibilidad-a-una-tendencia-que-solo-afecta-a-unos-sectores-mas-especificos-porque-parezcan-los-mas-evidentes\/\"},\"author\":{\"name\":\"adminusr\",\"@id\":\"https:\/\/wapwebedapro01.azurewebsites.net\/#\/schema\/person\/dd1649223e405b6f9eb82e8f6798f241\"},\"headline\":\"Entrevista a Marcos Eguiguren: \u00abSer\u00eda un error el hecho de suscribir la sostenibilidad a una tendencia que solo afecta a unos sectores m\u00e1s espec\u00edficos porque parezcan los m\u00e1s evidentes\u00bb\",\"datePublished\":\"2021-10-13T12:13:42+00:00\",\"dateModified\":\"2023-07-26T12:38:23+00:00\",\"mainEntityOfPage\":{\"@id\":\"https:\/\/www.laescueladelagua.com\/ca\/entrevista-a-marcos-eguiguren-seria-un-error-el-hecho-de-suscribir-la-sostenibilidad-a-una-tendencia-que-solo-afecta-a-unos-sectores-mas-especificos-porque-parezcan-los-mas-evidentes\/\"},\"wordCount\":1341,\"commentCount\":0,\"publisher\":{\"@id\":\"https:\/\/wapwebedapro01.azurewebsites.net\/#organization\"},\"image\":{\"@id\":\"https:\/\/www.laescueladelagua.com\/ca\/entrevista-a-marcos-eguiguren-seria-un-error-el-hecho-de-suscribir-la-sostenibilidad-a-una-tendencia-que-solo-afecta-a-unos-sectores-mas-especificos-porque-parezcan-los-mas-evidentes\/#primaryimage\"},\"thumbnailUrl\":\"\/wp-content\/uploads\/2023\/07\/article-11.jpeg\",\"articleSection\":[\"Programas\"],\"inLanguage\":\"ca\",\"potentialAction\":[{\"@type\":\"CommentAction\",\"name\":\"Comment\",\"target\":[\"https:\/\/www.laescueladelagua.com\/ca\/entrevista-a-marcos-eguiguren-seria-un-error-el-hecho-de-suscribir-la-sostenibilidad-a-una-tendencia-que-solo-afecta-a-unos-sectores-mas-especificos-porque-parezcan-los-mas-evidentes\/#respond\"]}]},{\"@type\":\"WebPage\",\"@id\":\"https:\/\/www.laescueladelagua.com\/ca\/entrevista-a-marcos-eguiguren-seria-un-error-el-hecho-de-suscribir-la-sostenibilidad-a-una-tendencia-que-solo-afecta-a-unos-sectores-mas-especificos-porque-parezcan-los-mas-evidentes\/\",\"url\":\"https:\/\/www.laescueladelagua.com\/ca\/entrevista-a-marcos-eguiguren-seria-un-error-el-hecho-de-suscribir-la-sostenibilidad-a-una-tendencia-que-solo-afecta-a-unos-sectores-mas-especificos-porque-parezcan-los-mas-evidentes\/\",\"name\":\"Entrevista a Marcos Eguiguren: \\\"Ser\u00eda un error el hecho de suscribir la sostenibilidad a una tendencia que solo afecta a unos sectores m\u00e1s espec\u00edficos porque parezcan los m\u00e1s evidentes\\\" - Escuela del agua\",\"isPartOf\":{\"@id\":\"https:\/\/wapwebedapro01.azurewebsites.net\/#website\"},\"primaryImageOfPage\":{\"@id\":\"https:\/\/www.laescueladelagua.com\/ca\/entrevista-a-marcos-eguiguren-seria-un-error-el-hecho-de-suscribir-la-sostenibilidad-a-una-tendencia-que-solo-afecta-a-unos-sectores-mas-especificos-porque-parezcan-los-mas-evidentes\/#primaryimage\"},\"image\":{\"@id\":\"https:\/\/www.laescueladelagua.com\/ca\/entrevista-a-marcos-eguiguren-seria-un-error-el-hecho-de-suscribir-la-sostenibilidad-a-una-tendencia-que-solo-afecta-a-unos-sectores-mas-especificos-porque-parezcan-los-mas-evidentes\/#primaryimage\"},\"thumbnailUrl\":\"\/wp-content\/uploads\/2023\/07\/article-11.jpeg\",\"datePublished\":\"2021-10-13T12:13:42+00:00\",\"dateModified\":\"2023-07-26T12:38:23+00:00\",\"breadcrumb\":{\"@id\":\"https:\/\/www.laescueladelagua.com\/ca\/entrevista-a-marcos-eguiguren-seria-un-error-el-hecho-de-suscribir-la-sostenibilidad-a-una-tendencia-que-solo-afecta-a-unos-sectores-mas-especificos-porque-parezcan-los-mas-evidentes\/#breadcrumb\"},\"inLanguage\":\"ca\",\"potentialAction\":[{\"@type\":\"ReadAction\",\"target\":[\"https:\/\/www.laescueladelagua.com\/ca\/entrevista-a-marcos-eguiguren-seria-un-error-el-hecho-de-suscribir-la-sostenibilidad-a-una-tendencia-que-solo-afecta-a-unos-sectores-mas-especificos-porque-parezcan-los-mas-evidentes\/\"]}]},{\"@type\":\"ImageObject\",\"inLanguage\":\"ca\",\"@id\":\"https:\/\/www.laescueladelagua.com\/ca\/entrevista-a-marcos-eguiguren-seria-un-error-el-hecho-de-suscribir-la-sostenibilidad-a-una-tendencia-que-solo-afecta-a-unos-sectores-mas-especificos-porque-parezcan-los-mas-evidentes\/#primaryimage\",\"url\":\"\/wp-content\/uploads\/2023\/07\/article-11.jpeg\",\"contentUrl\":\"\/wp-content\/uploads\/2023\/07\/article-11.jpeg\",\"width\":1200,\"height\":300},{\"@type\":\"BreadcrumbList\",\"@id\":\"https:\/\/www.laescueladelagua.com\/ca\/entrevista-a-marcos-eguiguren-seria-un-error-el-hecho-de-suscribir-la-sostenibilidad-a-una-tendencia-que-solo-afecta-a-unos-sectores-mas-especificos-porque-parezcan-los-mas-evidentes\/#breadcrumb\",\"itemListElement\":[{\"@type\":\"ListItem\",\"position\":1,\"name\":\"Home\",\"item\":\"https:\/\/wapwebedapro01.azurewebsites.net\/\"},{\"@type\":\"ListItem\",\"position\":2,\"name\":\"Entrevista a Marcos Eguiguren: \u00abSer\u00eda un error el hecho de suscribir la sostenibilidad a una tendencia que solo afecta a unos sectores m\u00e1s espec\u00edficos porque parezcan los m\u00e1s evidentes\u00bb\"}]},{\"@type\":\"WebSite\",\"@id\":\"https:\/\/wapwebedapro01.azurewebsites.net\/#website\",\"url\":\"https:\/\/wapwebedapro01.azurewebsites.net\/\",\"name\":\"Escuela del agua\",\"description\":\"\",\"publisher\":{\"@id\":\"https:\/\/wapwebedapro01.azurewebsites.net\/#organization\"},\"potentialAction\":[{\"@type\":\"SearchAction\",\"target\":{\"@type\":\"EntryPoint\",\"urlTemplate\":\"https:\/\/wapwebedapro01.azurewebsites.net\/?s={search_term_string}\"},\"query-input\":{\"@type\":\"PropertyValueSpecification\",\"valueRequired\":true,\"valueName\":\"search_term_string\"}}],\"inLanguage\":\"ca\"},{\"@type\":\"Organization\",\"@id\":\"https:\/\/wapwebedapro01.azurewebsites.net\/#organization\",\"name\":\"Escuela del agua\",\"url\":\"https:\/\/wapwebedapro01.azurewebsites.net\/\",\"logo\":{\"@type\":\"ImageObject\",\"inLanguage\":\"ca\",\"@id\":\"https:\/\/wapwebedapro01.azurewebsites.net\/#\/schema\/logo\/image\/\",\"url\":\"\/wp-content\/uploads\/2023\/08\/logo_EscueladelAgua_mod.1.1_150px.png\",\"contentUrl\":\"\/wp-content\/uploads\/2023\/08\/logo_EscueladelAgua_mod.1.1_150px.png\",\"width\":150,\"height\":90,\"caption\":\"Escuela del agua\"},\"image\":{\"@id\":\"https:\/\/wapwebedapro01.azurewebsites.net\/#\/schema\/logo\/image\/\"}},{\"@type\":\"Person\",\"@id\":\"https:\/\/wapwebedapro01.azurewebsites.net\/#\/schema\/person\/dd1649223e405b6f9eb82e8f6798f241\",\"name\":\"adminusr\",\"image\":{\"@type\":\"ImageObject\",\"inLanguage\":\"ca\",\"@id\":\"https:\/\/wapwebedapro01.azurewebsites.net\/#\/schema\/person\/image\/\",\"url\":\"https:\/\/secure.gravatar.com\/avatar\/0faaa87907e163fd330069f117adf408?s=96&d=mm&r=g\",\"contentUrl\":\"https:\/\/secure.gravatar.com\/avatar\/0faaa87907e163fd330069f117adf408?s=96&d=mm&r=g\",\"caption\":\"adminusr\"},\"sameAs\":[\"https:\/\/www.laescueladelagua.com\"],\"url\":\"https:\/\/www.laescueladelagua.com\/ca\/author\/adminusr\/\"}]}<\/script>\r\n<!-- \/ Yoast SEO plugin. -->","yoast_head_json":{"title":"Entrevista a Marcos Eguiguren: \"Ser\u00eda un error el hecho de suscribir la sostenibilidad a una tendencia que solo afecta a unos sectores m\u00e1s espec\u00edficos porque parezcan los m\u00e1s evidentes\" - Escuela del agua","robots":{"index":"index","follow":"follow","max-snippet":"max-snippet:-1","max-image-preview":"max-image-preview:large","max-video-preview":"max-video-preview:-1"},"canonical":"https:\/\/www.laescueladelagua.com\/ca\/entrevista-a-marcos-eguiguren-seria-un-error-el-hecho-de-suscribir-la-sostenibilidad-a-una-tendencia-que-solo-afecta-a-unos-sectores-mas-especificos-porque-parezcan-los-mas-evidentes\/","og_locale":"ca_ES","og_type":"article","og_title":"Entrevista a Marcos Eguiguren: \"Ser\u00eda un error el hecho de suscribir la sostenibilidad a una tendencia que solo afecta a unos sectores m\u00e1s espec\u00edficos porque parezcan los m\u00e1s evidentes\" - Escuela del agua","og_description":"Marcos Eguiguren Experto en sostenibilidad y codirector del Posgrado de Desarrollo Directivo en Negocios Sostenibles UPF-Barcelona School of Managment y Escuela del Agua de Agbar P: Se habla hasta ahora de sostenibilidad como ventaja competitiva y ahora estamos evolucionando con la sostenibilidad como megatendendia. \u00bfCu\u00e1l es tu visi\u00f3n al respecto? R: Parece evidente que el [&hellip;]","og_url":"https:\/\/www.laescueladelagua.com\/ca\/entrevista-a-marcos-eguiguren-seria-un-error-el-hecho-de-suscribir-la-sostenibilidad-a-una-tendencia-que-solo-afecta-a-unos-sectores-mas-especificos-porque-parezcan-los-mas-evidentes\/","og_site_name":"Escuela del agua","article_published_time":"2021-10-13T12:13:42+00:00","article_modified_time":"2023-07-26T12:38:23+00:00","og_image":[{"width":1200,"height":300,"url":"https:\/\/www.laescueladelagua.com\/wp-content\/uploads\/2023\/07\/article-11.jpeg","type":"image\/jpeg"}],"author":"adminusr","twitter_card":"summary_large_image","twitter_misc":{"Escrit per":"adminusr","Temps estimat de lectura":"7 minuts"},"schema":{"@context":"https:\/\/schema.org","@graph":[{"@type":"Article","@id":"https:\/\/www.laescueladelagua.com\/ca\/entrevista-a-marcos-eguiguren-seria-un-error-el-hecho-de-suscribir-la-sostenibilidad-a-una-tendencia-que-solo-afecta-a-unos-sectores-mas-especificos-porque-parezcan-los-mas-evidentes\/#article","isPartOf":{"@id":"https:\/\/www.laescueladelagua.com\/ca\/entrevista-a-marcos-eguiguren-seria-un-error-el-hecho-de-suscribir-la-sostenibilidad-a-una-tendencia-que-solo-afecta-a-unos-sectores-mas-especificos-porque-parezcan-los-mas-evidentes\/"},"author":{"name":"adminusr","@id":"https:\/\/wapwebedapro01.azurewebsites.net\/#\/schema\/person\/dd1649223e405b6f9eb82e8f6798f241"},"headline":"Entrevista a Marcos Eguiguren: \u00abSer\u00eda un error el hecho de suscribir la sostenibilidad a una tendencia que solo afecta a unos sectores m\u00e1s espec\u00edficos porque parezcan los m\u00e1s evidentes\u00bb","datePublished":"2021-10-13T12:13:42+00:00","dateModified":"2023-07-26T12:38:23+00:00","mainEntityOfPage":{"@id":"https:\/\/www.laescueladelagua.com\/ca\/entrevista-a-marcos-eguiguren-seria-un-error-el-hecho-de-suscribir-la-sostenibilidad-a-una-tendencia-que-solo-afecta-a-unos-sectores-mas-especificos-porque-parezcan-los-mas-evidentes\/"},"wordCount":1341,"commentCount":0,"publisher":{"@id":"https:\/\/wapwebedapro01.azurewebsites.net\/#organization"},"image":{"@id":"https:\/\/www.laescueladelagua.com\/ca\/entrevista-a-marcos-eguiguren-seria-un-error-el-hecho-de-suscribir-la-sostenibilidad-a-una-tendencia-que-solo-afecta-a-unos-sectores-mas-especificos-porque-parezcan-los-mas-evidentes\/#primaryimage"},"thumbnailUrl":"\/wp-content\/uploads\/2023\/07\/article-11.jpeg","articleSection":["Programas"],"inLanguage":"ca","potentialAction":[{"@type":"CommentAction","name":"Comment","target":["https:\/\/www.laescueladelagua.com\/ca\/entrevista-a-marcos-eguiguren-seria-un-error-el-hecho-de-suscribir-la-sostenibilidad-a-una-tendencia-que-solo-afecta-a-unos-sectores-mas-especificos-porque-parezcan-los-mas-evidentes\/#respond"]}]},{"@type":"WebPage","@id":"https:\/\/www.laescueladelagua.com\/ca\/entrevista-a-marcos-eguiguren-seria-un-error-el-hecho-de-suscribir-la-sostenibilidad-a-una-tendencia-que-solo-afecta-a-unos-sectores-mas-especificos-porque-parezcan-los-mas-evidentes\/","url":"https:\/\/www.laescueladelagua.com\/ca\/entrevista-a-marcos-eguiguren-seria-un-error-el-hecho-de-suscribir-la-sostenibilidad-a-una-tendencia-que-solo-afecta-a-unos-sectores-mas-especificos-porque-parezcan-los-mas-evidentes\/","name":"Entrevista a Marcos Eguiguren: \"Ser\u00eda un error el hecho de suscribir la sostenibilidad a una tendencia que solo afecta a unos sectores m\u00e1s espec\u00edficos porque parezcan los m\u00e1s evidentes\" - Escuela del agua","isPartOf":{"@id":"https:\/\/wapwebedapro01.azurewebsites.net\/#website"},"primaryImageOfPage":{"@id":"https:\/\/www.laescueladelagua.com\/ca\/entrevista-a-marcos-eguiguren-seria-un-error-el-hecho-de-suscribir-la-sostenibilidad-a-una-tendencia-que-solo-afecta-a-unos-sectores-mas-especificos-porque-parezcan-los-mas-evidentes\/#primaryimage"},"image":{"@id":"https:\/\/www.laescueladelagua.com\/ca\/entrevista-a-marcos-eguiguren-seria-un-error-el-hecho-de-suscribir-la-sostenibilidad-a-una-tendencia-que-solo-afecta-a-unos-sectores-mas-especificos-porque-parezcan-los-mas-evidentes\/#primaryimage"},"thumbnailUrl":"\/wp-content\/uploads\/2023\/07\/article-11.jpeg","datePublished":"2021-10-13T12:13:42+00:00","dateModified":"2023-07-26T12:38:23+00:00","breadcrumb":{"@id":"https:\/\/www.laescueladelagua.com\/ca\/entrevista-a-marcos-eguiguren-seria-un-error-el-hecho-de-suscribir-la-sostenibilidad-a-una-tendencia-que-solo-afecta-a-unos-sectores-mas-especificos-porque-parezcan-los-mas-evidentes\/#breadcrumb"},"inLanguage":"ca","potentialAction":[{"@type":"ReadAction","target":["https:\/\/www.laescueladelagua.com\/ca\/entrevista-a-marcos-eguiguren-seria-un-error-el-hecho-de-suscribir-la-sostenibilidad-a-una-tendencia-que-solo-afecta-a-unos-sectores-mas-especificos-porque-parezcan-los-mas-evidentes\/"]}]},{"@type":"ImageObject","inLanguage":"ca","@id":"https:\/\/www.laescueladelagua.com\/ca\/entrevista-a-marcos-eguiguren-seria-un-error-el-hecho-de-suscribir-la-sostenibilidad-a-una-tendencia-que-solo-afecta-a-unos-sectores-mas-especificos-porque-parezcan-los-mas-evidentes\/#primaryimage","url":"\/wp-content\/uploads\/2023\/07\/article-11.jpeg","contentUrl":"\/wp-content\/uploads\/2023\/07\/article-11.jpeg","width":1200,"height":300},{"@type":"BreadcrumbList","@id":"https:\/\/www.laescueladelagua.com\/ca\/entrevista-a-marcos-eguiguren-seria-un-error-el-hecho-de-suscribir-la-sostenibilidad-a-una-tendencia-que-solo-afecta-a-unos-sectores-mas-especificos-porque-parezcan-los-mas-evidentes\/#breadcrumb","itemListElement":[{"@type":"ListItem","position":1,"name":"Home","item":"https:\/\/wapwebedapro01.azurewebsites.net\/"},{"@type":"ListItem","position":2,"name":"Entrevista a Marcos Eguiguren: \u00abSer\u00eda un error el hecho de suscribir la sostenibilidad a una tendencia que solo afecta a unos sectores m\u00e1s espec\u00edficos porque parezcan los m\u00e1s evidentes\u00bb"}]},{"@type":"WebSite","@id":"https:\/\/wapwebedapro01.azurewebsites.net\/#website","url":"https:\/\/wapwebedapro01.azurewebsites.net\/","name":"Escuela del agua","description":"","publisher":{"@id":"https:\/\/wapwebedapro01.azurewebsites.net\/#organization"},"potentialAction":[{"@type":"SearchAction","target":{"@type":"EntryPoint","urlTemplate":"https:\/\/wapwebedapro01.azurewebsites.net\/?s={search_term_string}"},"query-input":{"@type":"PropertyValueSpecification","valueRequired":true,"valueName":"search_term_string"}}],"inLanguage":"ca"},{"@type":"Organization","@id":"https:\/\/wapwebedapro01.azurewebsites.net\/#organization","name":"Escuela del agua","url":"https:\/\/wapwebedapro01.azurewebsites.net\/","logo":{"@type":"ImageObject","inLanguage":"ca","@id":"https:\/\/wapwebedapro01.azurewebsites.net\/#\/schema\/logo\/image\/","url":"\/wp-content\/uploads\/2023\/08\/logo_EscueladelAgua_mod.1.1_150px.png","contentUrl":"\/wp-content\/uploads\/2023\/08\/logo_EscueladelAgua_mod.1.1_150px.png","width":150,"height":90,"caption":"Escuela del agua"},"image":{"@id":"https:\/\/wapwebedapro01.azurewebsites.net\/#\/schema\/logo\/image\/"}},{"@type":"Person","@id":"https:\/\/wapwebedapro01.azurewebsites.net\/#\/schema\/person\/dd1649223e405b6f9eb82e8f6798f241","name":"adminusr","image":{"@type":"ImageObject","inLanguage":"ca","@id":"https:\/\/wapwebedapro01.azurewebsites.net\/#\/schema\/person\/image\/","url":"https:\/\/secure.gravatar.com\/avatar\/0faaa87907e163fd330069f117adf408?s=96&d=mm&r=g","contentUrl":"https:\/\/secure.gravatar.com\/avatar\/0faaa87907e163fd330069f117adf408?s=96&d=mm&r=g","caption":"adminusr"},"sameAs":["https:\/\/www.laescueladelagua.com"],"url":"https:\/\/www.laescueladelagua.com\/ca\/author\/adminusr\/"}]}},"meta_box":[],"_links":{"self":[{"href":"https:\/\/www.laescueladelagua.com\/ca\/wp-json\/wp\/v2\/posts\/1420","targetHints":{"allow":["GET"]}}],"collection":[{"href":"https:\/\/www.laescueladelagua.com\/ca\/wp-json\/wp\/v2\/posts"}],"about":[{"href":"https:\/\/www.laescueladelagua.com\/ca\/wp-json\/wp\/v2\/types\/post"}],"author":[{"embeddable":true,"href":"https:\/\/www.laescueladelagua.com\/ca\/wp-json\/wp\/v2\/users\/1"}],"replies":[{"embeddable":true,"href":"https:\/\/www.laescueladelagua.com\/ca\/wp-json\/wp\/v2\/comments?post=1420"}],"version-history":[{"count":4,"href":"https:\/\/www.laescueladelagua.com\/ca\/wp-json\/wp\/v2\/posts\/1420\/revisions"}],"predecessor-version":[{"id":1950,"href":"https:\/\/www.laescueladelagua.com\/ca\/wp-json\/wp\/v2\/posts\/1420\/revisions\/1950"}],"wp:featuredmedia":[{"embeddable":true,"href":"https:\/\/www.laescueladelagua.com\/ca\/wp-json\/wp\/v2\/media\/1421"}],"wp:attachment":[{"href":"https:\/\/www.laescueladelagua.com\/ca\/wp-json\/wp\/v2\/media?parent=1420"}],"wp:term":[{"taxonomy":"category","embeddable":true,"href":"https:\/\/www.laescueladelagua.com\/ca\/wp-json\/wp\/v2\/categories?post=1420"},{"taxonomy":"post_tag","embeddable":true,"href":"https:\/\/www.laescueladelagua.com\/ca\/wp-json\/wp\/v2\/tags?post=1420"}],"curies":[{"name":"wp","href":"https:\/\/api.w.org\/{rel}","templated":true}]}}