{"id":1428,"date":"2021-10-06T12:18:38","date_gmt":"2021-10-06T12:18:38","guid":{"rendered":"https:\/\/www.laescueladelagua.com\/?p=1428"},"modified":"2023-07-12T12:19:55","modified_gmt":"2023-07-12T12:19:55","slug":"dia-mundial-del-docente-las-y-los-docentes-en-el-corazon-de-la-recuperacion-de-la-educacion","status":"publish","type":"post","link":"https:\/\/www.laescueladelagua.com\/ca\/dia-mundial-del-docente-las-y-los-docentes-en-el-corazon-de-la-recuperacion-de-la-educacion\/","title":{"rendered":"Dia Mundial del Docent: les i els docents al cor de la recuperaci\u00f3 de l&#039;educaci\u00f3"},"content":{"rendered":"<p>En el Dia Mundial dels Docents no nom\u00e9s vam rendir homenatge a tots els educadors. Demanem als pa\u00efsos que hi inverteixin i els donin prioritat en els esfor\u00e7os mundials de recuperaci\u00f3 de l&#039;educaci\u00f3 perqu\u00e8 tots els alumnes tinguin acc\u00e9s a un docent qualificat i recolzat. Donem suport als nostres docents!\u00bb<\/p>\n<p>Un any i mig despr\u00e9s que comenc\u00e9s la pand\u00e8mia de COVID-19, el Dia Mundial dels Docents 2021 posar\u00e0 \u00e8mfasi en el suport que s&#039;ha de proporcionar als docents perqu\u00e8 participin plenament en el proc\u00e9s de recuperaci\u00f3.<\/p>\n<p>El paper dels mestres ha estat fonamental durant aquest any 2021. La crisi del coronavirus ha obligat tots els sectors de la societat a adaptar-se a un context de pand\u00e8mia, per\u00f2 el repte que ha enfrontat l&#039;educaci\u00f3 ha estat dels m\u00e9s significatius. I des de l&#039;Escola de l&#039;Aigua tamb\u00e9 volem destacar la tasca dels nostres docents, grans professionals del sector, que es dediquen a compartir el seu coneixement.<\/p>\n<p>La Unesco fixa la celebraci\u00f3 del Dia Mundial del Docent, que se celebra anualment el 5 d&#039;octubre des del 1994. M\u00e9s enll\u00e0 de la commemoraci\u00f3 internacional hi ha nombrosos pa\u00efsos que dediquen jornades al paper dels docents a la societat. A Espanya, per exemple, se celebra el 5 de novembre en honor de Joseph Calasanz, sacerdot cat\u00f2lic, educador i patr\u00f3 de la primera escola cristiana popular d&#039;Europa.<\/p>","protected":false},"excerpt":{"rendered":"<p>En el Dia Mundial dels Docents no nom\u00e9s vam rendir homenatge a tots els educadors. Demanem als pa\u00efsos que hi inverteixin i els donin prioritat en els esfor\u00e7os mundials de recuperaci\u00f3 de l&#039;educaci\u00f3 perqu\u00e8 tots els alumnes tinguin acc\u00e9s a un docent qualificat i recolzat. Donem suport als nostres docents!\u00bb Un any [\u2026]<\/p>","protected":false},"author":1,"featured_media":1429,"comment_status":"open","ping_status":"open","sticky":false,"template":"","format":"standard","meta":{"footnotes":""},"categories":[51],"tags":[],"class_list":["post-1428","post","type-post","status-publish","format-standard","has-post-thumbnail","hentry","category-educacion-ambiental"],"yoast_head":"<!-- This site is optimized with the Yoast SEO plugin v24.5 - https:\/\/yoast.com\/wordpress\/plugins\/seo\/ -->\r\n<title>D\u00eda Mundial del Docente: las y los docentes en el coraz\u00f3n de la recuperaci\u00f3n de la educaci\u00f3n - Escuela del agua<\/title>\r\n<meta name=\"robots\" content=\"index, follow, max-snippet:-1, max-image-preview:large, max-video-preview:-1\" \/>\r\n<link rel=\"canonical\" href=\"https:\/\/www.laescueladelagua.com\/ca\/dia-mundial-del-docente-las-y-los-docentes-en-el-corazon-de-la-recuperacion-de-la-educacion\/\" \/>\r\n<meta property=\"og:locale\" content=\"ca_ES\" \/>\r\n<meta property=\"og:type\" content=\"article\" \/>\r\n<meta property=\"og:title\" content=\"D\u00eda Mundial del Docente: las y los docentes en el coraz\u00f3n de la recuperaci\u00f3n de la educaci\u00f3n - Escuela del agua\" \/>\r\n<meta property=\"og:description\" content=\"En el D\u00eda Mundial de los Docentes no solo rendimos homenaje a todos los educadores. Pedimos a los pa\u00edses que inviertan en ellos y les den prioridad en los esfuerzos mundiales de recuperaci\u00f3n de la educaci\u00f3n para que todos los alumnos tengan acceso a un docente cualificado y respaldado. \u00a1Apoyemos a nuestros docentes!\u00bb Un a\u00f1o [&hellip;]\" \/>\r\n<meta property=\"og:url\" content=\"https:\/\/www.laescueladelagua.com\/ca\/dia-mundial-del-docente-las-y-los-docentes-en-el-corazon-de-la-recuperacion-de-la-educacion\/\" \/>\r\n<meta property=\"og:site_name\" content=\"Escuela del agua\" \/>\r\n<meta property=\"article:published_time\" content=\"2021-10-06T12:18:38+00:00\" \/>\r\n<meta property=\"article:modified_time\" content=\"2023-07-12T12:19:55+00:00\" \/>\r\n<meta property=\"og:image\" content=\"https:\/\/www.laescueladelagua.com\/wp-content\/uploads\/2023\/07\/article-13-e1689164390710.jpeg\" \/>\r\n\t<meta property=\"og:image:width\" content=\"789\" \/>\r\n\t<meta property=\"og:image:height\" content=\"300\" \/>\r\n\t<meta property=\"og:image:type\" content=\"image\/jpeg\" \/>\r\n<meta name=\"author\" content=\"adminusr\" \/>\r\n<meta name=\"twitter:card\" content=\"summary_large_image\" \/>\r\n<meta name=\"twitter:label1\" content=\"Escrit per\" \/>\n\t<meta name=\"twitter:data1\" content=\"adminusr\" \/>\n\t<meta name=\"twitter:label2\" content=\"Temps estimat de lectura\" \/>\n\t<meta name=\"twitter:data2\" content=\"1 minut\" \/>\r\n<script type=\"application\/ld+json\" class=\"yoast-schema-graph\">{\"@context\":\"https:\/\/schema.org\",\"@graph\":[{\"@type\":\"Article\",\"@id\":\"https:\/\/www.laescueladelagua.com\/dia-mundial-del-docente-las-y-los-docentes-en-el-corazon-de-la-recuperacion-de-la-educacion\/#article\",\"isPartOf\":{\"@id\":\"https:\/\/www.laescueladelagua.com\/dia-mundial-del-docente-las-y-los-docentes-en-el-corazon-de-la-recuperacion-de-la-educacion\/\"},\"author\":{\"name\":\"adminusr\",\"@id\":\"https:\/\/wapwebedapro01.azurewebsites.net\/#\/schema\/person\/dd1649223e405b6f9eb82e8f6798f241\"},\"headline\":\"D\u00eda Mundial del Docente: las y los docentes en el coraz\u00f3n de la recuperaci\u00f3n de la educaci\u00f3n\",\"datePublished\":\"2021-10-06T12:18:38+00:00\",\"dateModified\":\"2023-07-12T12:19:55+00:00\",\"mainEntityOfPage\":{\"@id\":\"https:\/\/www.laescueladelagua.com\/dia-mundial-del-docente-las-y-los-docentes-en-el-corazon-de-la-recuperacion-de-la-educacion\/\"},\"wordCount\":268,\"commentCount\":0,\"publisher\":{\"@id\":\"https:\/\/wapwebedapro01.azurewebsites.net\/#organization\"},\"image\":{\"@id\":\"https:\/\/www.laescueladelagua.com\/dia-mundial-del-docente-las-y-los-docentes-en-el-corazon-de-la-recuperacion-de-la-educacion\/#primaryimage\"},\"thumbnailUrl\":\"\/wp-content\/uploads\/2023\/07\/article-13-e1689164390710.jpeg\",\"articleSection\":[\"Educaci\u00f3n ambiental\"],\"inLanguage\":\"ca\",\"potentialAction\":[{\"@type\":\"CommentAction\",\"name\":\"Comment\",\"target\":[\"https:\/\/www.laescueladelagua.com\/dia-mundial-del-docente-las-y-los-docentes-en-el-corazon-de-la-recuperacion-de-la-educacion\/#respond\"]}]},{\"@type\":\"WebPage\",\"@id\":\"https:\/\/www.laescueladelagua.com\/dia-mundial-del-docente-las-y-los-docentes-en-el-corazon-de-la-recuperacion-de-la-educacion\/\",\"url\":\"https:\/\/www.laescueladelagua.com\/dia-mundial-del-docente-las-y-los-docentes-en-el-corazon-de-la-recuperacion-de-la-educacion\/\",\"name\":\"D\u00eda Mundial del Docente: las y los docentes en el coraz\u00f3n de la recuperaci\u00f3n de la educaci\u00f3n - Escuela del agua\",\"isPartOf\":{\"@id\":\"https:\/\/wapwebedapro01.azurewebsites.net\/#website\"},\"primaryImageOfPage\":{\"@id\":\"https:\/\/www.laescueladelagua.com\/dia-mundial-del-docente-las-y-los-docentes-en-el-corazon-de-la-recuperacion-de-la-educacion\/#primaryimage\"},\"image\":{\"@id\":\"https:\/\/www.laescueladelagua.com\/dia-mundial-del-docente-las-y-los-docentes-en-el-corazon-de-la-recuperacion-de-la-educacion\/#primaryimage\"},\"thumbnailUrl\":\"\/wp-content\/uploads\/2023\/07\/article-13-e1689164390710.jpeg\",\"datePublished\":\"2021-10-06T12:18:38+00:00\",\"dateModified\":\"2023-07-12T12:19:55+00:00\",\"breadcrumb\":{\"@id\":\"https:\/\/www.laescueladelagua.com\/dia-mundial-del-docente-las-y-los-docentes-en-el-corazon-de-la-recuperacion-de-la-educacion\/#breadcrumb\"},\"inLanguage\":\"ca\",\"potentialAction\":[{\"@type\":\"ReadAction\",\"target\":[\"https:\/\/www.laescueladelagua.com\/dia-mundial-del-docente-las-y-los-docentes-en-el-corazon-de-la-recuperacion-de-la-educacion\/\"]}]},{\"@type\":\"ImageObject\",\"inLanguage\":\"ca\",\"@id\":\"https:\/\/www.laescueladelagua.com\/dia-mundial-del-docente-las-y-los-docentes-en-el-corazon-de-la-recuperacion-de-la-educacion\/#primaryimage\",\"url\":\"\/wp-content\/uploads\/2023\/07\/article-13-e1689164390710.jpeg\",\"contentUrl\":\"\/wp-content\/uploads\/2023\/07\/article-13-e1689164390710.jpeg\",\"width\":789,\"height\":300},{\"@type\":\"BreadcrumbList\",\"@id\":\"https:\/\/www.laescueladelagua.com\/dia-mundial-del-docente-las-y-los-docentes-en-el-corazon-de-la-recuperacion-de-la-educacion\/#breadcrumb\",\"itemListElement\":[{\"@type\":\"ListItem\",\"position\":1,\"name\":\"Home\",\"item\":\"https:\/\/wapwebedapro01.azurewebsites.net\/\"},{\"@type\":\"ListItem\",\"position\":2,\"name\":\"D\u00eda Mundial del Docente: las y los docentes en el coraz\u00f3n de la recuperaci\u00f3n de la educaci\u00f3n\"}]},{\"@type\":\"WebSite\",\"@id\":\"https:\/\/wapwebedapro01.azurewebsites.net\/#website\",\"url\":\"https:\/\/wapwebedapro01.azurewebsites.net\/\",\"name\":\"Escuela del agua\",\"description\":\"\",\"publisher\":{\"@id\":\"https:\/\/wapwebedapro01.azurewebsites.net\/#organization\"},\"potentialAction\":[{\"@type\":\"SearchAction\",\"target\":{\"@type\":\"EntryPoint\",\"urlTemplate\":\"https:\/\/wapwebedapro01.azurewebsites.net\/?s={search_term_string}\"},\"query-input\":{\"@type\":\"PropertyValueSpecification\",\"valueRequired\":true,\"valueName\":\"search_term_string\"}}],\"inLanguage\":\"ca\"},{\"@type\":\"Organization\",\"@id\":\"https:\/\/wapwebedapro01.azurewebsites.net\/#organization\",\"name\":\"Escuela del agua\",\"url\":\"https:\/\/wapwebedapro01.azurewebsites.net\/\",\"logo\":{\"@type\":\"ImageObject\",\"inLanguage\":\"ca\",\"@id\":\"https:\/\/wapwebedapro01.azurewebsites.net\/#\/schema\/logo\/image\/\",\"url\":\"\/wp-content\/uploads\/2023\/08\/logo_EscueladelAgua_mod.1.1_150px.png\",\"contentUrl\":\"\/wp-content\/uploads\/2023\/08\/logo_EscueladelAgua_mod.1.1_150px.png\",\"width\":150,\"height\":90,\"caption\":\"Escuela del agua\"},\"image\":{\"@id\":\"https:\/\/wapwebedapro01.azurewebsites.net\/#\/schema\/logo\/image\/\"}},{\"@type\":\"Person\",\"@id\":\"https:\/\/wapwebedapro01.azurewebsites.net\/#\/schema\/person\/dd1649223e405b6f9eb82e8f6798f241\",\"name\":\"adminusr\",\"image\":{\"@type\":\"ImageObject\",\"inLanguage\":\"ca\",\"@id\":\"https:\/\/wapwebedapro01.azurewebsites.net\/#\/schema\/person\/image\/\",\"url\":\"https:\/\/secure.gravatar.com\/avatar\/0faaa87907e163fd330069f117adf408?s=96&d=mm&r=g\",\"contentUrl\":\"https:\/\/secure.gravatar.com\/avatar\/0faaa87907e163fd330069f117adf408?s=96&d=mm&r=g\",\"caption\":\"adminusr\"},\"sameAs\":[\"https:\/\/www.laescueladelagua.com\"],\"url\":\"https:\/\/www.laescueladelagua.com\/ca\/author\/adminusr\/\"}]}<\/script>\r\n<!-- \/ Yoast SEO plugin. -->","yoast_head_json":{"title":"D\u00eda Mundial del Docente: las y los docentes en el coraz\u00f3n de la recuperaci\u00f3n de la educaci\u00f3n - Escuela del agua","robots":{"index":"index","follow":"follow","max-snippet":"max-snippet:-1","max-image-preview":"max-image-preview:large","max-video-preview":"max-video-preview:-1"},"canonical":"https:\/\/www.laescueladelagua.com\/ca\/dia-mundial-del-docente-las-y-los-docentes-en-el-corazon-de-la-recuperacion-de-la-educacion\/","og_locale":"ca_ES","og_type":"article","og_title":"D\u00eda Mundial del Docente: las y los docentes en el coraz\u00f3n de la recuperaci\u00f3n de la educaci\u00f3n - Escuela del agua","og_description":"En el D\u00eda Mundial de los Docentes no solo rendimos homenaje a todos los educadores. Pedimos a los pa\u00edses que inviertan en ellos y les den prioridad en los esfuerzos mundiales de recuperaci\u00f3n de la educaci\u00f3n para que todos los alumnos tengan acceso a un docente cualificado y respaldado. \u00a1Apoyemos a nuestros docentes!\u00bb Un a\u00f1o [&hellip;]","og_url":"https:\/\/www.laescueladelagua.com\/ca\/dia-mundial-del-docente-las-y-los-docentes-en-el-corazon-de-la-recuperacion-de-la-educacion\/","og_site_name":"Escuela del agua","article_published_time":"2021-10-06T12:18:38+00:00","article_modified_time":"2023-07-12T12:19:55+00:00","og_image":[{"width":789,"height":300,"url":"https:\/\/www.laescueladelagua.com\/wp-content\/uploads\/2023\/07\/article-13-e1689164390710.jpeg","type":"image\/jpeg"}],"author":"adminusr","twitter_card":"summary_large_image","twitter_misc":{"Escrit per":"adminusr","Temps estimat de lectura":"1 minut"},"schema":{"@context":"https:\/\/schema.org","@graph":[{"@type":"Article","@id":"https:\/\/www.laescueladelagua.com\/dia-mundial-del-docente-las-y-los-docentes-en-el-corazon-de-la-recuperacion-de-la-educacion\/#article","isPartOf":{"@id":"https:\/\/www.laescueladelagua.com\/dia-mundial-del-docente-las-y-los-docentes-en-el-corazon-de-la-recuperacion-de-la-educacion\/"},"author":{"name":"adminusr","@id":"https:\/\/wapwebedapro01.azurewebsites.net\/#\/schema\/person\/dd1649223e405b6f9eb82e8f6798f241"},"headline":"D\u00eda Mundial del Docente: las y los docentes en el coraz\u00f3n de la recuperaci\u00f3n de la educaci\u00f3n","datePublished":"2021-10-06T12:18:38+00:00","dateModified":"2023-07-12T12:19:55+00:00","mainEntityOfPage":{"@id":"https:\/\/www.laescueladelagua.com\/dia-mundial-del-docente-las-y-los-docentes-en-el-corazon-de-la-recuperacion-de-la-educacion\/"},"wordCount":268,"commentCount":0,"publisher":{"@id":"https:\/\/wapwebedapro01.azurewebsites.net\/#organization"},"image":{"@id":"https:\/\/www.laescueladelagua.com\/dia-mundial-del-docente-las-y-los-docentes-en-el-corazon-de-la-recuperacion-de-la-educacion\/#primaryimage"},"thumbnailUrl":"\/wp-content\/uploads\/2023\/07\/article-13-e1689164390710.jpeg","articleSection":["Educaci\u00f3n ambiental"],"inLanguage":"ca","potentialAction":[{"@type":"CommentAction","name":"Comment","target":["https:\/\/www.laescueladelagua.com\/dia-mundial-del-docente-las-y-los-docentes-en-el-corazon-de-la-recuperacion-de-la-educacion\/#respond"]}]},{"@type":"WebPage","@id":"https:\/\/www.laescueladelagua.com\/dia-mundial-del-docente-las-y-los-docentes-en-el-corazon-de-la-recuperacion-de-la-educacion\/","url":"https:\/\/www.laescueladelagua.com\/dia-mundial-del-docente-las-y-los-docentes-en-el-corazon-de-la-recuperacion-de-la-educacion\/","name":"D\u00eda Mundial del Docente: las y los docentes en el coraz\u00f3n de la recuperaci\u00f3n de la educaci\u00f3n - Escuela del agua","isPartOf":{"@id":"https:\/\/wapwebedapro01.azurewebsites.net\/#website"},"primaryImageOfPage":{"@id":"https:\/\/www.laescueladelagua.com\/dia-mundial-del-docente-las-y-los-docentes-en-el-corazon-de-la-recuperacion-de-la-educacion\/#primaryimage"},"image":{"@id":"https:\/\/www.laescueladelagua.com\/dia-mundial-del-docente-las-y-los-docentes-en-el-corazon-de-la-recuperacion-de-la-educacion\/#primaryimage"},"thumbnailUrl":"\/wp-content\/uploads\/2023\/07\/article-13-e1689164390710.jpeg","datePublished":"2021-10-06T12:18:38+00:00","dateModified":"2023-07-12T12:19:55+00:00","breadcrumb":{"@id":"https:\/\/www.laescueladelagua.com\/dia-mundial-del-docente-las-y-los-docentes-en-el-corazon-de-la-recuperacion-de-la-educacion\/#breadcrumb"},"inLanguage":"ca","potentialAction":[{"@type":"ReadAction","target":["https:\/\/www.laescueladelagua.com\/dia-mundial-del-docente-las-y-los-docentes-en-el-corazon-de-la-recuperacion-de-la-educacion\/"]}]},{"@type":"ImageObject","inLanguage":"ca","@id":"https:\/\/www.laescueladelagua.com\/dia-mundial-del-docente-las-y-los-docentes-en-el-corazon-de-la-recuperacion-de-la-educacion\/#primaryimage","url":"\/wp-content\/uploads\/2023\/07\/article-13-e1689164390710.jpeg","contentUrl":"\/wp-content\/uploads\/2023\/07\/article-13-e1689164390710.jpeg","width":789,"height":300},{"@type":"BreadcrumbList","@id":"https:\/\/www.laescueladelagua.com\/dia-mundial-del-docente-las-y-los-docentes-en-el-corazon-de-la-recuperacion-de-la-educacion\/#breadcrumb","itemListElement":[{"@type":"ListItem","position":1,"name":"Home","item":"https:\/\/wapwebedapro01.azurewebsites.net\/"},{"@type":"ListItem","position":2,"name":"D\u00eda Mundial del Docente: las y los docentes en el coraz\u00f3n de la recuperaci\u00f3n de la educaci\u00f3n"}]},{"@type":"WebSite","@id":"https:\/\/wapwebedapro01.azurewebsites.net\/#website","url":"https:\/\/wapwebedapro01.azurewebsites.net\/","name":"Escuela del agua","description":"","publisher":{"@id":"https:\/\/wapwebedapro01.azurewebsites.net\/#organization"},"potentialAction":[{"@type":"SearchAction","target":{"@type":"EntryPoint","urlTemplate":"https:\/\/wapwebedapro01.azurewebsites.net\/?s={search_term_string}"},"query-input":{"@type":"PropertyValueSpecification","valueRequired":true,"valueName":"search_term_string"}}],"inLanguage":"ca"},{"@type":"Organization","@id":"https:\/\/wapwebedapro01.azurewebsites.net\/#organization","name":"Escuela del agua","url":"https:\/\/wapwebedapro01.azurewebsites.net\/","logo":{"@type":"ImageObject","inLanguage":"ca","@id":"https:\/\/wapwebedapro01.azurewebsites.net\/#\/schema\/logo\/image\/","url":"\/wp-content\/uploads\/2023\/08\/logo_EscueladelAgua_mod.1.1_150px.png","contentUrl":"\/wp-content\/uploads\/2023\/08\/logo_EscueladelAgua_mod.1.1_150px.png","width":150,"height":90,"caption":"Escuela del agua"},"image":{"@id":"https:\/\/wapwebedapro01.azurewebsites.net\/#\/schema\/logo\/image\/"}},{"@type":"Person","@id":"https:\/\/wapwebedapro01.azurewebsites.net\/#\/schema\/person\/dd1649223e405b6f9eb82e8f6798f241","name":"adminusr","image":{"@type":"ImageObject","inLanguage":"ca","@id":"https:\/\/wapwebedapro01.azurewebsites.net\/#\/schema\/person\/image\/","url":"https:\/\/secure.gravatar.com\/avatar\/0faaa87907e163fd330069f117adf408?s=96&d=mm&r=g","contentUrl":"https:\/\/secure.gravatar.com\/avatar\/0faaa87907e163fd330069f117adf408?s=96&d=mm&r=g","caption":"adminusr"},"sameAs":["https:\/\/www.laescueladelagua.com"],"url":"https:\/\/www.laescueladelagua.com\/ca\/author\/adminusr\/"}]}},"meta_box":[],"_links":{"self":[{"href":"https:\/\/www.laescueladelagua.com\/ca\/wp-json\/wp\/v2\/posts\/1428","targetHints":{"allow":["GET"]}}],"collection":[{"href":"https:\/\/www.laescueladelagua.com\/ca\/wp-json\/wp\/v2\/posts"}],"about":[{"href":"https:\/\/www.laescueladelagua.com\/ca\/wp-json\/wp\/v2\/types\/post"}],"author":[{"embeddable":true,"href":"https:\/\/www.laescueladelagua.com\/ca\/wp-json\/wp\/v2\/users\/1"}],"replies":[{"embeddable":true,"href":"https:\/\/www.laescueladelagua.com\/ca\/wp-json\/wp\/v2\/comments?post=1428"}],"version-history":[{"count":2,"href":"https:\/\/www.laescueladelagua.com\/ca\/wp-json\/wp\/v2\/posts\/1428\/revisions"}],"predecessor-version":[{"id":1431,"href":"https:\/\/www.laescueladelagua.com\/ca\/wp-json\/wp\/v2\/posts\/1428\/revisions\/1431"}],"wp:featuredmedia":[{"embeddable":true,"href":"https:\/\/www.laescueladelagua.com\/ca\/wp-json\/wp\/v2\/media\/1429"}],"wp:attachment":[{"href":"https:\/\/www.laescueladelagua.com\/ca\/wp-json\/wp\/v2\/media?parent=1428"}],"wp:term":[{"taxonomy":"category","embeddable":true,"href":"https:\/\/www.laescueladelagua.com\/ca\/wp-json\/wp\/v2\/categories?post=1428"},{"taxonomy":"post_tag","embeddable":true,"href":"https:\/\/www.laescueladelagua.com\/ca\/wp-json\/wp\/v2\/tags?post=1428"}],"curies":[{"name":"wp","href":"https:\/\/api.w.org\/{rel}","templated":true}]}}