{"id":1432,"date":"2021-10-17T12:20:43","date_gmt":"2021-10-17T12:20:43","guid":{"rendered":"https:\/\/www.laescueladelagua.com\/?p=1432"},"modified":"2023-07-12T12:21:53","modified_gmt":"2023-07-12T12:21:53","slug":"la-escuela-del-agua-participa-en-el-seminario-internacional-sobre-competencias-verdes-para-la-formacion-profesional","status":"publish","type":"post","link":"https:\/\/www.laescueladelagua.com\/ca\/la-escuela-del-agua-participa-en-el-seminario-internacional-sobre-competencias-verdes-para-la-formacion-profesional\/","title":{"rendered":"L&#039;Escola de l&#039;Aigua participa al seminari internacional sobre compet\u00e8ncies verdes per a la formaci\u00f3 professional"},"content":{"rendered":"<p>L&#039;Escola de l&#039;Aigua ha participat a la Jornada Europea Green Skills in Vocational Education and Training (VET) que s&#039;ha celebrat a la seu d&#039;Ematsa (Empresa Municipal Mixta d&#039;Aig\u00fces de Tarragona). Aquest projecte europeu se centra a establir les compet\u00e8ncies professionals en el context de l&#039;economia verda en tres serveis p\u00fablics clau: aigua, transport i energia.<\/p>\n<p>La trobada, inaugurada pel president d&#039;EMATSA, Jordi Fortuny i l&#039;alcalde de Tarragona, Pau Ricom\u00e0 s&#039;ha iniciat amb una taula rodona sobre la formaci\u00f3 professional de l&#039;aigua a Espanya, amb la pres\u00e8ncia del director general de Formaci\u00f3 Professional de la Generalitat de Catalunya , \u00c0ngel Miquel, director del Centre de Refer\u00e8ncia Nacional d&#039;Energia El\u00e8ctrica, Aigua i Gas de Guadalajara, Felip L\u00f3pez Sol\u00e1 i Lluc Pej\u00f3, director de Talent d&#039;Agbar i de l&#039;Escola de l&#039;Aigua. Pej\u00f3 ha assenyalat com a repte la necessitat de definir les compet\u00e8ncies espec\u00edfiques i redissenyar les qualificacions acords amb les necessitats del sector, tenint en cuneta tres nivells: compet\u00e8ncies operacionals, funcionals i digitals.<\/p>\n<p>Per part seva, M\u00f3nica P\u00e9rez Clausen, Directora Acad\u00e8mica de l&#039;Escola de l&#039;Aigua, ha destacat l&#039;aposta d&#039;Agbar per l&#039;FP Dual, que es va iniciar el 2012 i ja compta amb m\u00e9s de 450 alumnes en diferents cicles formatius i m\u00e9s de 20 companyies involucrades , a una taula dedicada a compartir les millors pr\u00e0ctiques i experi\u00e8ncies a nivell europeu en mat\u00e8ria de formaci\u00f3 professional del sector de l&#039;aigua.<\/p>\n<p>Green Skills in VET \u00e9s una iniciativa impulsada per SGI Europe i la Federaci\u00f3 Europea d&#039;Empresaris d&#039;Educaci\u00f3 (EFEE), dues entitats que han sumat esfor\u00e7os per posar en com\u00fa els continguts del sector educatiu i les necessitats futures de tres serveis p\u00fablics clau com ara el transport , l&#039;aigua i l&#039;energia. L&#039;objectiu del projecte \u00e9s generar sinergies que permetin el foment i la formaci\u00f3 de m\u00e0 d&#039;obra qualificada per a aquests serveis i materialitzar la transici\u00f3 verda. El projecte es realitza durant el per\u00edode 2021-2023 a sis estats membres (Pa\u00efsos Baixos, Portugal, B\u00e8lgica, Fran\u00e7a, Alemanya i Espanya).<\/p>","protected":false},"excerpt":{"rendered":"<p>L&#039;Escola de l&#039;Aigua ha participat a la Jornada Europea Green Skills in Vocational Education and Training (VET) que s&#039;ha celebrat a la seu d&#039;Ematsa (Empresa Municipal Mixta d&#039;Aig\u00fces de Tarragona). Aquest projecte europeu se centra a establir les compet\u00e8ncies professionals en el context de l&#039;economia verda en tres serveis p\u00fablics [\u2026]<\/p>","protected":false},"author":1,"featured_media":1433,"comment_status":"open","ping_status":"open","sticky":false,"template":"","format":"standard","meta":{"footnotes":""},"categories":[28],"tags":[],"class_list":["post-1432","post","type-post","status-publish","format-standard","has-post-thumbnail","hentry","category-fp-dual"],"yoast_head":"<!-- This site is optimized with the Yoast SEO plugin v24.5 - https:\/\/yoast.com\/wordpress\/plugins\/seo\/ -->\r\n<title>La Escuela del Agua participa en el seminario internacional sobre competencias verdes para la formaci\u00f3n profesional - Escuela del agua<\/title>\r\n<meta name=\"robots\" content=\"index, follow, max-snippet:-1, max-image-preview:large, max-video-preview:-1\" \/>\r\n<link rel=\"canonical\" href=\"https:\/\/www.laescueladelagua.com\/ca\/la-escuela-del-agua-participa-en-el-seminario-internacional-sobre-competencias-verdes-para-la-formacion-profesional\/\" \/>\r\n<meta property=\"og:locale\" content=\"ca_ES\" \/>\r\n<meta property=\"og:type\" content=\"article\" \/>\r\n<meta property=\"og:title\" content=\"La Escuela del Agua participa en el seminario internacional sobre competencias verdes para la formaci\u00f3n profesional - Escuela del agua\" \/>\r\n<meta property=\"og:description\" content=\"La Escuela del Agua ha participado en la Jornada Europea \u201cGreen Skills in Vocational Education and Training (VET)\u201d que se ha celebrado en la sede de Ematsa (Empresa Municipal Mixta de Aguas de Tarragona). Este proyecto europeo se centra en establecer las competencias profesionales en el contexto de la econcom\u00eda verde en tres servicios p\u00fablicos [&hellip;]\" \/>\r\n<meta property=\"og:url\" content=\"https:\/\/www.laescueladelagua.com\/ca\/la-escuela-del-agua-participa-en-el-seminario-internacional-sobre-competencias-verdes-para-la-formacion-profesional\/\" \/>\r\n<meta property=\"og:site_name\" content=\"Escuela del agua\" \/>\r\n<meta property=\"article:published_time\" content=\"2021-10-17T12:20:43+00:00\" \/>\r\n<meta property=\"article:modified_time\" content=\"2023-07-12T12:21:53+00:00\" \/>\r\n<meta property=\"og:image\" content=\"https:\/\/www.laescueladelagua.com\/wp-content\/uploads\/2023\/07\/article-14-e1698069685656.jpeg\" \/>\r\n\t<meta property=\"og:image:width\" content=\"800\" \/>\r\n\t<meta property=\"og:image:height\" content=\"215\" \/>\r\n\t<meta property=\"og:image:type\" content=\"image\/jpeg\" \/>\r\n<meta name=\"author\" content=\"adminusr\" \/>\r\n<meta name=\"twitter:card\" content=\"summary_large_image\" \/>\r\n<meta name=\"twitter:label1\" content=\"Escrit per\" \/>\n\t<meta name=\"twitter:data1\" content=\"adminusr\" \/>\n\t<meta name=\"twitter:label2\" content=\"Temps estimat de lectura\" \/>\n\t<meta name=\"twitter:data2\" content=\"2 minuts\" \/>\r\n<script type=\"application\/ld+json\" class=\"yoast-schema-graph\">{\"@context\":\"https:\/\/schema.org\",\"@graph\":[{\"@type\":\"Article\",\"@id\":\"https:\/\/www.laescueladelagua.com\/ca\/la-escuela-del-agua-participa-en-el-seminario-internacional-sobre-competencias-verdes-para-la-formacion-profesional\/#article\",\"isPartOf\":{\"@id\":\"https:\/\/www.laescueladelagua.com\/ca\/la-escuela-del-agua-participa-en-el-seminario-internacional-sobre-competencias-verdes-para-la-formacion-profesional\/\"},\"author\":{\"name\":\"adminusr\",\"@id\":\"https:\/\/wapwebedapro01.azurewebsites.net\/#\/schema\/person\/dd1649223e405b6f9eb82e8f6798f241\"},\"headline\":\"La Escuela del Agua participa en el seminario internacional sobre competencias verdes para la formaci\u00f3n profesional\",\"datePublished\":\"2021-10-17T12:20:43+00:00\",\"dateModified\":\"2023-07-12T12:21:53+00:00\",\"mainEntityOfPage\":{\"@id\":\"https:\/\/www.laescueladelagua.com\/ca\/la-escuela-del-agua-participa-en-el-seminario-internacional-sobre-competencias-verdes-para-la-formacion-profesional\/\"},\"wordCount\":385,\"commentCount\":0,\"publisher\":{\"@id\":\"https:\/\/wapwebedapro01.azurewebsites.net\/#organization\"},\"image\":{\"@id\":\"https:\/\/www.laescueladelagua.com\/ca\/la-escuela-del-agua-participa-en-el-seminario-internacional-sobre-competencias-verdes-para-la-formacion-profesional\/#primaryimage\"},\"thumbnailUrl\":\"\/wp-content\/uploads\/2023\/07\/article-14-e1698069685656.jpeg\",\"articleSection\":[\"FP Dual\"],\"inLanguage\":\"ca\",\"potentialAction\":[{\"@type\":\"CommentAction\",\"name\":\"Comment\",\"target\":[\"https:\/\/www.laescueladelagua.com\/ca\/la-escuela-del-agua-participa-en-el-seminario-internacional-sobre-competencias-verdes-para-la-formacion-profesional\/#respond\"]}]},{\"@type\":\"WebPage\",\"@id\":\"https:\/\/www.laescueladelagua.com\/ca\/la-escuela-del-agua-participa-en-el-seminario-internacional-sobre-competencias-verdes-para-la-formacion-profesional\/\",\"url\":\"https:\/\/www.laescueladelagua.com\/ca\/la-escuela-del-agua-participa-en-el-seminario-internacional-sobre-competencias-verdes-para-la-formacion-profesional\/\",\"name\":\"La Escuela del Agua participa en el seminario internacional sobre competencias verdes para la formaci\u00f3n profesional - Escuela del agua\",\"isPartOf\":{\"@id\":\"https:\/\/wapwebedapro01.azurewebsites.net\/#website\"},\"primaryImageOfPage\":{\"@id\":\"https:\/\/www.laescueladelagua.com\/ca\/la-escuela-del-agua-participa-en-el-seminario-internacional-sobre-competencias-verdes-para-la-formacion-profesional\/#primaryimage\"},\"image\":{\"@id\":\"https:\/\/www.laescueladelagua.com\/ca\/la-escuela-del-agua-participa-en-el-seminario-internacional-sobre-competencias-verdes-para-la-formacion-profesional\/#primaryimage\"},\"thumbnailUrl\":\"\/wp-content\/uploads\/2023\/07\/article-14-e1698069685656.jpeg\",\"datePublished\":\"2021-10-17T12:20:43+00:00\",\"dateModified\":\"2023-07-12T12:21:53+00:00\",\"breadcrumb\":{\"@id\":\"https:\/\/www.laescueladelagua.com\/ca\/la-escuela-del-agua-participa-en-el-seminario-internacional-sobre-competencias-verdes-para-la-formacion-profesional\/#breadcrumb\"},\"inLanguage\":\"ca\",\"potentialAction\":[{\"@type\":\"ReadAction\",\"target\":[\"https:\/\/www.laescueladelagua.com\/ca\/la-escuela-del-agua-participa-en-el-seminario-internacional-sobre-competencias-verdes-para-la-formacion-profesional\/\"]}]},{\"@type\":\"ImageObject\",\"inLanguage\":\"ca\",\"@id\":\"https:\/\/www.laescueladelagua.com\/ca\/la-escuela-del-agua-participa-en-el-seminario-internacional-sobre-competencias-verdes-para-la-formacion-profesional\/#primaryimage\",\"url\":\"\/wp-content\/uploads\/2023\/07\/article-14-e1698069685656.jpeg\",\"contentUrl\":\"\/wp-content\/uploads\/2023\/07\/article-14-e1698069685656.jpeg\",\"width\":800,\"height\":215},{\"@type\":\"BreadcrumbList\",\"@id\":\"https:\/\/www.laescueladelagua.com\/ca\/la-escuela-del-agua-participa-en-el-seminario-internacional-sobre-competencias-verdes-para-la-formacion-profesional\/#breadcrumb\",\"itemListElement\":[{\"@type\":\"ListItem\",\"position\":1,\"name\":\"Home\",\"item\":\"https:\/\/wapwebedapro01.azurewebsites.net\/\"},{\"@type\":\"ListItem\",\"position\":2,\"name\":\"La Escuela del Agua participa en el seminario internacional sobre competencias verdes para la formaci\u00f3n profesional\"}]},{\"@type\":\"WebSite\",\"@id\":\"https:\/\/wapwebedapro01.azurewebsites.net\/#website\",\"url\":\"https:\/\/wapwebedapro01.azurewebsites.net\/\",\"name\":\"Escuela del agua\",\"description\":\"\",\"publisher\":{\"@id\":\"https:\/\/wapwebedapro01.azurewebsites.net\/#organization\"},\"potentialAction\":[{\"@type\":\"SearchAction\",\"target\":{\"@type\":\"EntryPoint\",\"urlTemplate\":\"https:\/\/wapwebedapro01.azurewebsites.net\/?s={search_term_string}\"},\"query-input\":{\"@type\":\"PropertyValueSpecification\",\"valueRequired\":true,\"valueName\":\"search_term_string\"}}],\"inLanguage\":\"ca\"},{\"@type\":\"Organization\",\"@id\":\"https:\/\/wapwebedapro01.azurewebsites.net\/#organization\",\"name\":\"Escuela del agua\",\"url\":\"https:\/\/wapwebedapro01.azurewebsites.net\/\",\"logo\":{\"@type\":\"ImageObject\",\"inLanguage\":\"ca\",\"@id\":\"https:\/\/wapwebedapro01.azurewebsites.net\/#\/schema\/logo\/image\/\",\"url\":\"\/wp-content\/uploads\/2023\/08\/logo_EscueladelAgua_mod.1.1_150px.png\",\"contentUrl\":\"\/wp-content\/uploads\/2023\/08\/logo_EscueladelAgua_mod.1.1_150px.png\",\"width\":150,\"height\":90,\"caption\":\"Escuela del agua\"},\"image\":{\"@id\":\"https:\/\/wapwebedapro01.azurewebsites.net\/#\/schema\/logo\/image\/\"}},{\"@type\":\"Person\",\"@id\":\"https:\/\/wapwebedapro01.azurewebsites.net\/#\/schema\/person\/dd1649223e405b6f9eb82e8f6798f241\",\"name\":\"adminusr\",\"image\":{\"@type\":\"ImageObject\",\"inLanguage\":\"ca\",\"@id\":\"https:\/\/wapwebedapro01.azurewebsites.net\/#\/schema\/person\/image\/\",\"url\":\"https:\/\/secure.gravatar.com\/avatar\/0faaa87907e163fd330069f117adf408?s=96&d=mm&r=g\",\"contentUrl\":\"https:\/\/secure.gravatar.com\/avatar\/0faaa87907e163fd330069f117adf408?s=96&d=mm&r=g\",\"caption\":\"adminusr\"},\"sameAs\":[\"https:\/\/www.laescueladelagua.com\"],\"url\":\"https:\/\/www.laescueladelagua.com\/ca\/author\/adminusr\/\"}]}<\/script>\r\n<!-- \/ Yoast SEO plugin. -->","yoast_head_json":{"title":"La Escuela del Agua participa en el seminario internacional sobre competencias verdes para la formaci\u00f3n profesional - Escuela del agua","robots":{"index":"index","follow":"follow","max-snippet":"max-snippet:-1","max-image-preview":"max-image-preview:large","max-video-preview":"max-video-preview:-1"},"canonical":"https:\/\/www.laescueladelagua.com\/ca\/la-escuela-del-agua-participa-en-el-seminario-internacional-sobre-competencias-verdes-para-la-formacion-profesional\/","og_locale":"ca_ES","og_type":"article","og_title":"La Escuela del Agua participa en el seminario internacional sobre competencias verdes para la formaci\u00f3n profesional - Escuela del agua","og_description":"La Escuela del Agua ha participado en la Jornada Europea \u201cGreen Skills in Vocational Education and Training (VET)\u201d que se ha celebrado en la sede de Ematsa (Empresa Municipal Mixta de Aguas de Tarragona). Este proyecto europeo se centra en establecer las competencias profesionales en el contexto de la econcom\u00eda verde en tres servicios p\u00fablicos [&hellip;]","og_url":"https:\/\/www.laescueladelagua.com\/ca\/la-escuela-del-agua-participa-en-el-seminario-internacional-sobre-competencias-verdes-para-la-formacion-profesional\/","og_site_name":"Escuela del agua","article_published_time":"2021-10-17T12:20:43+00:00","article_modified_time":"2023-07-12T12:21:53+00:00","og_image":[{"width":800,"height":215,"url":"https:\/\/www.laescueladelagua.com\/wp-content\/uploads\/2023\/07\/article-14-e1698069685656.jpeg","type":"image\/jpeg"}],"author":"adminusr","twitter_card":"summary_large_image","twitter_misc":{"Escrit per":"adminusr","Temps estimat de lectura":"2 minuts"},"schema":{"@context":"https:\/\/schema.org","@graph":[{"@type":"Article","@id":"https:\/\/www.laescueladelagua.com\/ca\/la-escuela-del-agua-participa-en-el-seminario-internacional-sobre-competencias-verdes-para-la-formacion-profesional\/#article","isPartOf":{"@id":"https:\/\/www.laescueladelagua.com\/ca\/la-escuela-del-agua-participa-en-el-seminario-internacional-sobre-competencias-verdes-para-la-formacion-profesional\/"},"author":{"name":"adminusr","@id":"https:\/\/wapwebedapro01.azurewebsites.net\/#\/schema\/person\/dd1649223e405b6f9eb82e8f6798f241"},"headline":"La Escuela del Agua participa en el seminario internacional sobre competencias verdes para la formaci\u00f3n profesional","datePublished":"2021-10-17T12:20:43+00:00","dateModified":"2023-07-12T12:21:53+00:00","mainEntityOfPage":{"@id":"https:\/\/www.laescueladelagua.com\/ca\/la-escuela-del-agua-participa-en-el-seminario-internacional-sobre-competencias-verdes-para-la-formacion-profesional\/"},"wordCount":385,"commentCount":0,"publisher":{"@id":"https:\/\/wapwebedapro01.azurewebsites.net\/#organization"},"image":{"@id":"https:\/\/www.laescueladelagua.com\/ca\/la-escuela-del-agua-participa-en-el-seminario-internacional-sobre-competencias-verdes-para-la-formacion-profesional\/#primaryimage"},"thumbnailUrl":"\/wp-content\/uploads\/2023\/07\/article-14-e1698069685656.jpeg","articleSection":["FP Dual"],"inLanguage":"ca","potentialAction":[{"@type":"CommentAction","name":"Comment","target":["https:\/\/www.laescueladelagua.com\/ca\/la-escuela-del-agua-participa-en-el-seminario-internacional-sobre-competencias-verdes-para-la-formacion-profesional\/#respond"]}]},{"@type":"WebPage","@id":"https:\/\/www.laescueladelagua.com\/ca\/la-escuela-del-agua-participa-en-el-seminario-internacional-sobre-competencias-verdes-para-la-formacion-profesional\/","url":"https:\/\/www.laescueladelagua.com\/ca\/la-escuela-del-agua-participa-en-el-seminario-internacional-sobre-competencias-verdes-para-la-formacion-profesional\/","name":"La Escuela del Agua participa en el seminario internacional sobre competencias verdes para la formaci\u00f3n profesional - Escuela del agua","isPartOf":{"@id":"https:\/\/wapwebedapro01.azurewebsites.net\/#website"},"primaryImageOfPage":{"@id":"https:\/\/www.laescueladelagua.com\/ca\/la-escuela-del-agua-participa-en-el-seminario-internacional-sobre-competencias-verdes-para-la-formacion-profesional\/#primaryimage"},"image":{"@id":"https:\/\/www.laescueladelagua.com\/ca\/la-escuela-del-agua-participa-en-el-seminario-internacional-sobre-competencias-verdes-para-la-formacion-profesional\/#primaryimage"},"thumbnailUrl":"\/wp-content\/uploads\/2023\/07\/article-14-e1698069685656.jpeg","datePublished":"2021-10-17T12:20:43+00:00","dateModified":"2023-07-12T12:21:53+00:00","breadcrumb":{"@id":"https:\/\/www.laescueladelagua.com\/ca\/la-escuela-del-agua-participa-en-el-seminario-internacional-sobre-competencias-verdes-para-la-formacion-profesional\/#breadcrumb"},"inLanguage":"ca","potentialAction":[{"@type":"ReadAction","target":["https:\/\/www.laescueladelagua.com\/ca\/la-escuela-del-agua-participa-en-el-seminario-internacional-sobre-competencias-verdes-para-la-formacion-profesional\/"]}]},{"@type":"ImageObject","inLanguage":"ca","@id":"https:\/\/www.laescueladelagua.com\/ca\/la-escuela-del-agua-participa-en-el-seminario-internacional-sobre-competencias-verdes-para-la-formacion-profesional\/#primaryimage","url":"\/wp-content\/uploads\/2023\/07\/article-14-e1698069685656.jpeg","contentUrl":"\/wp-content\/uploads\/2023\/07\/article-14-e1698069685656.jpeg","width":800,"height":215},{"@type":"BreadcrumbList","@id":"https:\/\/www.laescueladelagua.com\/ca\/la-escuela-del-agua-participa-en-el-seminario-internacional-sobre-competencias-verdes-para-la-formacion-profesional\/#breadcrumb","itemListElement":[{"@type":"ListItem","position":1,"name":"Home","item":"https:\/\/wapwebedapro01.azurewebsites.net\/"},{"@type":"ListItem","position":2,"name":"La Escuela del Agua participa en el seminario internacional sobre competencias verdes para la formaci\u00f3n profesional"}]},{"@type":"WebSite","@id":"https:\/\/wapwebedapro01.azurewebsites.net\/#website","url":"https:\/\/wapwebedapro01.azurewebsites.net\/","name":"Escuela del agua","description":"","publisher":{"@id":"https:\/\/wapwebedapro01.azurewebsites.net\/#organization"},"potentialAction":[{"@type":"SearchAction","target":{"@type":"EntryPoint","urlTemplate":"https:\/\/wapwebedapro01.azurewebsites.net\/?s={search_term_string}"},"query-input":{"@type":"PropertyValueSpecification","valueRequired":true,"valueName":"search_term_string"}}],"inLanguage":"ca"},{"@type":"Organization","@id":"https:\/\/wapwebedapro01.azurewebsites.net\/#organization","name":"Escuela del agua","url":"https:\/\/wapwebedapro01.azurewebsites.net\/","logo":{"@type":"ImageObject","inLanguage":"ca","@id":"https:\/\/wapwebedapro01.azurewebsites.net\/#\/schema\/logo\/image\/","url":"\/wp-content\/uploads\/2023\/08\/logo_EscueladelAgua_mod.1.1_150px.png","contentUrl":"\/wp-content\/uploads\/2023\/08\/logo_EscueladelAgua_mod.1.1_150px.png","width":150,"height":90,"caption":"Escuela del agua"},"image":{"@id":"https:\/\/wapwebedapro01.azurewebsites.net\/#\/schema\/logo\/image\/"}},{"@type":"Person","@id":"https:\/\/wapwebedapro01.azurewebsites.net\/#\/schema\/person\/dd1649223e405b6f9eb82e8f6798f241","name":"adminusr","image":{"@type":"ImageObject","inLanguage":"ca","@id":"https:\/\/wapwebedapro01.azurewebsites.net\/#\/schema\/person\/image\/","url":"https:\/\/secure.gravatar.com\/avatar\/0faaa87907e163fd330069f117adf408?s=96&d=mm&r=g","contentUrl":"https:\/\/secure.gravatar.com\/avatar\/0faaa87907e163fd330069f117adf408?s=96&d=mm&r=g","caption":"adminusr"},"sameAs":["https:\/\/www.laescueladelagua.com"],"url":"https:\/\/www.laescueladelagua.com\/ca\/author\/adminusr\/"}]}},"meta_box":[],"_links":{"self":[{"href":"https:\/\/www.laescueladelagua.com\/ca\/wp-json\/wp\/v2\/posts\/1432","targetHints":{"allow":["GET"]}}],"collection":[{"href":"https:\/\/www.laescueladelagua.com\/ca\/wp-json\/wp\/v2\/posts"}],"about":[{"href":"https:\/\/www.laescueladelagua.com\/ca\/wp-json\/wp\/v2\/types\/post"}],"author":[{"embeddable":true,"href":"https:\/\/www.laescueladelagua.com\/ca\/wp-json\/wp\/v2\/users\/1"}],"replies":[{"embeddable":true,"href":"https:\/\/www.laescueladelagua.com\/ca\/wp-json\/wp\/v2\/comments?post=1432"}],"version-history":[{"count":2,"href":"https:\/\/www.laescueladelagua.com\/ca\/wp-json\/wp\/v2\/posts\/1432\/revisions"}],"predecessor-version":[{"id":1435,"href":"https:\/\/www.laescueladelagua.com\/ca\/wp-json\/wp\/v2\/posts\/1432\/revisions\/1435"}],"wp:featuredmedia":[{"embeddable":true,"href":"https:\/\/www.laescueladelagua.com\/ca\/wp-json\/wp\/v2\/media\/1433"}],"wp:attachment":[{"href":"https:\/\/www.laescueladelagua.com\/ca\/wp-json\/wp\/v2\/media?parent=1432"}],"wp:term":[{"taxonomy":"category","embeddable":true,"href":"https:\/\/www.laescueladelagua.com\/ca\/wp-json\/wp\/v2\/categories?post=1432"},{"taxonomy":"post_tag","embeddable":true,"href":"https:\/\/www.laescueladelagua.com\/ca\/wp-json\/wp\/v2\/tags?post=1432"}],"curies":[{"name":"wp","href":"https:\/\/api.w.org\/{rel}","templated":true}]}}