{"id":1436,"date":"2021-11-24T12:22:20","date_gmt":"2021-11-24T12:22:20","guid":{"rendered":"https:\/\/www.laescueladelagua.com\/?p=1436"},"modified":"2023-07-12T12:23:14","modified_gmt":"2023-07-12T12:23:14","slug":"la-escuela-del-agua-participa-en-el-congreso-hispanoamericano-de-e-learning-expoapel","status":"publish","type":"post","link":"https:\/\/www.laescueladelagua.com\/ca\/la-escuela-del-agua-participa-en-el-congreso-hispanoamericano-de-e-learning-expoapel\/","title":{"rendered":"L&#039;Escola de l&#039;Aigua participa al Congr\u00e9s Hispanoameric\u00e0 d&#039;e-learning (EXPOAPeL)"},"content":{"rendered":"<p>Els dies 23, 24 i 25 de novembre ha tingut lloc el Congr\u00e9s Hispanoameric\u00e0 d&#039;e-learning, el qual entre les seves diferents pon\u00e8ncies i activitats, ha comptat amb un panell sobre l&#039;Impacte de l&#039;e-learning en la formaci\u00f3 de RRHH al sector privat .<\/p>\n<p>El panell moderat per Juan Carlos Tejeda, Director Departament d&#039;Educaci\u00f3 i Formaci\u00f3 CEOE, va comptar amb directius de l&#039;\u00e0mbit de la formaci\u00f3 i el talent de Mobility Ado (M\u00e8xic), Bancol\u00f2mbia (Col\u00f2mbia), Correus (Espanya) i Agbar.<\/p>\n<p>Lluc Pej\u00f3, Director de Talent d&#039;Agbar i de l&#039;Escola de l&#039;Aigua, va remarcar que quan va arribar la pand\u00e8mia, a l&#039;organitzaci\u00f3 ja hi havia encara un alt gradod i implementaci\u00f3 de formaci\u00f3 en l\u00ednia. El gran canvi ha estat la irrupci\u00f3 de la presencialitat remtoa, que en un futur s&#039;haur\u00e0 de combinar amb aprenentatge as\u00edncorna.<\/p>\n<p>Al simposi es van identificar dos reptes sense resoldre par ale e-learning: el marc regulador que limita que algunes formacions siguin en l\u00ednia, i els programes que es basen en la interacci\u00f3 profunda entre els participants. En aquest sentit, el futur de l&#039;e-learning passa per un millor acompliment entre programari i maquinari en tecnologies com la realitat virtual, la realitat augmentada, o la intel\u00b7lig\u00e8ncia artificial aplicada a l&#039;autoaprenentatge, que permetin el desplegament a escala organitzativa d&#039;aquestes solucions.<\/p>\n<p>El I Congr\u00e9s Hispanoameric\u00e0 d&#039;e-learning, que s&#039;ha pogut seguir telem\u00e0ticament, s&#039;ha estructurat tres dies d&#039;agenda, amb sessions plen\u00e0ries sobre diferents tem\u00e0tiques de l&#039;\u00e0mbit Institucional, educatiu, corporatiu i tecnol\u00f2gic. Ha comptat amb una agenda acad\u00e8mica potent de Key Speakers d&#039;universitats d&#039;Espanya, Col\u00f2mbia, M\u00e8xic, Panam\u00e0 i Equador, refor\u00e7ada per la participaci\u00f3 d&#039;empreses prove\u00efdores d&#039;e-Learning de diferents pa\u00efsos.<\/p>","protected":false},"excerpt":{"rendered":"<p>Els dies 23, 24 i 25 de novembre ha tingut lloc el Congr\u00e9s Hispanoameric\u00e0 d&#039;e-learning, el qual entre les seves diferents pon\u00e8ncies i activitats, ha comptat amb un panell sobre l&#039;Impacte de l&#039;e-learning en la formaci\u00f3 de RRHH al sector privat . El panell moderat per Juan Carlos Tejeda, Director Departament d&#039;Educaci\u00f3 i [\u2026]<\/p>","protected":false},"author":1,"featured_media":1437,"comment_status":"open","ping_status":"open","sticky":false,"template":"","format":"standard","meta":{"footnotes":""},"categories":[50],"tags":[],"class_list":["post-1436","post","type-post","status-publish","format-standard","has-post-thumbnail","hentry","category-actualidad"],"yoast_head":"<!-- This site is optimized with the Yoast SEO plugin v24.5 - https:\/\/yoast.com\/wordpress\/plugins\/seo\/ -->\r\n<title>La Escuela del Agua participa en el Congreso Hispanoamericano de e-learning (EXPOAPeL) - Escuela del agua<\/title>\r\n<meta name=\"robots\" content=\"index, follow, max-snippet:-1, max-image-preview:large, max-video-preview:-1\" \/>\r\n<link rel=\"canonical\" href=\"https:\/\/www.laescueladelagua.com\/ca\/la-escuela-del-agua-participa-en-el-congreso-hispanoamericano-de-e-learning-expoapel\/\" \/>\r\n<meta property=\"og:locale\" content=\"ca_ES\" \/>\r\n<meta property=\"og:type\" content=\"article\" \/>\r\n<meta property=\"og:title\" content=\"La Escuela del Agua participa en el Congreso Hispanoamericano de e-learning (EXPOAPeL) - Escuela del agua\" \/>\r\n<meta property=\"og:description\" content=\"Los d\u00edas 23, 24 y 25 de noviembre ha tenido lugar el Congreso Hispanoamericano de e-learning, el cual entre sus distintas ponencias y actividades, ha contado con un panel sobre el Impacto del e-learning en la formaci\u00f3n de RRHH en el sector privado. El panel moderado por Juan Carlos Tejeda, Director Departamento de Educaci\u00f3n y [&hellip;]\" \/>\r\n<meta property=\"og:url\" content=\"https:\/\/www.laescueladelagua.com\/ca\/la-escuela-del-agua-participa-en-el-congreso-hispanoamericano-de-e-learning-expoapel\/\" \/>\r\n<meta property=\"og:site_name\" content=\"Escuela del agua\" \/>\r\n<meta property=\"article:published_time\" content=\"2021-11-24T12:22:20+00:00\" \/>\r\n<meta property=\"article:modified_time\" content=\"2023-07-12T12:23:14+00:00\" \/>\r\n<meta property=\"og:image\" content=\"https:\/\/www.laescueladelagua.com\/wp-content\/uploads\/2023\/07\/article-15-e1698069684773.jpeg\" \/>\r\n\t<meta property=\"og:image:width\" content=\"800\" \/>\r\n\t<meta property=\"og:image:height\" content=\"200\" \/>\r\n\t<meta property=\"og:image:type\" content=\"image\/jpeg\" \/>\r\n<meta name=\"author\" content=\"adminusr\" \/>\r\n<meta name=\"twitter:card\" content=\"summary_large_image\" \/>\r\n<meta name=\"twitter:label1\" content=\"Escrit per\" \/>\n\t<meta name=\"twitter:data1\" content=\"adminusr\" \/>\n\t<meta name=\"twitter:label2\" content=\"Temps estimat de lectura\" \/>\n\t<meta name=\"twitter:data2\" content=\"1 minut\" \/>\r\n<script type=\"application\/ld+json\" class=\"yoast-schema-graph\">{\"@context\":\"https:\/\/schema.org\",\"@graph\":[{\"@type\":\"Article\",\"@id\":\"https:\/\/www.laescueladelagua.com\/la-escuela-del-agua-participa-en-el-congreso-hispanoamericano-de-e-learning-expoapel\/#article\",\"isPartOf\":{\"@id\":\"https:\/\/www.laescueladelagua.com\/la-escuela-del-agua-participa-en-el-congreso-hispanoamericano-de-e-learning-expoapel\/\"},\"author\":{\"name\":\"adminusr\",\"@id\":\"https:\/\/wapwebedapro01.azurewebsites.net\/#\/schema\/person\/dd1649223e405b6f9eb82e8f6798f241\"},\"headline\":\"La Escuela del Agua participa en el Congreso Hispanoamericano de e-learning (EXPOAPeL)\",\"datePublished\":\"2021-11-24T12:22:20+00:00\",\"dateModified\":\"2023-07-12T12:23:14+00:00\",\"mainEntityOfPage\":{\"@id\":\"https:\/\/www.laescueladelagua.com\/la-escuela-del-agua-participa-en-el-congreso-hispanoamericano-de-e-learning-expoapel\/\"},\"wordCount\":304,\"commentCount\":0,\"publisher\":{\"@id\":\"https:\/\/wapwebedapro01.azurewebsites.net\/#organization\"},\"image\":{\"@id\":\"https:\/\/www.laescueladelagua.com\/la-escuela-del-agua-participa-en-el-congreso-hispanoamericano-de-e-learning-expoapel\/#primaryimage\"},\"thumbnailUrl\":\"\/wp-content\/uploads\/2023\/07\/article-15-e1698069684773.jpeg\",\"articleSection\":[\"Actualidad\"],\"inLanguage\":\"ca\",\"potentialAction\":[{\"@type\":\"CommentAction\",\"name\":\"Comment\",\"target\":[\"https:\/\/www.laescueladelagua.com\/la-escuela-del-agua-participa-en-el-congreso-hispanoamericano-de-e-learning-expoapel\/#respond\"]}]},{\"@type\":\"WebPage\",\"@id\":\"https:\/\/www.laescueladelagua.com\/la-escuela-del-agua-participa-en-el-congreso-hispanoamericano-de-e-learning-expoapel\/\",\"url\":\"https:\/\/www.laescueladelagua.com\/la-escuela-del-agua-participa-en-el-congreso-hispanoamericano-de-e-learning-expoapel\/\",\"name\":\"La Escuela del Agua participa en el Congreso Hispanoamericano de e-learning (EXPOAPeL) - Escuela del agua\",\"isPartOf\":{\"@id\":\"https:\/\/wapwebedapro01.azurewebsites.net\/#website\"},\"primaryImageOfPage\":{\"@id\":\"https:\/\/www.laescueladelagua.com\/la-escuela-del-agua-participa-en-el-congreso-hispanoamericano-de-e-learning-expoapel\/#primaryimage\"},\"image\":{\"@id\":\"https:\/\/www.laescueladelagua.com\/la-escuela-del-agua-participa-en-el-congreso-hispanoamericano-de-e-learning-expoapel\/#primaryimage\"},\"thumbnailUrl\":\"\/wp-content\/uploads\/2023\/07\/article-15-e1698069684773.jpeg\",\"datePublished\":\"2021-11-24T12:22:20+00:00\",\"dateModified\":\"2023-07-12T12:23:14+00:00\",\"breadcrumb\":{\"@id\":\"https:\/\/www.laescueladelagua.com\/la-escuela-del-agua-participa-en-el-congreso-hispanoamericano-de-e-learning-expoapel\/#breadcrumb\"},\"inLanguage\":\"ca\",\"potentialAction\":[{\"@type\":\"ReadAction\",\"target\":[\"https:\/\/www.laescueladelagua.com\/la-escuela-del-agua-participa-en-el-congreso-hispanoamericano-de-e-learning-expoapel\/\"]}]},{\"@type\":\"ImageObject\",\"inLanguage\":\"ca\",\"@id\":\"https:\/\/www.laescueladelagua.com\/la-escuela-del-agua-participa-en-el-congreso-hispanoamericano-de-e-learning-expoapel\/#primaryimage\",\"url\":\"\/wp-content\/uploads\/2023\/07\/article-15-e1698069684773.jpeg\",\"contentUrl\":\"\/wp-content\/uploads\/2023\/07\/article-15-e1698069684773.jpeg\",\"width\":800,\"height\":200},{\"@type\":\"BreadcrumbList\",\"@id\":\"https:\/\/www.laescueladelagua.com\/la-escuela-del-agua-participa-en-el-congreso-hispanoamericano-de-e-learning-expoapel\/#breadcrumb\",\"itemListElement\":[{\"@type\":\"ListItem\",\"position\":1,\"name\":\"Home\",\"item\":\"https:\/\/wapwebedapro01.azurewebsites.net\/\"},{\"@type\":\"ListItem\",\"position\":2,\"name\":\"La Escuela del Agua participa en el Congreso Hispanoamericano de e-learning (EXPOAPeL)\"}]},{\"@type\":\"WebSite\",\"@id\":\"https:\/\/wapwebedapro01.azurewebsites.net\/#website\",\"url\":\"https:\/\/wapwebedapro01.azurewebsites.net\/\",\"name\":\"Escuela del agua\",\"description\":\"\",\"publisher\":{\"@id\":\"https:\/\/wapwebedapro01.azurewebsites.net\/#organization\"},\"potentialAction\":[{\"@type\":\"SearchAction\",\"target\":{\"@type\":\"EntryPoint\",\"urlTemplate\":\"https:\/\/wapwebedapro01.azurewebsites.net\/?s={search_term_string}\"},\"query-input\":{\"@type\":\"PropertyValueSpecification\",\"valueRequired\":true,\"valueName\":\"search_term_string\"}}],\"inLanguage\":\"ca\"},{\"@type\":\"Organization\",\"@id\":\"https:\/\/wapwebedapro01.azurewebsites.net\/#organization\",\"name\":\"Escuela del agua\",\"url\":\"https:\/\/wapwebedapro01.azurewebsites.net\/\",\"logo\":{\"@type\":\"ImageObject\",\"inLanguage\":\"ca\",\"@id\":\"https:\/\/wapwebedapro01.azurewebsites.net\/#\/schema\/logo\/image\/\",\"url\":\"\/wp-content\/uploads\/2023\/08\/logo_EscueladelAgua_mod.1.1_150px.png\",\"contentUrl\":\"\/wp-content\/uploads\/2023\/08\/logo_EscueladelAgua_mod.1.1_150px.png\",\"width\":150,\"height\":90,\"caption\":\"Escuela del agua\"},\"image\":{\"@id\":\"https:\/\/wapwebedapro01.azurewebsites.net\/#\/schema\/logo\/image\/\"}},{\"@type\":\"Person\",\"@id\":\"https:\/\/wapwebedapro01.azurewebsites.net\/#\/schema\/person\/dd1649223e405b6f9eb82e8f6798f241\",\"name\":\"adminusr\",\"image\":{\"@type\":\"ImageObject\",\"inLanguage\":\"ca\",\"@id\":\"https:\/\/wapwebedapro01.azurewebsites.net\/#\/schema\/person\/image\/\",\"url\":\"https:\/\/secure.gravatar.com\/avatar\/0faaa87907e163fd330069f117adf408?s=96&d=mm&r=g\",\"contentUrl\":\"https:\/\/secure.gravatar.com\/avatar\/0faaa87907e163fd330069f117adf408?s=96&d=mm&r=g\",\"caption\":\"adminusr\"},\"sameAs\":[\"https:\/\/www.laescueladelagua.com\"],\"url\":\"https:\/\/www.laescueladelagua.com\/ca\/author\/adminusr\/\"}]}<\/script>\r\n<!-- \/ Yoast SEO plugin. -->","yoast_head_json":{"title":"La Escuela del Agua participa en el Congreso Hispanoamericano de e-learning (EXPOAPeL) - Escuela del agua","robots":{"index":"index","follow":"follow","max-snippet":"max-snippet:-1","max-image-preview":"max-image-preview:large","max-video-preview":"max-video-preview:-1"},"canonical":"https:\/\/www.laescueladelagua.com\/ca\/la-escuela-del-agua-participa-en-el-congreso-hispanoamericano-de-e-learning-expoapel\/","og_locale":"ca_ES","og_type":"article","og_title":"La Escuela del Agua participa en el Congreso Hispanoamericano de e-learning (EXPOAPeL) - Escuela del agua","og_description":"Los d\u00edas 23, 24 y 25 de noviembre ha tenido lugar el Congreso Hispanoamericano de e-learning, el cual entre sus distintas ponencias y actividades, ha contado con un panel sobre el Impacto del e-learning en la formaci\u00f3n de RRHH en el sector privado. El panel moderado por Juan Carlos Tejeda, Director Departamento de Educaci\u00f3n y [&hellip;]","og_url":"https:\/\/www.laescueladelagua.com\/ca\/la-escuela-del-agua-participa-en-el-congreso-hispanoamericano-de-e-learning-expoapel\/","og_site_name":"Escuela del agua","article_published_time":"2021-11-24T12:22:20+00:00","article_modified_time":"2023-07-12T12:23:14+00:00","og_image":[{"width":800,"height":200,"url":"https:\/\/www.laescueladelagua.com\/wp-content\/uploads\/2023\/07\/article-15-e1698069684773.jpeg","type":"image\/jpeg"}],"author":"adminusr","twitter_card":"summary_large_image","twitter_misc":{"Escrit per":"adminusr","Temps estimat de lectura":"1 minut"},"schema":{"@context":"https:\/\/schema.org","@graph":[{"@type":"Article","@id":"https:\/\/www.laescueladelagua.com\/la-escuela-del-agua-participa-en-el-congreso-hispanoamericano-de-e-learning-expoapel\/#article","isPartOf":{"@id":"https:\/\/www.laescueladelagua.com\/la-escuela-del-agua-participa-en-el-congreso-hispanoamericano-de-e-learning-expoapel\/"},"author":{"name":"adminusr","@id":"https:\/\/wapwebedapro01.azurewebsites.net\/#\/schema\/person\/dd1649223e405b6f9eb82e8f6798f241"},"headline":"La Escuela del Agua participa en el Congreso Hispanoamericano de e-learning (EXPOAPeL)","datePublished":"2021-11-24T12:22:20+00:00","dateModified":"2023-07-12T12:23:14+00:00","mainEntityOfPage":{"@id":"https:\/\/www.laescueladelagua.com\/la-escuela-del-agua-participa-en-el-congreso-hispanoamericano-de-e-learning-expoapel\/"},"wordCount":304,"commentCount":0,"publisher":{"@id":"https:\/\/wapwebedapro01.azurewebsites.net\/#organization"},"image":{"@id":"https:\/\/www.laescueladelagua.com\/la-escuela-del-agua-participa-en-el-congreso-hispanoamericano-de-e-learning-expoapel\/#primaryimage"},"thumbnailUrl":"\/wp-content\/uploads\/2023\/07\/article-15-e1698069684773.jpeg","articleSection":["Actualidad"],"inLanguage":"ca","potentialAction":[{"@type":"CommentAction","name":"Comment","target":["https:\/\/www.laescueladelagua.com\/la-escuela-del-agua-participa-en-el-congreso-hispanoamericano-de-e-learning-expoapel\/#respond"]}]},{"@type":"WebPage","@id":"https:\/\/www.laescueladelagua.com\/la-escuela-del-agua-participa-en-el-congreso-hispanoamericano-de-e-learning-expoapel\/","url":"https:\/\/www.laescueladelagua.com\/la-escuela-del-agua-participa-en-el-congreso-hispanoamericano-de-e-learning-expoapel\/","name":"La Escuela del Agua participa en el Congreso Hispanoamericano de e-learning (EXPOAPeL) - Escuela del agua","isPartOf":{"@id":"https:\/\/wapwebedapro01.azurewebsites.net\/#website"},"primaryImageOfPage":{"@id":"https:\/\/www.laescueladelagua.com\/la-escuela-del-agua-participa-en-el-congreso-hispanoamericano-de-e-learning-expoapel\/#primaryimage"},"image":{"@id":"https:\/\/www.laescueladelagua.com\/la-escuela-del-agua-participa-en-el-congreso-hispanoamericano-de-e-learning-expoapel\/#primaryimage"},"thumbnailUrl":"\/wp-content\/uploads\/2023\/07\/article-15-e1698069684773.jpeg","datePublished":"2021-11-24T12:22:20+00:00","dateModified":"2023-07-12T12:23:14+00:00","breadcrumb":{"@id":"https:\/\/www.laescueladelagua.com\/la-escuela-del-agua-participa-en-el-congreso-hispanoamericano-de-e-learning-expoapel\/#breadcrumb"},"inLanguage":"ca","potentialAction":[{"@type":"ReadAction","target":["https:\/\/www.laescueladelagua.com\/la-escuela-del-agua-participa-en-el-congreso-hispanoamericano-de-e-learning-expoapel\/"]}]},{"@type":"ImageObject","inLanguage":"ca","@id":"https:\/\/www.laescueladelagua.com\/la-escuela-del-agua-participa-en-el-congreso-hispanoamericano-de-e-learning-expoapel\/#primaryimage","url":"\/wp-content\/uploads\/2023\/07\/article-15-e1698069684773.jpeg","contentUrl":"\/wp-content\/uploads\/2023\/07\/article-15-e1698069684773.jpeg","width":800,"height":200},{"@type":"BreadcrumbList","@id":"https:\/\/www.laescueladelagua.com\/la-escuela-del-agua-participa-en-el-congreso-hispanoamericano-de-e-learning-expoapel\/#breadcrumb","itemListElement":[{"@type":"ListItem","position":1,"name":"Home","item":"https:\/\/wapwebedapro01.azurewebsites.net\/"},{"@type":"ListItem","position":2,"name":"La Escuela del Agua participa en el Congreso Hispanoamericano de e-learning (EXPOAPeL)"}]},{"@type":"WebSite","@id":"https:\/\/wapwebedapro01.azurewebsites.net\/#website","url":"https:\/\/wapwebedapro01.azurewebsites.net\/","name":"Escuela del agua","description":"","publisher":{"@id":"https:\/\/wapwebedapro01.azurewebsites.net\/#organization"},"potentialAction":[{"@type":"SearchAction","target":{"@type":"EntryPoint","urlTemplate":"https:\/\/wapwebedapro01.azurewebsites.net\/?s={search_term_string}"},"query-input":{"@type":"PropertyValueSpecification","valueRequired":true,"valueName":"search_term_string"}}],"inLanguage":"ca"},{"@type":"Organization","@id":"https:\/\/wapwebedapro01.azurewebsites.net\/#organization","name":"Escuela del agua","url":"https:\/\/wapwebedapro01.azurewebsites.net\/","logo":{"@type":"ImageObject","inLanguage":"ca","@id":"https:\/\/wapwebedapro01.azurewebsites.net\/#\/schema\/logo\/image\/","url":"\/wp-content\/uploads\/2023\/08\/logo_EscueladelAgua_mod.1.1_150px.png","contentUrl":"\/wp-content\/uploads\/2023\/08\/logo_EscueladelAgua_mod.1.1_150px.png","width":150,"height":90,"caption":"Escuela del agua"},"image":{"@id":"https:\/\/wapwebedapro01.azurewebsites.net\/#\/schema\/logo\/image\/"}},{"@type":"Person","@id":"https:\/\/wapwebedapro01.azurewebsites.net\/#\/schema\/person\/dd1649223e405b6f9eb82e8f6798f241","name":"adminusr","image":{"@type":"ImageObject","inLanguage":"ca","@id":"https:\/\/wapwebedapro01.azurewebsites.net\/#\/schema\/person\/image\/","url":"https:\/\/secure.gravatar.com\/avatar\/0faaa87907e163fd330069f117adf408?s=96&d=mm&r=g","contentUrl":"https:\/\/secure.gravatar.com\/avatar\/0faaa87907e163fd330069f117adf408?s=96&d=mm&r=g","caption":"adminusr"},"sameAs":["https:\/\/www.laescueladelagua.com"],"url":"https:\/\/www.laescueladelagua.com\/ca\/author\/adminusr\/"}]}},"meta_box":[],"_links":{"self":[{"href":"https:\/\/www.laescueladelagua.com\/ca\/wp-json\/wp\/v2\/posts\/1436","targetHints":{"allow":["GET"]}}],"collection":[{"href":"https:\/\/www.laescueladelagua.com\/ca\/wp-json\/wp\/v2\/posts"}],"about":[{"href":"https:\/\/www.laescueladelagua.com\/ca\/wp-json\/wp\/v2\/types\/post"}],"author":[{"embeddable":true,"href":"https:\/\/www.laescueladelagua.com\/ca\/wp-json\/wp\/v2\/users\/1"}],"replies":[{"embeddable":true,"href":"https:\/\/www.laescueladelagua.com\/ca\/wp-json\/wp\/v2\/comments?post=1436"}],"version-history":[{"count":1,"href":"https:\/\/www.laescueladelagua.com\/ca\/wp-json\/wp\/v2\/posts\/1436\/revisions"}],"predecessor-version":[{"id":1438,"href":"https:\/\/www.laescueladelagua.com\/ca\/wp-json\/wp\/v2\/posts\/1436\/revisions\/1438"}],"wp:featuredmedia":[{"embeddable":true,"href":"https:\/\/www.laescueladelagua.com\/ca\/wp-json\/wp\/v2\/media\/1437"}],"wp:attachment":[{"href":"https:\/\/www.laescueladelagua.com\/ca\/wp-json\/wp\/v2\/media?parent=1436"}],"wp:term":[{"taxonomy":"category","embeddable":true,"href":"https:\/\/www.laescueladelagua.com\/ca\/wp-json\/wp\/v2\/categories?post=1436"},{"taxonomy":"post_tag","embeddable":true,"href":"https:\/\/www.laescueladelagua.com\/ca\/wp-json\/wp\/v2\/tags?post=1436"}],"curies":[{"name":"wp","href":"https:\/\/api.w.org\/{rel}","templated":true}]}}