{"id":1506,"date":"2022-06-12T11:08:52","date_gmt":"2022-06-12T11:08:52","guid":{"rendered":"https:\/\/www.laescueladelagua.com\/?p=1506"},"modified":"2023-07-13T11:10:08","modified_gmt":"2023-07-13T11:10:08","slug":"la-fp-dual-cumple-10-anos","status":"publish","type":"post","link":"https:\/\/www.laescueladelagua.com\/ca\/la-fp-dual-cumple-10-anos\/","title":{"rendered":"La FP Dual fa 10 anys"},"content":{"rendered":"<p>Aquest any se celebra amb diferents actes el des\u00e8 aniversari de l&#039;arribada de la Formaci\u00f3 Professional Dual a Espanya, un paradigma de formaci\u00f3 professionalitzadora que ha contribu\u00eft decisivament a canviar l&#039;ocupabilitat i la percepci\u00f3 social dels nivells formatius mitjans, fins al punt que la recent aprovada llei de la Formaci\u00f3 Professional estableix que tots els cicles formatius de grau mitj\u00e0 i superior es realitzaran de manera dual (ja sigui en modalitat general o intensiva).<\/p>\n<p>Aquest \u00e8xit normatiu suposa un reconeixement a la visi\u00f3 d&#039;aquelles institucions que, com en el cas de l&#039;Escola de l&#039;Aigua, van apostar per l&#039;FP Dual des del principi, i tamb\u00e9 de l&#039;alumnat, els centres educatius i les empreses que al llarg d&#039;aquest per\u00edode han anat adoptant i fent cr\u00e9ixer aquest model. Tot i aix\u00ed, continua quedant molt per fer en mat\u00e8ria d&#039;orientaci\u00f3 a l&#039;alumnat, innovaci\u00f3 educativa i treball conjunt entre centres i empreses, per maximitzar la transfer\u00e8ncia de coneixement i la captaci\u00f3 de talent jove en interacci\u00f3 directa amb el m\u00f3n laboral.<\/p>\n<p>L&#039;Escola de l&#039;Aigua \u00e9s pionera en l&#039;aposta per l&#039;FP dual, impulsant des dels inicis el Grau Mitj\u00e0 de Xarxes d&#039;Aigua a l&#039;Institut Pere Martell de Tarragona, i ampliant posteriorment els estudis al Grau Superior en gesti\u00f3 d&#039;Aigua i col\u00b7laboraci\u00f3 amb centres de Gal\u00edcia, Catalunya, Can\u00e0ries, M\u00farcia, Andalusia, Madrid i Comunitat Valenciana. Aquest comprom\u00eds ha perm\u00e8s fins ara desplegar una formaci\u00f3 professional que respon a les expectatives de les persones i els territoris.<\/p>","protected":false},"excerpt":{"rendered":"<p>Aquest any se celebra amb diferents actes el des\u00e8 aniversari de l&#039;arribada de la Formaci\u00f3 Professional Dual a Espanya, un paradigma de formaci\u00f3 professionalitzadora que ha contribu\u00eft decisivament a canviar l&#039;ocupabilitat i la percepci\u00f3 social dels nivells formatius mitjans, fins al punt que la recent aprovada llei de la Formaci\u00f3 Professional [\u2026]<\/p>","protected":false},"author":1,"featured_media":1507,"comment_status":"open","ping_status":"open","sticky":false,"template":"","format":"standard","meta":{"footnotes":""},"categories":[28],"tags":[],"class_list":["post-1506","post","type-post","status-publish","format-standard","has-post-thumbnail","hentry","category-fp-dual"],"yoast_head":"<!-- This site is optimized with the Yoast SEO plugin v24.5 - https:\/\/yoast.com\/wordpress\/plugins\/seo\/ -->\r\n<title>La FP Dual cumple 10 a\u00f1os - Escuela del agua<\/title>\r\n<meta name=\"robots\" content=\"index, follow, max-snippet:-1, max-image-preview:large, max-video-preview:-1\" \/>\r\n<link rel=\"canonical\" href=\"https:\/\/www.laescueladelagua.com\/ca\/la-fp-dual-cumple-10-anos\/\" \/>\r\n<meta property=\"og:locale\" content=\"ca_ES\" \/>\r\n<meta property=\"og:type\" content=\"article\" \/>\r\n<meta property=\"og:title\" content=\"La FP Dual cumple 10 a\u00f1os - Escuela del agua\" \/>\r\n<meta property=\"og:description\" content=\"Se celebra este a\u00f1o con distintos actos el d\u00e9cimo aniversario de la llegada de la Formaci\u00f3n Profesional Dual en Espa\u00f1a, un paradigma de formaci\u00f3n profesionalizadora que ha contribuido decisivamente a cambiar la empleabilidad y la percepci\u00f3n social de los niveles formativos medios, hasta el punto de que la reci\u00e9n aprobada ley de la Formaci\u00f3n Profesional [&hellip;]\" \/>\r\n<meta property=\"og:url\" content=\"https:\/\/www.laescueladelagua.com\/ca\/la-fp-dual-cumple-10-anos\/\" \/>\r\n<meta property=\"og:site_name\" content=\"Escuela del agua\" \/>\r\n<meta property=\"article:published_time\" content=\"2022-06-12T11:08:52+00:00\" \/>\r\n<meta property=\"article:modified_time\" content=\"2023-07-13T11:10:08+00:00\" \/>\r\n<meta property=\"og:image\" content=\"https:\/\/www.laescueladelagua.com\/wp-content\/uploads\/2023\/07\/article-28-e1698069926138.jpeg\" \/>\r\n\t<meta property=\"og:image:width\" content=\"800\" \/>\r\n\t<meta property=\"og:image:height\" content=\"218\" \/>\r\n\t<meta property=\"og:image:type\" content=\"image\/jpeg\" \/>\r\n<meta name=\"author\" content=\"adminusr\" \/>\r\n<meta name=\"twitter:card\" content=\"summary_large_image\" \/>\r\n<meta name=\"twitter:label1\" content=\"Escrit per\" \/>\n\t<meta name=\"twitter:data1\" content=\"adminusr\" \/>\n\t<meta name=\"twitter:label2\" content=\"Temps estimat de lectura\" \/>\n\t<meta name=\"twitter:data2\" content=\"1 minut\" \/>\r\n<script type=\"application\/ld+json\" class=\"yoast-schema-graph\">{\"@context\":\"https:\/\/schema.org\",\"@graph\":[{\"@type\":\"Article\",\"@id\":\"https:\/\/www.laescueladelagua.com\/la-fp-dual-cumple-10-anos\/#article\",\"isPartOf\":{\"@id\":\"https:\/\/www.laescueladelagua.com\/la-fp-dual-cumple-10-anos\/\"},\"author\":{\"name\":\"adminusr\",\"@id\":\"https:\/\/wapwebedapro01.azurewebsites.net\/#\/schema\/person\/dd1649223e405b6f9eb82e8f6798f241\"},\"headline\":\"La FP Dual cumple 10 a\u00f1os\",\"datePublished\":\"2022-06-12T11:08:52+00:00\",\"dateModified\":\"2023-07-13T11:10:08+00:00\",\"mainEntityOfPage\":{\"@id\":\"https:\/\/www.laescueladelagua.com\/la-fp-dual-cumple-10-anos\/\"},\"wordCount\":279,\"commentCount\":0,\"publisher\":{\"@id\":\"https:\/\/wapwebedapro01.azurewebsites.net\/#organization\"},\"image\":{\"@id\":\"https:\/\/www.laescueladelagua.com\/la-fp-dual-cumple-10-anos\/#primaryimage\"},\"thumbnailUrl\":\"\/wp-content\/uploads\/2023\/07\/article-28-e1698069926138.jpeg\",\"articleSection\":[\"FP Dual\"],\"inLanguage\":\"ca\",\"potentialAction\":[{\"@type\":\"CommentAction\",\"name\":\"Comment\",\"target\":[\"https:\/\/www.laescueladelagua.com\/la-fp-dual-cumple-10-anos\/#respond\"]}]},{\"@type\":\"WebPage\",\"@id\":\"https:\/\/www.laescueladelagua.com\/la-fp-dual-cumple-10-anos\/\",\"url\":\"https:\/\/www.laescueladelagua.com\/la-fp-dual-cumple-10-anos\/\",\"name\":\"La FP Dual cumple 10 a\u00f1os - Escuela del agua\",\"isPartOf\":{\"@id\":\"https:\/\/wapwebedapro01.azurewebsites.net\/#website\"},\"primaryImageOfPage\":{\"@id\":\"https:\/\/www.laescueladelagua.com\/la-fp-dual-cumple-10-anos\/#primaryimage\"},\"image\":{\"@id\":\"https:\/\/www.laescueladelagua.com\/la-fp-dual-cumple-10-anos\/#primaryimage\"},\"thumbnailUrl\":\"\/wp-content\/uploads\/2023\/07\/article-28-e1698069926138.jpeg\",\"datePublished\":\"2022-06-12T11:08:52+00:00\",\"dateModified\":\"2023-07-13T11:10:08+00:00\",\"breadcrumb\":{\"@id\":\"https:\/\/www.laescueladelagua.com\/la-fp-dual-cumple-10-anos\/#breadcrumb\"},\"inLanguage\":\"ca\",\"potentialAction\":[{\"@type\":\"ReadAction\",\"target\":[\"https:\/\/www.laescueladelagua.com\/la-fp-dual-cumple-10-anos\/\"]}]},{\"@type\":\"ImageObject\",\"inLanguage\":\"ca\",\"@id\":\"https:\/\/www.laescueladelagua.com\/la-fp-dual-cumple-10-anos\/#primaryimage\",\"url\":\"\/wp-content\/uploads\/2023\/07\/article-28-e1698069926138.jpeg\",\"contentUrl\":\"\/wp-content\/uploads\/2023\/07\/article-28-e1698069926138.jpeg\",\"width\":800,\"height\":218},{\"@type\":\"BreadcrumbList\",\"@id\":\"https:\/\/www.laescueladelagua.com\/la-fp-dual-cumple-10-anos\/#breadcrumb\",\"itemListElement\":[{\"@type\":\"ListItem\",\"position\":1,\"name\":\"Home\",\"item\":\"https:\/\/wapwebedapro01.azurewebsites.net\/\"},{\"@type\":\"ListItem\",\"position\":2,\"name\":\"La FP Dual cumple 10 a\u00f1os\"}]},{\"@type\":\"WebSite\",\"@id\":\"https:\/\/wapwebedapro01.azurewebsites.net\/#website\",\"url\":\"https:\/\/wapwebedapro01.azurewebsites.net\/\",\"name\":\"Escuela del agua\",\"description\":\"\",\"publisher\":{\"@id\":\"https:\/\/wapwebedapro01.azurewebsites.net\/#organization\"},\"potentialAction\":[{\"@type\":\"SearchAction\",\"target\":{\"@type\":\"EntryPoint\",\"urlTemplate\":\"https:\/\/wapwebedapro01.azurewebsites.net\/?s={search_term_string}\"},\"query-input\":{\"@type\":\"PropertyValueSpecification\",\"valueRequired\":true,\"valueName\":\"search_term_string\"}}],\"inLanguage\":\"ca\"},{\"@type\":\"Organization\",\"@id\":\"https:\/\/wapwebedapro01.azurewebsites.net\/#organization\",\"name\":\"Escuela del agua\",\"url\":\"https:\/\/wapwebedapro01.azurewebsites.net\/\",\"logo\":{\"@type\":\"ImageObject\",\"inLanguage\":\"ca\",\"@id\":\"https:\/\/wapwebedapro01.azurewebsites.net\/#\/schema\/logo\/image\/\",\"url\":\"\/wp-content\/uploads\/2023\/08\/logo_EscueladelAgua_mod.1.1_150px.png\",\"contentUrl\":\"\/wp-content\/uploads\/2023\/08\/logo_EscueladelAgua_mod.1.1_150px.png\",\"width\":150,\"height\":90,\"caption\":\"Escuela del agua\"},\"image\":{\"@id\":\"https:\/\/wapwebedapro01.azurewebsites.net\/#\/schema\/logo\/image\/\"}},{\"@type\":\"Person\",\"@id\":\"https:\/\/wapwebedapro01.azurewebsites.net\/#\/schema\/person\/dd1649223e405b6f9eb82e8f6798f241\",\"name\":\"adminusr\",\"image\":{\"@type\":\"ImageObject\",\"inLanguage\":\"ca\",\"@id\":\"https:\/\/wapwebedapro01.azurewebsites.net\/#\/schema\/person\/image\/\",\"url\":\"https:\/\/secure.gravatar.com\/avatar\/0faaa87907e163fd330069f117adf408?s=96&d=mm&r=g\",\"contentUrl\":\"https:\/\/secure.gravatar.com\/avatar\/0faaa87907e163fd330069f117adf408?s=96&d=mm&r=g\",\"caption\":\"adminusr\"},\"sameAs\":[\"https:\/\/www.laescueladelagua.com\"],\"url\":\"https:\/\/www.laescueladelagua.com\/ca\/author\/adminusr\/\"}]}<\/script>\r\n<!-- \/ Yoast SEO plugin. -->","yoast_head_json":{"title":"La FP Dual cumple 10 a\u00f1os - Escuela del agua","robots":{"index":"index","follow":"follow","max-snippet":"max-snippet:-1","max-image-preview":"max-image-preview:large","max-video-preview":"max-video-preview:-1"},"canonical":"https:\/\/www.laescueladelagua.com\/ca\/la-fp-dual-cumple-10-anos\/","og_locale":"ca_ES","og_type":"article","og_title":"La FP Dual cumple 10 a\u00f1os - Escuela del agua","og_description":"Se celebra este a\u00f1o con distintos actos el d\u00e9cimo aniversario de la llegada de la Formaci\u00f3n Profesional Dual en Espa\u00f1a, un paradigma de formaci\u00f3n profesionalizadora que ha contribuido decisivamente a cambiar la empleabilidad y la percepci\u00f3n social de los niveles formativos medios, hasta el punto de que la reci\u00e9n aprobada ley de la Formaci\u00f3n Profesional [&hellip;]","og_url":"https:\/\/www.laescueladelagua.com\/ca\/la-fp-dual-cumple-10-anos\/","og_site_name":"Escuela del agua","article_published_time":"2022-06-12T11:08:52+00:00","article_modified_time":"2023-07-13T11:10:08+00:00","og_image":[{"width":800,"height":218,"url":"https:\/\/www.laescueladelagua.com\/wp-content\/uploads\/2023\/07\/article-28-e1698069926138.jpeg","type":"image\/jpeg"}],"author":"adminusr","twitter_card":"summary_large_image","twitter_misc":{"Escrit per":"adminusr","Temps estimat de lectura":"1 minut"},"schema":{"@context":"https:\/\/schema.org","@graph":[{"@type":"Article","@id":"https:\/\/www.laescueladelagua.com\/la-fp-dual-cumple-10-anos\/#article","isPartOf":{"@id":"https:\/\/www.laescueladelagua.com\/la-fp-dual-cumple-10-anos\/"},"author":{"name":"adminusr","@id":"https:\/\/wapwebedapro01.azurewebsites.net\/#\/schema\/person\/dd1649223e405b6f9eb82e8f6798f241"},"headline":"La FP Dual cumple 10 a\u00f1os","datePublished":"2022-06-12T11:08:52+00:00","dateModified":"2023-07-13T11:10:08+00:00","mainEntityOfPage":{"@id":"https:\/\/www.laescueladelagua.com\/la-fp-dual-cumple-10-anos\/"},"wordCount":279,"commentCount":0,"publisher":{"@id":"https:\/\/wapwebedapro01.azurewebsites.net\/#organization"},"image":{"@id":"https:\/\/www.laescueladelagua.com\/la-fp-dual-cumple-10-anos\/#primaryimage"},"thumbnailUrl":"\/wp-content\/uploads\/2023\/07\/article-28-e1698069926138.jpeg","articleSection":["FP Dual"],"inLanguage":"ca","potentialAction":[{"@type":"CommentAction","name":"Comment","target":["https:\/\/www.laescueladelagua.com\/la-fp-dual-cumple-10-anos\/#respond"]}]},{"@type":"WebPage","@id":"https:\/\/www.laescueladelagua.com\/la-fp-dual-cumple-10-anos\/","url":"https:\/\/www.laescueladelagua.com\/la-fp-dual-cumple-10-anos\/","name":"La FP Dual cumple 10 a\u00f1os - Escuela del agua","isPartOf":{"@id":"https:\/\/wapwebedapro01.azurewebsites.net\/#website"},"primaryImageOfPage":{"@id":"https:\/\/www.laescueladelagua.com\/la-fp-dual-cumple-10-anos\/#primaryimage"},"image":{"@id":"https:\/\/www.laescueladelagua.com\/la-fp-dual-cumple-10-anos\/#primaryimage"},"thumbnailUrl":"\/wp-content\/uploads\/2023\/07\/article-28-e1698069926138.jpeg","datePublished":"2022-06-12T11:08:52+00:00","dateModified":"2023-07-13T11:10:08+00:00","breadcrumb":{"@id":"https:\/\/www.laescueladelagua.com\/la-fp-dual-cumple-10-anos\/#breadcrumb"},"inLanguage":"ca","potentialAction":[{"@type":"ReadAction","target":["https:\/\/www.laescueladelagua.com\/la-fp-dual-cumple-10-anos\/"]}]},{"@type":"ImageObject","inLanguage":"ca","@id":"https:\/\/www.laescueladelagua.com\/la-fp-dual-cumple-10-anos\/#primaryimage","url":"\/wp-content\/uploads\/2023\/07\/article-28-e1698069926138.jpeg","contentUrl":"\/wp-content\/uploads\/2023\/07\/article-28-e1698069926138.jpeg","width":800,"height":218},{"@type":"BreadcrumbList","@id":"https:\/\/www.laescueladelagua.com\/la-fp-dual-cumple-10-anos\/#breadcrumb","itemListElement":[{"@type":"ListItem","position":1,"name":"Home","item":"https:\/\/wapwebedapro01.azurewebsites.net\/"},{"@type":"ListItem","position":2,"name":"La FP Dual cumple 10 a\u00f1os"}]},{"@type":"WebSite","@id":"https:\/\/wapwebedapro01.azurewebsites.net\/#website","url":"https:\/\/wapwebedapro01.azurewebsites.net\/","name":"Escuela del agua","description":"","publisher":{"@id":"https:\/\/wapwebedapro01.azurewebsites.net\/#organization"},"potentialAction":[{"@type":"SearchAction","target":{"@type":"EntryPoint","urlTemplate":"https:\/\/wapwebedapro01.azurewebsites.net\/?s={search_term_string}"},"query-input":{"@type":"PropertyValueSpecification","valueRequired":true,"valueName":"search_term_string"}}],"inLanguage":"ca"},{"@type":"Organization","@id":"https:\/\/wapwebedapro01.azurewebsites.net\/#organization","name":"Escuela del agua","url":"https:\/\/wapwebedapro01.azurewebsites.net\/","logo":{"@type":"ImageObject","inLanguage":"ca","@id":"https:\/\/wapwebedapro01.azurewebsites.net\/#\/schema\/logo\/image\/","url":"\/wp-content\/uploads\/2023\/08\/logo_EscueladelAgua_mod.1.1_150px.png","contentUrl":"\/wp-content\/uploads\/2023\/08\/logo_EscueladelAgua_mod.1.1_150px.png","width":150,"height":90,"caption":"Escuela del agua"},"image":{"@id":"https:\/\/wapwebedapro01.azurewebsites.net\/#\/schema\/logo\/image\/"}},{"@type":"Person","@id":"https:\/\/wapwebedapro01.azurewebsites.net\/#\/schema\/person\/dd1649223e405b6f9eb82e8f6798f241","name":"adminusr","image":{"@type":"ImageObject","inLanguage":"ca","@id":"https:\/\/wapwebedapro01.azurewebsites.net\/#\/schema\/person\/image\/","url":"https:\/\/secure.gravatar.com\/avatar\/0faaa87907e163fd330069f117adf408?s=96&d=mm&r=g","contentUrl":"https:\/\/secure.gravatar.com\/avatar\/0faaa87907e163fd330069f117adf408?s=96&d=mm&r=g","caption":"adminusr"},"sameAs":["https:\/\/www.laescueladelagua.com"],"url":"https:\/\/www.laescueladelagua.com\/ca\/author\/adminusr\/"}]}},"meta_box":[],"_links":{"self":[{"href":"https:\/\/www.laescueladelagua.com\/ca\/wp-json\/wp\/v2\/posts\/1506","targetHints":{"allow":["GET"]}}],"collection":[{"href":"https:\/\/www.laescueladelagua.com\/ca\/wp-json\/wp\/v2\/posts"}],"about":[{"href":"https:\/\/www.laescueladelagua.com\/ca\/wp-json\/wp\/v2\/types\/post"}],"author":[{"embeddable":true,"href":"https:\/\/www.laescueladelagua.com\/ca\/wp-json\/wp\/v2\/users\/1"}],"replies":[{"embeddable":true,"href":"https:\/\/www.laescueladelagua.com\/ca\/wp-json\/wp\/v2\/comments?post=1506"}],"version-history":[{"count":2,"href":"https:\/\/www.laescueladelagua.com\/ca\/wp-json\/wp\/v2\/posts\/1506\/revisions"}],"predecessor-version":[{"id":1509,"href":"https:\/\/www.laescueladelagua.com\/ca\/wp-json\/wp\/v2\/posts\/1506\/revisions\/1509"}],"wp:featuredmedia":[{"embeddable":true,"href":"https:\/\/www.laescueladelagua.com\/ca\/wp-json\/wp\/v2\/media\/1507"}],"wp:attachment":[{"href":"https:\/\/www.laescueladelagua.com\/ca\/wp-json\/wp\/v2\/media?parent=1506"}],"wp:term":[{"taxonomy":"category","embeddable":true,"href":"https:\/\/www.laescueladelagua.com\/ca\/wp-json\/wp\/v2\/categories?post=1506"},{"taxonomy":"post_tag","embeddable":true,"href":"https:\/\/www.laescueladelagua.com\/ca\/wp-json\/wp\/v2\/tags?post=1506"}],"curies":[{"name":"wp","href":"https:\/\/api.w.org\/{rel}","templated":true}]}}