{"id":1552,"date":"2023-03-05T11:46:32","date_gmt":"2023-03-05T11:46:32","guid":{"rendered":"https:\/\/www.laescueladelagua.com\/?p=1552"},"modified":"2023-07-13T11:47:33","modified_gmt":"2023-07-13T11:47:33","slug":"el-agua-del-futuro-en-formaocupa","status":"publish","type":"post","link":"https:\/\/www.laescueladelagua.com\/ca\/el-agua-del-futuro-en-formaocupa\/","title":{"rendered":"L&#039;Aigua del futur a FormaOcupa"},"content":{"rendered":"<p>Amb el coneixement de la incorporaci\u00f3 del Cicle de Formaci\u00f3 Professional de Grau Mitj\u00e0 de Xarxes i Estacions de tractament d&#039;aigua per part de l&#039;Institut Alfons Costafreda de T\u00e0rraga, tant empreses, organismes i administracions p\u00fabliques, tots ells el van rebre amb bones vibracions per les necessitats que t\u00e9 la prov\u00edncia de perfils professionals del sector esmentat. L&#039;Institut incorpora dins de la seva oferta, la formaci\u00f3 professional de l&#039;aigua, amb modalitat dual, la meitat de la formaci\u00f3 es passa a les empreses, amb un coneixement total del que es realitza al sector i l&#039;altra meitat a l&#039;aula adquirint els coneixements necessaris per entendre&#039;n la gesti\u00f3.<\/p>\n<p>La incorporaci\u00f3 de nous perfils de distribuci\u00f3 o tractament d&#039;aigua, dels laboratoris, les piscines, els fabricants de materials per a l&#039;aigua, experts en reg i al sector hortofruct\u00edcola, s\u00f3n infinites les oportunitats laborals que hi ha i les empreses vinculades a l&#039;aigua. Tamb\u00e9 s\u00f3n moltes les possibles sortides professionals que s&#039;obtenen en acabar el cicle, muntadors i mantenidors de les xarxes d&#039;aigua, instal\u00b7ladors i mantenidors de sistemes de reg i contraincendis, instal\u00b7ladors d&#039;instal\u00b7lacions d&#039;aigua en edificis, xarxes de sanejament, operador de plantes i manteniment en plantes de captaci\u00f3 daigua o en plantes de depuraci\u00f3 daigua. Seran els futurs encarregats i responsables d&#039;equips de gesti\u00f3 de l&#039;aigua.<\/p>\n<p>El 23 de febrer passat va tenir lloc a Lleida, dins del Sal\u00f3 FormaOcupa una taula rodona titulada \u201cL&#039;Aigua del futur\u201d, una aposta per part de l&#039;Institut Alfons Costafreda de T\u00e0rrega on es realitza el Cicle. Van participar a la pon\u00e8ncia, el Sr. Francesc Alvia, professor de l&#039;Institut, el Sr. Lluc Pej\u00f3, Director de talent d&#039;Agbar i director de l&#039;Escola de l&#039;Aigua juntament amb Jon P\u00e9rez, alumne del cicle i treballador d&#039;Agbar, el Sr. Miquel Sacrest, el director general d&#039;aig\u00fces del canal segarra garrigues i el Sr. Xavier Diaz Vendrell, director de la comunitat de regants del canal d&#039;Urgell.<\/p>","protected":false},"excerpt":{"rendered":"<p>Amb el coneixement de la incorporaci\u00f3 del Cicle de Formaci\u00f3 Professional de Grau Mitj\u00e0 de Xarxes i Estacions de tractament d&#039;aigua per part de l&#039;Institut Alfons Costafreda de T\u00e0rraga, tant empreses, organismes i administracions p\u00fabliques, tots ells el van rebre amb bones vibracions per les necessitats que t\u00e9 la prov\u00edncia de perfils professionals d&#039;aquest [\u2026]<\/p>","protected":false},"author":1,"featured_media":1553,"comment_status":"open","ping_status":"open","sticky":false,"template":"","format":"standard","meta":{"footnotes":""},"categories":[28],"tags":[],"class_list":["post-1552","post","type-post","status-publish","format-standard","has-post-thumbnail","hentry","category-fp-dual"],"yoast_head":"<!-- This site is optimized with the Yoast SEO plugin v24.5 - https:\/\/yoast.com\/wordpress\/plugins\/seo\/ -->\r\n<title>El Agua del futuro en FormaOcupa - Escuela del agua<\/title>\r\n<meta name=\"robots\" content=\"index, follow, max-snippet:-1, max-image-preview:large, max-video-preview:-1\" \/>\r\n<link rel=\"canonical\" href=\"https:\/\/www.laescueladelagua.com\/ca\/el-agua-del-futuro-en-formaocupa\/\" \/>\r\n<meta property=\"og:locale\" content=\"ca_ES\" \/>\r\n<meta property=\"og:type\" content=\"article\" \/>\r\n<meta property=\"og:title\" content=\"El Agua del futuro en FormaOcupa - Escuela del agua\" \/>\r\n<meta property=\"og:description\" content=\"Con el conocimiento de la incorporaci\u00f3n del Ciclo de Formaci\u00f3n Profesional de Grado Medio de Redes y Estaciones de tratamiento de agua por parte del Instituto Alfons Costafreda de T\u00e1rraga, tanto empresas, organismos y administraciones p\u00fablicas, todos ellos lo recibieron con buenas vibraciones por las necesidades que tiene la provincia de perfiles profesionales de dicho [&hellip;]\" \/>\r\n<meta property=\"og:url\" content=\"https:\/\/www.laescueladelagua.com\/ca\/el-agua-del-futuro-en-formaocupa\/\" \/>\r\n<meta property=\"og:site_name\" content=\"Escuela del agua\" \/>\r\n<meta property=\"article:published_time\" content=\"2023-03-05T11:46:32+00:00\" \/>\r\n<meta property=\"article:modified_time\" content=\"2023-07-13T11:47:33+00:00\" \/>\r\n<meta property=\"og:image\" content=\"https:\/\/www.laescueladelagua.com\/wp-content\/uploads\/2023\/07\/article-39-e1698070278255.jpeg\" \/>\r\n\t<meta property=\"og:image:width\" content=\"800\" \/>\r\n\t<meta property=\"og:image:height\" content=\"281\" \/>\r\n\t<meta property=\"og:image:type\" content=\"image\/jpeg\" \/>\r\n<meta name=\"author\" content=\"adminusr\" \/>\r\n<meta name=\"twitter:card\" content=\"summary_large_image\" \/>\r\n<meta name=\"twitter:label1\" content=\"Escrit per\" \/>\n\t<meta name=\"twitter:data1\" content=\"adminusr\" \/>\n\t<meta name=\"twitter:label2\" content=\"Temps estimat de lectura\" \/>\n\t<meta name=\"twitter:data2\" content=\"2 minuts\" \/>\r\n<script type=\"application\/ld+json\" class=\"yoast-schema-graph\">{\"@context\":\"https:\/\/schema.org\",\"@graph\":[{\"@type\":\"Article\",\"@id\":\"https:\/\/www.laescueladelagua.com\/el-agua-del-futuro-en-formaocupa\/#article\",\"isPartOf\":{\"@id\":\"https:\/\/www.laescueladelagua.com\/el-agua-del-futuro-en-formaocupa\/\"},\"author\":{\"name\":\"adminusr\",\"@id\":\"https:\/\/wapwebedapro01.azurewebsites.net\/#\/schema\/person\/dd1649223e405b6f9eb82e8f6798f241\"},\"headline\":\"El Agua del futuro en FormaOcupa\",\"datePublished\":\"2023-03-05T11:46:32+00:00\",\"dateModified\":\"2023-07-13T11:47:33+00:00\",\"mainEntityOfPage\":{\"@id\":\"https:\/\/www.laescueladelagua.com\/el-agua-del-futuro-en-formaocupa\/\"},\"wordCount\":351,\"commentCount\":0,\"publisher\":{\"@id\":\"https:\/\/wapwebedapro01.azurewebsites.net\/#organization\"},\"image\":{\"@id\":\"https:\/\/www.laescueladelagua.com\/el-agua-del-futuro-en-formaocupa\/#primaryimage\"},\"thumbnailUrl\":\"\/wp-content\/uploads\/2023\/07\/article-39-e1698070278255.jpeg\",\"articleSection\":[\"FP Dual\"],\"inLanguage\":\"ca\",\"potentialAction\":[{\"@type\":\"CommentAction\",\"name\":\"Comment\",\"target\":[\"https:\/\/www.laescueladelagua.com\/el-agua-del-futuro-en-formaocupa\/#respond\"]}]},{\"@type\":\"WebPage\",\"@id\":\"https:\/\/www.laescueladelagua.com\/el-agua-del-futuro-en-formaocupa\/\",\"url\":\"https:\/\/www.laescueladelagua.com\/el-agua-del-futuro-en-formaocupa\/\",\"name\":\"El Agua del futuro en FormaOcupa - Escuela del agua\",\"isPartOf\":{\"@id\":\"https:\/\/wapwebedapro01.azurewebsites.net\/#website\"},\"primaryImageOfPage\":{\"@id\":\"https:\/\/www.laescueladelagua.com\/el-agua-del-futuro-en-formaocupa\/#primaryimage\"},\"image\":{\"@id\":\"https:\/\/www.laescueladelagua.com\/el-agua-del-futuro-en-formaocupa\/#primaryimage\"},\"thumbnailUrl\":\"\/wp-content\/uploads\/2023\/07\/article-39-e1698070278255.jpeg\",\"datePublished\":\"2023-03-05T11:46:32+00:00\",\"dateModified\":\"2023-07-13T11:47:33+00:00\",\"breadcrumb\":{\"@id\":\"https:\/\/www.laescueladelagua.com\/el-agua-del-futuro-en-formaocupa\/#breadcrumb\"},\"inLanguage\":\"ca\",\"potentialAction\":[{\"@type\":\"ReadAction\",\"target\":[\"https:\/\/www.laescueladelagua.com\/el-agua-del-futuro-en-formaocupa\/\"]}]},{\"@type\":\"ImageObject\",\"inLanguage\":\"ca\",\"@id\":\"https:\/\/www.laescueladelagua.com\/el-agua-del-futuro-en-formaocupa\/#primaryimage\",\"url\":\"\/wp-content\/uploads\/2023\/07\/article-39-e1698070278255.jpeg\",\"contentUrl\":\"\/wp-content\/uploads\/2023\/07\/article-39-e1698070278255.jpeg\",\"width\":800,\"height\":281},{\"@type\":\"BreadcrumbList\",\"@id\":\"https:\/\/www.laescueladelagua.com\/el-agua-del-futuro-en-formaocupa\/#breadcrumb\",\"itemListElement\":[{\"@type\":\"ListItem\",\"position\":1,\"name\":\"Home\",\"item\":\"https:\/\/wapwebedapro01.azurewebsites.net\/\"},{\"@type\":\"ListItem\",\"position\":2,\"name\":\"El Agua del futuro en FormaOcupa\"}]},{\"@type\":\"WebSite\",\"@id\":\"https:\/\/wapwebedapro01.azurewebsites.net\/#website\",\"url\":\"https:\/\/wapwebedapro01.azurewebsites.net\/\",\"name\":\"Escuela del agua\",\"description\":\"\",\"publisher\":{\"@id\":\"https:\/\/wapwebedapro01.azurewebsites.net\/#organization\"},\"potentialAction\":[{\"@type\":\"SearchAction\",\"target\":{\"@type\":\"EntryPoint\",\"urlTemplate\":\"https:\/\/wapwebedapro01.azurewebsites.net\/?s={search_term_string}\"},\"query-input\":{\"@type\":\"PropertyValueSpecification\",\"valueRequired\":true,\"valueName\":\"search_term_string\"}}],\"inLanguage\":\"ca\"},{\"@type\":\"Organization\",\"@id\":\"https:\/\/wapwebedapro01.azurewebsites.net\/#organization\",\"name\":\"Escuela del agua\",\"url\":\"https:\/\/wapwebedapro01.azurewebsites.net\/\",\"logo\":{\"@type\":\"ImageObject\",\"inLanguage\":\"ca\",\"@id\":\"https:\/\/wapwebedapro01.azurewebsites.net\/#\/schema\/logo\/image\/\",\"url\":\"\/wp-content\/uploads\/2023\/08\/logo_EscueladelAgua_mod.1.1_150px.png\",\"contentUrl\":\"\/wp-content\/uploads\/2023\/08\/logo_EscueladelAgua_mod.1.1_150px.png\",\"width\":150,\"height\":90,\"caption\":\"Escuela del agua\"},\"image\":{\"@id\":\"https:\/\/wapwebedapro01.azurewebsites.net\/#\/schema\/logo\/image\/\"}},{\"@type\":\"Person\",\"@id\":\"https:\/\/wapwebedapro01.azurewebsites.net\/#\/schema\/person\/dd1649223e405b6f9eb82e8f6798f241\",\"name\":\"adminusr\",\"image\":{\"@type\":\"ImageObject\",\"inLanguage\":\"ca\",\"@id\":\"https:\/\/wapwebedapro01.azurewebsites.net\/#\/schema\/person\/image\/\",\"url\":\"https:\/\/secure.gravatar.com\/avatar\/0faaa87907e163fd330069f117adf408?s=96&d=mm&r=g\",\"contentUrl\":\"https:\/\/secure.gravatar.com\/avatar\/0faaa87907e163fd330069f117adf408?s=96&d=mm&r=g\",\"caption\":\"adminusr\"},\"sameAs\":[\"https:\/\/www.laescueladelagua.com\"],\"url\":\"https:\/\/www.laescueladelagua.com\/ca\/author\/adminusr\/\"}]}<\/script>\r\n<!-- \/ Yoast SEO plugin. -->","yoast_head_json":{"title":"El Agua del futuro en FormaOcupa - Escuela del agua","robots":{"index":"index","follow":"follow","max-snippet":"max-snippet:-1","max-image-preview":"max-image-preview:large","max-video-preview":"max-video-preview:-1"},"canonical":"https:\/\/www.laescueladelagua.com\/ca\/el-agua-del-futuro-en-formaocupa\/","og_locale":"ca_ES","og_type":"article","og_title":"El Agua del futuro en FormaOcupa - Escuela del agua","og_description":"Con el conocimiento de la incorporaci\u00f3n del Ciclo de Formaci\u00f3n Profesional de Grado Medio de Redes y Estaciones de tratamiento de agua por parte del Instituto Alfons Costafreda de T\u00e1rraga, tanto empresas, organismos y administraciones p\u00fablicas, todos ellos lo recibieron con buenas vibraciones por las necesidades que tiene la provincia de perfiles profesionales de dicho [&hellip;]","og_url":"https:\/\/www.laescueladelagua.com\/ca\/el-agua-del-futuro-en-formaocupa\/","og_site_name":"Escuela del agua","article_published_time":"2023-03-05T11:46:32+00:00","article_modified_time":"2023-07-13T11:47:33+00:00","og_image":[{"width":800,"height":281,"url":"https:\/\/www.laescueladelagua.com\/wp-content\/uploads\/2023\/07\/article-39-e1698070278255.jpeg","type":"image\/jpeg"}],"author":"adminusr","twitter_card":"summary_large_image","twitter_misc":{"Escrit per":"adminusr","Temps estimat de lectura":"2 minuts"},"schema":{"@context":"https:\/\/schema.org","@graph":[{"@type":"Article","@id":"https:\/\/www.laescueladelagua.com\/el-agua-del-futuro-en-formaocupa\/#article","isPartOf":{"@id":"https:\/\/www.laescueladelagua.com\/el-agua-del-futuro-en-formaocupa\/"},"author":{"name":"adminusr","@id":"https:\/\/wapwebedapro01.azurewebsites.net\/#\/schema\/person\/dd1649223e405b6f9eb82e8f6798f241"},"headline":"El Agua del futuro en FormaOcupa","datePublished":"2023-03-05T11:46:32+00:00","dateModified":"2023-07-13T11:47:33+00:00","mainEntityOfPage":{"@id":"https:\/\/www.laescueladelagua.com\/el-agua-del-futuro-en-formaocupa\/"},"wordCount":351,"commentCount":0,"publisher":{"@id":"https:\/\/wapwebedapro01.azurewebsites.net\/#organization"},"image":{"@id":"https:\/\/www.laescueladelagua.com\/el-agua-del-futuro-en-formaocupa\/#primaryimage"},"thumbnailUrl":"\/wp-content\/uploads\/2023\/07\/article-39-e1698070278255.jpeg","articleSection":["FP Dual"],"inLanguage":"ca","potentialAction":[{"@type":"CommentAction","name":"Comment","target":["https:\/\/www.laescueladelagua.com\/el-agua-del-futuro-en-formaocupa\/#respond"]}]},{"@type":"WebPage","@id":"https:\/\/www.laescueladelagua.com\/el-agua-del-futuro-en-formaocupa\/","url":"https:\/\/www.laescueladelagua.com\/el-agua-del-futuro-en-formaocupa\/","name":"El Agua del futuro en FormaOcupa - Escuela del agua","isPartOf":{"@id":"https:\/\/wapwebedapro01.azurewebsites.net\/#website"},"primaryImageOfPage":{"@id":"https:\/\/www.laescueladelagua.com\/el-agua-del-futuro-en-formaocupa\/#primaryimage"},"image":{"@id":"https:\/\/www.laescueladelagua.com\/el-agua-del-futuro-en-formaocupa\/#primaryimage"},"thumbnailUrl":"\/wp-content\/uploads\/2023\/07\/article-39-e1698070278255.jpeg","datePublished":"2023-03-05T11:46:32+00:00","dateModified":"2023-07-13T11:47:33+00:00","breadcrumb":{"@id":"https:\/\/www.laescueladelagua.com\/el-agua-del-futuro-en-formaocupa\/#breadcrumb"},"inLanguage":"ca","potentialAction":[{"@type":"ReadAction","target":["https:\/\/www.laescueladelagua.com\/el-agua-del-futuro-en-formaocupa\/"]}]},{"@type":"ImageObject","inLanguage":"ca","@id":"https:\/\/www.laescueladelagua.com\/el-agua-del-futuro-en-formaocupa\/#primaryimage","url":"\/wp-content\/uploads\/2023\/07\/article-39-e1698070278255.jpeg","contentUrl":"\/wp-content\/uploads\/2023\/07\/article-39-e1698070278255.jpeg","width":800,"height":281},{"@type":"BreadcrumbList","@id":"https:\/\/www.laescueladelagua.com\/el-agua-del-futuro-en-formaocupa\/#breadcrumb","itemListElement":[{"@type":"ListItem","position":1,"name":"Home","item":"https:\/\/wapwebedapro01.azurewebsites.net\/"},{"@type":"ListItem","position":2,"name":"El Agua del futuro en FormaOcupa"}]},{"@type":"WebSite","@id":"https:\/\/wapwebedapro01.azurewebsites.net\/#website","url":"https:\/\/wapwebedapro01.azurewebsites.net\/","name":"Escuela del agua","description":"","publisher":{"@id":"https:\/\/wapwebedapro01.azurewebsites.net\/#organization"},"potentialAction":[{"@type":"SearchAction","target":{"@type":"EntryPoint","urlTemplate":"https:\/\/wapwebedapro01.azurewebsites.net\/?s={search_term_string}"},"query-input":{"@type":"PropertyValueSpecification","valueRequired":true,"valueName":"search_term_string"}}],"inLanguage":"ca"},{"@type":"Organization","@id":"https:\/\/wapwebedapro01.azurewebsites.net\/#organization","name":"Escuela del agua","url":"https:\/\/wapwebedapro01.azurewebsites.net\/","logo":{"@type":"ImageObject","inLanguage":"ca","@id":"https:\/\/wapwebedapro01.azurewebsites.net\/#\/schema\/logo\/image\/","url":"\/wp-content\/uploads\/2023\/08\/logo_EscueladelAgua_mod.1.1_150px.png","contentUrl":"\/wp-content\/uploads\/2023\/08\/logo_EscueladelAgua_mod.1.1_150px.png","width":150,"height":90,"caption":"Escuela del agua"},"image":{"@id":"https:\/\/wapwebedapro01.azurewebsites.net\/#\/schema\/logo\/image\/"}},{"@type":"Person","@id":"https:\/\/wapwebedapro01.azurewebsites.net\/#\/schema\/person\/dd1649223e405b6f9eb82e8f6798f241","name":"adminusr","image":{"@type":"ImageObject","inLanguage":"ca","@id":"https:\/\/wapwebedapro01.azurewebsites.net\/#\/schema\/person\/image\/","url":"https:\/\/secure.gravatar.com\/avatar\/0faaa87907e163fd330069f117adf408?s=96&d=mm&r=g","contentUrl":"https:\/\/secure.gravatar.com\/avatar\/0faaa87907e163fd330069f117adf408?s=96&d=mm&r=g","caption":"adminusr"},"sameAs":["https:\/\/www.laescueladelagua.com"],"url":"https:\/\/www.laescueladelagua.com\/ca\/author\/adminusr\/"}]}},"meta_box":[],"_links":{"self":[{"href":"https:\/\/www.laescueladelagua.com\/ca\/wp-json\/wp\/v2\/posts\/1552","targetHints":{"allow":["GET"]}}],"collection":[{"href":"https:\/\/www.laescueladelagua.com\/ca\/wp-json\/wp\/v2\/posts"}],"about":[{"href":"https:\/\/www.laescueladelagua.com\/ca\/wp-json\/wp\/v2\/types\/post"}],"author":[{"embeddable":true,"href":"https:\/\/www.laescueladelagua.com\/ca\/wp-json\/wp\/v2\/users\/1"}],"replies":[{"embeddable":true,"href":"https:\/\/www.laescueladelagua.com\/ca\/wp-json\/wp\/v2\/comments?post=1552"}],"version-history":[{"count":2,"href":"https:\/\/www.laescueladelagua.com\/ca\/wp-json\/wp\/v2\/posts\/1552\/revisions"}],"predecessor-version":[{"id":1555,"href":"https:\/\/www.laescueladelagua.com\/ca\/wp-json\/wp\/v2\/posts\/1552\/revisions\/1555"}],"wp:featuredmedia":[{"embeddable":true,"href":"https:\/\/www.laescueladelagua.com\/ca\/wp-json\/wp\/v2\/media\/1553"}],"wp:attachment":[{"href":"https:\/\/www.laescueladelagua.com\/ca\/wp-json\/wp\/v2\/media?parent=1552"}],"wp:term":[{"taxonomy":"category","embeddable":true,"href":"https:\/\/www.laescueladelagua.com\/ca\/wp-json\/wp\/v2\/categories?post=1552"},{"taxonomy":"post_tag","embeddable":true,"href":"https:\/\/www.laescueladelagua.com\/ca\/wp-json\/wp\/v2\/tags?post=1552"}],"curies":[{"name":"wp","href":"https:\/\/api.w.org\/{rel}","templated":true}]}}