{"id":1966,"date":"2023-06-01T07:29:36","date_gmt":"2023-06-01T07:29:36","guid":{"rendered":"https:\/\/www.laescueladelagua.com\/?p=1966"},"modified":"2023-10-16T11:34:44","modified_gmt":"2023-10-16T11:34:44","slug":"los-centros-de-excelencia-en-formacion-profesionalizadora-se-reunen-en-barcelona","status":"publish","type":"post","link":"https:\/\/www.laescueladelagua.com\/ca\/los-centros-de-excelencia-en-formacion-profesionalizadora-se-reunen-en-barcelona\/","title":{"rendered":"Els centres d\u00bfexcel\u00b7l\u00e8ncia en formaci\u00f3 professionalitzadora es reuneixen a Barcelona"},"content":{"rendered":"<p>Els dies 10 i 11 de maig va tenir lloc a Barcelona la <strong>confer\u00e8ncia anual del <a href=\"https:\/\/3-loe.eu\/\" target=\"_blank\" rel=\"noopener\">projecte europeu 3LoE<\/a><\/strong>, el qual t\u00e9 com a objectiu la creaci\u00f3 de centres d&#039;excel\u00b7l\u00e8ncia en formaci\u00f3 professionalitzadora (CoVEs) a 7 pa\u00efsos diferents.<\/p>\n<p>Durant les dues jornades de treball de la trobada, els socis van posar en com\u00fa l&#039;estat actual del seu desenvolupament i van rebre formaci\u00f3 sobre temes com l&#039;avaluaci\u00f3 i la difusi\u00f3 dels resultats, o el programa d&#039;estrat\u00e8gia pol\u00edtica.<\/p>\n<p>Aquest projecte de quatre anys se centra en la creaci\u00f3 de CoVEs sobre Economia Verda, Digitalitzaci\u00f3 i Emprenedoria, i concretament en el cas de Catalunya posa el focus a l&#039;\u00e0mbit de l&#039;aigua. Hi participen un total de vint-i-un socis directes europeus i m\u00e9s de seixanta empreses implicades, entre elles el partenariat conformat per la Direcci\u00f3 General de Formaci\u00f3 Professional (Generalitat de Catalunya), l&#039;Institut Pere Martell de Tarragona i Agbar-Escola de l&#039;Aigua.<\/p>\n<p>Els objectius globals del projecte persegueixen establir centres d&#039;FP d&#039;excel\u00b7l\u00e8ncia professional en tres nivells educatius (FP de grau mitj\u00e0, FP de grau superior i estudis universitaris), millorar de manera sostenible i substancial els estudis, assegurant aix\u00ed la demanda de joves professionals, directius i empresaris i enfortint la competitivitat de les empreses a l&#039;economia verda.<\/p>\n<p><img decoding=\"async\" class=\"alignnone wp-image-1326\" src=\"\/wp-content\/uploads\/2023\/07\/3loe-e1690443128219-300x216.jpg\" alt=\"\" width=\"238\" height=\"171\" srcset=\"\/wp-content\/uploads\/2023\/07\/3loe-e1690443128219-300x216.jpg 300w, \/wp-content\/uploads\/2023\/07\/3loe-e1690443128219-18x12.jpg 18w, \/wp-content\/uploads\/2023\/07\/3loe-e1690443128219.jpg 538w\" sizes=\"(max-width: 238px) 100vw, 238px\" \/><\/p>","protected":false},"excerpt":{"rendered":"<p>Els dies 10 i 11 de maig va tenir lloc a Barcelona la confer\u00e8ncia anual del projecte europeu 3LoE, que t\u00e9 com a objectiu la creaci\u00f3 de centres d&#039;excel\u00b7l\u00e8ncia en formaci\u00f3 professionalitzadora (CoVEs) a 7 pa\u00efsos diferents. Durant les dues jornades de treball de la trobada, els socis van posar en com\u00fa l&#039;estat actual de la [...]<\/p>","protected":false},"author":1,"featured_media":1955,"comment_status":"open","ping_status":"open","sticky":false,"template":"","format":"standard","meta":{"footnotes":""},"categories":[60],"tags":[],"class_list":["post-1966","post","type-post","status-publish","format-standard","has-post-thumbnail","hentry","category-proyectos-europeos"],"yoast_head":"<!-- This site is optimized with the Yoast SEO plugin v24.5 - https:\/\/yoast.com\/wordpress\/plugins\/seo\/ -->\r\n<title>Los centros de excelencia en formaci\u00f3n profesionalizadora se re\u00fanen en Barcelona - Escuela del agua<\/title>\r\n<meta name=\"robots\" content=\"index, follow, max-snippet:-1, max-image-preview:large, max-video-preview:-1\" \/>\r\n<link rel=\"canonical\" href=\"https:\/\/www.laescueladelagua.com\/ca\/los-centros-de-excelencia-en-formacion-profesionalizadora-se-reunen-en-barcelona\/\" \/>\r\n<meta property=\"og:locale\" content=\"ca_ES\" \/>\r\n<meta property=\"og:type\" content=\"article\" \/>\r\n<meta property=\"og:title\" content=\"Los centros de excelencia en formaci\u00f3n profesionalizadora se re\u00fanen en Barcelona - Escuela del agua\" \/>\r\n<meta property=\"og:description\" content=\"Los d\u00edas 10 y 11 de mayo tuvo lugar en Barcelona la conferencia anual del proyecto europeo 3LoE, el cual tiene como objetivo la creaci\u00f3n de centros de excelencia en formaci\u00f3n profesionalizadora (CoVEs) en 7 pa\u00edses diferentes. Durante las dos jornadas de trabajo del encuentro, los socios pusieron en com\u00fan el estado actual de su [&hellip;]\" \/>\r\n<meta property=\"og:url\" content=\"https:\/\/www.laescueladelagua.com\/ca\/los-centros-de-excelencia-en-formacion-profesionalizadora-se-reunen-en-barcelona\/\" \/>\r\n<meta property=\"og:site_name\" content=\"Escuela del agua\" \/>\r\n<meta property=\"article:published_time\" content=\"2023-06-01T07:29:36+00:00\" \/>\r\n<meta property=\"article:modified_time\" content=\"2023-10-16T11:34:44+00:00\" \/>\r\n<meta property=\"og:image\" content=\"https:\/\/www.laescueladelagua.com\/wp-content\/uploads\/2023\/07\/article-46-e1698070655512.jpeg\" \/>\r\n\t<meta property=\"og:image:width\" content=\"800\" \/>\r\n\t<meta property=\"og:image:height\" content=\"215\" \/>\r\n\t<meta property=\"og:image:type\" content=\"image\/jpeg\" \/>\r\n<meta name=\"author\" content=\"adminusr\" \/>\r\n<meta name=\"twitter:card\" content=\"summary_large_image\" \/>\r\n<meta name=\"twitter:label1\" content=\"Escrit per\" \/>\n\t<meta name=\"twitter:data1\" content=\"adminusr\" \/>\n\t<meta name=\"twitter:label2\" content=\"Temps estimat de lectura\" \/>\n\t<meta name=\"twitter:data2\" content=\"1 minut\" \/>\r\n<script type=\"application\/ld+json\" class=\"yoast-schema-graph\">{\"@context\":\"https:\/\/schema.org\",\"@graph\":[{\"@type\":\"Article\",\"@id\":\"https:\/\/www.laescueladelagua.com\/los-centros-de-excelencia-en-formacion-profesionalizadora-se-reunen-en-barcelona\/#article\",\"isPartOf\":{\"@id\":\"https:\/\/www.laescueladelagua.com\/los-centros-de-excelencia-en-formacion-profesionalizadora-se-reunen-en-barcelona\/\"},\"author\":{\"name\":\"adminusr\",\"@id\":\"https:\/\/wapwebedapro01.azurewebsites.net\/#\/schema\/person\/dd1649223e405b6f9eb82e8f6798f241\"},\"headline\":\"Los centros de excelencia en formaci\u00f3n profesionalizadora se re\u00fanen en Barcelona\",\"datePublished\":\"2023-06-01T07:29:36+00:00\",\"dateModified\":\"2023-10-16T11:34:44+00:00\",\"mainEntityOfPage\":{\"@id\":\"https:\/\/www.laescueladelagua.com\/los-centros-de-excelencia-en-formacion-profesionalizadora-se-reunen-en-barcelona\/\"},\"wordCount\":234,\"commentCount\":0,\"publisher\":{\"@id\":\"https:\/\/wapwebedapro01.azurewebsites.net\/#organization\"},\"image\":{\"@id\":\"https:\/\/www.laescueladelagua.com\/los-centros-de-excelencia-en-formacion-profesionalizadora-se-reunen-en-barcelona\/#primaryimage\"},\"thumbnailUrl\":\"\/wp-content\/uploads\/2023\/07\/article-46-e1698070655512.jpeg\",\"articleSection\":[\"Proyectos Europeos\"],\"inLanguage\":\"ca\",\"potentialAction\":[{\"@type\":\"CommentAction\",\"name\":\"Comment\",\"target\":[\"https:\/\/www.laescueladelagua.com\/los-centros-de-excelencia-en-formacion-profesionalizadora-se-reunen-en-barcelona\/#respond\"]}]},{\"@type\":\"WebPage\",\"@id\":\"https:\/\/www.laescueladelagua.com\/los-centros-de-excelencia-en-formacion-profesionalizadora-se-reunen-en-barcelona\/\",\"url\":\"https:\/\/www.laescueladelagua.com\/los-centros-de-excelencia-en-formacion-profesionalizadora-se-reunen-en-barcelona\/\",\"name\":\"Los centros de excelencia en formaci\u00f3n profesionalizadora se re\u00fanen en Barcelona - Escuela del agua\",\"isPartOf\":{\"@id\":\"https:\/\/wapwebedapro01.azurewebsites.net\/#website\"},\"primaryImageOfPage\":{\"@id\":\"https:\/\/www.laescueladelagua.com\/los-centros-de-excelencia-en-formacion-profesionalizadora-se-reunen-en-barcelona\/#primaryimage\"},\"image\":{\"@id\":\"https:\/\/www.laescueladelagua.com\/los-centros-de-excelencia-en-formacion-profesionalizadora-se-reunen-en-barcelona\/#primaryimage\"},\"thumbnailUrl\":\"\/wp-content\/uploads\/2023\/07\/article-46-e1698070655512.jpeg\",\"datePublished\":\"2023-06-01T07:29:36+00:00\",\"dateModified\":\"2023-10-16T11:34:44+00:00\",\"breadcrumb\":{\"@id\":\"https:\/\/www.laescueladelagua.com\/los-centros-de-excelencia-en-formacion-profesionalizadora-se-reunen-en-barcelona\/#breadcrumb\"},\"inLanguage\":\"ca\",\"potentialAction\":[{\"@type\":\"ReadAction\",\"target\":[\"https:\/\/www.laescueladelagua.com\/los-centros-de-excelencia-en-formacion-profesionalizadora-se-reunen-en-barcelona\/\"]}]},{\"@type\":\"ImageObject\",\"inLanguage\":\"ca\",\"@id\":\"https:\/\/www.laescueladelagua.com\/los-centros-de-excelencia-en-formacion-profesionalizadora-se-reunen-en-barcelona\/#primaryimage\",\"url\":\"\/wp-content\/uploads\/2023\/07\/article-46-e1698070655512.jpeg\",\"contentUrl\":\"\/wp-content\/uploads\/2023\/07\/article-46-e1698070655512.jpeg\",\"width\":800,\"height\":215},{\"@type\":\"BreadcrumbList\",\"@id\":\"https:\/\/www.laescueladelagua.com\/los-centros-de-excelencia-en-formacion-profesionalizadora-se-reunen-en-barcelona\/#breadcrumb\",\"itemListElement\":[{\"@type\":\"ListItem\",\"position\":1,\"name\":\"Home\",\"item\":\"https:\/\/wapwebedapro01.azurewebsites.net\/\"},{\"@type\":\"ListItem\",\"position\":2,\"name\":\"Los centros de excelencia en formaci\u00f3n profesionalizadora se re\u00fanen en Barcelona\"}]},{\"@type\":\"WebSite\",\"@id\":\"https:\/\/wapwebedapro01.azurewebsites.net\/#website\",\"url\":\"https:\/\/wapwebedapro01.azurewebsites.net\/\",\"name\":\"Escuela del agua\",\"description\":\"\",\"publisher\":{\"@id\":\"https:\/\/wapwebedapro01.azurewebsites.net\/#organization\"},\"potentialAction\":[{\"@type\":\"SearchAction\",\"target\":{\"@type\":\"EntryPoint\",\"urlTemplate\":\"https:\/\/wapwebedapro01.azurewebsites.net\/?s={search_term_string}\"},\"query-input\":{\"@type\":\"PropertyValueSpecification\",\"valueRequired\":true,\"valueName\":\"search_term_string\"}}],\"inLanguage\":\"ca\"},{\"@type\":\"Organization\",\"@id\":\"https:\/\/wapwebedapro01.azurewebsites.net\/#organization\",\"name\":\"Escuela del agua\",\"url\":\"https:\/\/wapwebedapro01.azurewebsites.net\/\",\"logo\":{\"@type\":\"ImageObject\",\"inLanguage\":\"ca\",\"@id\":\"https:\/\/wapwebedapro01.azurewebsites.net\/#\/schema\/logo\/image\/\",\"url\":\"\/wp-content\/uploads\/2023\/08\/logo_EscueladelAgua_mod.1.1_150px.png\",\"contentUrl\":\"\/wp-content\/uploads\/2023\/08\/logo_EscueladelAgua_mod.1.1_150px.png\",\"width\":150,\"height\":90,\"caption\":\"Escuela del agua\"},\"image\":{\"@id\":\"https:\/\/wapwebedapro01.azurewebsites.net\/#\/schema\/logo\/image\/\"}},{\"@type\":\"Person\",\"@id\":\"https:\/\/wapwebedapro01.azurewebsites.net\/#\/schema\/person\/dd1649223e405b6f9eb82e8f6798f241\",\"name\":\"adminusr\",\"image\":{\"@type\":\"ImageObject\",\"inLanguage\":\"ca\",\"@id\":\"https:\/\/wapwebedapro01.azurewebsites.net\/#\/schema\/person\/image\/\",\"url\":\"https:\/\/secure.gravatar.com\/avatar\/0faaa87907e163fd330069f117adf408?s=96&d=mm&r=g\",\"contentUrl\":\"https:\/\/secure.gravatar.com\/avatar\/0faaa87907e163fd330069f117adf408?s=96&d=mm&r=g\",\"caption\":\"adminusr\"},\"sameAs\":[\"https:\/\/www.laescueladelagua.com\"],\"url\":\"https:\/\/www.laescueladelagua.com\/ca\/author\/adminusr\/\"}]}<\/script>\r\n<!-- \/ Yoast SEO plugin. -->","yoast_head_json":{"title":"Los centros de excelencia en formaci\u00f3n profesionalizadora se re\u00fanen en Barcelona - Escuela del agua","robots":{"index":"index","follow":"follow","max-snippet":"max-snippet:-1","max-image-preview":"max-image-preview:large","max-video-preview":"max-video-preview:-1"},"canonical":"https:\/\/www.laescueladelagua.com\/ca\/los-centros-de-excelencia-en-formacion-profesionalizadora-se-reunen-en-barcelona\/","og_locale":"ca_ES","og_type":"article","og_title":"Los centros de excelencia en formaci\u00f3n profesionalizadora se re\u00fanen en Barcelona - Escuela del agua","og_description":"Los d\u00edas 10 y 11 de mayo tuvo lugar en Barcelona la conferencia anual del proyecto europeo 3LoE, el cual tiene como objetivo la creaci\u00f3n de centros de excelencia en formaci\u00f3n profesionalizadora (CoVEs) en 7 pa\u00edses diferentes. Durante las dos jornadas de trabajo del encuentro, los socios pusieron en com\u00fan el estado actual de su [&hellip;]","og_url":"https:\/\/www.laescueladelagua.com\/ca\/los-centros-de-excelencia-en-formacion-profesionalizadora-se-reunen-en-barcelona\/","og_site_name":"Escuela del agua","article_published_time":"2023-06-01T07:29:36+00:00","article_modified_time":"2023-10-16T11:34:44+00:00","og_image":[{"width":800,"height":215,"url":"https:\/\/www.laescueladelagua.com\/wp-content\/uploads\/2023\/07\/article-46-e1698070655512.jpeg","type":"image\/jpeg"}],"author":"adminusr","twitter_card":"summary_large_image","twitter_misc":{"Escrit per":"adminusr","Temps estimat de lectura":"1 minut"},"schema":{"@context":"https:\/\/schema.org","@graph":[{"@type":"Article","@id":"https:\/\/www.laescueladelagua.com\/los-centros-de-excelencia-en-formacion-profesionalizadora-se-reunen-en-barcelona\/#article","isPartOf":{"@id":"https:\/\/www.laescueladelagua.com\/los-centros-de-excelencia-en-formacion-profesionalizadora-se-reunen-en-barcelona\/"},"author":{"name":"adminusr","@id":"https:\/\/wapwebedapro01.azurewebsites.net\/#\/schema\/person\/dd1649223e405b6f9eb82e8f6798f241"},"headline":"Los centros de excelencia en formaci\u00f3n profesionalizadora se re\u00fanen en Barcelona","datePublished":"2023-06-01T07:29:36+00:00","dateModified":"2023-10-16T11:34:44+00:00","mainEntityOfPage":{"@id":"https:\/\/www.laescueladelagua.com\/los-centros-de-excelencia-en-formacion-profesionalizadora-se-reunen-en-barcelona\/"},"wordCount":234,"commentCount":0,"publisher":{"@id":"https:\/\/wapwebedapro01.azurewebsites.net\/#organization"},"image":{"@id":"https:\/\/www.laescueladelagua.com\/los-centros-de-excelencia-en-formacion-profesionalizadora-se-reunen-en-barcelona\/#primaryimage"},"thumbnailUrl":"\/wp-content\/uploads\/2023\/07\/article-46-e1698070655512.jpeg","articleSection":["Proyectos Europeos"],"inLanguage":"ca","potentialAction":[{"@type":"CommentAction","name":"Comment","target":["https:\/\/www.laescueladelagua.com\/los-centros-de-excelencia-en-formacion-profesionalizadora-se-reunen-en-barcelona\/#respond"]}]},{"@type":"WebPage","@id":"https:\/\/www.laescueladelagua.com\/los-centros-de-excelencia-en-formacion-profesionalizadora-se-reunen-en-barcelona\/","url":"https:\/\/www.laescueladelagua.com\/los-centros-de-excelencia-en-formacion-profesionalizadora-se-reunen-en-barcelona\/","name":"Los centros de excelencia en formaci\u00f3n profesionalizadora se re\u00fanen en Barcelona - Escuela del agua","isPartOf":{"@id":"https:\/\/wapwebedapro01.azurewebsites.net\/#website"},"primaryImageOfPage":{"@id":"https:\/\/www.laescueladelagua.com\/los-centros-de-excelencia-en-formacion-profesionalizadora-se-reunen-en-barcelona\/#primaryimage"},"image":{"@id":"https:\/\/www.laescueladelagua.com\/los-centros-de-excelencia-en-formacion-profesionalizadora-se-reunen-en-barcelona\/#primaryimage"},"thumbnailUrl":"\/wp-content\/uploads\/2023\/07\/article-46-e1698070655512.jpeg","datePublished":"2023-06-01T07:29:36+00:00","dateModified":"2023-10-16T11:34:44+00:00","breadcrumb":{"@id":"https:\/\/www.laescueladelagua.com\/los-centros-de-excelencia-en-formacion-profesionalizadora-se-reunen-en-barcelona\/#breadcrumb"},"inLanguage":"ca","potentialAction":[{"@type":"ReadAction","target":["https:\/\/www.laescueladelagua.com\/los-centros-de-excelencia-en-formacion-profesionalizadora-se-reunen-en-barcelona\/"]}]},{"@type":"ImageObject","inLanguage":"ca","@id":"https:\/\/www.laescueladelagua.com\/los-centros-de-excelencia-en-formacion-profesionalizadora-se-reunen-en-barcelona\/#primaryimage","url":"\/wp-content\/uploads\/2023\/07\/article-46-e1698070655512.jpeg","contentUrl":"\/wp-content\/uploads\/2023\/07\/article-46-e1698070655512.jpeg","width":800,"height":215},{"@type":"BreadcrumbList","@id":"https:\/\/www.laescueladelagua.com\/los-centros-de-excelencia-en-formacion-profesionalizadora-se-reunen-en-barcelona\/#breadcrumb","itemListElement":[{"@type":"ListItem","position":1,"name":"Home","item":"https:\/\/wapwebedapro01.azurewebsites.net\/"},{"@type":"ListItem","position":2,"name":"Los centros de excelencia en formaci\u00f3n profesionalizadora se re\u00fanen en Barcelona"}]},{"@type":"WebSite","@id":"https:\/\/wapwebedapro01.azurewebsites.net\/#website","url":"https:\/\/wapwebedapro01.azurewebsites.net\/","name":"Escuela del agua","description":"","publisher":{"@id":"https:\/\/wapwebedapro01.azurewebsites.net\/#organization"},"potentialAction":[{"@type":"SearchAction","target":{"@type":"EntryPoint","urlTemplate":"https:\/\/wapwebedapro01.azurewebsites.net\/?s={search_term_string}"},"query-input":{"@type":"PropertyValueSpecification","valueRequired":true,"valueName":"search_term_string"}}],"inLanguage":"ca"},{"@type":"Organization","@id":"https:\/\/wapwebedapro01.azurewebsites.net\/#organization","name":"Escuela del agua","url":"https:\/\/wapwebedapro01.azurewebsites.net\/","logo":{"@type":"ImageObject","inLanguage":"ca","@id":"https:\/\/wapwebedapro01.azurewebsites.net\/#\/schema\/logo\/image\/","url":"\/wp-content\/uploads\/2023\/08\/logo_EscueladelAgua_mod.1.1_150px.png","contentUrl":"\/wp-content\/uploads\/2023\/08\/logo_EscueladelAgua_mod.1.1_150px.png","width":150,"height":90,"caption":"Escuela del agua"},"image":{"@id":"https:\/\/wapwebedapro01.azurewebsites.net\/#\/schema\/logo\/image\/"}},{"@type":"Person","@id":"https:\/\/wapwebedapro01.azurewebsites.net\/#\/schema\/person\/dd1649223e405b6f9eb82e8f6798f241","name":"adminusr","image":{"@type":"ImageObject","inLanguage":"ca","@id":"https:\/\/wapwebedapro01.azurewebsites.net\/#\/schema\/person\/image\/","url":"https:\/\/secure.gravatar.com\/avatar\/0faaa87907e163fd330069f117adf408?s=96&d=mm&r=g","contentUrl":"https:\/\/secure.gravatar.com\/avatar\/0faaa87907e163fd330069f117adf408?s=96&d=mm&r=g","caption":"adminusr"},"sameAs":["https:\/\/www.laescueladelagua.com"],"url":"https:\/\/www.laescueladelagua.com\/ca\/author\/adminusr\/"}]}},"meta_box":[],"_links":{"self":[{"href":"https:\/\/www.laescueladelagua.com\/ca\/wp-json\/wp\/v2\/posts\/1966","targetHints":{"allow":["GET"]}}],"collection":[{"href":"https:\/\/www.laescueladelagua.com\/ca\/wp-json\/wp\/v2\/posts"}],"about":[{"href":"https:\/\/www.laescueladelagua.com\/ca\/wp-json\/wp\/v2\/types\/post"}],"author":[{"embeddable":true,"href":"https:\/\/www.laescueladelagua.com\/ca\/wp-json\/wp\/v2\/users\/1"}],"replies":[{"embeddable":true,"href":"https:\/\/www.laescueladelagua.com\/ca\/wp-json\/wp\/v2\/comments?post=1966"}],"version-history":[{"count":4,"href":"https:\/\/www.laescueladelagua.com\/ca\/wp-json\/wp\/v2\/posts\/1966\/revisions"}],"predecessor-version":[{"id":1970,"href":"https:\/\/www.laescueladelagua.com\/ca\/wp-json\/wp\/v2\/posts\/1966\/revisions\/1970"}],"wp:featuredmedia":[{"embeddable":true,"href":"https:\/\/www.laescueladelagua.com\/ca\/wp-json\/wp\/v2\/media\/1955"}],"wp:attachment":[{"href":"https:\/\/www.laescueladelagua.com\/ca\/wp-json\/wp\/v2\/media?parent=1966"}],"wp:term":[{"taxonomy":"category","embeddable":true,"href":"https:\/\/www.laescueladelagua.com\/ca\/wp-json\/wp\/v2\/categories?post=1966"},{"taxonomy":"post_tag","embeddable":true,"href":"https:\/\/www.laescueladelagua.com\/ca\/wp-json\/wp\/v2\/tags?post=1966"}],"curies":[{"name":"wp","href":"https:\/\/api.w.org\/{rel}","templated":true}]}}