{"id":1971,"date":"2023-06-04T07:33:53","date_gmt":"2023-06-04T07:33:53","guid":{"rendered":"https:\/\/www.laescueladelagua.com\/?p=1971"},"modified":"2023-07-27T07:35:49","modified_gmt":"2023-07-27T07:35:49","slug":"recibimos-el-premio-alianza-para-la-fp-dual-por-nuestra-contribucion-a-la-empleabilidad-de-los-jovenes-en-el-sector-del-agua","status":"publish","type":"post","link":"https:\/\/www.laescueladelagua.com\/ca\/recibimos-el-premio-alianza-para-la-fp-dual-por-nuestra-contribucion-a-la-empleabilidad-de-los-jovenes-en-el-sector-del-agua\/","title":{"rendered":"Rebem el Premi Alian\u00e7a per a la FP Dual per la nostra contribuci\u00f3 a l&#039;ocupabilitat dels joves al sector de l&#039;aigua"},"content":{"rendered":"<p><em>Agbar \u00e9s la guanyadora de la setena edici\u00f3 del premi Alian\u00e7a per a la FP Dual a la categoria de Gran Empresa. El jurat dels premis, organitzats per la Fundaci\u00f3 Bertelsmann i la Fundaci\u00f3 CEOE, destaca l&#039;aposta d&#039;Agbar per aquesta modalitat formativa, que contribueix a una ocupaci\u00f3 de qualitat per als joves al sector de l&#039;aigua. La gala de lliurament va tenir lloc a la seu de CEOE el 7 de juny passat, i el guard\u00f3 va ser recollit per Toni Bru, director de Persones i Organitzaci\u00f3 d&#039;Agbar.<\/em><\/p>\n<p>El Premi Alian\u00e7a per a l&#039;FP Dual reconeix la traject\u00f2ria d&#039;Agbar promovent el desenvolupament d&#039;aquesta modalitat formativa a Espanya, en col\u00b7laboraci\u00f3 amb les administracions p\u00fabliques i els centres educatius de diferents comunitats aut\u00f2nomes (Catalunya, Gal\u00edcia, Can\u00e0ries, Madrid, M\u00farcia, Andalusia i Comunitat valenciana).<\/p>\n<p>Aquest Premi reconeix \u201cl&#039;aposta decidida d&#039;Agbar per l&#039;FP Dual, que ha estat impulsada de manera pertina\u00e7 i sostinguda al llarg del temps, fins a desplegar-se als diferents territoris on som presents, com a part del nostre comprom\u00eds amb el talent i l&#039;ocupaci\u00f3 de qualitat\u201d, ha destacat Toni Bru, director de Persones i Organitzaci\u00f3 d&#039;Agbar, que ha recollit el premi de la m\u00e0 d&#039;Antonio Garamendi, president de la CEOE, entitat amfitriona de la gala.<\/p>\n<p>Amb l&#039;FP Dual, l&#039;empresa s&#039;implica a l&#039;organitzaci\u00f3 de la formaci\u00f3 m\u00e9s enll\u00e0 de les pr\u00e0ctiques tradicionals, amb la impartici\u00f3 de continguts amb valor curricular al lloc de treball. Aix\u00ed, Agbar ha impulsat el disseny de cicles formatius espec\u00edfics del sector com el Cicle Formatiu de Grau Mitj\u00e0 en Xarxes i Estacions d&#039;Aigua i el Cicle Formatiu de Grau Superior en Gesti\u00f3 d&#039;Aigua, a diferents instituts amb la col\u00b7laboraci\u00f3 de les operadores del grup a Espanya, i sota la coordinaci\u00f3 i el suport educatiu de l&#039;Escola de l&#039;Aigua.<\/p>\n<p>El desplegament de l&#039;FP Dual, que consisteix en una modalitat de formaci\u00f3 professional que es realitza en alternan\u00e7a entre el centre educatiu i l&#039;empresa, s&#039;emmarca en un model integral de qualificaci\u00f3 professional promogut per Agbar que inclou la formaci\u00f3 cont\u00ednua a l&#039;empresa, acreditaci\u00f3 de compet\u00e8ncies professionals i la incorporaci\u00f3 de talent jove qualificat al sector.<\/p>\n<p>Aquest model ha perm\u00e8s, per exemple, refor\u00e7ar una visi\u00f3 innovadora al voltant de l&#039;aprenentatge digital de qualitat, oferint cursos espec\u00edfics dels diferents processos del cicle integral de l&#039;aigua i els stages formatius espec\u00edfics per a docents de la FP Dual. A m\u00e9s, s&#039;han fet capacitacions per als tutors d&#039;empresa mitjan\u00e7ant tallers en col\u00b7laboraci\u00f3 amb la Fundaci\u00f3 Bertelsmann; s&#039;han posat a disposici\u00f3 professionals experts com a docents als centres; i s&#039;han organitzat visites t\u00e8cniques a diverses instal\u00b7lacions del cicle integral de l&#039;aigua del grup.<\/p>\n<p>&quot;Aquest reconeixement \u00e9s sobretot una palanca per refor\u00e7ar la nostra estrat\u00e8gia integrada de qualificaci\u00f3 professional, que t\u00e9 a la Formaci\u00f3 Dual la base per a l&#039;atracci\u00f3 i aprenentatge del talent jove en l&#039;\u00e0mbit operacional&quot;, ha afegit Toni Bru.<\/p>\n<p>El Premi Alian\u00e7a per a l&#039;FP Dual va ser creat el 2017 per la Fundaci\u00f3 Bertelsmann per recon\u00e8ixer i premiar els millors projectes que reflecteixen i promouen el comprom\u00eds amb l&#039;FP Dual a Espanya. L&#039;objectiu d&#039;aquesta iniciativa \u00e9s conscienciar el teixit empresarial, els centres educatius, les organitzacions i la societat sobre la necessitat d&#039;impulsar una formaci\u00f3 professional dual de qualitat a Espanya, que contribueix a una reducci\u00f3 de la desocupaci\u00f3 juvenil, una millora de la competitivitat de les empreses i l&#039;acostament entre el m\u00f3n empresarial i educatiu.<\/p>","protected":false},"excerpt":{"rendered":"<p>Agbar \u00e9s la guanyadora de la setena edici\u00f3 del premi Alian\u00e7a per a la FP Dual a la categoria de Gran Empresa. El jurat dels premis, organitzats per la Fundaci\u00f3 Bertelsmann i la Fundaci\u00f3 CEOE, destaca l&#039;aposta d&#039;Agbar per aquesta modalitat formativa, que contribueix a una ocupaci\u00f3 de qualitat per als joves en el sector [\u2026]<\/p>","protected":false},"author":1,"featured_media":1956,"comment_status":"open","ping_status":"open","sticky":false,"template":"","format":"standard","meta":{"footnotes":""},"categories":[28],"tags":[],"class_list":["post-1971","post","type-post","status-publish","format-standard","has-post-thumbnail","hentry","category-fp-dual"],"yoast_head":"<!-- This site is optimized with the Yoast SEO plugin v24.5 - https:\/\/yoast.com\/wordpress\/plugins\/seo\/ -->\r\n<title>Recibimos el Premio Alianza para la FP Dual por nuestra contribuci\u00f3n a la empleabilidad de los j\u00f3venes en el sector del agua - Escuela del agua<\/title>\r\n<meta name=\"robots\" content=\"index, follow, max-snippet:-1, max-image-preview:large, max-video-preview:-1\" \/>\r\n<link rel=\"canonical\" href=\"https:\/\/www.laescueladelagua.com\/ca\/recibimos-el-premio-alianza-para-la-fp-dual-por-nuestra-contribucion-a-la-empleabilidad-de-los-jovenes-en-el-sector-del-agua\/\" \/>\r\n<meta property=\"og:locale\" content=\"ca_ES\" \/>\r\n<meta property=\"og:type\" content=\"article\" \/>\r\n<meta property=\"og:title\" content=\"Recibimos el Premio Alianza para la FP Dual por nuestra contribuci\u00f3n a la empleabilidad de los j\u00f3venes en el sector del agua - Escuela del agua\" \/>\r\n<meta property=\"og:description\" content=\"Agbar es la ganadora de la s\u00e9ptima edici\u00f3n del premio Alianza para la FP Dual en la categor\u00eda de Gran Empresa. El jurado de los premios, organizados por Fundaci\u00f3n Bertelsmann y Fundaci\u00f3n CEOE, destaca la apuesta de Agbar por esta modalidad formativa, que contribuye a un empleo de calidad para los j\u00f3venes en el sector [&hellip;]\" \/>\r\n<meta property=\"og:url\" content=\"https:\/\/www.laescueladelagua.com\/ca\/recibimos-el-premio-alianza-para-la-fp-dual-por-nuestra-contribucion-a-la-empleabilidad-de-los-jovenes-en-el-sector-del-agua\/\" \/>\r\n<meta property=\"og:site_name\" content=\"Escuela del agua\" \/>\r\n<meta property=\"article:published_time\" content=\"2023-06-04T07:33:53+00:00\" \/>\r\n<meta property=\"article:modified_time\" content=\"2023-07-27T07:35:49+00:00\" \/>\r\n<meta property=\"og:image\" content=\"https:\/\/www.laescueladelagua.com\/wp-content\/uploads\/2023\/07\/article-47-e1698070626404.jpeg\" \/>\r\n\t<meta property=\"og:image:width\" content=\"800\" \/>\r\n\t<meta property=\"og:image:height\" content=\"320\" \/>\r\n\t<meta property=\"og:image:type\" content=\"image\/jpeg\" \/>\r\n<meta name=\"author\" content=\"adminusr\" \/>\r\n<meta name=\"twitter:card\" content=\"summary_large_image\" \/>\r\n<meta name=\"twitter:label1\" content=\"Escrit per\" \/>\n\t<meta name=\"twitter:data1\" content=\"adminusr\" \/>\n\t<meta name=\"twitter:label2\" content=\"Temps estimat de lectura\" \/>\n\t<meta name=\"twitter:data2\" content=\"3 minuts\" \/>\r\n<script type=\"application\/ld+json\" class=\"yoast-schema-graph\">{\"@context\":\"https:\/\/schema.org\",\"@graph\":[{\"@type\":\"Article\",\"@id\":\"https:\/\/www.laescueladelagua.com\/ca\/recibimos-el-premio-alianza-para-la-fp-dual-por-nuestra-contribucion-a-la-empleabilidad-de-los-jovenes-en-el-sector-del-agua\/#article\",\"isPartOf\":{\"@id\":\"https:\/\/www.laescueladelagua.com\/ca\/recibimos-el-premio-alianza-para-la-fp-dual-por-nuestra-contribucion-a-la-empleabilidad-de-los-jovenes-en-el-sector-del-agua\/\"},\"author\":{\"name\":\"adminusr\",\"@id\":\"https:\/\/wapwebedapro01.azurewebsites.net\/#\/schema\/person\/dd1649223e405b6f9eb82e8f6798f241\"},\"headline\":\"Recibimos el Premio Alianza para la FP Dual por nuestra contribuci\u00f3n a la empleabilidad de los j\u00f3venes en el sector del agua\",\"datePublished\":\"2023-06-04T07:33:53+00:00\",\"dateModified\":\"2023-07-27T07:35:49+00:00\",\"mainEntityOfPage\":{\"@id\":\"https:\/\/www.laescueladelagua.com\/ca\/recibimos-el-premio-alianza-para-la-fp-dual-por-nuestra-contribucion-a-la-empleabilidad-de-los-jovenes-en-el-sector-del-agua\/\"},\"wordCount\":650,\"commentCount\":0,\"publisher\":{\"@id\":\"https:\/\/wapwebedapro01.azurewebsites.net\/#organization\"},\"image\":{\"@id\":\"https:\/\/www.laescueladelagua.com\/ca\/recibimos-el-premio-alianza-para-la-fp-dual-por-nuestra-contribucion-a-la-empleabilidad-de-los-jovenes-en-el-sector-del-agua\/#primaryimage\"},\"thumbnailUrl\":\"\/wp-content\/uploads\/2023\/07\/article-47-e1698070626404.jpeg\",\"articleSection\":[\"FP Dual\"],\"inLanguage\":\"ca\",\"potentialAction\":[{\"@type\":\"CommentAction\",\"name\":\"Comment\",\"target\":[\"https:\/\/www.laescueladelagua.com\/ca\/recibimos-el-premio-alianza-para-la-fp-dual-por-nuestra-contribucion-a-la-empleabilidad-de-los-jovenes-en-el-sector-del-agua\/#respond\"]}]},{\"@type\":\"WebPage\",\"@id\":\"https:\/\/www.laescueladelagua.com\/ca\/recibimos-el-premio-alianza-para-la-fp-dual-por-nuestra-contribucion-a-la-empleabilidad-de-los-jovenes-en-el-sector-del-agua\/\",\"url\":\"https:\/\/www.laescueladelagua.com\/ca\/recibimos-el-premio-alianza-para-la-fp-dual-por-nuestra-contribucion-a-la-empleabilidad-de-los-jovenes-en-el-sector-del-agua\/\",\"name\":\"Recibimos el Premio Alianza para la FP Dual por nuestra contribuci\u00f3n a la empleabilidad de los j\u00f3venes en el sector del agua - Escuela del agua\",\"isPartOf\":{\"@id\":\"https:\/\/wapwebedapro01.azurewebsites.net\/#website\"},\"primaryImageOfPage\":{\"@id\":\"https:\/\/www.laescueladelagua.com\/ca\/recibimos-el-premio-alianza-para-la-fp-dual-por-nuestra-contribucion-a-la-empleabilidad-de-los-jovenes-en-el-sector-del-agua\/#primaryimage\"},\"image\":{\"@id\":\"https:\/\/www.laescueladelagua.com\/ca\/recibimos-el-premio-alianza-para-la-fp-dual-por-nuestra-contribucion-a-la-empleabilidad-de-los-jovenes-en-el-sector-del-agua\/#primaryimage\"},\"thumbnailUrl\":\"\/wp-content\/uploads\/2023\/07\/article-47-e1698070626404.jpeg\",\"datePublished\":\"2023-06-04T07:33:53+00:00\",\"dateModified\":\"2023-07-27T07:35:49+00:00\",\"breadcrumb\":{\"@id\":\"https:\/\/www.laescueladelagua.com\/ca\/recibimos-el-premio-alianza-para-la-fp-dual-por-nuestra-contribucion-a-la-empleabilidad-de-los-jovenes-en-el-sector-del-agua\/#breadcrumb\"},\"inLanguage\":\"ca\",\"potentialAction\":[{\"@type\":\"ReadAction\",\"target\":[\"https:\/\/www.laescueladelagua.com\/ca\/recibimos-el-premio-alianza-para-la-fp-dual-por-nuestra-contribucion-a-la-empleabilidad-de-los-jovenes-en-el-sector-del-agua\/\"]}]},{\"@type\":\"ImageObject\",\"inLanguage\":\"ca\",\"@id\":\"https:\/\/www.laescueladelagua.com\/ca\/recibimos-el-premio-alianza-para-la-fp-dual-por-nuestra-contribucion-a-la-empleabilidad-de-los-jovenes-en-el-sector-del-agua\/#primaryimage\",\"url\":\"\/wp-content\/uploads\/2023\/07\/article-47-e1698070626404.jpeg\",\"contentUrl\":\"\/wp-content\/uploads\/2023\/07\/article-47-e1698070626404.jpeg\",\"width\":800,\"height\":320},{\"@type\":\"BreadcrumbList\",\"@id\":\"https:\/\/www.laescueladelagua.com\/ca\/recibimos-el-premio-alianza-para-la-fp-dual-por-nuestra-contribucion-a-la-empleabilidad-de-los-jovenes-en-el-sector-del-agua\/#breadcrumb\",\"itemListElement\":[{\"@type\":\"ListItem\",\"position\":1,\"name\":\"Home\",\"item\":\"https:\/\/wapwebedapro01.azurewebsites.net\/\"},{\"@type\":\"ListItem\",\"position\":2,\"name\":\"Recibimos el Premio Alianza para la FP Dual por nuestra contribuci\u00f3n a la empleabilidad de los j\u00f3venes en el sector del agua\"}]},{\"@type\":\"WebSite\",\"@id\":\"https:\/\/wapwebedapro01.azurewebsites.net\/#website\",\"url\":\"https:\/\/wapwebedapro01.azurewebsites.net\/\",\"name\":\"Escuela del agua\",\"description\":\"\",\"publisher\":{\"@id\":\"https:\/\/wapwebedapro01.azurewebsites.net\/#organization\"},\"potentialAction\":[{\"@type\":\"SearchAction\",\"target\":{\"@type\":\"EntryPoint\",\"urlTemplate\":\"https:\/\/wapwebedapro01.azurewebsites.net\/?s={search_term_string}\"},\"query-input\":{\"@type\":\"PropertyValueSpecification\",\"valueRequired\":true,\"valueName\":\"search_term_string\"}}],\"inLanguage\":\"ca\"},{\"@type\":\"Organization\",\"@id\":\"https:\/\/wapwebedapro01.azurewebsites.net\/#organization\",\"name\":\"Escuela del agua\",\"url\":\"https:\/\/wapwebedapro01.azurewebsites.net\/\",\"logo\":{\"@type\":\"ImageObject\",\"inLanguage\":\"ca\",\"@id\":\"https:\/\/wapwebedapro01.azurewebsites.net\/#\/schema\/logo\/image\/\",\"url\":\"\/wp-content\/uploads\/2023\/08\/logo_EscueladelAgua_mod.1.1_150px.png\",\"contentUrl\":\"\/wp-content\/uploads\/2023\/08\/logo_EscueladelAgua_mod.1.1_150px.png\",\"width\":150,\"height\":90,\"caption\":\"Escuela del agua\"},\"image\":{\"@id\":\"https:\/\/wapwebedapro01.azurewebsites.net\/#\/schema\/logo\/image\/\"}},{\"@type\":\"Person\",\"@id\":\"https:\/\/wapwebedapro01.azurewebsites.net\/#\/schema\/person\/dd1649223e405b6f9eb82e8f6798f241\",\"name\":\"adminusr\",\"image\":{\"@type\":\"ImageObject\",\"inLanguage\":\"ca\",\"@id\":\"https:\/\/wapwebedapro01.azurewebsites.net\/#\/schema\/person\/image\/\",\"url\":\"https:\/\/secure.gravatar.com\/avatar\/0faaa87907e163fd330069f117adf408?s=96&d=mm&r=g\",\"contentUrl\":\"https:\/\/secure.gravatar.com\/avatar\/0faaa87907e163fd330069f117adf408?s=96&d=mm&r=g\",\"caption\":\"adminusr\"},\"sameAs\":[\"https:\/\/www.laescueladelagua.com\"],\"url\":\"https:\/\/www.laescueladelagua.com\/ca\/author\/adminusr\/\"}]}<\/script>\r\n<!-- \/ Yoast SEO plugin. -->","yoast_head_json":{"title":"Recibimos el Premio Alianza para la FP Dual por nuestra contribuci\u00f3n a la empleabilidad de los j\u00f3venes en el sector del agua - Escuela del agua","robots":{"index":"index","follow":"follow","max-snippet":"max-snippet:-1","max-image-preview":"max-image-preview:large","max-video-preview":"max-video-preview:-1"},"canonical":"https:\/\/www.laescueladelagua.com\/ca\/recibimos-el-premio-alianza-para-la-fp-dual-por-nuestra-contribucion-a-la-empleabilidad-de-los-jovenes-en-el-sector-del-agua\/","og_locale":"ca_ES","og_type":"article","og_title":"Recibimos el Premio Alianza para la FP Dual por nuestra contribuci\u00f3n a la empleabilidad de los j\u00f3venes en el sector del agua - Escuela del agua","og_description":"Agbar es la ganadora de la s\u00e9ptima edici\u00f3n del premio Alianza para la FP Dual en la categor\u00eda de Gran Empresa. El jurado de los premios, organizados por Fundaci\u00f3n Bertelsmann y Fundaci\u00f3n CEOE, destaca la apuesta de Agbar por esta modalidad formativa, que contribuye a un empleo de calidad para los j\u00f3venes en el sector [&hellip;]","og_url":"https:\/\/www.laescueladelagua.com\/ca\/recibimos-el-premio-alianza-para-la-fp-dual-por-nuestra-contribucion-a-la-empleabilidad-de-los-jovenes-en-el-sector-del-agua\/","og_site_name":"Escuela del agua","article_published_time":"2023-06-04T07:33:53+00:00","article_modified_time":"2023-07-27T07:35:49+00:00","og_image":[{"width":800,"height":320,"url":"https:\/\/www.laescueladelagua.com\/wp-content\/uploads\/2023\/07\/article-47-e1698070626404.jpeg","type":"image\/jpeg"}],"author":"adminusr","twitter_card":"summary_large_image","twitter_misc":{"Escrit per":"adminusr","Temps estimat de lectura":"3 minuts"},"schema":{"@context":"https:\/\/schema.org","@graph":[{"@type":"Article","@id":"https:\/\/www.laescueladelagua.com\/ca\/recibimos-el-premio-alianza-para-la-fp-dual-por-nuestra-contribucion-a-la-empleabilidad-de-los-jovenes-en-el-sector-del-agua\/#article","isPartOf":{"@id":"https:\/\/www.laescueladelagua.com\/ca\/recibimos-el-premio-alianza-para-la-fp-dual-por-nuestra-contribucion-a-la-empleabilidad-de-los-jovenes-en-el-sector-del-agua\/"},"author":{"name":"adminusr","@id":"https:\/\/wapwebedapro01.azurewebsites.net\/#\/schema\/person\/dd1649223e405b6f9eb82e8f6798f241"},"headline":"Recibimos el Premio Alianza para la FP Dual por nuestra contribuci\u00f3n a la empleabilidad de los j\u00f3venes en el sector del agua","datePublished":"2023-06-04T07:33:53+00:00","dateModified":"2023-07-27T07:35:49+00:00","mainEntityOfPage":{"@id":"https:\/\/www.laescueladelagua.com\/ca\/recibimos-el-premio-alianza-para-la-fp-dual-por-nuestra-contribucion-a-la-empleabilidad-de-los-jovenes-en-el-sector-del-agua\/"},"wordCount":650,"commentCount":0,"publisher":{"@id":"https:\/\/wapwebedapro01.azurewebsites.net\/#organization"},"image":{"@id":"https:\/\/www.laescueladelagua.com\/ca\/recibimos-el-premio-alianza-para-la-fp-dual-por-nuestra-contribucion-a-la-empleabilidad-de-los-jovenes-en-el-sector-del-agua\/#primaryimage"},"thumbnailUrl":"\/wp-content\/uploads\/2023\/07\/article-47-e1698070626404.jpeg","articleSection":["FP Dual"],"inLanguage":"ca","potentialAction":[{"@type":"CommentAction","name":"Comment","target":["https:\/\/www.laescueladelagua.com\/ca\/recibimos-el-premio-alianza-para-la-fp-dual-por-nuestra-contribucion-a-la-empleabilidad-de-los-jovenes-en-el-sector-del-agua\/#respond"]}]},{"@type":"WebPage","@id":"https:\/\/www.laescueladelagua.com\/ca\/recibimos-el-premio-alianza-para-la-fp-dual-por-nuestra-contribucion-a-la-empleabilidad-de-los-jovenes-en-el-sector-del-agua\/","url":"https:\/\/www.laescueladelagua.com\/ca\/recibimos-el-premio-alianza-para-la-fp-dual-por-nuestra-contribucion-a-la-empleabilidad-de-los-jovenes-en-el-sector-del-agua\/","name":"Recibimos el Premio Alianza para la FP Dual por nuestra contribuci\u00f3n a la empleabilidad de los j\u00f3venes en el sector del agua - Escuela del agua","isPartOf":{"@id":"https:\/\/wapwebedapro01.azurewebsites.net\/#website"},"primaryImageOfPage":{"@id":"https:\/\/www.laescueladelagua.com\/ca\/recibimos-el-premio-alianza-para-la-fp-dual-por-nuestra-contribucion-a-la-empleabilidad-de-los-jovenes-en-el-sector-del-agua\/#primaryimage"},"image":{"@id":"https:\/\/www.laescueladelagua.com\/ca\/recibimos-el-premio-alianza-para-la-fp-dual-por-nuestra-contribucion-a-la-empleabilidad-de-los-jovenes-en-el-sector-del-agua\/#primaryimage"},"thumbnailUrl":"\/wp-content\/uploads\/2023\/07\/article-47-e1698070626404.jpeg","datePublished":"2023-06-04T07:33:53+00:00","dateModified":"2023-07-27T07:35:49+00:00","breadcrumb":{"@id":"https:\/\/www.laescueladelagua.com\/ca\/recibimos-el-premio-alianza-para-la-fp-dual-por-nuestra-contribucion-a-la-empleabilidad-de-los-jovenes-en-el-sector-del-agua\/#breadcrumb"},"inLanguage":"ca","potentialAction":[{"@type":"ReadAction","target":["https:\/\/www.laescueladelagua.com\/ca\/recibimos-el-premio-alianza-para-la-fp-dual-por-nuestra-contribucion-a-la-empleabilidad-de-los-jovenes-en-el-sector-del-agua\/"]}]},{"@type":"ImageObject","inLanguage":"ca","@id":"https:\/\/www.laescueladelagua.com\/ca\/recibimos-el-premio-alianza-para-la-fp-dual-por-nuestra-contribucion-a-la-empleabilidad-de-los-jovenes-en-el-sector-del-agua\/#primaryimage","url":"\/wp-content\/uploads\/2023\/07\/article-47-e1698070626404.jpeg","contentUrl":"\/wp-content\/uploads\/2023\/07\/article-47-e1698070626404.jpeg","width":800,"height":320},{"@type":"BreadcrumbList","@id":"https:\/\/www.laescueladelagua.com\/ca\/recibimos-el-premio-alianza-para-la-fp-dual-por-nuestra-contribucion-a-la-empleabilidad-de-los-jovenes-en-el-sector-del-agua\/#breadcrumb","itemListElement":[{"@type":"ListItem","position":1,"name":"Home","item":"https:\/\/wapwebedapro01.azurewebsites.net\/"},{"@type":"ListItem","position":2,"name":"Recibimos el Premio Alianza para la FP Dual por nuestra contribuci\u00f3n a la empleabilidad de los j\u00f3venes en el sector del agua"}]},{"@type":"WebSite","@id":"https:\/\/wapwebedapro01.azurewebsites.net\/#website","url":"https:\/\/wapwebedapro01.azurewebsites.net\/","name":"Escuela del agua","description":"","publisher":{"@id":"https:\/\/wapwebedapro01.azurewebsites.net\/#organization"},"potentialAction":[{"@type":"SearchAction","target":{"@type":"EntryPoint","urlTemplate":"https:\/\/wapwebedapro01.azurewebsites.net\/?s={search_term_string}"},"query-input":{"@type":"PropertyValueSpecification","valueRequired":true,"valueName":"search_term_string"}}],"inLanguage":"ca"},{"@type":"Organization","@id":"https:\/\/wapwebedapro01.azurewebsites.net\/#organization","name":"Escuela del agua","url":"https:\/\/wapwebedapro01.azurewebsites.net\/","logo":{"@type":"ImageObject","inLanguage":"ca","@id":"https:\/\/wapwebedapro01.azurewebsites.net\/#\/schema\/logo\/image\/","url":"\/wp-content\/uploads\/2023\/08\/logo_EscueladelAgua_mod.1.1_150px.png","contentUrl":"\/wp-content\/uploads\/2023\/08\/logo_EscueladelAgua_mod.1.1_150px.png","width":150,"height":90,"caption":"Escuela del agua"},"image":{"@id":"https:\/\/wapwebedapro01.azurewebsites.net\/#\/schema\/logo\/image\/"}},{"@type":"Person","@id":"https:\/\/wapwebedapro01.azurewebsites.net\/#\/schema\/person\/dd1649223e405b6f9eb82e8f6798f241","name":"adminusr","image":{"@type":"ImageObject","inLanguage":"ca","@id":"https:\/\/wapwebedapro01.azurewebsites.net\/#\/schema\/person\/image\/","url":"https:\/\/secure.gravatar.com\/avatar\/0faaa87907e163fd330069f117adf408?s=96&d=mm&r=g","contentUrl":"https:\/\/secure.gravatar.com\/avatar\/0faaa87907e163fd330069f117adf408?s=96&d=mm&r=g","caption":"adminusr"},"sameAs":["https:\/\/www.laescueladelagua.com"],"url":"https:\/\/www.laescueladelagua.com\/ca\/author\/adminusr\/"}]}},"meta_box":[],"_links":{"self":[{"href":"https:\/\/www.laescueladelagua.com\/ca\/wp-json\/wp\/v2\/posts\/1971","targetHints":{"allow":["GET"]}}],"collection":[{"href":"https:\/\/www.laescueladelagua.com\/ca\/wp-json\/wp\/v2\/posts"}],"about":[{"href":"https:\/\/www.laescueladelagua.com\/ca\/wp-json\/wp\/v2\/types\/post"}],"author":[{"embeddable":true,"href":"https:\/\/www.laescueladelagua.com\/ca\/wp-json\/wp\/v2\/users\/1"}],"replies":[{"embeddable":true,"href":"https:\/\/www.laescueladelagua.com\/ca\/wp-json\/wp\/v2\/comments?post=1971"}],"version-history":[{"count":1,"href":"https:\/\/www.laescueladelagua.com\/ca\/wp-json\/wp\/v2\/posts\/1971\/revisions"}],"predecessor-version":[{"id":1972,"href":"https:\/\/www.laescueladelagua.com\/ca\/wp-json\/wp\/v2\/posts\/1971\/revisions\/1972"}],"wp:featuredmedia":[{"embeddable":true,"href":"https:\/\/www.laescueladelagua.com\/ca\/wp-json\/wp\/v2\/media\/1956"}],"wp:attachment":[{"href":"https:\/\/www.laescueladelagua.com\/ca\/wp-json\/wp\/v2\/media?parent=1971"}],"wp:term":[{"taxonomy":"category","embeddable":true,"href":"https:\/\/www.laescueladelagua.com\/ca\/wp-json\/wp\/v2\/categories?post=1971"},{"taxonomy":"post_tag","embeddable":true,"href":"https:\/\/www.laescueladelagua.com\/ca\/wp-json\/wp\/v2\/tags?post=1971"}],"curies":[{"name":"wp","href":"https:\/\/api.w.org\/{rel}","templated":true}]}}