{"id":1975,"date":"2023-07-07T07:37:34","date_gmt":"2023-07-07T07:37:34","guid":{"rendered":"https:\/\/www.laescueladelagua.com\/?p=1975"},"modified":"2023-10-16T11:34:19","modified_gmt":"2023-10-16T11:34:19","slug":"la-comunidad-de-docentes-de-escuela-del-agua-con-el-ano-europeo-de-las-competencias","status":"publish","type":"post","link":"https:\/\/www.laescueladelagua.com\/ca\/la-comunidad-de-docentes-de-escuela-del-agua-con-el-ano-europeo-de-las-competencias\/","title":{"rendered":"La comunitat de docents d&#039;Escola de l&#039;Aigua, amb L&#039;any Europeu de les Compet\u00e8ncies"},"content":{"rendered":"<p>El passat Dijous 6 de Juliol, Escola de l&#039;Aigua va celebrar la Jornada Docentum 2023, centrada en aquesta ocasi\u00f3 al <a href=\"https:\/\/year-of-skills.europa.eu\/index_es\" target=\"_blank\" rel=\"noopener\"><strong>Any Europeu de les Compet\u00e8ncies<\/strong><\/a>. Aquest seminari, que concentra el conjunt de professorat i col\u00b7laboradors de l&#039;Escola de l&#039;Aigua, va tenir lloc a la seu de l&#039;Empresa Municipal d&#039;Aigua de Tarragona (EMATSA).<\/p>\n<p>La jornada va ser inaugurada per l&#039;Il\u00b7lustr\u00edssim alcalde de Tarragona i m\u00e0xim representant d&#039;EMATSA, el senyor Rub\u00e9n Vi\u00f1uales i el Sr. Narc\u00eds Berberana, el director general d&#039;Agbar a Catalunya. Tots dos van destacar la import\u00e0ncia de la ciutat com a pioner en la Formaci\u00f3 Professional Dual de l&#039;Aigua, aix\u00ed com l&#039;impuls de projectes armats sobre aliances publicoprivades per refor\u00e7ar l&#039;aposta pel talent a nivell industrial.<\/p>\n<p>Laura Rahola, Cap de Comunicaci\u00f3 de la Representaci\u00f3 de la Comissi\u00f3 Europea, va explicar el sentit estrat\u00e8gic que l&#039;Any de les Compet\u00e8ncies t\u00e9 per a la Uni\u00f3 Europea: \u201cen un m\u00f3n en constant evoluci\u00f3, on els aven\u00e7os tecnol\u00f2gics i els canvis econ\u00f2mics estan transformant r\u00e0pidament els sectors industrials, \u00e9s crucial que les persones adquireixin i desenvolupin noves habilitats espec\u00edfiques\u201d. Per part seva, Lluc Pej\u00f3, director de l&#039;Escola de l&#039;Aigua, va exposar la visi\u00f3 2030 d&#039;Escola de l&#039;Aigua, sustentada en quatre eixos: la traject\u00f2ria de 10 anys de l&#039;Escola, el prop\u00f2sit de la instituci\u00f3, les macrotend\u00e8ncies en mat\u00e8ria de talent i aprenentatge professionalitzador i els canvis en el marc legal tant de la formaci\u00f3 com de regulaci\u00f3 del sector de l&#039;aigua.<\/p>\n<p>Al primer panell de la jornada, titulat <strong>\u201cDefinint les compet\u00e8ncies sectorials\u201d<\/strong>, es van exposar iniciatives enfocades a la creaci\u00f3 de mapes d&#039;habilitats operacionals per als professionals de l&#039;aigua. \u00c0ngels Ordu\u00f1a, directora de l?associaci\u00f3 europea d?empreses intensives en consum d?energia (A.SPIRE) va explicar el projecte europeu SPIRE-SAIS orientat a dibuixar el mapa competencial per a aquestes empreses. Jordi Vallv\u00e9, responsable de Desenvolupament Sostenible d&#039;EMATSA, va presentar els resultats de <strong>Greenskills in VET<\/strong>, un projecte focalitzat als sectors d&#039;aigua, energia i transport. Finalment, Eva Marina Rodriguez, Directora de desenvolupament de l&#039;Escola de l&#039;Aigua, va presentar <strong>NEREXA<\/strong> com la plataforma per a l&#039;aprenentatge personalitzat i l&#039;upskilling dels professionals del sector de l&#039;aigua.<\/p>\n<p>El segon panell, <strong>&quot;Pr\u00e0ctiques educatives per a l&#039;excel\u00b7l\u00e8ncia&quot;<\/strong> va permetre posar en contrast col\u00b7laboracions entre empresa i institucions educatives amb l&#039;aprenentatge competencial al centre. \u00d3scar Palaz\u00f3n i Eduard Fern\u00e1ndez, representants del Departament d&#039;Educaci\u00f3 de la Generalitat de Catalunya i Agbar, respectivament, van presentar el projecte <strong>3LoE<\/strong> per a la creaci\u00f3 del primer Centre d&#039;Excel\u00b7l\u00e8ncia Professional (CoVEs en les sigles en angl\u00e8s) de l&#039;Aigua a Espanya. Per la seva banda, Sol Bermejo i Joaquim Minguella van exposar casos pr\u00e0ctics de <strong>aprenentatge basat en reptes i amb una dimensi\u00f3 internacional<\/strong>, en diferents nivells educatius. Bermejo, Coordinadora de projectes de Fundaci\u00f3 Barcelona FP, va presentar el <strong>European Water Challenge VET Lab<\/strong> que permet a alumnat de B\u00e8lgica, Dinamarca i Espanya innovar en solucions de drenatge sostenible, mentre que <strong>Minguella<\/strong>, Director del Grau Interuniversitari en Tecnologies Industrials i An\u00e0lisi Econ\u00f2mica (UPC-UPF), va presentar els <strong>Enterprise Challenges<\/strong> inclosos en aquest programa que es realitza totalment en angl\u00e8s i compta amb una proporci\u00f3 de dones inusualment alta entre la cohort.<\/p>\n<p>Cristina Galvan, investigadora principal del Grup consolidat en Ensenyament i Aprenentatge Virtual i coordina el M\u00e0ster en Entorns d&#039;Ensenyament i Aprenentatge amb tecnologies digitals de la Universitat de Barcelona, va realitzar un ep\u00edleg formatiu sobre el <strong>impacte de la Intel\u00b7lig\u00e8ncia Artificial en els processos d&#039;aprenentatge<\/strong>.<\/p>\n<p>L&#039;Escola de l&#039;Aigua ha complert amb l&#039;objectiu de donar a con\u00e8ixer l&#039;Any Europeu de les Compet\u00e8ncies i explicar els motius de l&#039;adhesi\u00f3 en base al seu prop\u00f2sit i visi\u00f3, aix\u00ed com compartir les principals iniciatives que participa tant a nivell europeu com internes des de una perspectiva daprenentatge multinivell.<\/p>","protected":false},"excerpt":{"rendered":"<p>El passat Dijous 6 de Juliol, Escola de l&#039;Aigua va celebrar la Jornada Docentum 2023, centrada en aquesta ocasi\u00f3 a l&#039;Any Europeu de les Compet\u00e8ncies. Aquest seminari, que concentra el conjunt de professorat i col\u00b7laboradors de l&#039;Escola de l&#039;Aigua, va tenir lloc a la seu de l&#039;Empresa Municipal d&#039;Aigua de Tarragona (EMATSA). La [\u2026]<\/p>","protected":false},"author":1,"featured_media":1958,"comment_status":"open","ping_status":"open","sticky":false,"template":"","format":"standard","meta":{"footnotes":""},"categories":[61],"tags":[],"class_list":["post-1975","post","type-post","status-publish","format-standard","has-post-thumbnail","hentry","category-docentum"],"yoast_head":"<!-- This site is optimized with the Yoast SEO plugin v24.5 - https:\/\/yoast.com\/wordpress\/plugins\/seo\/ -->\r\n<title>La comunidad de docentes de Escuela del Agua, con El a\u00f1o Europeo de las Competencias - Escuela del agua<\/title>\r\n<meta name=\"robots\" content=\"index, follow, max-snippet:-1, max-image-preview:large, max-video-preview:-1\" \/>\r\n<link rel=\"canonical\" href=\"https:\/\/www.laescueladelagua.com\/ca\/la-comunidad-de-docentes-de-escuela-del-agua-con-el-ano-europeo-de-las-competencias\/\" \/>\r\n<meta property=\"og:locale\" content=\"ca_ES\" \/>\r\n<meta property=\"og:type\" content=\"article\" \/>\r\n<meta property=\"og:title\" content=\"La comunidad de docentes de Escuela del Agua, con El a\u00f1o Europeo de las Competencias - Escuela del agua\" \/>\r\n<meta property=\"og:description\" content=\"El pasado Jueves 6 de Julio, Escuela del Agua celebr\u00f3 la Jornada Docentum 2023, centrada en esta ocasi\u00f3n en el A\u00f1o Europeo de las Competencias. Este seminario, que concentra el conjunto de profesorado y colaboradores de la Escuela del Agua, tuvo lugar en la sede de la Empresa Municipal de Agua de Tarragona (EMATSA). La [&hellip;]\" \/>\r\n<meta property=\"og:url\" content=\"https:\/\/www.laescueladelagua.com\/ca\/la-comunidad-de-docentes-de-escuela-del-agua-con-el-ano-europeo-de-las-competencias\/\" \/>\r\n<meta property=\"og:site_name\" content=\"Escuela del agua\" \/>\r\n<meta property=\"article:published_time\" content=\"2023-07-07T07:37:34+00:00\" \/>\r\n<meta property=\"article:modified_time\" content=\"2023-10-16T11:34:19+00:00\" \/>\r\n<meta property=\"og:image\" content=\"https:\/\/www.laescueladelagua.com\/wp-content\/uploads\/2023\/07\/article-49-e1698071456452.jpeg\" \/>\r\n\t<meta property=\"og:image:width\" content=\"800\" \/>\r\n\t<meta property=\"og:image:height\" content=\"200\" \/>\r\n\t<meta property=\"og:image:type\" content=\"image\/jpeg\" \/>\r\n<meta name=\"author\" content=\"adminusr\" \/>\r\n<meta name=\"twitter:card\" content=\"summary_large_image\" \/>\r\n<meta name=\"twitter:label1\" content=\"Escrit per\" \/>\n\t<meta name=\"twitter:data1\" content=\"adminusr\" \/>\n\t<meta name=\"twitter:label2\" content=\"Temps estimat de lectura\" \/>\n\t<meta name=\"twitter:data2\" content=\"3 minuts\" \/>\r\n<script type=\"application\/ld+json\" class=\"yoast-schema-graph\">{\"@context\":\"https:\/\/schema.org\",\"@graph\":[{\"@type\":\"Article\",\"@id\":\"https:\/\/www.laescueladelagua.com\/la-comunidad-de-docentes-de-escuela-del-agua-con-el-ano-europeo-de-las-competencias\/#article\",\"isPartOf\":{\"@id\":\"https:\/\/www.laescueladelagua.com\/la-comunidad-de-docentes-de-escuela-del-agua-con-el-ano-europeo-de-las-competencias\/\"},\"author\":{\"name\":\"adminusr\",\"@id\":\"https:\/\/wapwebedapro01.azurewebsites.net\/#\/schema\/person\/dd1649223e405b6f9eb82e8f6798f241\"},\"headline\":\"La comunidad de docentes de Escuela del Agua, con El a\u00f1o Europeo de las Competencias\",\"datePublished\":\"2023-07-07T07:37:34+00:00\",\"dateModified\":\"2023-10-16T11:34:19+00:00\",\"mainEntityOfPage\":{\"@id\":\"https:\/\/www.laescueladelagua.com\/la-comunidad-de-docentes-de-escuela-del-agua-con-el-ano-europeo-de-las-competencias\/\"},\"wordCount\":691,\"commentCount\":0,\"publisher\":{\"@id\":\"https:\/\/wapwebedapro01.azurewebsites.net\/#organization\"},\"image\":{\"@id\":\"https:\/\/www.laescueladelagua.com\/la-comunidad-de-docentes-de-escuela-del-agua-con-el-ano-europeo-de-las-competencias\/#primaryimage\"},\"thumbnailUrl\":\"\/wp-content\/uploads\/2023\/07\/article-49-e1698071456452.jpeg\",\"articleSection\":[\"Docentum\"],\"inLanguage\":\"ca\",\"potentialAction\":[{\"@type\":\"CommentAction\",\"name\":\"Comment\",\"target\":[\"https:\/\/www.laescueladelagua.com\/la-comunidad-de-docentes-de-escuela-del-agua-con-el-ano-europeo-de-las-competencias\/#respond\"]}]},{\"@type\":\"WebPage\",\"@id\":\"https:\/\/www.laescueladelagua.com\/la-comunidad-de-docentes-de-escuela-del-agua-con-el-ano-europeo-de-las-competencias\/\",\"url\":\"https:\/\/www.laescueladelagua.com\/la-comunidad-de-docentes-de-escuela-del-agua-con-el-ano-europeo-de-las-competencias\/\",\"name\":\"La comunidad de docentes de Escuela del Agua, con El a\u00f1o Europeo de las Competencias - Escuela del agua\",\"isPartOf\":{\"@id\":\"https:\/\/wapwebedapro01.azurewebsites.net\/#website\"},\"primaryImageOfPage\":{\"@id\":\"https:\/\/www.laescueladelagua.com\/la-comunidad-de-docentes-de-escuela-del-agua-con-el-ano-europeo-de-las-competencias\/#primaryimage\"},\"image\":{\"@id\":\"https:\/\/www.laescueladelagua.com\/la-comunidad-de-docentes-de-escuela-del-agua-con-el-ano-europeo-de-las-competencias\/#primaryimage\"},\"thumbnailUrl\":\"\/wp-content\/uploads\/2023\/07\/article-49-e1698071456452.jpeg\",\"datePublished\":\"2023-07-07T07:37:34+00:00\",\"dateModified\":\"2023-10-16T11:34:19+00:00\",\"breadcrumb\":{\"@id\":\"https:\/\/www.laescueladelagua.com\/la-comunidad-de-docentes-de-escuela-del-agua-con-el-ano-europeo-de-las-competencias\/#breadcrumb\"},\"inLanguage\":\"ca\",\"potentialAction\":[{\"@type\":\"ReadAction\",\"target\":[\"https:\/\/www.laescueladelagua.com\/la-comunidad-de-docentes-de-escuela-del-agua-con-el-ano-europeo-de-las-competencias\/\"]}]},{\"@type\":\"ImageObject\",\"inLanguage\":\"ca\",\"@id\":\"https:\/\/www.laescueladelagua.com\/la-comunidad-de-docentes-de-escuela-del-agua-con-el-ano-europeo-de-las-competencias\/#primaryimage\",\"url\":\"\/wp-content\/uploads\/2023\/07\/article-49-e1698071456452.jpeg\",\"contentUrl\":\"\/wp-content\/uploads\/2023\/07\/article-49-e1698071456452.jpeg\",\"width\":800,\"height\":200},{\"@type\":\"BreadcrumbList\",\"@id\":\"https:\/\/www.laescueladelagua.com\/la-comunidad-de-docentes-de-escuela-del-agua-con-el-ano-europeo-de-las-competencias\/#breadcrumb\",\"itemListElement\":[{\"@type\":\"ListItem\",\"position\":1,\"name\":\"Home\",\"item\":\"https:\/\/wapwebedapro01.azurewebsites.net\/\"},{\"@type\":\"ListItem\",\"position\":2,\"name\":\"La comunidad de docentes de Escuela del Agua, con El a\u00f1o Europeo de las Competencias\"}]},{\"@type\":\"WebSite\",\"@id\":\"https:\/\/wapwebedapro01.azurewebsites.net\/#website\",\"url\":\"https:\/\/wapwebedapro01.azurewebsites.net\/\",\"name\":\"Escuela del agua\",\"description\":\"\",\"publisher\":{\"@id\":\"https:\/\/wapwebedapro01.azurewebsites.net\/#organization\"},\"potentialAction\":[{\"@type\":\"SearchAction\",\"target\":{\"@type\":\"EntryPoint\",\"urlTemplate\":\"https:\/\/wapwebedapro01.azurewebsites.net\/?s={search_term_string}\"},\"query-input\":{\"@type\":\"PropertyValueSpecification\",\"valueRequired\":true,\"valueName\":\"search_term_string\"}}],\"inLanguage\":\"ca\"},{\"@type\":\"Organization\",\"@id\":\"https:\/\/wapwebedapro01.azurewebsites.net\/#organization\",\"name\":\"Escuela del agua\",\"url\":\"https:\/\/wapwebedapro01.azurewebsites.net\/\",\"logo\":{\"@type\":\"ImageObject\",\"inLanguage\":\"ca\",\"@id\":\"https:\/\/wapwebedapro01.azurewebsites.net\/#\/schema\/logo\/image\/\",\"url\":\"\/wp-content\/uploads\/2023\/08\/logo_EscueladelAgua_mod.1.1_150px.png\",\"contentUrl\":\"\/wp-content\/uploads\/2023\/08\/logo_EscueladelAgua_mod.1.1_150px.png\",\"width\":150,\"height\":90,\"caption\":\"Escuela del agua\"},\"image\":{\"@id\":\"https:\/\/wapwebedapro01.azurewebsites.net\/#\/schema\/logo\/image\/\"}},{\"@type\":\"Person\",\"@id\":\"https:\/\/wapwebedapro01.azurewebsites.net\/#\/schema\/person\/dd1649223e405b6f9eb82e8f6798f241\",\"name\":\"adminusr\",\"image\":{\"@type\":\"ImageObject\",\"inLanguage\":\"ca\",\"@id\":\"https:\/\/wapwebedapro01.azurewebsites.net\/#\/schema\/person\/image\/\",\"url\":\"https:\/\/secure.gravatar.com\/avatar\/0faaa87907e163fd330069f117adf408?s=96&d=mm&r=g\",\"contentUrl\":\"https:\/\/secure.gravatar.com\/avatar\/0faaa87907e163fd330069f117adf408?s=96&d=mm&r=g\",\"caption\":\"adminusr\"},\"sameAs\":[\"https:\/\/www.laescueladelagua.com\"],\"url\":\"https:\/\/www.laescueladelagua.com\/ca\/author\/adminusr\/\"}]}<\/script>\r\n<!-- \/ Yoast SEO plugin. -->","yoast_head_json":{"title":"La comunidad de docentes de Escuela del Agua, con El a\u00f1o Europeo de las Competencias - Escuela del agua","robots":{"index":"index","follow":"follow","max-snippet":"max-snippet:-1","max-image-preview":"max-image-preview:large","max-video-preview":"max-video-preview:-1"},"canonical":"https:\/\/www.laescueladelagua.com\/ca\/la-comunidad-de-docentes-de-escuela-del-agua-con-el-ano-europeo-de-las-competencias\/","og_locale":"ca_ES","og_type":"article","og_title":"La comunidad de docentes de Escuela del Agua, con El a\u00f1o Europeo de las Competencias - Escuela del agua","og_description":"El pasado Jueves 6 de Julio, Escuela del Agua celebr\u00f3 la Jornada Docentum 2023, centrada en esta ocasi\u00f3n en el A\u00f1o Europeo de las Competencias. Este seminario, que concentra el conjunto de profesorado y colaboradores de la Escuela del Agua, tuvo lugar en la sede de la Empresa Municipal de Agua de Tarragona (EMATSA). La [&hellip;]","og_url":"https:\/\/www.laescueladelagua.com\/ca\/la-comunidad-de-docentes-de-escuela-del-agua-con-el-ano-europeo-de-las-competencias\/","og_site_name":"Escuela del agua","article_published_time":"2023-07-07T07:37:34+00:00","article_modified_time":"2023-10-16T11:34:19+00:00","og_image":[{"width":800,"height":200,"url":"https:\/\/www.laescueladelagua.com\/wp-content\/uploads\/2023\/07\/article-49-e1698071456452.jpeg","type":"image\/jpeg"}],"author":"adminusr","twitter_card":"summary_large_image","twitter_misc":{"Escrit per":"adminusr","Temps estimat de lectura":"3 minuts"},"schema":{"@context":"https:\/\/schema.org","@graph":[{"@type":"Article","@id":"https:\/\/www.laescueladelagua.com\/la-comunidad-de-docentes-de-escuela-del-agua-con-el-ano-europeo-de-las-competencias\/#article","isPartOf":{"@id":"https:\/\/www.laescueladelagua.com\/la-comunidad-de-docentes-de-escuela-del-agua-con-el-ano-europeo-de-las-competencias\/"},"author":{"name":"adminusr","@id":"https:\/\/wapwebedapro01.azurewebsites.net\/#\/schema\/person\/dd1649223e405b6f9eb82e8f6798f241"},"headline":"La comunidad de docentes de Escuela del Agua, con El a\u00f1o Europeo de las Competencias","datePublished":"2023-07-07T07:37:34+00:00","dateModified":"2023-10-16T11:34:19+00:00","mainEntityOfPage":{"@id":"https:\/\/www.laescueladelagua.com\/la-comunidad-de-docentes-de-escuela-del-agua-con-el-ano-europeo-de-las-competencias\/"},"wordCount":691,"commentCount":0,"publisher":{"@id":"https:\/\/wapwebedapro01.azurewebsites.net\/#organization"},"image":{"@id":"https:\/\/www.laescueladelagua.com\/la-comunidad-de-docentes-de-escuela-del-agua-con-el-ano-europeo-de-las-competencias\/#primaryimage"},"thumbnailUrl":"\/wp-content\/uploads\/2023\/07\/article-49-e1698071456452.jpeg","articleSection":["Docentum"],"inLanguage":"ca","potentialAction":[{"@type":"CommentAction","name":"Comment","target":["https:\/\/www.laescueladelagua.com\/la-comunidad-de-docentes-de-escuela-del-agua-con-el-ano-europeo-de-las-competencias\/#respond"]}]},{"@type":"WebPage","@id":"https:\/\/www.laescueladelagua.com\/la-comunidad-de-docentes-de-escuela-del-agua-con-el-ano-europeo-de-las-competencias\/","url":"https:\/\/www.laescueladelagua.com\/la-comunidad-de-docentes-de-escuela-del-agua-con-el-ano-europeo-de-las-competencias\/","name":"La comunidad de docentes de Escuela del Agua, con El a\u00f1o Europeo de las Competencias - Escuela del agua","isPartOf":{"@id":"https:\/\/wapwebedapro01.azurewebsites.net\/#website"},"primaryImageOfPage":{"@id":"https:\/\/www.laescueladelagua.com\/la-comunidad-de-docentes-de-escuela-del-agua-con-el-ano-europeo-de-las-competencias\/#primaryimage"},"image":{"@id":"https:\/\/www.laescueladelagua.com\/la-comunidad-de-docentes-de-escuela-del-agua-con-el-ano-europeo-de-las-competencias\/#primaryimage"},"thumbnailUrl":"\/wp-content\/uploads\/2023\/07\/article-49-e1698071456452.jpeg","datePublished":"2023-07-07T07:37:34+00:00","dateModified":"2023-10-16T11:34:19+00:00","breadcrumb":{"@id":"https:\/\/www.laescueladelagua.com\/la-comunidad-de-docentes-de-escuela-del-agua-con-el-ano-europeo-de-las-competencias\/#breadcrumb"},"inLanguage":"ca","potentialAction":[{"@type":"ReadAction","target":["https:\/\/www.laescueladelagua.com\/la-comunidad-de-docentes-de-escuela-del-agua-con-el-ano-europeo-de-las-competencias\/"]}]},{"@type":"ImageObject","inLanguage":"ca","@id":"https:\/\/www.laescueladelagua.com\/la-comunidad-de-docentes-de-escuela-del-agua-con-el-ano-europeo-de-las-competencias\/#primaryimage","url":"\/wp-content\/uploads\/2023\/07\/article-49-e1698071456452.jpeg","contentUrl":"\/wp-content\/uploads\/2023\/07\/article-49-e1698071456452.jpeg","width":800,"height":200},{"@type":"BreadcrumbList","@id":"https:\/\/www.laescueladelagua.com\/la-comunidad-de-docentes-de-escuela-del-agua-con-el-ano-europeo-de-las-competencias\/#breadcrumb","itemListElement":[{"@type":"ListItem","position":1,"name":"Home","item":"https:\/\/wapwebedapro01.azurewebsites.net\/"},{"@type":"ListItem","position":2,"name":"La comunidad de docentes de Escuela del Agua, con El a\u00f1o Europeo de las Competencias"}]},{"@type":"WebSite","@id":"https:\/\/wapwebedapro01.azurewebsites.net\/#website","url":"https:\/\/wapwebedapro01.azurewebsites.net\/","name":"Escuela del agua","description":"","publisher":{"@id":"https:\/\/wapwebedapro01.azurewebsites.net\/#organization"},"potentialAction":[{"@type":"SearchAction","target":{"@type":"EntryPoint","urlTemplate":"https:\/\/wapwebedapro01.azurewebsites.net\/?s={search_term_string}"},"query-input":{"@type":"PropertyValueSpecification","valueRequired":true,"valueName":"search_term_string"}}],"inLanguage":"ca"},{"@type":"Organization","@id":"https:\/\/wapwebedapro01.azurewebsites.net\/#organization","name":"Escuela del agua","url":"https:\/\/wapwebedapro01.azurewebsites.net\/","logo":{"@type":"ImageObject","inLanguage":"ca","@id":"https:\/\/wapwebedapro01.azurewebsites.net\/#\/schema\/logo\/image\/","url":"\/wp-content\/uploads\/2023\/08\/logo_EscueladelAgua_mod.1.1_150px.png","contentUrl":"\/wp-content\/uploads\/2023\/08\/logo_EscueladelAgua_mod.1.1_150px.png","width":150,"height":90,"caption":"Escuela del agua"},"image":{"@id":"https:\/\/wapwebedapro01.azurewebsites.net\/#\/schema\/logo\/image\/"}},{"@type":"Person","@id":"https:\/\/wapwebedapro01.azurewebsites.net\/#\/schema\/person\/dd1649223e405b6f9eb82e8f6798f241","name":"adminusr","image":{"@type":"ImageObject","inLanguage":"ca","@id":"https:\/\/wapwebedapro01.azurewebsites.net\/#\/schema\/person\/image\/","url":"https:\/\/secure.gravatar.com\/avatar\/0faaa87907e163fd330069f117adf408?s=96&d=mm&r=g","contentUrl":"https:\/\/secure.gravatar.com\/avatar\/0faaa87907e163fd330069f117adf408?s=96&d=mm&r=g","caption":"adminusr"},"sameAs":["https:\/\/www.laescueladelagua.com"],"url":"https:\/\/www.laescueladelagua.com\/ca\/author\/adminusr\/"}]}},"meta_box":[],"_links":{"self":[{"href":"https:\/\/www.laescueladelagua.com\/ca\/wp-json\/wp\/v2\/posts\/1975","targetHints":{"allow":["GET"]}}],"collection":[{"href":"https:\/\/www.laescueladelagua.com\/ca\/wp-json\/wp\/v2\/posts"}],"about":[{"href":"https:\/\/www.laescueladelagua.com\/ca\/wp-json\/wp\/v2\/types\/post"}],"author":[{"embeddable":true,"href":"https:\/\/www.laescueladelagua.com\/ca\/wp-json\/wp\/v2\/users\/1"}],"replies":[{"embeddable":true,"href":"https:\/\/www.laescueladelagua.com\/ca\/wp-json\/wp\/v2\/comments?post=1975"}],"version-history":[{"count":1,"href":"https:\/\/www.laescueladelagua.com\/ca\/wp-json\/wp\/v2\/posts\/1975\/revisions"}],"predecessor-version":[{"id":1976,"href":"https:\/\/www.laescueladelagua.com\/ca\/wp-json\/wp\/v2\/posts\/1975\/revisions\/1976"}],"wp:featuredmedia":[{"embeddable":true,"href":"https:\/\/www.laescueladelagua.com\/ca\/wp-json\/wp\/v2\/media\/1958"}],"wp:attachment":[{"href":"https:\/\/www.laescueladelagua.com\/ca\/wp-json\/wp\/v2\/media?parent=1975"}],"wp:term":[{"taxonomy":"category","embeddable":true,"href":"https:\/\/www.laescueladelagua.com\/ca\/wp-json\/wp\/v2\/categories?post=1975"},{"taxonomy":"post_tag","embeddable":true,"href":"https:\/\/www.laescueladelagua.com\/ca\/wp-json\/wp\/v2\/tags?post=1975"}],"curies":[{"name":"wp","href":"https:\/\/api.w.org\/{rel}","templated":true}]}}