{"id":1977,"date":"2023-07-15T07:41:08","date_gmt":"2023-07-15T07:41:08","guid":{"rendered":"https:\/\/www.laescueladelagua.com\/?p=1977"},"modified":"2023-11-06T10:30:21","modified_gmt":"2023-11-06T10:30:21","slug":"agbar-el-instituto-pere-martell-y-la-urv-se-unen-para-impulsar-un-entorno-de-excelencia-profesional-en-el-ambito-del-agua","status":"publish","type":"post","link":"https:\/\/www.laescueladelagua.com\/ca\/agbar-el-instituto-pere-martell-y-la-urv-se-unen-para-impulsar-un-entorno-de-excelencia-profesional-en-el-ambito-del-agua\/","title":{"rendered":"Agbar, l&#039;Institut Pere Martell i la URV s&#039;uneixen per impulsar un entorn d&#039;excel\u00b7l\u00e8ncia professional a l&#039;\u00e0mbit de l&#039;aigua"},"content":{"rendered":"<p>Han signat un acord per establir aliances entre la formaci\u00f3 universit\u00e0ria i els estudis professionals en aquest \u00e0mbit.<\/p>\n<p>La Universitat Rovira i Virgili, l&#039;Institut Pere Martell i Agbar han signat un conveni per establir aliances entre la formaci\u00f3 universit\u00e0ria i l&#039;ensenyament professional i contribuir aix\u00ed a crear un entorn d&#039;excel\u00b7l\u00e8ncia professional en l&#039;\u00e0mbit de l&#039;aigua. Aquest acord s&#039;emmarca dins del projecte europeu Three-level centres of professional excellence: qualificaci\u00f3, enterpreneurship i innovaci\u00f3 in the Green Economy (3LoE), del qual tant l&#039;Institut Pere Martell com Agbar en formen part, juntament amb el Departament d&#039;Educaci\u00f3 de la Generalitat de Catalunya, i 57 entitats europees m\u00e9s, entre elles, 19 centres de formaci\u00f3 professional, 34 empreses, ind\u00fastries i representants de sector, 5 autoritats p\u00fabliques, 14 institucions d&#039;educaci\u00f3 superior, 6 centres de recerca i 3 organitzacions no governamentals d&#039;Alemanya, \u00c0ustria , It\u00e0lia, Let\u00f2nia, Litu\u00e0nia, Pol\u00f2nia i Espanya.<\/p>\n<p>El <a href=\"\/ca\/innovacion-educativa\/\" target=\"_blank\" rel=\"noopener\">projecte europeu 3LoE<\/a>, cofinan\u00e7at pel Programa Erasmus+, t\u00e9 com a objectius principals millorar de manera sostenible les compet\u00e8ncies transversals, garantir les necessitats dels joves professionals, gerents i emprenedors, i refor\u00e7ar la competitivitat de les petites i mitjanes empreses (pimes) en l&#039;entorn de l&#039;economia verd, aix\u00ed com fer estalvi energ\u00e8tic, utilitzant energies renovables i protegint el medi ambient i el clima a trav\u00e9s de pimes qualificades i innovadores.<\/p>\n<p>L&#039;acord signat pel director de l&#039;Institut Pere Martell de Tarragona, Josep Maria Pallar\u00e8s Serres, director de Persones i Organitzaci\u00f3 d&#039;Agbar Catalunya, Juan Manuel L\u00f3pez Cuevas i el rector de la URV, Josep Pallar\u00e8s. L&#039;objecte del conveni \u00e9s l&#039;oferta i la impartici\u00f3 de continguts del Grau de Qu\u00edmica i altres graus corresponents a les \u00e0rees de ci\u00e8ncies i enginyeries en r\u00e8gim de formaci\u00f3 en alternan\u00e7a i dual, aix\u00ed com la transfer\u00e8ncia de coneixements i l&#039;intercanvi d&#039;informaci\u00f3 i bones pr\u00e0ctiques.<\/p>\n<p>La Facultat de Qu\u00edmica de la URV ha estat pionera, i de moment \u00fanica en aquest ensenyament, a nivell d&#039;Espanya a implantar la formaci\u00f3 dual per al grau de Qu\u00edmica, el curs 2021-2022, amb l&#039;objectiu de facilitar-ne els estudiants grau estades remunerades de formaci\u00f3 en empreses que els permeti aplicar els seus coneixements adquirits durant la formaci\u00f3 acad\u00e8mica, afavorint alhora l&#039;adquisici\u00f3 de compet\u00e8ncies que els permetin exercir activitats professionals, els facilitin l&#039;ocupabilitat i els fomenta la capacitat d&#039;emprenedoria.<\/p>\n<p>L&#039;acord tamb\u00e9 promou el suport a la formaci\u00f3 cont\u00ednua, fomentar la innovaci\u00f3 acad\u00e8mica i empresarial, la promoci\u00f3 de l&#039;emprenedoria, la implementaci\u00f3 de tasques de recerca i desenvolupament, aix\u00ed com la protecci\u00f3 mediambiental i la gesti\u00f3 de residus a l&#039;entorn d&#039;aquesta economia verda aplicada a l\u00e0mbit de laigua.<\/p>","protected":false},"excerpt":{"rendered":"<p>Han signat un acord per establir aliances entre la formaci\u00f3 universit\u00e0ria i els estudis professionals en aquest \u00e0mbit. La Universitat Rovira i Virgili, l&#039;Institut Pere Martell i Agbar han signat un conveni per establir aliances entre la formaci\u00f3 universit\u00e0ria i l&#039;ensenyament professional i contribuir aix\u00ed a crear un entorn d&#039;excel\u00b7l\u00e8ncia [\u2026]<\/p>","protected":false},"author":1,"featured_media":1959,"comment_status":"open","ping_status":"open","sticky":false,"template":"","format":"standard","meta":{"footnotes":""},"categories":[60],"tags":[],"class_list":["post-1977","post","type-post","status-publish","format-standard","has-post-thumbnail","hentry","category-proyectos-europeos"],"yoast_head":"<!-- This site is optimized with the Yoast SEO plugin v24.5 - https:\/\/yoast.com\/wordpress\/plugins\/seo\/ -->\r\n<title>Agbar, el Instituto Pere Martell y la URV se unen para impulsar un entorno de excelencia profesional en el \u00e1mbito del agua - Escuela del agua<\/title>\r\n<meta name=\"robots\" content=\"index, follow, max-snippet:-1, max-image-preview:large, max-video-preview:-1\" \/>\r\n<link rel=\"canonical\" href=\"https:\/\/www.laescueladelagua.com\/ca\/agbar-el-instituto-pere-martell-y-la-urv-se-unen-para-impulsar-un-entorno-de-excelencia-profesional-en-el-ambito-del-agua\/\" \/>\r\n<meta property=\"og:locale\" content=\"ca_ES\" \/>\r\n<meta property=\"og:type\" content=\"article\" \/>\r\n<meta property=\"og:title\" content=\"Agbar, el Instituto Pere Martell y la URV se unen para impulsar un entorno de excelencia profesional en el \u00e1mbito del agua - Escuela del agua\" \/>\r\n<meta property=\"og:description\" content=\"Han firmado un acuerdo para establecer alianzas entre la formaci\u00f3n universitaria y los estudios profesionales en este \u00e1mbito. La Universitat Rovira i Virgili, el Instituto Pere Martell y Agbar han firmado un convenio para establecer alianzas entre la formaci\u00f3n universitaria y la ense\u00f1anza profesional y contribuir as\u00ed a la creaci\u00f3n de un entorno de excelencia [&hellip;]\" \/>\r\n<meta property=\"og:url\" content=\"https:\/\/www.laescueladelagua.com\/ca\/agbar-el-instituto-pere-martell-y-la-urv-se-unen-para-impulsar-un-entorno-de-excelencia-profesional-en-el-ambito-del-agua\/\" \/>\r\n<meta property=\"og:site_name\" content=\"Escuela del agua\" \/>\r\n<meta property=\"article:published_time\" content=\"2023-07-15T07:41:08+00:00\" \/>\r\n<meta property=\"article:modified_time\" content=\"2023-11-06T10:30:21+00:00\" \/>\r\n<meta property=\"og:image\" content=\"https:\/\/www.laescueladelagua.com\/wp-content\/uploads\/2023\/07\/article-50-e1699266601789.jpeg\" \/>\r\n\t<meta property=\"og:image:width\" content=\"709\" \/>\r\n\t<meta property=\"og:image:height\" content=\"180\" \/>\r\n\t<meta property=\"og:image:type\" content=\"image\/jpeg\" \/>\r\n<meta name=\"author\" content=\"adminusr\" \/>\r\n<meta name=\"twitter:card\" content=\"summary_large_image\" \/>\r\n<meta name=\"twitter:label1\" content=\"Escrit per\" \/>\n\t<meta name=\"twitter:data1\" content=\"adminusr\" \/>\n\t<meta name=\"twitter:label2\" content=\"Temps estimat de lectura\" \/>\n\t<meta name=\"twitter:data2\" content=\"2 minuts\" \/>\r\n<script type=\"application\/ld+json\" class=\"yoast-schema-graph\">{\"@context\":\"https:\/\/schema.org\",\"@graph\":[{\"@type\":\"Article\",\"@id\":\"https:\/\/www.laescueladelagua.com\/agbar-el-instituto-pere-martell-y-la-urv-se-unen-para-impulsar-un-entorno-de-excelencia-profesional-en-el-ambito-del-agua\/#article\",\"isPartOf\":{\"@id\":\"https:\/\/www.laescueladelagua.com\/agbar-el-instituto-pere-martell-y-la-urv-se-unen-para-impulsar-un-entorno-de-excelencia-profesional-en-el-ambito-del-agua\/\"},\"author\":{\"name\":\"adminusr\",\"@id\":\"https:\/\/wapwebedapro01.azurewebsites.net\/#\/schema\/person\/dd1649223e405b6f9eb82e8f6798f241\"},\"headline\":\"Agbar, el Instituto Pere Martell y la URV se unen para impulsar un entorno de excelencia profesional en el \u00e1mbito del agua\",\"datePublished\":\"2023-07-15T07:41:08+00:00\",\"dateModified\":\"2023-11-06T10:30:21+00:00\",\"mainEntityOfPage\":{\"@id\":\"https:\/\/www.laescueladelagua.com\/agbar-el-instituto-pere-martell-y-la-urv-se-unen-para-impulsar-un-entorno-de-excelencia-profesional-en-el-ambito-del-agua\/\"},\"wordCount\":507,\"commentCount\":0,\"publisher\":{\"@id\":\"https:\/\/wapwebedapro01.azurewebsites.net\/#organization\"},\"image\":{\"@id\":\"https:\/\/www.laescueladelagua.com\/agbar-el-instituto-pere-martell-y-la-urv-se-unen-para-impulsar-un-entorno-de-excelencia-profesional-en-el-ambito-del-agua\/#primaryimage\"},\"thumbnailUrl\":\"\/wp-content\/uploads\/2023\/07\/article-50-e1699266601789.jpeg\",\"articleSection\":[\"Proyectos Europeos\"],\"inLanguage\":\"ca\",\"potentialAction\":[{\"@type\":\"CommentAction\",\"name\":\"Comment\",\"target\":[\"https:\/\/www.laescueladelagua.com\/agbar-el-instituto-pere-martell-y-la-urv-se-unen-para-impulsar-un-entorno-de-excelencia-profesional-en-el-ambito-del-agua\/#respond\"]}]},{\"@type\":\"WebPage\",\"@id\":\"https:\/\/www.laescueladelagua.com\/agbar-el-instituto-pere-martell-y-la-urv-se-unen-para-impulsar-un-entorno-de-excelencia-profesional-en-el-ambito-del-agua\/\",\"url\":\"https:\/\/www.laescueladelagua.com\/agbar-el-instituto-pere-martell-y-la-urv-se-unen-para-impulsar-un-entorno-de-excelencia-profesional-en-el-ambito-del-agua\/\",\"name\":\"Agbar, el Instituto Pere Martell y la URV se unen para impulsar un entorno de excelencia profesional en el \u00e1mbito del agua - Escuela del agua\",\"isPartOf\":{\"@id\":\"https:\/\/wapwebedapro01.azurewebsites.net\/#website\"},\"primaryImageOfPage\":{\"@id\":\"https:\/\/www.laescueladelagua.com\/agbar-el-instituto-pere-martell-y-la-urv-se-unen-para-impulsar-un-entorno-de-excelencia-profesional-en-el-ambito-del-agua\/#primaryimage\"},\"image\":{\"@id\":\"https:\/\/www.laescueladelagua.com\/agbar-el-instituto-pere-martell-y-la-urv-se-unen-para-impulsar-un-entorno-de-excelencia-profesional-en-el-ambito-del-agua\/#primaryimage\"},\"thumbnailUrl\":\"\/wp-content\/uploads\/2023\/07\/article-50-e1699266601789.jpeg\",\"datePublished\":\"2023-07-15T07:41:08+00:00\",\"dateModified\":\"2023-11-06T10:30:21+00:00\",\"breadcrumb\":{\"@id\":\"https:\/\/www.laescueladelagua.com\/agbar-el-instituto-pere-martell-y-la-urv-se-unen-para-impulsar-un-entorno-de-excelencia-profesional-en-el-ambito-del-agua\/#breadcrumb\"},\"inLanguage\":\"ca\",\"potentialAction\":[{\"@type\":\"ReadAction\",\"target\":[\"https:\/\/www.laescueladelagua.com\/agbar-el-instituto-pere-martell-y-la-urv-se-unen-para-impulsar-un-entorno-de-excelencia-profesional-en-el-ambito-del-agua\/\"]}]},{\"@type\":\"ImageObject\",\"inLanguage\":\"ca\",\"@id\":\"https:\/\/www.laescueladelagua.com\/agbar-el-instituto-pere-martell-y-la-urv-se-unen-para-impulsar-un-entorno-de-excelencia-profesional-en-el-ambito-del-agua\/#primaryimage\",\"url\":\"\/wp-content\/uploads\/2023\/07\/article-50-e1699266601789.jpeg\",\"contentUrl\":\"\/wp-content\/uploads\/2023\/07\/article-50-e1699266601789.jpeg\",\"width\":709,\"height\":180},{\"@type\":\"BreadcrumbList\",\"@id\":\"https:\/\/www.laescueladelagua.com\/agbar-el-instituto-pere-martell-y-la-urv-se-unen-para-impulsar-un-entorno-de-excelencia-profesional-en-el-ambito-del-agua\/#breadcrumb\",\"itemListElement\":[{\"@type\":\"ListItem\",\"position\":1,\"name\":\"Home\",\"item\":\"https:\/\/wapwebedapro01.azurewebsites.net\/\"},{\"@type\":\"ListItem\",\"position\":2,\"name\":\"Agbar, el Instituto Pere Martell y la URV se unen para impulsar un entorno de excelencia profesional en el \u00e1mbito del agua\"}]},{\"@type\":\"WebSite\",\"@id\":\"https:\/\/wapwebedapro01.azurewebsites.net\/#website\",\"url\":\"https:\/\/wapwebedapro01.azurewebsites.net\/\",\"name\":\"Escuela del agua\",\"description\":\"\",\"publisher\":{\"@id\":\"https:\/\/wapwebedapro01.azurewebsites.net\/#organization\"},\"potentialAction\":[{\"@type\":\"SearchAction\",\"target\":{\"@type\":\"EntryPoint\",\"urlTemplate\":\"https:\/\/wapwebedapro01.azurewebsites.net\/?s={search_term_string}\"},\"query-input\":{\"@type\":\"PropertyValueSpecification\",\"valueRequired\":true,\"valueName\":\"search_term_string\"}}],\"inLanguage\":\"ca\"},{\"@type\":\"Organization\",\"@id\":\"https:\/\/wapwebedapro01.azurewebsites.net\/#organization\",\"name\":\"Escuela del agua\",\"url\":\"https:\/\/wapwebedapro01.azurewebsites.net\/\",\"logo\":{\"@type\":\"ImageObject\",\"inLanguage\":\"ca\",\"@id\":\"https:\/\/wapwebedapro01.azurewebsites.net\/#\/schema\/logo\/image\/\",\"url\":\"\/wp-content\/uploads\/2023\/08\/logo_EscueladelAgua_mod.1.1_150px.png\",\"contentUrl\":\"\/wp-content\/uploads\/2023\/08\/logo_EscueladelAgua_mod.1.1_150px.png\",\"width\":150,\"height\":90,\"caption\":\"Escuela del agua\"},\"image\":{\"@id\":\"https:\/\/wapwebedapro01.azurewebsites.net\/#\/schema\/logo\/image\/\"}},{\"@type\":\"Person\",\"@id\":\"https:\/\/wapwebedapro01.azurewebsites.net\/#\/schema\/person\/dd1649223e405b6f9eb82e8f6798f241\",\"name\":\"adminusr\",\"image\":{\"@type\":\"ImageObject\",\"inLanguage\":\"ca\",\"@id\":\"https:\/\/wapwebedapro01.azurewebsites.net\/#\/schema\/person\/image\/\",\"url\":\"https:\/\/secure.gravatar.com\/avatar\/0faaa87907e163fd330069f117adf408?s=96&d=mm&r=g\",\"contentUrl\":\"https:\/\/secure.gravatar.com\/avatar\/0faaa87907e163fd330069f117adf408?s=96&d=mm&r=g\",\"caption\":\"adminusr\"},\"sameAs\":[\"https:\/\/www.laescueladelagua.com\"],\"url\":\"https:\/\/www.laescueladelagua.com\/ca\/author\/adminusr\/\"}]}<\/script>\r\n<!-- \/ Yoast SEO plugin. -->","yoast_head_json":{"title":"Agbar, el Instituto Pere Martell y la URV se unen para impulsar un entorno de excelencia profesional en el \u00e1mbito del agua - Escuela del agua","robots":{"index":"index","follow":"follow","max-snippet":"max-snippet:-1","max-image-preview":"max-image-preview:large","max-video-preview":"max-video-preview:-1"},"canonical":"https:\/\/www.laescueladelagua.com\/ca\/agbar-el-instituto-pere-martell-y-la-urv-se-unen-para-impulsar-un-entorno-de-excelencia-profesional-en-el-ambito-del-agua\/","og_locale":"ca_ES","og_type":"article","og_title":"Agbar, el Instituto Pere Martell y la URV se unen para impulsar un entorno de excelencia profesional en el \u00e1mbito del agua - Escuela del agua","og_description":"Han firmado un acuerdo para establecer alianzas entre la formaci\u00f3n universitaria y los estudios profesionales en este \u00e1mbito. La Universitat Rovira i Virgili, el Instituto Pere Martell y Agbar han firmado un convenio para establecer alianzas entre la formaci\u00f3n universitaria y la ense\u00f1anza profesional y contribuir as\u00ed a la creaci\u00f3n de un entorno de excelencia [&hellip;]","og_url":"https:\/\/www.laescueladelagua.com\/ca\/agbar-el-instituto-pere-martell-y-la-urv-se-unen-para-impulsar-un-entorno-de-excelencia-profesional-en-el-ambito-del-agua\/","og_site_name":"Escuela del agua","article_published_time":"2023-07-15T07:41:08+00:00","article_modified_time":"2023-11-06T10:30:21+00:00","og_image":[{"width":709,"height":180,"url":"https:\/\/www.laescueladelagua.com\/wp-content\/uploads\/2023\/07\/article-50-e1699266601789.jpeg","type":"image\/jpeg"}],"author":"adminusr","twitter_card":"summary_large_image","twitter_misc":{"Escrit per":"adminusr","Temps estimat de lectura":"2 minuts"},"schema":{"@context":"https:\/\/schema.org","@graph":[{"@type":"Article","@id":"https:\/\/www.laescueladelagua.com\/agbar-el-instituto-pere-martell-y-la-urv-se-unen-para-impulsar-un-entorno-de-excelencia-profesional-en-el-ambito-del-agua\/#article","isPartOf":{"@id":"https:\/\/www.laescueladelagua.com\/agbar-el-instituto-pere-martell-y-la-urv-se-unen-para-impulsar-un-entorno-de-excelencia-profesional-en-el-ambito-del-agua\/"},"author":{"name":"adminusr","@id":"https:\/\/wapwebedapro01.azurewebsites.net\/#\/schema\/person\/dd1649223e405b6f9eb82e8f6798f241"},"headline":"Agbar, el Instituto Pere Martell y la URV se unen para impulsar un entorno de excelencia profesional en el \u00e1mbito del agua","datePublished":"2023-07-15T07:41:08+00:00","dateModified":"2023-11-06T10:30:21+00:00","mainEntityOfPage":{"@id":"https:\/\/www.laescueladelagua.com\/agbar-el-instituto-pere-martell-y-la-urv-se-unen-para-impulsar-un-entorno-de-excelencia-profesional-en-el-ambito-del-agua\/"},"wordCount":507,"commentCount":0,"publisher":{"@id":"https:\/\/wapwebedapro01.azurewebsites.net\/#organization"},"image":{"@id":"https:\/\/www.laescueladelagua.com\/agbar-el-instituto-pere-martell-y-la-urv-se-unen-para-impulsar-un-entorno-de-excelencia-profesional-en-el-ambito-del-agua\/#primaryimage"},"thumbnailUrl":"\/wp-content\/uploads\/2023\/07\/article-50-e1699266601789.jpeg","articleSection":["Proyectos Europeos"],"inLanguage":"ca","potentialAction":[{"@type":"CommentAction","name":"Comment","target":["https:\/\/www.laescueladelagua.com\/agbar-el-instituto-pere-martell-y-la-urv-se-unen-para-impulsar-un-entorno-de-excelencia-profesional-en-el-ambito-del-agua\/#respond"]}]},{"@type":"WebPage","@id":"https:\/\/www.laescueladelagua.com\/agbar-el-instituto-pere-martell-y-la-urv-se-unen-para-impulsar-un-entorno-de-excelencia-profesional-en-el-ambito-del-agua\/","url":"https:\/\/www.laescueladelagua.com\/agbar-el-instituto-pere-martell-y-la-urv-se-unen-para-impulsar-un-entorno-de-excelencia-profesional-en-el-ambito-del-agua\/","name":"Agbar, el Instituto Pere Martell y la URV se unen para impulsar un entorno de excelencia profesional en el \u00e1mbito del agua - Escuela del agua","isPartOf":{"@id":"https:\/\/wapwebedapro01.azurewebsites.net\/#website"},"primaryImageOfPage":{"@id":"https:\/\/www.laescueladelagua.com\/agbar-el-instituto-pere-martell-y-la-urv-se-unen-para-impulsar-un-entorno-de-excelencia-profesional-en-el-ambito-del-agua\/#primaryimage"},"image":{"@id":"https:\/\/www.laescueladelagua.com\/agbar-el-instituto-pere-martell-y-la-urv-se-unen-para-impulsar-un-entorno-de-excelencia-profesional-en-el-ambito-del-agua\/#primaryimage"},"thumbnailUrl":"\/wp-content\/uploads\/2023\/07\/article-50-e1699266601789.jpeg","datePublished":"2023-07-15T07:41:08+00:00","dateModified":"2023-11-06T10:30:21+00:00","breadcrumb":{"@id":"https:\/\/www.laescueladelagua.com\/agbar-el-instituto-pere-martell-y-la-urv-se-unen-para-impulsar-un-entorno-de-excelencia-profesional-en-el-ambito-del-agua\/#breadcrumb"},"inLanguage":"ca","potentialAction":[{"@type":"ReadAction","target":["https:\/\/www.laescueladelagua.com\/agbar-el-instituto-pere-martell-y-la-urv-se-unen-para-impulsar-un-entorno-de-excelencia-profesional-en-el-ambito-del-agua\/"]}]},{"@type":"ImageObject","inLanguage":"ca","@id":"https:\/\/www.laescueladelagua.com\/agbar-el-instituto-pere-martell-y-la-urv-se-unen-para-impulsar-un-entorno-de-excelencia-profesional-en-el-ambito-del-agua\/#primaryimage","url":"\/wp-content\/uploads\/2023\/07\/article-50-e1699266601789.jpeg","contentUrl":"\/wp-content\/uploads\/2023\/07\/article-50-e1699266601789.jpeg","width":709,"height":180},{"@type":"BreadcrumbList","@id":"https:\/\/www.laescueladelagua.com\/agbar-el-instituto-pere-martell-y-la-urv-se-unen-para-impulsar-un-entorno-de-excelencia-profesional-en-el-ambito-del-agua\/#breadcrumb","itemListElement":[{"@type":"ListItem","position":1,"name":"Home","item":"https:\/\/wapwebedapro01.azurewebsites.net\/"},{"@type":"ListItem","position":2,"name":"Agbar, el Instituto Pere Martell y la URV se unen para impulsar un entorno de excelencia profesional en el \u00e1mbito del agua"}]},{"@type":"WebSite","@id":"https:\/\/wapwebedapro01.azurewebsites.net\/#website","url":"https:\/\/wapwebedapro01.azurewebsites.net\/","name":"Escuela del agua","description":"","publisher":{"@id":"https:\/\/wapwebedapro01.azurewebsites.net\/#organization"},"potentialAction":[{"@type":"SearchAction","target":{"@type":"EntryPoint","urlTemplate":"https:\/\/wapwebedapro01.azurewebsites.net\/?s={search_term_string}"},"query-input":{"@type":"PropertyValueSpecification","valueRequired":true,"valueName":"search_term_string"}}],"inLanguage":"ca"},{"@type":"Organization","@id":"https:\/\/wapwebedapro01.azurewebsites.net\/#organization","name":"Escuela del agua","url":"https:\/\/wapwebedapro01.azurewebsites.net\/","logo":{"@type":"ImageObject","inLanguage":"ca","@id":"https:\/\/wapwebedapro01.azurewebsites.net\/#\/schema\/logo\/image\/","url":"\/wp-content\/uploads\/2023\/08\/logo_EscueladelAgua_mod.1.1_150px.png","contentUrl":"\/wp-content\/uploads\/2023\/08\/logo_EscueladelAgua_mod.1.1_150px.png","width":150,"height":90,"caption":"Escuela del agua"},"image":{"@id":"https:\/\/wapwebedapro01.azurewebsites.net\/#\/schema\/logo\/image\/"}},{"@type":"Person","@id":"https:\/\/wapwebedapro01.azurewebsites.net\/#\/schema\/person\/dd1649223e405b6f9eb82e8f6798f241","name":"adminusr","image":{"@type":"ImageObject","inLanguage":"ca","@id":"https:\/\/wapwebedapro01.azurewebsites.net\/#\/schema\/person\/image\/","url":"https:\/\/secure.gravatar.com\/avatar\/0faaa87907e163fd330069f117adf408?s=96&d=mm&r=g","contentUrl":"https:\/\/secure.gravatar.com\/avatar\/0faaa87907e163fd330069f117adf408?s=96&d=mm&r=g","caption":"adminusr"},"sameAs":["https:\/\/www.laescueladelagua.com"],"url":"https:\/\/www.laescueladelagua.com\/ca\/author\/adminusr\/"}]}},"meta_box":[],"_links":{"self":[{"href":"https:\/\/www.laescueladelagua.com\/ca\/wp-json\/wp\/v2\/posts\/1977","targetHints":{"allow":["GET"]}}],"collection":[{"href":"https:\/\/www.laescueladelagua.com\/ca\/wp-json\/wp\/v2\/posts"}],"about":[{"href":"https:\/\/www.laescueladelagua.com\/ca\/wp-json\/wp\/v2\/types\/post"}],"author":[{"embeddable":true,"href":"https:\/\/www.laescueladelagua.com\/ca\/wp-json\/wp\/v2\/users\/1"}],"replies":[{"embeddable":true,"href":"https:\/\/www.laescueladelagua.com\/ca\/wp-json\/wp\/v2\/comments?post=1977"}],"version-history":[{"count":1,"href":"https:\/\/www.laescueladelagua.com\/ca\/wp-json\/wp\/v2\/posts\/1977\/revisions"}],"predecessor-version":[{"id":1978,"href":"https:\/\/www.laescueladelagua.com\/ca\/wp-json\/wp\/v2\/posts\/1977\/revisions\/1978"}],"wp:featuredmedia":[{"embeddable":true,"href":"https:\/\/www.laescueladelagua.com\/ca\/wp-json\/wp\/v2\/media\/1959"}],"wp:attachment":[{"href":"https:\/\/www.laescueladelagua.com\/ca\/wp-json\/wp\/v2\/media?parent=1977"}],"wp:term":[{"taxonomy":"category","embeddable":true,"href":"https:\/\/www.laescueladelagua.com\/ca\/wp-json\/wp\/v2\/categories?post=1977"},{"taxonomy":"post_tag","embeddable":true,"href":"https:\/\/www.laescueladelagua.com\/ca\/wp-json\/wp\/v2\/tags?post=1977"}],"curies":[{"name":"wp","href":"https:\/\/api.w.org\/{rel}","templated":true}]}}