{"id":2349,"date":"2023-10-30T06:59:15","date_gmt":"2023-10-30T06:59:15","guid":{"rendered":"https:\/\/www.laescueladelagua.com\/?p=2349"},"modified":"2023-10-30T07:06:00","modified_gmt":"2023-10-30T07:06:00","slug":"la-escuela-del-agua-tambien-estrena-pagina-web","status":"publish","type":"post","link":"https:\/\/www.laescueladelagua.com\/ca\/la-escuela-del-agua-tambien-estrena-pagina-web\/","title":{"rendered":"L&#039;Escola de l&#039;Aigua tamb\u00e9 estrena p\u00e0gina web"},"content":{"rendered":"<p>El nou portal de l\u00b4Escola de l\u00b4Aigua, a m\u00e9s d\u00b4acompanyar el desplegament de la nova identitat corporativa, ha estat dissenyat per oferir una experi\u00e8ncia de navegaci\u00f3 \u00e0gil, m\u00e9s personalitzada i atractiva.<\/p>\n<p>La formaci\u00f3 oberta est\u00e0 estructurada per a una \u00f2ptima recerca de cursos per tipologia i perfil: educaci\u00f3 executiva, m\u00e0sters i postgraus, formaci\u00f3 t\u00e8cnica o qualificaci\u00f3 professional. Cada curs compta amb una informaci\u00f3 m\u00e9s detallada dels continguts i docents, i es facilita el proc\u00e9s de matriculaci\u00f3 i pagament de forma directa i simple. A m\u00e9s, d\u00f3na acc\u00e9s a les planificacions de calendari dels cursos tutoritzats.<\/p>\n<p>La nova web tamb\u00e9 refor\u00e7a l&#039;apartat dedicat als serveis per a empreses, tant pel que fa a la formaci\u00f3 a mida, que assoleix tots els llocs clau del sector, com a projectes de consultoria en mat\u00e8ria d&#039;aprenentatge continu i desenvolupament de talent, i programes de educaci\u00f3 ambiental.<\/p>\n<p>Aquest web vol ser un mitj\u00e0 de comunicaci\u00f3 obert a la societat per donar a con\u00e8ixer tamb\u00e9 els projectes d&#039;innovaci\u00f3 i les darreres not\u00edcies.<\/p>\n<p>Et convidem que entris i t&#039;animis a seguir formant-te. www.laescoladelagua.com<\/p>","protected":false},"excerpt":{"rendered":"<p>El nou portal de l\u00b4Escola de l\u00b4Aigua, a m\u00e9s d\u00b4acompanyar el desplegament de la nova identitat corporativa, ha estat dissenyat per oferir una experi\u00e8ncia de navegaci\u00f3 \u00e0gil, m\u00e9s personalitzada i atractiva. La formaci\u00f3 oberta est\u00e0 estructurada per a una \u00f2ptima recerca de cursos per tipologia i perfil: educaci\u00f3 executiva, m\u00e0sters i postgraus, formaci\u00f3 t\u00e8cnica o [\u2026]<\/p>","protected":false},"author":4,"featured_media":2350,"comment_status":"open","ping_status":"open","sticky":false,"template":"","format":"standard","meta":{"footnotes":""},"categories":[50],"tags":[],"class_list":["post-2349","post","type-post","status-publish","format-standard","has-post-thumbnail","hentry","category-actualidad"],"yoast_head":"<!-- This site is optimized with the Yoast SEO plugin v24.5 - https:\/\/yoast.com\/wordpress\/plugins\/seo\/ -->\r\n<title>La Escuela del Agua tambi\u00e9n estrena p\u00e1gina web - Escuela del agua<\/title>\r\n<meta name=\"robots\" content=\"index, follow, max-snippet:-1, max-image-preview:large, max-video-preview:-1\" \/>\r\n<link rel=\"canonical\" href=\"https:\/\/www.laescueladelagua.com\/ca\/la-escuela-del-agua-tambien-estrena-pagina-web\/\" \/>\r\n<meta property=\"og:locale\" content=\"ca_ES\" \/>\r\n<meta property=\"og:type\" content=\"article\" \/>\r\n<meta property=\"og:title\" content=\"La Escuela del Agua tambi\u00e9n estrena p\u00e1gina web - Escuela del agua\" \/>\r\n<meta property=\"og:description\" content=\"El nuevo portal de la Escuela del Agua, adem\u00e1s de acompa\u00f1ar el despliegue de la nueva identidad corporativa, ha sido dise\u00f1ado para ofrecer una experiencia de navegaci\u00f3n \u00e1gil, m\u00e1s personalizada y atractiva. La formaci\u00f3n abierta est\u00e1 estructurada para una \u00f3ptima b\u00fasqueda de cursos por tipolog\u00eda y perfil: educaci\u00f3n ejecutiva, masters y posgrados, formaci\u00f3n t\u00e9cnica o [&hellip;]\" \/>\r\n<meta property=\"og:url\" content=\"https:\/\/www.laescueladelagua.com\/ca\/la-escuela-del-agua-tambien-estrena-pagina-web\/\" \/>\r\n<meta property=\"og:site_name\" content=\"Escuela del agua\" \/>\r\n<meta property=\"article:published_time\" content=\"2023-10-30T06:59:15+00:00\" \/>\r\n<meta property=\"article:modified_time\" content=\"2023-10-30T07:06:00+00:00\" \/>\r\n<meta property=\"og:image\" content=\"https:\/\/www.laescueladelagua.com\/wp-content\/uploads\/2023\/10\/noticia_web-scaled-e1698649356836.jpg\" \/>\r\n\t<meta property=\"og:image:width\" content=\"1890\" \/>\r\n\t<meta property=\"og:image:height\" content=\"883\" \/>\r\n\t<meta property=\"og:image:type\" content=\"image\/jpeg\" \/>\r\n<meta name=\"author\" content=\"Montserrat Llonch\" \/>\r\n<meta name=\"twitter:card\" content=\"summary_large_image\" \/>\r\n<meta name=\"twitter:label1\" content=\"Escrit per\" \/>\n\t<meta name=\"twitter:data1\" content=\"Montserrat Llonch\" \/>\n\t<meta name=\"twitter:label2\" content=\"Temps estimat de lectura\" \/>\n\t<meta name=\"twitter:data2\" content=\"1 minut\" \/>\r\n<script type=\"application\/ld+json\" class=\"yoast-schema-graph\">{\"@context\":\"https:\/\/schema.org\",\"@graph\":[{\"@type\":\"Article\",\"@id\":\"https:\/\/www.laescueladelagua.com\/ca\/la-escuela-del-agua-tambien-estrena-pagina-web\/#article\",\"isPartOf\":{\"@id\":\"https:\/\/www.laescueladelagua.com\/ca\/la-escuela-del-agua-tambien-estrena-pagina-web\/\"},\"author\":{\"name\":\"Montserrat Llonch\",\"@id\":\"https:\/\/wapwebedapro01.azurewebsites.net\/#\/schema\/person\/286c08b1e29fd42fbbc73e82bc423a0b\"},\"headline\":\"La Escuela del Agua tambi\u00e9n estrena p\u00e1gina web\",\"datePublished\":\"2023-10-30T06:59:15+00:00\",\"dateModified\":\"2023-10-30T07:06:00+00:00\",\"mainEntityOfPage\":{\"@id\":\"https:\/\/www.laescueladelagua.com\/ca\/la-escuela-del-agua-tambien-estrena-pagina-web\/\"},\"wordCount\":217,\"commentCount\":0,\"publisher\":{\"@id\":\"https:\/\/wapwebedapro01.azurewebsites.net\/#organization\"},\"image\":{\"@id\":\"https:\/\/www.laescueladelagua.com\/ca\/la-escuela-del-agua-tambien-estrena-pagina-web\/#primaryimage\"},\"thumbnailUrl\":\"\/wp-content\/uploads\/2023\/10\/noticia_web-scaled-e1698649356836.jpg\",\"articleSection\":[\"Actualidad\"],\"inLanguage\":\"ca\",\"potentialAction\":[{\"@type\":\"CommentAction\",\"name\":\"Comment\",\"target\":[\"https:\/\/www.laescueladelagua.com\/ca\/la-escuela-del-agua-tambien-estrena-pagina-web\/#respond\"]}]},{\"@type\":\"WebPage\",\"@id\":\"https:\/\/www.laescueladelagua.com\/ca\/la-escuela-del-agua-tambien-estrena-pagina-web\/\",\"url\":\"https:\/\/www.laescueladelagua.com\/ca\/la-escuela-del-agua-tambien-estrena-pagina-web\/\",\"name\":\"La Escuela del Agua tambi\u00e9n estrena p\u00e1gina web - Escuela del agua\",\"isPartOf\":{\"@id\":\"https:\/\/wapwebedapro01.azurewebsites.net\/#website\"},\"primaryImageOfPage\":{\"@id\":\"https:\/\/www.laescueladelagua.com\/ca\/la-escuela-del-agua-tambien-estrena-pagina-web\/#primaryimage\"},\"image\":{\"@id\":\"https:\/\/www.laescueladelagua.com\/ca\/la-escuela-del-agua-tambien-estrena-pagina-web\/#primaryimage\"},\"thumbnailUrl\":\"\/wp-content\/uploads\/2023\/10\/noticia_web-scaled-e1698649356836.jpg\",\"datePublished\":\"2023-10-30T06:59:15+00:00\",\"dateModified\":\"2023-10-30T07:06:00+00:00\",\"breadcrumb\":{\"@id\":\"https:\/\/www.laescueladelagua.com\/ca\/la-escuela-del-agua-tambien-estrena-pagina-web\/#breadcrumb\"},\"inLanguage\":\"ca\",\"potentialAction\":[{\"@type\":\"ReadAction\",\"target\":[\"https:\/\/www.laescueladelagua.com\/ca\/la-escuela-del-agua-tambien-estrena-pagina-web\/\"]}]},{\"@type\":\"ImageObject\",\"inLanguage\":\"ca\",\"@id\":\"https:\/\/www.laescueladelagua.com\/ca\/la-escuela-del-agua-tambien-estrena-pagina-web\/#primaryimage\",\"url\":\"\/wp-content\/uploads\/2023\/10\/noticia_web-scaled-e1698649356836.jpg\",\"contentUrl\":\"\/wp-content\/uploads\/2023\/10\/noticia_web-scaled-e1698649356836.jpg\",\"width\":1890,\"height\":883},{\"@type\":\"BreadcrumbList\",\"@id\":\"https:\/\/www.laescueladelagua.com\/ca\/la-escuela-del-agua-tambien-estrena-pagina-web\/#breadcrumb\",\"itemListElement\":[{\"@type\":\"ListItem\",\"position\":1,\"name\":\"Home\",\"item\":\"https:\/\/wapwebedapro01.azurewebsites.net\/\"},{\"@type\":\"ListItem\",\"position\":2,\"name\":\"La Escuela del Agua tambi\u00e9n estrena p\u00e1gina web\"}]},{\"@type\":\"WebSite\",\"@id\":\"https:\/\/wapwebedapro01.azurewebsites.net\/#website\",\"url\":\"https:\/\/wapwebedapro01.azurewebsites.net\/\",\"name\":\"Escuela del agua\",\"description\":\"\",\"publisher\":{\"@id\":\"https:\/\/wapwebedapro01.azurewebsites.net\/#organization\"},\"potentialAction\":[{\"@type\":\"SearchAction\",\"target\":{\"@type\":\"EntryPoint\",\"urlTemplate\":\"https:\/\/wapwebedapro01.azurewebsites.net\/?s={search_term_string}\"},\"query-input\":{\"@type\":\"PropertyValueSpecification\",\"valueRequired\":true,\"valueName\":\"search_term_string\"}}],\"inLanguage\":\"ca\"},{\"@type\":\"Organization\",\"@id\":\"https:\/\/wapwebedapro01.azurewebsites.net\/#organization\",\"name\":\"Escuela del agua\",\"url\":\"https:\/\/wapwebedapro01.azurewebsites.net\/\",\"logo\":{\"@type\":\"ImageObject\",\"inLanguage\":\"ca\",\"@id\":\"https:\/\/wapwebedapro01.azurewebsites.net\/#\/schema\/logo\/image\/\",\"url\":\"\/wp-content\/uploads\/2023\/08\/logo_EscueladelAgua_mod.1.1_150px.png\",\"contentUrl\":\"\/wp-content\/uploads\/2023\/08\/logo_EscueladelAgua_mod.1.1_150px.png\",\"width\":150,\"height\":90,\"caption\":\"Escuela del agua\"},\"image\":{\"@id\":\"https:\/\/wapwebedapro01.azurewebsites.net\/#\/schema\/logo\/image\/\"}},{\"@type\":\"Person\",\"@id\":\"https:\/\/wapwebedapro01.azurewebsites.net\/#\/schema\/person\/286c08b1e29fd42fbbc73e82bc423a0b\",\"name\":\"Montserrat Llonch\",\"image\":{\"@type\":\"ImageObject\",\"inLanguage\":\"ca\",\"@id\":\"https:\/\/wapwebedapro01.azurewebsites.net\/#\/schema\/person\/image\/\",\"url\":\"https:\/\/secure.gravatar.com\/avatar\/241350018ba1baa8f2ad2c0f25b8dd2e?s=96&d=mm&r=g\",\"contentUrl\":\"https:\/\/secure.gravatar.com\/avatar\/241350018ba1baa8f2ad2c0f25b8dd2e?s=96&d=mm&r=g\",\"caption\":\"Montserrat Llonch\"},\"url\":\"https:\/\/www.laescueladelagua.com\/ca\/author\/montse-llonch\/\"}]}<\/script>\r\n<!-- \/ Yoast SEO plugin. -->","yoast_head_json":{"title":"La Escuela del Agua tambi\u00e9n estrena p\u00e1gina web - Escuela del agua","robots":{"index":"index","follow":"follow","max-snippet":"max-snippet:-1","max-image-preview":"max-image-preview:large","max-video-preview":"max-video-preview:-1"},"canonical":"https:\/\/www.laescueladelagua.com\/ca\/la-escuela-del-agua-tambien-estrena-pagina-web\/","og_locale":"ca_ES","og_type":"article","og_title":"La Escuela del Agua tambi\u00e9n estrena p\u00e1gina web - Escuela del agua","og_description":"El nuevo portal de la Escuela del Agua, adem\u00e1s de acompa\u00f1ar el despliegue de la nueva identidad corporativa, ha sido dise\u00f1ado para ofrecer una experiencia de navegaci\u00f3n \u00e1gil, m\u00e1s personalizada y atractiva. La formaci\u00f3n abierta est\u00e1 estructurada para una \u00f3ptima b\u00fasqueda de cursos por tipolog\u00eda y perfil: educaci\u00f3n ejecutiva, masters y posgrados, formaci\u00f3n t\u00e9cnica o [&hellip;]","og_url":"https:\/\/www.laescueladelagua.com\/ca\/la-escuela-del-agua-tambien-estrena-pagina-web\/","og_site_name":"Escuela del agua","article_published_time":"2023-10-30T06:59:15+00:00","article_modified_time":"2023-10-30T07:06:00+00:00","og_image":[{"width":1890,"height":883,"url":"https:\/\/www.laescueladelagua.com\/wp-content\/uploads\/2023\/10\/noticia_web-scaled-e1698649356836.jpg","type":"image\/jpeg"}],"author":"Montserrat Llonch","twitter_card":"summary_large_image","twitter_misc":{"Escrit per":"Montserrat Llonch","Temps estimat de lectura":"1 minut"},"schema":{"@context":"https:\/\/schema.org","@graph":[{"@type":"Article","@id":"https:\/\/www.laescueladelagua.com\/ca\/la-escuela-del-agua-tambien-estrena-pagina-web\/#article","isPartOf":{"@id":"https:\/\/www.laescueladelagua.com\/ca\/la-escuela-del-agua-tambien-estrena-pagina-web\/"},"author":{"name":"Montserrat Llonch","@id":"https:\/\/wapwebedapro01.azurewebsites.net\/#\/schema\/person\/286c08b1e29fd42fbbc73e82bc423a0b"},"headline":"La Escuela del Agua tambi\u00e9n estrena p\u00e1gina web","datePublished":"2023-10-30T06:59:15+00:00","dateModified":"2023-10-30T07:06:00+00:00","mainEntityOfPage":{"@id":"https:\/\/www.laescueladelagua.com\/ca\/la-escuela-del-agua-tambien-estrena-pagina-web\/"},"wordCount":217,"commentCount":0,"publisher":{"@id":"https:\/\/wapwebedapro01.azurewebsites.net\/#organization"},"image":{"@id":"https:\/\/www.laescueladelagua.com\/ca\/la-escuela-del-agua-tambien-estrena-pagina-web\/#primaryimage"},"thumbnailUrl":"\/wp-content\/uploads\/2023\/10\/noticia_web-scaled-e1698649356836.jpg","articleSection":["Actualidad"],"inLanguage":"ca","potentialAction":[{"@type":"CommentAction","name":"Comment","target":["https:\/\/www.laescueladelagua.com\/ca\/la-escuela-del-agua-tambien-estrena-pagina-web\/#respond"]}]},{"@type":"WebPage","@id":"https:\/\/www.laescueladelagua.com\/ca\/la-escuela-del-agua-tambien-estrena-pagina-web\/","url":"https:\/\/www.laescueladelagua.com\/ca\/la-escuela-del-agua-tambien-estrena-pagina-web\/","name":"La Escuela del Agua tambi\u00e9n estrena p\u00e1gina web - Escuela del agua","isPartOf":{"@id":"https:\/\/wapwebedapro01.azurewebsites.net\/#website"},"primaryImageOfPage":{"@id":"https:\/\/www.laescueladelagua.com\/ca\/la-escuela-del-agua-tambien-estrena-pagina-web\/#primaryimage"},"image":{"@id":"https:\/\/www.laescueladelagua.com\/ca\/la-escuela-del-agua-tambien-estrena-pagina-web\/#primaryimage"},"thumbnailUrl":"\/wp-content\/uploads\/2023\/10\/noticia_web-scaled-e1698649356836.jpg","datePublished":"2023-10-30T06:59:15+00:00","dateModified":"2023-10-30T07:06:00+00:00","breadcrumb":{"@id":"https:\/\/www.laescueladelagua.com\/ca\/la-escuela-del-agua-tambien-estrena-pagina-web\/#breadcrumb"},"inLanguage":"ca","potentialAction":[{"@type":"ReadAction","target":["https:\/\/www.laescueladelagua.com\/ca\/la-escuela-del-agua-tambien-estrena-pagina-web\/"]}]},{"@type":"ImageObject","inLanguage":"ca","@id":"https:\/\/www.laescueladelagua.com\/ca\/la-escuela-del-agua-tambien-estrena-pagina-web\/#primaryimage","url":"\/wp-content\/uploads\/2023\/10\/noticia_web-scaled-e1698649356836.jpg","contentUrl":"\/wp-content\/uploads\/2023\/10\/noticia_web-scaled-e1698649356836.jpg","width":1890,"height":883},{"@type":"BreadcrumbList","@id":"https:\/\/www.laescueladelagua.com\/ca\/la-escuela-del-agua-tambien-estrena-pagina-web\/#breadcrumb","itemListElement":[{"@type":"ListItem","position":1,"name":"Home","item":"https:\/\/wapwebedapro01.azurewebsites.net\/"},{"@type":"ListItem","position":2,"name":"La Escuela del Agua tambi\u00e9n estrena p\u00e1gina web"}]},{"@type":"WebSite","@id":"https:\/\/wapwebedapro01.azurewebsites.net\/#website","url":"https:\/\/wapwebedapro01.azurewebsites.net\/","name":"Escuela del agua","description":"","publisher":{"@id":"https:\/\/wapwebedapro01.azurewebsites.net\/#organization"},"potentialAction":[{"@type":"SearchAction","target":{"@type":"EntryPoint","urlTemplate":"https:\/\/wapwebedapro01.azurewebsites.net\/?s={search_term_string}"},"query-input":{"@type":"PropertyValueSpecification","valueRequired":true,"valueName":"search_term_string"}}],"inLanguage":"ca"},{"@type":"Organization","@id":"https:\/\/wapwebedapro01.azurewebsites.net\/#organization","name":"Escuela del agua","url":"https:\/\/wapwebedapro01.azurewebsites.net\/","logo":{"@type":"ImageObject","inLanguage":"ca","@id":"https:\/\/wapwebedapro01.azurewebsites.net\/#\/schema\/logo\/image\/","url":"\/wp-content\/uploads\/2023\/08\/logo_EscueladelAgua_mod.1.1_150px.png","contentUrl":"\/wp-content\/uploads\/2023\/08\/logo_EscueladelAgua_mod.1.1_150px.png","width":150,"height":90,"caption":"Escuela del agua"},"image":{"@id":"https:\/\/wapwebedapro01.azurewebsites.net\/#\/schema\/logo\/image\/"}},{"@type":"Person","@id":"https:\/\/wapwebedapro01.azurewebsites.net\/#\/schema\/person\/286c08b1e29fd42fbbc73e82bc423a0b","name":"Montserrat Llonch","image":{"@type":"ImageObject","inLanguage":"ca","@id":"https:\/\/wapwebedapro01.azurewebsites.net\/#\/schema\/person\/image\/","url":"https:\/\/secure.gravatar.com\/avatar\/241350018ba1baa8f2ad2c0f25b8dd2e?s=96&d=mm&r=g","contentUrl":"https:\/\/secure.gravatar.com\/avatar\/241350018ba1baa8f2ad2c0f25b8dd2e?s=96&d=mm&r=g","caption":"Montserrat Llonch"},"url":"https:\/\/www.laescueladelagua.com\/ca\/author\/montse-llonch\/"}]}},"meta_box":[],"_links":{"self":[{"href":"https:\/\/www.laescueladelagua.com\/ca\/wp-json\/wp\/v2\/posts\/2349","targetHints":{"allow":["GET"]}}],"collection":[{"href":"https:\/\/www.laescueladelagua.com\/ca\/wp-json\/wp\/v2\/posts"}],"about":[{"href":"https:\/\/www.laescueladelagua.com\/ca\/wp-json\/wp\/v2\/types\/post"}],"author":[{"embeddable":true,"href":"https:\/\/www.laescueladelagua.com\/ca\/wp-json\/wp\/v2\/users\/4"}],"replies":[{"embeddable":true,"href":"https:\/\/www.laescueladelagua.com\/ca\/wp-json\/wp\/v2\/comments?post=2349"}],"version-history":[{"count":1,"href":"https:\/\/www.laescueladelagua.com\/ca\/wp-json\/wp\/v2\/posts\/2349\/revisions"}],"predecessor-version":[{"id":2351,"href":"https:\/\/www.laescueladelagua.com\/ca\/wp-json\/wp\/v2\/posts\/2349\/revisions\/2351"}],"wp:featuredmedia":[{"embeddable":true,"href":"https:\/\/www.laescueladelagua.com\/ca\/wp-json\/wp\/v2\/media\/2350"}],"wp:attachment":[{"href":"https:\/\/www.laescueladelagua.com\/ca\/wp-json\/wp\/v2\/media?parent=2349"}],"wp:term":[{"taxonomy":"category","embeddable":true,"href":"https:\/\/www.laescueladelagua.com\/ca\/wp-json\/wp\/v2\/categories?post=2349"},{"taxonomy":"post_tag","embeddable":true,"href":"https:\/\/www.laescueladelagua.com\/ca\/wp-json\/wp\/v2\/tags?post=2349"}],"curies":[{"name":"wp","href":"https:\/\/api.w.org\/{rel}","templated":true}]}}