{"id":2410,"date":"2023-11-23T08:16:52","date_gmt":"2023-11-23T08:16:52","guid":{"rendered":"https:\/\/www.laescueladelagua.com\/?p=2410"},"modified":"2023-11-24T13:21:05","modified_gmt":"2023-11-24T13:21:05","slug":"asamblea-general-del-proyecto-spire-sais","status":"publish","type":"post","link":"https:\/\/www.laescueladelagua.com\/ca\/asamblea-general-del-proyecto-spire-sais\/","title":{"rendered":"Assemblea General del Projecte Spire-Sais"},"content":{"rendered":"<p><span style=\"font-weight: 400;\">El 31 d&#039;octubre s&#039;ha celebrat la 13a assemblea general del projecte europeu SPIRE-SAIS a les oficines d&#039;ESTEP a Brussel\u00b7les. L&#039;Escola de l&#039;Aigua va estar participant a la trobada on es van presentar els resultats generats a cadascun dels \u201cwork packages\u201d.<\/span><\/p>\n<p><span style=\"font-weight: 400;\">Destaca el desenvolupament de la plataforma en l\u00ednia <a href=\"https:\/\/skills4planet.eu\/\" target=\"_blank\" rel=\"noopener\">SKILLS4Planet<\/a> que en els propers mesos entrar\u00e0 en funcionament. \u00c9s una plataforma per interactuar de manera efectiva amb els diferents grups d\u201finter\u00e8s al voltant dels 10 sectors industrials que recull el projecte sobre la simbiosi industrial. La plataforma ofereix una eina d\u201fautoavaluaci\u00f3 i una selecci\u00f3 de solucions d\u201faprenentatge en les compet\u00e8ncies necess\u00e0ries perqu\u00e8 el capital hum\u00e0 de les organitzacions\/ind\u00fastries impulsi la transici\u00f3 verda i la simbiosi industrial. El projecte ha comen\u00e7at amb el desplegament a la ind\u00fastria de l&#039;acer i la cer\u00e0mica.\u00a0<\/span><\/p>\n<p><span style=\"font-weight: 400;\">El desplegament del projecte per al sector aigua es preveu el 27 de mar\u00e7 de 2024 a Brussel\u00b7les amb motiu de la water week [Event Water Market Knowledge]. La trobada final del projecte ser\u00e0 a Dortmund el 23 de Maig de 2024.<\/span><\/p>\n<p>&nbsp;<\/p>","protected":false},"excerpt":{"rendered":"<p>El 31 d&#039;octubre s&#039;ha celebrat la 13a assemblea general del projecte europeu SPIRE-SAIS a les oficines d&#039;ESTEP a Brussel\u00b7les. L&#039;Escola de l&#039;Aigua va estar participant a la trobada on es van presentar els resultats generats a cadascun dels \u201cwork packages\u201d. Destaca el desenvolupament de la plataforma online SKILLS4Planet que als [\u2026]<\/p>","protected":false},"author":4,"featured_media":2411,"comment_status":"open","ping_status":"open","sticky":false,"template":"","format":"standard","meta":{"footnotes":""},"categories":[60],"tags":[],"class_list":["post-2410","post","type-post","status-publish","format-standard","has-post-thumbnail","hentry","category-proyectos-europeos"],"yoast_head":"<!-- This site is optimized with the Yoast SEO plugin v24.5 - https:\/\/yoast.com\/wordpress\/plugins\/seo\/ -->\r\n<title>Asamblea General del Proyecto Spire-Sais - Escuela del agua<\/title>\r\n<meta name=\"robots\" content=\"index, follow, max-snippet:-1, max-image-preview:large, max-video-preview:-1\" \/>\r\n<link rel=\"canonical\" href=\"https:\/\/www.laescueladelagua.com\/ca\/asamblea-general-del-proyecto-spire-sais\/\" \/>\r\n<meta property=\"og:locale\" content=\"ca_ES\" \/>\r\n<meta property=\"og:type\" content=\"article\" \/>\r\n<meta property=\"og:title\" content=\"Asamblea General del Proyecto Spire-Sais - Escuela del agua\" \/>\r\n<meta property=\"og:description\" content=\"El 31 de octubre se ha celebrado la 13\u00aa asamblea general del proyecto europeo SPIRE-SAIS en las oficinas de ESTEP en Bruselas. La Escuela del Agua estuvo participando en el encuentro d\u00f3nde se presentaron los resultados generados en cada uno de los \u201cwork packages\u201c. Destaca el desarrollo de la plataforma online SKILLS4Planet que en los [&hellip;]\" \/>\r\n<meta property=\"og:url\" content=\"https:\/\/www.laescueladelagua.com\/ca\/asamblea-general-del-proyecto-spire-sais\/\" \/>\r\n<meta property=\"og:site_name\" content=\"Escuela del agua\" \/>\r\n<meta property=\"article:published_time\" content=\"2023-11-23T08:16:52+00:00\" \/>\r\n<meta property=\"article:modified_time\" content=\"2023-11-24T13:21:05+00:00\" \/>\r\n<meta property=\"og:image\" content=\"https:\/\/www.laescueladelagua.com\/wp-content\/uploads\/2023\/11\/IMG_3762-scaled-e1700727389166.jpg\" \/>\r\n\t<meta property=\"og:image:width\" content=\"2560\" \/>\r\n\t<meta property=\"og:image:height\" content=\"832\" \/>\r\n\t<meta property=\"og:image:type\" content=\"image\/jpeg\" \/>\r\n<meta name=\"author\" content=\"Montserrat Llonch\" \/>\r\n<meta name=\"twitter:card\" content=\"summary_large_image\" \/>\r\n<meta name=\"twitter:label1\" content=\"Escrit per\" \/>\n\t<meta name=\"twitter:data1\" content=\"Montserrat Llonch\" \/>\n\t<meta name=\"twitter:label2\" content=\"Temps estimat de lectura\" \/>\n\t<meta name=\"twitter:data2\" content=\"1 minut\" \/>\r\n<script type=\"application\/ld+json\" class=\"yoast-schema-graph\">{\"@context\":\"https:\/\/schema.org\",\"@graph\":[{\"@type\":\"Article\",\"@id\":\"https:\/\/www.laescueladelagua.com\/en\/asamblea-general-del-proyecto-spire-sais\/#article\",\"isPartOf\":{\"@id\":\"https:\/\/www.laescueladelagua.com\/en\/asamblea-general-del-proyecto-spire-sais\/\"},\"author\":{\"name\":\"Montserrat Llonch\",\"@id\":\"https:\/\/wapwebedapro01.azurewebsites.net\/#\/schema\/person\/286c08b1e29fd42fbbc73e82bc423a0b\"},\"headline\":\"Asamblea General del Proyecto Spire-Sais\",\"datePublished\":\"2023-11-23T08:16:52+00:00\",\"dateModified\":\"2023-11-24T13:21:05+00:00\",\"mainEntityOfPage\":{\"@id\":\"https:\/\/www.laescueladelagua.com\/en\/asamblea-general-del-proyecto-spire-sais\/\"},\"wordCount\":187,\"commentCount\":0,\"publisher\":{\"@id\":\"https:\/\/wapwebedapro01.azurewebsites.net\/#organization\"},\"image\":{\"@id\":\"https:\/\/www.laescueladelagua.com\/en\/asamblea-general-del-proyecto-spire-sais\/#primaryimage\"},\"thumbnailUrl\":\"\/wp-content\/uploads\/2023\/11\/IMG_3762-scaled-e1700727389166.jpg\",\"articleSection\":[\"Proyectos Europeos\"],\"inLanguage\":\"ca\",\"potentialAction\":[{\"@type\":\"CommentAction\",\"name\":\"Comment\",\"target\":[\"https:\/\/www.laescueladelagua.com\/en\/asamblea-general-del-proyecto-spire-sais\/#respond\"]}]},{\"@type\":\"WebPage\",\"@id\":\"https:\/\/www.laescueladelagua.com\/en\/asamblea-general-del-proyecto-spire-sais\/\",\"url\":\"https:\/\/www.laescueladelagua.com\/en\/asamblea-general-del-proyecto-spire-sais\/\",\"name\":\"Asamblea General del Proyecto Spire-Sais - Escuela del agua\",\"isPartOf\":{\"@id\":\"https:\/\/wapwebedapro01.azurewebsites.net\/#website\"},\"primaryImageOfPage\":{\"@id\":\"https:\/\/www.laescueladelagua.com\/en\/asamblea-general-del-proyecto-spire-sais\/#primaryimage\"},\"image\":{\"@id\":\"https:\/\/www.laescueladelagua.com\/en\/asamblea-general-del-proyecto-spire-sais\/#primaryimage\"},\"thumbnailUrl\":\"\/wp-content\/uploads\/2023\/11\/IMG_3762-scaled-e1700727389166.jpg\",\"datePublished\":\"2023-11-23T08:16:52+00:00\",\"dateModified\":\"2023-11-24T13:21:05+00:00\",\"breadcrumb\":{\"@id\":\"https:\/\/www.laescueladelagua.com\/en\/asamblea-general-del-proyecto-spire-sais\/#breadcrumb\"},\"inLanguage\":\"ca\",\"potentialAction\":[{\"@type\":\"ReadAction\",\"target\":[\"https:\/\/www.laescueladelagua.com\/en\/asamblea-general-del-proyecto-spire-sais\/\"]}]},{\"@type\":\"ImageObject\",\"inLanguage\":\"ca\",\"@id\":\"https:\/\/www.laescueladelagua.com\/en\/asamblea-general-del-proyecto-spire-sais\/#primaryimage\",\"url\":\"\/wp-content\/uploads\/2023\/11\/IMG_3762-scaled-e1700727389166.jpg\",\"contentUrl\":\"\/wp-content\/uploads\/2023\/11\/IMG_3762-scaled-e1700727389166.jpg\",\"width\":2560,\"height\":832},{\"@type\":\"BreadcrumbList\",\"@id\":\"https:\/\/www.laescueladelagua.com\/en\/asamblea-general-del-proyecto-spire-sais\/#breadcrumb\",\"itemListElement\":[{\"@type\":\"ListItem\",\"position\":1,\"name\":\"Home\",\"item\":\"https:\/\/wapwebedapro01.azurewebsites.net\/\"},{\"@type\":\"ListItem\",\"position\":2,\"name\":\"Asamblea General del Proyecto Spire-Sais\"}]},{\"@type\":\"WebSite\",\"@id\":\"https:\/\/wapwebedapro01.azurewebsites.net\/#website\",\"url\":\"https:\/\/wapwebedapro01.azurewebsites.net\/\",\"name\":\"Escuela del agua\",\"description\":\"\",\"publisher\":{\"@id\":\"https:\/\/wapwebedapro01.azurewebsites.net\/#organization\"},\"potentialAction\":[{\"@type\":\"SearchAction\",\"target\":{\"@type\":\"EntryPoint\",\"urlTemplate\":\"https:\/\/wapwebedapro01.azurewebsites.net\/?s={search_term_string}\"},\"query-input\":{\"@type\":\"PropertyValueSpecification\",\"valueRequired\":true,\"valueName\":\"search_term_string\"}}],\"inLanguage\":\"ca\"},{\"@type\":\"Organization\",\"@id\":\"https:\/\/wapwebedapro01.azurewebsites.net\/#organization\",\"name\":\"Escuela del agua\",\"url\":\"https:\/\/wapwebedapro01.azurewebsites.net\/\",\"logo\":{\"@type\":\"ImageObject\",\"inLanguage\":\"ca\",\"@id\":\"https:\/\/wapwebedapro01.azurewebsites.net\/#\/schema\/logo\/image\/\",\"url\":\"\/wp-content\/uploads\/2023\/08\/logo_EscueladelAgua_mod.1.1_150px.png\",\"contentUrl\":\"\/wp-content\/uploads\/2023\/08\/logo_EscueladelAgua_mod.1.1_150px.png\",\"width\":150,\"height\":90,\"caption\":\"Escuela del agua\"},\"image\":{\"@id\":\"https:\/\/wapwebedapro01.azurewebsites.net\/#\/schema\/logo\/image\/\"}},{\"@type\":\"Person\",\"@id\":\"https:\/\/wapwebedapro01.azurewebsites.net\/#\/schema\/person\/286c08b1e29fd42fbbc73e82bc423a0b\",\"name\":\"Montserrat Llonch\",\"image\":{\"@type\":\"ImageObject\",\"inLanguage\":\"ca\",\"@id\":\"https:\/\/wapwebedapro01.azurewebsites.net\/#\/schema\/person\/image\/\",\"url\":\"https:\/\/secure.gravatar.com\/avatar\/241350018ba1baa8f2ad2c0f25b8dd2e?s=96&d=mm&r=g\",\"contentUrl\":\"https:\/\/secure.gravatar.com\/avatar\/241350018ba1baa8f2ad2c0f25b8dd2e?s=96&d=mm&r=g\",\"caption\":\"Montserrat Llonch\"},\"url\":\"https:\/\/www.laescueladelagua.com\/ca\/author\/montse-llonch\/\"}]}<\/script>\r\n<!-- \/ Yoast SEO plugin. -->","yoast_head_json":{"title":"Asamblea General del Proyecto Spire-Sais - Escuela del agua","robots":{"index":"index","follow":"follow","max-snippet":"max-snippet:-1","max-image-preview":"max-image-preview:large","max-video-preview":"max-video-preview:-1"},"canonical":"https:\/\/www.laescueladelagua.com\/ca\/asamblea-general-del-proyecto-spire-sais\/","og_locale":"ca_ES","og_type":"article","og_title":"Asamblea General del Proyecto Spire-Sais - Escuela del agua","og_description":"El 31 de octubre se ha celebrado la 13\u00aa asamblea general del proyecto europeo SPIRE-SAIS en las oficinas de ESTEP en Bruselas. La Escuela del Agua estuvo participando en el encuentro d\u00f3nde se presentaron los resultados generados en cada uno de los \u201cwork packages\u201c. Destaca el desarrollo de la plataforma online SKILLS4Planet que en los [&hellip;]","og_url":"https:\/\/www.laescueladelagua.com\/ca\/asamblea-general-del-proyecto-spire-sais\/","og_site_name":"Escuela del agua","article_published_time":"2023-11-23T08:16:52+00:00","article_modified_time":"2023-11-24T13:21:05+00:00","og_image":[{"width":2560,"height":832,"url":"https:\/\/www.laescueladelagua.com\/wp-content\/uploads\/2023\/11\/IMG_3762-scaled-e1700727389166.jpg","type":"image\/jpeg"}],"author":"Montserrat Llonch","twitter_card":"summary_large_image","twitter_misc":{"Escrit per":"Montserrat Llonch","Temps estimat de lectura":"1 minut"},"schema":{"@context":"https:\/\/schema.org","@graph":[{"@type":"Article","@id":"https:\/\/www.laescueladelagua.com\/en\/asamblea-general-del-proyecto-spire-sais\/#article","isPartOf":{"@id":"https:\/\/www.laescueladelagua.com\/en\/asamblea-general-del-proyecto-spire-sais\/"},"author":{"name":"Montserrat Llonch","@id":"https:\/\/wapwebedapro01.azurewebsites.net\/#\/schema\/person\/286c08b1e29fd42fbbc73e82bc423a0b"},"headline":"Asamblea General del Proyecto Spire-Sais","datePublished":"2023-11-23T08:16:52+00:00","dateModified":"2023-11-24T13:21:05+00:00","mainEntityOfPage":{"@id":"https:\/\/www.laescueladelagua.com\/en\/asamblea-general-del-proyecto-spire-sais\/"},"wordCount":187,"commentCount":0,"publisher":{"@id":"https:\/\/wapwebedapro01.azurewebsites.net\/#organization"},"image":{"@id":"https:\/\/www.laescueladelagua.com\/en\/asamblea-general-del-proyecto-spire-sais\/#primaryimage"},"thumbnailUrl":"\/wp-content\/uploads\/2023\/11\/IMG_3762-scaled-e1700727389166.jpg","articleSection":["Proyectos Europeos"],"inLanguage":"ca","potentialAction":[{"@type":"CommentAction","name":"Comment","target":["https:\/\/www.laescueladelagua.com\/en\/asamblea-general-del-proyecto-spire-sais\/#respond"]}]},{"@type":"WebPage","@id":"https:\/\/www.laescueladelagua.com\/en\/asamblea-general-del-proyecto-spire-sais\/","url":"https:\/\/www.laescueladelagua.com\/en\/asamblea-general-del-proyecto-spire-sais\/","name":"Asamblea General del Proyecto Spire-Sais - Escuela del agua","isPartOf":{"@id":"https:\/\/wapwebedapro01.azurewebsites.net\/#website"},"primaryImageOfPage":{"@id":"https:\/\/www.laescueladelagua.com\/en\/asamblea-general-del-proyecto-spire-sais\/#primaryimage"},"image":{"@id":"https:\/\/www.laescueladelagua.com\/en\/asamblea-general-del-proyecto-spire-sais\/#primaryimage"},"thumbnailUrl":"\/wp-content\/uploads\/2023\/11\/IMG_3762-scaled-e1700727389166.jpg","datePublished":"2023-11-23T08:16:52+00:00","dateModified":"2023-11-24T13:21:05+00:00","breadcrumb":{"@id":"https:\/\/www.laescueladelagua.com\/en\/asamblea-general-del-proyecto-spire-sais\/#breadcrumb"},"inLanguage":"ca","potentialAction":[{"@type":"ReadAction","target":["https:\/\/www.laescueladelagua.com\/en\/asamblea-general-del-proyecto-spire-sais\/"]}]},{"@type":"ImageObject","inLanguage":"ca","@id":"https:\/\/www.laescueladelagua.com\/en\/asamblea-general-del-proyecto-spire-sais\/#primaryimage","url":"\/wp-content\/uploads\/2023\/11\/IMG_3762-scaled-e1700727389166.jpg","contentUrl":"\/wp-content\/uploads\/2023\/11\/IMG_3762-scaled-e1700727389166.jpg","width":2560,"height":832},{"@type":"BreadcrumbList","@id":"https:\/\/www.laescueladelagua.com\/en\/asamblea-general-del-proyecto-spire-sais\/#breadcrumb","itemListElement":[{"@type":"ListItem","position":1,"name":"Home","item":"https:\/\/wapwebedapro01.azurewebsites.net\/"},{"@type":"ListItem","position":2,"name":"Asamblea General del Proyecto Spire-Sais"}]},{"@type":"WebSite","@id":"https:\/\/wapwebedapro01.azurewebsites.net\/#website","url":"https:\/\/wapwebedapro01.azurewebsites.net\/","name":"Escuela del agua","description":"","publisher":{"@id":"https:\/\/wapwebedapro01.azurewebsites.net\/#organization"},"potentialAction":[{"@type":"SearchAction","target":{"@type":"EntryPoint","urlTemplate":"https:\/\/wapwebedapro01.azurewebsites.net\/?s={search_term_string}"},"query-input":{"@type":"PropertyValueSpecification","valueRequired":true,"valueName":"search_term_string"}}],"inLanguage":"ca"},{"@type":"Organization","@id":"https:\/\/wapwebedapro01.azurewebsites.net\/#organization","name":"Escuela del agua","url":"https:\/\/wapwebedapro01.azurewebsites.net\/","logo":{"@type":"ImageObject","inLanguage":"ca","@id":"https:\/\/wapwebedapro01.azurewebsites.net\/#\/schema\/logo\/image\/","url":"\/wp-content\/uploads\/2023\/08\/logo_EscueladelAgua_mod.1.1_150px.png","contentUrl":"\/wp-content\/uploads\/2023\/08\/logo_EscueladelAgua_mod.1.1_150px.png","width":150,"height":90,"caption":"Escuela del agua"},"image":{"@id":"https:\/\/wapwebedapro01.azurewebsites.net\/#\/schema\/logo\/image\/"}},{"@type":"Person","@id":"https:\/\/wapwebedapro01.azurewebsites.net\/#\/schema\/person\/286c08b1e29fd42fbbc73e82bc423a0b","name":"Montserrat Llonch","image":{"@type":"ImageObject","inLanguage":"ca","@id":"https:\/\/wapwebedapro01.azurewebsites.net\/#\/schema\/person\/image\/","url":"https:\/\/secure.gravatar.com\/avatar\/241350018ba1baa8f2ad2c0f25b8dd2e?s=96&d=mm&r=g","contentUrl":"https:\/\/secure.gravatar.com\/avatar\/241350018ba1baa8f2ad2c0f25b8dd2e?s=96&d=mm&r=g","caption":"Montserrat Llonch"},"url":"https:\/\/www.laescueladelagua.com\/ca\/author\/montse-llonch\/"}]}},"meta_box":[],"_links":{"self":[{"href":"https:\/\/www.laescueladelagua.com\/ca\/wp-json\/wp\/v2\/posts\/2410","targetHints":{"allow":["GET"]}}],"collection":[{"href":"https:\/\/www.laescueladelagua.com\/ca\/wp-json\/wp\/v2\/posts"}],"about":[{"href":"https:\/\/www.laescueladelagua.com\/ca\/wp-json\/wp\/v2\/types\/post"}],"author":[{"embeddable":true,"href":"https:\/\/www.laescueladelagua.com\/ca\/wp-json\/wp\/v2\/users\/4"}],"replies":[{"embeddable":true,"href":"https:\/\/www.laescueladelagua.com\/ca\/wp-json\/wp\/v2\/comments?post=2410"}],"version-history":[{"count":2,"href":"https:\/\/www.laescueladelagua.com\/ca\/wp-json\/wp\/v2\/posts\/2410\/revisions"}],"predecessor-version":[{"id":2413,"href":"https:\/\/www.laescueladelagua.com\/ca\/wp-json\/wp\/v2\/posts\/2410\/revisions\/2413"}],"wp:featuredmedia":[{"embeddable":true,"href":"https:\/\/www.laescueladelagua.com\/ca\/wp-json\/wp\/v2\/media\/2411"}],"wp:attachment":[{"href":"https:\/\/www.laescueladelagua.com\/ca\/wp-json\/wp\/v2\/media?parent=2410"}],"wp:term":[{"taxonomy":"category","embeddable":true,"href":"https:\/\/www.laescueladelagua.com\/ca\/wp-json\/wp\/v2\/categories?post=2410"},{"taxonomy":"post_tag","embeddable":true,"href":"https:\/\/www.laescueladelagua.com\/ca\/wp-json\/wp\/v2\/tags?post=2410"}],"curies":[{"name":"wp","href":"https:\/\/api.w.org\/{rel}","templated":true}]}}