{"id":2569,"date":"2024-01-26T10:28:27","date_gmt":"2024-01-26T10:28:27","guid":{"rendered":"https:\/\/www.laescueladelagua.com\/?p=2569"},"modified":"2024-01-26T11:11:33","modified_gmt":"2024-01-26T11:11:33","slug":"construyendo-juntos-un-futuro-verde","status":"publish","type":"post","link":"https:\/\/www.laescueladelagua.com\/ca\/construyendo-juntos-un-futuro-verde\/","title":{"rendered":"Construint plegats un futur verd!"},"content":{"rendered":"<p><span style=\"font-weight: 400;\">Avui, 26 de gener, ens unim a la celebraci\u00f3 del Dia Mundial de l\u00b4Educaci\u00f3 Ambiental. <\/span><span style=\"font-weight: 400;\">A l&#039;Escola de l&#039;Aigua, creiem en la import\u00e0ncia de l&#039;educaci\u00f3 ambiental per construir un futur millor, i aquest dia tan significatiu volem reflexionar amb Eire Ruiz, coordinadora educaci\u00f3 ambiental, sobre el nostre comprom\u00eds amb el benestar del medi ambient a trav\u00e9s de l&#039;educaci\u00f3 ambiental.<\/span><\/p>\n<p>&nbsp;<\/p>\n<p><span style=\"color: #3366ff;\"><b><i>Eire, com descriuries la import\u00e0ncia de l&#039;educaci\u00f3 ambiental a la missi\u00f3 de l&#039;Escola de l&#039;Aigua?<\/i><\/b><\/span><\/p>\n<p><span style=\"font-weight: 400;\">L&#039;educaci\u00f3 ambiental \u00e9s imprescindible per <\/span><b>acompanyar i guiar les persones en els reptes que el canvi clim\u00e0tic i la contaminaci\u00f3<\/b><span style=\"font-weight: 400;\"> estan presentant. A m\u00e9s, forma part del nostre prop\u00f2sit, impulsant el comprom\u00eds del grup per assolir ser referent en la transformaci\u00f3 ecol\u00f2gica. A Escola de l&#039;Aigua, no nom\u00e9s busquem transmetre coneixements, sin\u00f3 tamb\u00e9 <\/span><b>inspirar les persones a con\u00e8ixer i connectar amb el seu entorn<\/b><span style=\"font-weight: 400;\">. Es tracta d&#039;una eina essencial per a<\/span><b> formar ciutadans conscients i responsables amb el seu entorn i la seva preservaci\u00f3<\/b><span style=\"font-weight: 400;\">. En general, fem una tasca pedag\u00f2gica amb viv\u00e8ncies impactants, significatives i transformadores.<\/span><\/p>\n<p><img fetchpriority=\"high\" decoding=\"async\" class=\"size-medium wp-image-2576 alignleft\" src=\"\/wp-content\/uploads\/2024\/01\/agbar221017_118-scaled-e1706264999109-300x246.jpg\" alt=\"\" width=\"300\" height=\"246\" srcset=\"\/wp-content\/uploads\/2024\/01\/agbar221017_118-scaled-e1706264999109-300x246.jpg 300w, \/wp-content\/uploads\/2024\/01\/agbar221017_118-scaled-e1706264999109-1024x839.jpg 1024w, \/wp-content\/uploads\/2024\/01\/agbar221017_118-scaled-e1706264999109-768x629.jpg 768w, \/wp-content\/uploads\/2024\/01\/agbar221017_118-scaled-e1706264999109-15x12.jpg 15w, \/wp-content\/uploads\/2024\/01\/agbar221017_118-scaled-e1706264999109-600x492.jpg 600w, \/wp-content\/uploads\/2024\/01\/agbar221017_118-scaled-e1706264999109.jpg 1510w\" sizes=\"(max-width: 300px) 100vw, 300px\" \/><\/p>\n<p><b style=\"color: #3366ff;\"><i>Com esmenteu, l&#039;Escola de l&#039;Aigua participa activament en diversos programes d&#039;educaci\u00f3 ambiental. Quins s\u00f3n i en quins diferents contextos intervenen?<\/i><\/b><\/p>\n<p><span style=\"font-weight: 400;\">La diversitat \u00e9s la clau. L&#039;Escola de l&#039;Aigua participa activament en diferents programes d&#039;educaci\u00f3 ambiental que abasten una \u00e0mplia varietat de contextos, amb programes, activitats, campanyes divulgatives i projectes museogr\u00e0fics que duem a terme a instal\u00b7lacions, plantes de tractament, centres educatius, plena naturalesa o des de l&#039;altre costat de la pantalla conscienciem i sensibilitzem la ciutadania. Actualment, tenim en marxa programes per a diferents p\u00fablics (escolars, ciutadania general, professionals\u2026), a diferents llocs, amb diferents tem\u00e0tiques (cicle integral al de l&#039;aigua, la biodiversitat, la protecci\u00f3 dels recursos naturals i el canvi clim\u00e0tic) i metodologies per\u00f2 el nostre objectiu continua sent el mateix, servir d&#039;eina de canvi davant de la situaci\u00f3 ambiental actual.<\/span><\/p>\n<p><span style=\"font-weight: 400;\">Des del 2014 a trav\u00e9s del <\/span><b>programa Aqualogia<\/b><span style=\"font-weight: 400;\">, que actualitzem amb les darreres tend\u00e8ncies, AGBAR posa a disposici\u00f3 de la comunitat educativa una eina did\u00e0ctica amb activitats que apropen el cicle de l&#039;aigua i consci\u00e8ncia sobre la problem\u00e0tica ambiental. Ho duem a terme a tot el territori i cada any s\u00f3n m\u00e9s 7000 escolars els qui hi participen.<\/span><\/p>\n<p><span style=\"font-weight: 400;\">A Logronyo cada cap de setmana podeu trobar-nos a la Grajera, gestionant l&#039;aula did\u00e0ctica del <\/span><b>Ajuntament de Logronyo<\/b><span style=\"font-weight: 400;\">, on fem tallers d&#039;educaci\u00f3 ambiental amb visites guiades per con\u00e8ixer m\u00e9s sobre la biodiversitat, els reptes i les solucions que podem aportar.\u00a0<\/span><\/p>\n<p><span style=\"font-weight: 400;\">Una mica m\u00e9s al nord a Artikutza dins del <\/span><b>programa Artikutza Natura de l&#039;Ajuntament de Sant Sebasti\u00e0<\/b><span style=\"font-weight: 400;\"> recorrem els boscos i valls i creuem els rius i les regates per con\u00e8ixer millor la import\u00e0ncia de conservar els espais naturals. Tamb\u00e9 recorrem la resta de Navarra amb el programa educatiu de NILSA, visitant les depuradores d\u201faigua, llocs idonis per transmetre als escolars la import\u00e0ncia de protegir l\u201faigua, un recurs que cada vegada presenta m\u00e9s reptes.\u00a0<\/span><\/p>\n<p><span style=\"font-weight: 400;\">Realitzem tamb\u00e9 altres programes, m\u00e0sters i postgraus, activitats, campanyes divulgatives i projectes museogr\u00e0fics deducaci\u00f3 ambiental, aix\u00ed com sessions amb els professionals del sector. En aquests darrers 10 anys, s\u00f3n m\u00e9s de 230000 persones les que han participat en algun dels programes!<\/span><\/p>\n<p><span style=\"color: #3366ff;\"><b><i>Eire, com animaries la gent a fer aquests petits passos cap a un estil de vida m\u00e9s sostenible?<\/i><\/b><\/span><\/p>\n<p><span style=\"font-weight: 400;\">El primer \u00e9s <\/span><b>trobar la motivaci\u00f3, la ra\u00f3 per la qual hem de reduir el nostre impacte, aix\u00f2 \u00e9s el que marcar\u00e0 la difer\u00e8ncia<\/b><span style=\"font-weight: 400;\">. A partir d&#039;aqu\u00ed, plantejar-se metes i assolir objectius \u00e9s m\u00e9s f\u00e0cil. Comen\u00e7ar amb petites accions di\u00e0ries i anar incloent criteris de sostenibilitat a tots els camps. Des de reduir el consum d\u201faigua diari fins a donar suport a iniciatives locals. Cada petit gest suma i ajuda a construir un futur m\u00e9s sostenible per al nostre planeta. Es tracta d&#039;adoptar h\u00e0bits conscients que, amb el temps, esdevenen eines poderoses.<\/span><\/p>\n<p><span style=\"font-weight: 400;\">En resum, l&#039;Escola de l&#039;Aigua s&#039;enorgulleix del comprom\u00eds amb l&#039;educaci\u00f3 ambiental, reflectit en programes com Aqualogia, l&#039;Aula Did\u00e0ctica de la Grajera, Artikutza Natura i el programa educatiu de NILSA. Aquestes iniciatives tenen com a objectiu inspirar milers de persones cada any a comprendre i valorar la import\u00e0ncia de preservar el nostre entorn.\u00a0<\/span><\/p>\n<p><span style=\"font-weight: 400;\">Aix\u00ed que ja saps, uneix-te a l&#039;onada verda amb l&#039;Escola de l&#039;Aigua i celebrem plegats aquest dia tan especial!\u00a0<\/span><\/p>\n<p><img decoding=\"async\" class=\"wp-image-2572 alignleft\" src=\"\/wp-content\/uploads\/2024\/01\/IMG-20190531-WA0025-300x225.jpg\" alt=\"\" width=\"297\" height=\"223\" srcset=\"\/wp-content\/uploads\/2024\/01\/IMG-20190531-WA0025-300x225.jpg 300w, \/wp-content\/uploads\/2024\/01\/IMG-20190531-WA0025-1024x768.jpg 1024w, \/wp-content\/uploads\/2024\/01\/IMG-20190531-WA0025-768x576.jpg 768w, \/wp-content\/uploads\/2024\/01\/IMG-20190531-WA0025-1536x1152.jpg 1536w, \/wp-content\/uploads\/2024\/01\/IMG-20190531-WA0025-16x12.jpg 16w, \/wp-content\/uploads\/2024\/01\/IMG-20190531-WA0025-600x450.jpg 600w, \/wp-content\/uploads\/2024\/01\/IMG-20190531-WA0025.jpg 1600w\" sizes=\"(max-width: 297px) 100vw, 297px\" \/><\/p>","protected":false},"excerpt":{"rendered":"<p>Avui, 26 de gener, ens unim a la celebraci\u00f3 del Dia Mundial de l\u00b4Educaci\u00f3 Ambiental. A l&#039;Escola de l&#039;Aigua, creiem en la import\u00e0ncia de l&#039;educaci\u00f3 ambiental per construir un futur millor, i aquest dia tan significatiu volem reflexionar amb Eire Ruiz, coordinadora educaci\u00f3 ambiental, sobre el nostre comprom\u00eds amb el benestar del [\u2026]<\/p>","protected":false},"author":4,"featured_media":2570,"comment_status":"open","ping_status":"open","sticky":false,"template":"","format":"standard","meta":{"footnotes":""},"categories":[51],"tags":[],"class_list":["post-2569","post","type-post","status-publish","format-standard","has-post-thumbnail","hentry","category-educacion-ambiental"],"yoast_head":"<!-- This site is optimized with the Yoast SEO plugin v24.5 - https:\/\/yoast.com\/wordpress\/plugins\/seo\/ -->\r\n<title>\u00a1Construyendo juntos un futuro verde! - Escuela del agua<\/title>\r\n<meta name=\"robots\" content=\"index, follow, max-snippet:-1, max-image-preview:large, max-video-preview:-1\" \/>\r\n<link rel=\"canonical\" href=\"https:\/\/www.laescueladelagua.com\/ca\/construyendo-juntos-un-futuro-verde\/\" \/>\r\n<meta property=\"og:locale\" content=\"ca_ES\" \/>\r\n<meta property=\"og:type\" content=\"article\" \/>\r\n<meta property=\"og:title\" content=\"\u00a1Construyendo juntos un futuro verde! - Escuela del agua\" \/>\r\n<meta property=\"og:description\" content=\"Hoy, 26 de enero, nos unimos a la celebraci\u00f3n del D\u00eda Mundial de la Educaci\u00f3n Ambiental. En la Escuela del Agua, creemos en la importancia de la educaci\u00f3n ambiental para construir un futuro mejor, y en este d\u00eda tan significativo queremos reflexionar con Eire Ruiz, coordinadora educaci\u00f3n ambiental, sobre nuestro compromiso con el bienestar del [&hellip;]\" \/>\r\n<meta property=\"og:url\" content=\"https:\/\/www.laescueladelagua.com\/ca\/construyendo-juntos-un-futuro-verde\/\" \/>\r\n<meta property=\"og:site_name\" content=\"Escuela del agua\" \/>\r\n<meta property=\"article:published_time\" content=\"2024-01-26T10:28:27+00:00\" \/>\r\n<meta property=\"article:modified_time\" content=\"2024-01-26T11:11:33+00:00\" \/>\r\n<meta property=\"og:image\" content=\"https:\/\/www.laescueladelagua.com\/wp-content\/uploads\/2024\/01\/IMG-20200126-WA0037-e1706187366153.jpg\" \/>\r\n\t<meta property=\"og:image:width\" content=\"1405\" \/>\r\n\t<meta property=\"og:image:height\" content=\"765\" \/>\r\n\t<meta property=\"og:image:type\" content=\"image\/jpeg\" \/>\r\n<meta name=\"author\" content=\"Montserrat Llonch\" \/>\r\n<meta name=\"twitter:card\" content=\"summary_large_image\" \/>\r\n<meta name=\"twitter:label1\" content=\"Escrit per\" \/>\n\t<meta name=\"twitter:data1\" content=\"Montserrat Llonch\" \/>\n\t<meta name=\"twitter:label2\" content=\"Temps estimat de lectura\" \/>\n\t<meta name=\"twitter:data2\" content=\"4 minuts\" \/>\r\n<script type=\"application\/ld+json\" class=\"yoast-schema-graph\">{\"@context\":\"https:\/\/schema.org\",\"@graph\":[{\"@type\":\"Article\",\"@id\":\"https:\/\/www.laescueladelagua.com\/construyendo-juntos-un-futuro-verde\/#article\",\"isPartOf\":{\"@id\":\"https:\/\/www.laescueladelagua.com\/construyendo-juntos-un-futuro-verde\/\"},\"author\":{\"name\":\"Montserrat Llonch\",\"@id\":\"https:\/\/wapwebedapro01.azurewebsites.net\/#\/schema\/person\/286c08b1e29fd42fbbc73e82bc423a0b\"},\"headline\":\"\u00a1Construyendo juntos un futuro verde!\",\"datePublished\":\"2024-01-26T10:28:27+00:00\",\"dateModified\":\"2024-01-26T11:11:33+00:00\",\"mainEntityOfPage\":{\"@id\":\"https:\/\/www.laescueladelagua.com\/construyendo-juntos-un-futuro-verde\/\"},\"wordCount\":797,\"commentCount\":0,\"publisher\":{\"@id\":\"https:\/\/wapwebedapro01.azurewebsites.net\/#organization\"},\"image\":{\"@id\":\"https:\/\/www.laescueladelagua.com\/construyendo-juntos-un-futuro-verde\/#primaryimage\"},\"thumbnailUrl\":\"\/wp-content\/uploads\/2024\/01\/IMG-20200126-WA0037-e1706187366153.jpg\",\"articleSection\":[\"Educaci\u00f3n ambiental\"],\"inLanguage\":\"ca\",\"potentialAction\":[{\"@type\":\"CommentAction\",\"name\":\"Comment\",\"target\":[\"https:\/\/www.laescueladelagua.com\/construyendo-juntos-un-futuro-verde\/#respond\"]}]},{\"@type\":\"WebPage\",\"@id\":\"https:\/\/www.laescueladelagua.com\/construyendo-juntos-un-futuro-verde\/\",\"url\":\"https:\/\/www.laescueladelagua.com\/construyendo-juntos-un-futuro-verde\/\",\"name\":\"\u00a1Construyendo juntos un futuro verde! - Escuela del agua\",\"isPartOf\":{\"@id\":\"https:\/\/wapwebedapro01.azurewebsites.net\/#website\"},\"primaryImageOfPage\":{\"@id\":\"https:\/\/www.laescueladelagua.com\/construyendo-juntos-un-futuro-verde\/#primaryimage\"},\"image\":{\"@id\":\"https:\/\/www.laescueladelagua.com\/construyendo-juntos-un-futuro-verde\/#primaryimage\"},\"thumbnailUrl\":\"\/wp-content\/uploads\/2024\/01\/IMG-20200126-WA0037-e1706187366153.jpg\",\"datePublished\":\"2024-01-26T10:28:27+00:00\",\"dateModified\":\"2024-01-26T11:11:33+00:00\",\"breadcrumb\":{\"@id\":\"https:\/\/www.laescueladelagua.com\/construyendo-juntos-un-futuro-verde\/#breadcrumb\"},\"inLanguage\":\"ca\",\"potentialAction\":[{\"@type\":\"ReadAction\",\"target\":[\"https:\/\/www.laescueladelagua.com\/construyendo-juntos-un-futuro-verde\/\"]}]},{\"@type\":\"ImageObject\",\"inLanguage\":\"ca\",\"@id\":\"https:\/\/www.laescueladelagua.com\/construyendo-juntos-un-futuro-verde\/#primaryimage\",\"url\":\"\/wp-content\/uploads\/2024\/01\/IMG-20200126-WA0037-e1706187366153.jpg\",\"contentUrl\":\"\/wp-content\/uploads\/2024\/01\/IMG-20200126-WA0037-e1706187366153.jpg\",\"width\":1405,\"height\":765},{\"@type\":\"BreadcrumbList\",\"@id\":\"https:\/\/www.laescueladelagua.com\/construyendo-juntos-un-futuro-verde\/#breadcrumb\",\"itemListElement\":[{\"@type\":\"ListItem\",\"position\":1,\"name\":\"Home\",\"item\":\"https:\/\/wapwebedapro01.azurewebsites.net\/\"},{\"@type\":\"ListItem\",\"position\":2,\"name\":\"\u00a1Construyendo juntos un futuro verde!\"}]},{\"@type\":\"WebSite\",\"@id\":\"https:\/\/wapwebedapro01.azurewebsites.net\/#website\",\"url\":\"https:\/\/wapwebedapro01.azurewebsites.net\/\",\"name\":\"Escuela del agua\",\"description\":\"\",\"publisher\":{\"@id\":\"https:\/\/wapwebedapro01.azurewebsites.net\/#organization\"},\"potentialAction\":[{\"@type\":\"SearchAction\",\"target\":{\"@type\":\"EntryPoint\",\"urlTemplate\":\"https:\/\/wapwebedapro01.azurewebsites.net\/?s={search_term_string}\"},\"query-input\":{\"@type\":\"PropertyValueSpecification\",\"valueRequired\":true,\"valueName\":\"search_term_string\"}}],\"inLanguage\":\"ca\"},{\"@type\":\"Organization\",\"@id\":\"https:\/\/wapwebedapro01.azurewebsites.net\/#organization\",\"name\":\"Escuela del agua\",\"url\":\"https:\/\/wapwebedapro01.azurewebsites.net\/\",\"logo\":{\"@type\":\"ImageObject\",\"inLanguage\":\"ca\",\"@id\":\"https:\/\/wapwebedapro01.azurewebsites.net\/#\/schema\/logo\/image\/\",\"url\":\"\/wp-content\/uploads\/2023\/08\/logo_EscueladelAgua_mod.1.1_150px.png\",\"contentUrl\":\"\/wp-content\/uploads\/2023\/08\/logo_EscueladelAgua_mod.1.1_150px.png\",\"width\":150,\"height\":90,\"caption\":\"Escuela del agua\"},\"image\":{\"@id\":\"https:\/\/wapwebedapro01.azurewebsites.net\/#\/schema\/logo\/image\/\"}},{\"@type\":\"Person\",\"@id\":\"https:\/\/wapwebedapro01.azurewebsites.net\/#\/schema\/person\/286c08b1e29fd42fbbc73e82bc423a0b\",\"name\":\"Montserrat Llonch\",\"image\":{\"@type\":\"ImageObject\",\"inLanguage\":\"ca\",\"@id\":\"https:\/\/wapwebedapro01.azurewebsites.net\/#\/schema\/person\/image\/\",\"url\":\"https:\/\/secure.gravatar.com\/avatar\/241350018ba1baa8f2ad2c0f25b8dd2e?s=96&d=mm&r=g\",\"contentUrl\":\"https:\/\/secure.gravatar.com\/avatar\/241350018ba1baa8f2ad2c0f25b8dd2e?s=96&d=mm&r=g\",\"caption\":\"Montserrat Llonch\"},\"url\":\"https:\/\/www.laescueladelagua.com\/ca\/author\/montse-llonch\/\"}]}<\/script>\r\n<!-- \/ Yoast SEO plugin. -->","yoast_head_json":{"title":"\u00a1Construyendo juntos un futuro verde! - Escuela del agua","robots":{"index":"index","follow":"follow","max-snippet":"max-snippet:-1","max-image-preview":"max-image-preview:large","max-video-preview":"max-video-preview:-1"},"canonical":"https:\/\/www.laescueladelagua.com\/ca\/construyendo-juntos-un-futuro-verde\/","og_locale":"ca_ES","og_type":"article","og_title":"\u00a1Construyendo juntos un futuro verde! - Escuela del agua","og_description":"Hoy, 26 de enero, nos unimos a la celebraci\u00f3n del D\u00eda Mundial de la Educaci\u00f3n Ambiental. En la Escuela del Agua, creemos en la importancia de la educaci\u00f3n ambiental para construir un futuro mejor, y en este d\u00eda tan significativo queremos reflexionar con Eire Ruiz, coordinadora educaci\u00f3n ambiental, sobre nuestro compromiso con el bienestar del [&hellip;]","og_url":"https:\/\/www.laescueladelagua.com\/ca\/construyendo-juntos-un-futuro-verde\/","og_site_name":"Escuela del agua","article_published_time":"2024-01-26T10:28:27+00:00","article_modified_time":"2024-01-26T11:11:33+00:00","og_image":[{"width":1405,"height":765,"url":"https:\/\/www.laescueladelagua.com\/wp-content\/uploads\/2024\/01\/IMG-20200126-WA0037-e1706187366153.jpg","type":"image\/jpeg"}],"author":"Montserrat Llonch","twitter_card":"summary_large_image","twitter_misc":{"Escrit per":"Montserrat Llonch","Temps estimat de lectura":"4 minuts"},"schema":{"@context":"https:\/\/schema.org","@graph":[{"@type":"Article","@id":"https:\/\/www.laescueladelagua.com\/construyendo-juntos-un-futuro-verde\/#article","isPartOf":{"@id":"https:\/\/www.laescueladelagua.com\/construyendo-juntos-un-futuro-verde\/"},"author":{"name":"Montserrat Llonch","@id":"https:\/\/wapwebedapro01.azurewebsites.net\/#\/schema\/person\/286c08b1e29fd42fbbc73e82bc423a0b"},"headline":"\u00a1Construyendo juntos un futuro verde!","datePublished":"2024-01-26T10:28:27+00:00","dateModified":"2024-01-26T11:11:33+00:00","mainEntityOfPage":{"@id":"https:\/\/www.laescueladelagua.com\/construyendo-juntos-un-futuro-verde\/"},"wordCount":797,"commentCount":0,"publisher":{"@id":"https:\/\/wapwebedapro01.azurewebsites.net\/#organization"},"image":{"@id":"https:\/\/www.laescueladelagua.com\/construyendo-juntos-un-futuro-verde\/#primaryimage"},"thumbnailUrl":"\/wp-content\/uploads\/2024\/01\/IMG-20200126-WA0037-e1706187366153.jpg","articleSection":["Educaci\u00f3n ambiental"],"inLanguage":"ca","potentialAction":[{"@type":"CommentAction","name":"Comment","target":["https:\/\/www.laescueladelagua.com\/construyendo-juntos-un-futuro-verde\/#respond"]}]},{"@type":"WebPage","@id":"https:\/\/www.laescueladelagua.com\/construyendo-juntos-un-futuro-verde\/","url":"https:\/\/www.laescueladelagua.com\/construyendo-juntos-un-futuro-verde\/","name":"\u00a1Construyendo juntos un futuro verde! - Escuela del agua","isPartOf":{"@id":"https:\/\/wapwebedapro01.azurewebsites.net\/#website"},"primaryImageOfPage":{"@id":"https:\/\/www.laescueladelagua.com\/construyendo-juntos-un-futuro-verde\/#primaryimage"},"image":{"@id":"https:\/\/www.laescueladelagua.com\/construyendo-juntos-un-futuro-verde\/#primaryimage"},"thumbnailUrl":"\/wp-content\/uploads\/2024\/01\/IMG-20200126-WA0037-e1706187366153.jpg","datePublished":"2024-01-26T10:28:27+00:00","dateModified":"2024-01-26T11:11:33+00:00","breadcrumb":{"@id":"https:\/\/www.laescueladelagua.com\/construyendo-juntos-un-futuro-verde\/#breadcrumb"},"inLanguage":"ca","potentialAction":[{"@type":"ReadAction","target":["https:\/\/www.laescueladelagua.com\/construyendo-juntos-un-futuro-verde\/"]}]},{"@type":"ImageObject","inLanguage":"ca","@id":"https:\/\/www.laescueladelagua.com\/construyendo-juntos-un-futuro-verde\/#primaryimage","url":"\/wp-content\/uploads\/2024\/01\/IMG-20200126-WA0037-e1706187366153.jpg","contentUrl":"\/wp-content\/uploads\/2024\/01\/IMG-20200126-WA0037-e1706187366153.jpg","width":1405,"height":765},{"@type":"BreadcrumbList","@id":"https:\/\/www.laescueladelagua.com\/construyendo-juntos-un-futuro-verde\/#breadcrumb","itemListElement":[{"@type":"ListItem","position":1,"name":"Home","item":"https:\/\/wapwebedapro01.azurewebsites.net\/"},{"@type":"ListItem","position":2,"name":"\u00a1Construyendo juntos un futuro verde!"}]},{"@type":"WebSite","@id":"https:\/\/wapwebedapro01.azurewebsites.net\/#website","url":"https:\/\/wapwebedapro01.azurewebsites.net\/","name":"Escuela del agua","description":"","publisher":{"@id":"https:\/\/wapwebedapro01.azurewebsites.net\/#organization"},"potentialAction":[{"@type":"SearchAction","target":{"@type":"EntryPoint","urlTemplate":"https:\/\/wapwebedapro01.azurewebsites.net\/?s={search_term_string}"},"query-input":{"@type":"PropertyValueSpecification","valueRequired":true,"valueName":"search_term_string"}}],"inLanguage":"ca"},{"@type":"Organization","@id":"https:\/\/wapwebedapro01.azurewebsites.net\/#organization","name":"Escuela del agua","url":"https:\/\/wapwebedapro01.azurewebsites.net\/","logo":{"@type":"ImageObject","inLanguage":"ca","@id":"https:\/\/wapwebedapro01.azurewebsites.net\/#\/schema\/logo\/image\/","url":"\/wp-content\/uploads\/2023\/08\/logo_EscueladelAgua_mod.1.1_150px.png","contentUrl":"\/wp-content\/uploads\/2023\/08\/logo_EscueladelAgua_mod.1.1_150px.png","width":150,"height":90,"caption":"Escuela del agua"},"image":{"@id":"https:\/\/wapwebedapro01.azurewebsites.net\/#\/schema\/logo\/image\/"}},{"@type":"Person","@id":"https:\/\/wapwebedapro01.azurewebsites.net\/#\/schema\/person\/286c08b1e29fd42fbbc73e82bc423a0b","name":"Montserrat Llonch","image":{"@type":"ImageObject","inLanguage":"ca","@id":"https:\/\/wapwebedapro01.azurewebsites.net\/#\/schema\/person\/image\/","url":"https:\/\/secure.gravatar.com\/avatar\/241350018ba1baa8f2ad2c0f25b8dd2e?s=96&d=mm&r=g","contentUrl":"https:\/\/secure.gravatar.com\/avatar\/241350018ba1baa8f2ad2c0f25b8dd2e?s=96&d=mm&r=g","caption":"Montserrat Llonch"},"url":"https:\/\/www.laescueladelagua.com\/ca\/author\/montse-llonch\/"}]}},"meta_box":[],"_links":{"self":[{"href":"https:\/\/www.laescueladelagua.com\/ca\/wp-json\/wp\/v2\/posts\/2569","targetHints":{"allow":["GET"]}}],"collection":[{"href":"https:\/\/www.laescueladelagua.com\/ca\/wp-json\/wp\/v2\/posts"}],"about":[{"href":"https:\/\/www.laescueladelagua.com\/ca\/wp-json\/wp\/v2\/types\/post"}],"author":[{"embeddable":true,"href":"https:\/\/www.laescueladelagua.com\/ca\/wp-json\/wp\/v2\/users\/4"}],"replies":[{"embeddable":true,"href":"https:\/\/www.laescueladelagua.com\/ca\/wp-json\/wp\/v2\/comments?post=2569"}],"version-history":[{"count":7,"href":"https:\/\/www.laescueladelagua.com\/ca\/wp-json\/wp\/v2\/posts\/2569\/revisions"}],"predecessor-version":[{"id":2581,"href":"https:\/\/www.laescueladelagua.com\/ca\/wp-json\/wp\/v2\/posts\/2569\/revisions\/2581"}],"wp:featuredmedia":[{"embeddable":true,"href":"https:\/\/www.laescueladelagua.com\/ca\/wp-json\/wp\/v2\/media\/2570"}],"wp:attachment":[{"href":"https:\/\/www.laescueladelagua.com\/ca\/wp-json\/wp\/v2\/media?parent=2569"}],"wp:term":[{"taxonomy":"category","embeddable":true,"href":"https:\/\/www.laescueladelagua.com\/ca\/wp-json\/wp\/v2\/categories?post=2569"},{"taxonomy":"post_tag","embeddable":true,"href":"https:\/\/www.laescueladelagua.com\/ca\/wp-json\/wp\/v2\/tags?post=2569"}],"curies":[{"name":"wp","href":"https:\/\/api.w.org\/{rel}","templated":true}]}}