{"id":2628,"date":"2024-02-21T11:26:34","date_gmt":"2024-02-21T11:26:34","guid":{"rendered":"https:\/\/www.laescueladelagua.com\/?p=2628"},"modified":"2024-02-21T12:03:32","modified_gmt":"2024-02-21T12:03:32","slug":"curso-sobre-tratamiento-de-aguas-residuales-y-gestion-de-residuos-entre-ins-pere-martell-y-agbar","status":"publish","type":"post","link":"https:\/\/www.laescueladelagua.com\/ca\/curso-sobre-tratamiento-de-aguas-residuales-y-gestion-de-residuos-entre-ins-pere-martell-y-agbar\/","title":{"rendered":"Curs sobre tractament d&#039;aig\u00fces residuals i gesti\u00f3 de residus entre INS Pere Martell i Agbar"},"content":{"rendered":"<p><span style=\"font-weight: 400;\">Dins del programa 3LoE, els alumnes de Grau Superior de Gesti\u00f3 d&#039;Aigua i d&#039;Energies Renovables de l&#039;Institut Pere Martell de Tarragona han resolt un repte proposat per Agbar, la creaci\u00f3 d&#039;un parc inundable al recinte del centre.\u00a0<\/span><\/p>\n<p><span style=\"font-weight: 400;\">Es tracta d&#039;una zona industrial i verda, de la ciutat de Tarragona afectada per l&#039;estr\u00e8s h\u00eddric on han dissenyat una proposta de soluci\u00f3. <\/span><span style=\"font-weight: 400;\"><br \/>\n<\/span><span style=\"font-weight: 400;\">Els participants han estudiat on ubicar l\u00b4estany, entre l\u00b4EDAR de Tarragona i l\u00b4EDAR de Vila Seca, han calculat cotes d\u00b4al\u00e7ada, han proposat desguassos, arquetes, cotes d\u00b4al\u00e7ada i bombes centr\u00edfugues.\u00a0<\/span><\/p>\n<p><span style=\"font-weight: 400;\">El parc ha estat dissenyat com a pulm\u00f3 per a per\u00edodes d&#039;escassetat quan les depuradores arriben a nivells de cabal cr\u00edtics i tamb\u00e9 per a retenci\u00f3 d&#039;aigua en per\u00edodes d&#039;inundaci\u00f3. Els alumnes han adquirit coneixements nous i han conegut noves solucions per a la gesti\u00f3 de l&#039;aigua.<\/span><\/p>\n<p>Enhorabona a tothom, alumnat i professorat del centre.<\/p>","protected":false},"excerpt":{"rendered":"<p>Dins del programa 3LoE, els alumnes de Grau Superior de Gesti\u00f3 d&#039;Aigua i d&#039;Energies Renovables de l&#039;Institut Pere Martell de Tarragona han resolt un repte proposat per Agbar, la creaci\u00f3 d&#039;un parc inundable al recinte del centre. Es tracta d&#039;una zona industrial i verda, de la ciutat de Tarragona afectada [\u2026]<\/p>","protected":false},"author":4,"featured_media":2629,"comment_status":"open","ping_status":"open","sticky":false,"template":"","format":"standard","meta":{"footnotes":""},"categories":[60],"tags":[76,73],"class_list":["post-2628","post","type-post","status-publish","format-standard","has-post-thumbnail","hentry","category-proyectos-europeos","tag-3loe","tag-fpdual"],"yoast_head":"<!-- This site is optimized with the Yoast SEO plugin v24.5 - https:\/\/yoast.com\/wordpress\/plugins\/seo\/ -->\r\n<title>Curso sobre tratamiento de aguas residuales y gesti\u00f3n de residuos entre INS Pere Martell y Agbar - Escuela del agua<\/title>\r\n<meta name=\"robots\" content=\"index, follow, max-snippet:-1, max-image-preview:large, max-video-preview:-1\" \/>\r\n<link rel=\"canonical\" href=\"https:\/\/www.laescueladelagua.com\/ca\/curso-sobre-tratamiento-de-aguas-residuales-y-gestion-de-residuos-entre-ins-pere-martell-y-agbar\/\" \/>\r\n<meta property=\"og:locale\" content=\"ca_ES\" \/>\r\n<meta property=\"og:type\" content=\"article\" \/>\r\n<meta property=\"og:title\" content=\"Curso sobre tratamiento de aguas residuales y gesti\u00f3n de residuos entre INS Pere Martell y Agbar - Escuela del agua\" \/>\r\n<meta property=\"og:description\" content=\"Dentro del programa 3LoE, los alumnos de Grado Superior de Gesti\u00f3n de Agua y de Energ\u00edas Renovables del Instituto Pere Martell de Tarragona, han resuelto un reto propuesto por Agbar,\u00a0 la creaci\u00f3n de un parque inundable en el recinto del centro.\u00a0 Se trata de una zona industrial y verde, de la ciudad de Tarragona afectada [&hellip;]\" \/>\r\n<meta property=\"og:url\" content=\"https:\/\/www.laescueladelagua.com\/ca\/curso-sobre-tratamiento-de-aguas-residuales-y-gestion-de-residuos-entre-ins-pere-martell-y-agbar\/\" \/>\r\n<meta property=\"og:site_name\" content=\"Escuela del agua\" \/>\r\n<meta property=\"article:published_time\" content=\"2024-02-21T11:26:34+00:00\" \/>\r\n<meta property=\"article:modified_time\" content=\"2024-02-21T12:03:32+00:00\" \/>\r\n<meta property=\"og:image\" content=\"https:\/\/www.laescueladelagua.com\/wp-content\/uploads\/2024\/02\/IMG-20240220-WA0005-e1708515053108.jpg\" \/>\r\n\t<meta property=\"og:image:width\" content=\"1200\" \/>\r\n\t<meta property=\"og:image:height\" content=\"384\" \/>\r\n\t<meta property=\"og:image:type\" content=\"image\/jpeg\" \/>\r\n<meta name=\"author\" content=\"Montserrat Llonch\" \/>\r\n<meta name=\"twitter:card\" content=\"summary_large_image\" \/>\r\n<meta name=\"twitter:label1\" content=\"Escrit per\" \/>\n\t<meta name=\"twitter:data1\" content=\"Montserrat Llonch\" \/>\n\t<meta name=\"twitter:label2\" content=\"Temps estimat de lectura\" \/>\n\t<meta name=\"twitter:data2\" content=\"1 minut\" \/>\r\n<script type=\"application\/ld+json\" class=\"yoast-schema-graph\">{\"@context\":\"https:\/\/schema.org\",\"@graph\":[{\"@type\":\"Article\",\"@id\":\"https:\/\/www.laescueladelagua.com\/en\/curso-sobre-tratamiento-de-aguas-residuales-y-gestion-de-residuos-entre-ins-pere-martell-y-agbar\/#article\",\"isPartOf\":{\"@id\":\"https:\/\/www.laescueladelagua.com\/en\/curso-sobre-tratamiento-de-aguas-residuales-y-gestion-de-residuos-entre-ins-pere-martell-y-agbar\/\"},\"author\":{\"name\":\"Montserrat Llonch\",\"@id\":\"https:\/\/wapwebedapro01.azurewebsites.net\/#\/schema\/person\/286c08b1e29fd42fbbc73e82bc423a0b\"},\"headline\":\"Curso sobre tratamiento de aguas residuales y gesti\u00f3n de residuos entre INS Pere Martell y Agbar\",\"datePublished\":\"2024-02-21T11:26:34+00:00\",\"dateModified\":\"2024-02-21T12:03:32+00:00\",\"mainEntityOfPage\":{\"@id\":\"https:\/\/www.laescueladelagua.com\/en\/curso-sobre-tratamiento-de-aguas-residuales-y-gestion-de-residuos-entre-ins-pere-martell-y-agbar\/\"},\"wordCount\":189,\"commentCount\":0,\"publisher\":{\"@id\":\"https:\/\/wapwebedapro01.azurewebsites.net\/#organization\"},\"image\":{\"@id\":\"https:\/\/www.laescueladelagua.com\/en\/curso-sobre-tratamiento-de-aguas-residuales-y-gestion-de-residuos-entre-ins-pere-martell-y-agbar\/#primaryimage\"},\"thumbnailUrl\":\"\/wp-content\/uploads\/2024\/02\/IMG-20240220-WA0005-e1708515053108.jpg\",\"keywords\":[\"3LoE\",\"fpdual\"],\"articleSection\":[\"Proyectos Europeos\"],\"inLanguage\":\"ca\",\"potentialAction\":[{\"@type\":\"CommentAction\",\"name\":\"Comment\",\"target\":[\"https:\/\/www.laescueladelagua.com\/en\/curso-sobre-tratamiento-de-aguas-residuales-y-gestion-de-residuos-entre-ins-pere-martell-y-agbar\/#respond\"]}]},{\"@type\":\"WebPage\",\"@id\":\"https:\/\/www.laescueladelagua.com\/en\/curso-sobre-tratamiento-de-aguas-residuales-y-gestion-de-residuos-entre-ins-pere-martell-y-agbar\/\",\"url\":\"https:\/\/www.laescueladelagua.com\/en\/curso-sobre-tratamiento-de-aguas-residuales-y-gestion-de-residuos-entre-ins-pere-martell-y-agbar\/\",\"name\":\"Curso sobre tratamiento de aguas residuales y gesti\u00f3n de residuos entre INS Pere Martell y Agbar - Escuela del agua\",\"isPartOf\":{\"@id\":\"https:\/\/wapwebedapro01.azurewebsites.net\/#website\"},\"primaryImageOfPage\":{\"@id\":\"https:\/\/www.laescueladelagua.com\/en\/curso-sobre-tratamiento-de-aguas-residuales-y-gestion-de-residuos-entre-ins-pere-martell-y-agbar\/#primaryimage\"},\"image\":{\"@id\":\"https:\/\/www.laescueladelagua.com\/en\/curso-sobre-tratamiento-de-aguas-residuales-y-gestion-de-residuos-entre-ins-pere-martell-y-agbar\/#primaryimage\"},\"thumbnailUrl\":\"\/wp-content\/uploads\/2024\/02\/IMG-20240220-WA0005-e1708515053108.jpg\",\"datePublished\":\"2024-02-21T11:26:34+00:00\",\"dateModified\":\"2024-02-21T12:03:32+00:00\",\"breadcrumb\":{\"@id\":\"https:\/\/www.laescueladelagua.com\/en\/curso-sobre-tratamiento-de-aguas-residuales-y-gestion-de-residuos-entre-ins-pere-martell-y-agbar\/#breadcrumb\"},\"inLanguage\":\"ca\",\"potentialAction\":[{\"@type\":\"ReadAction\",\"target\":[\"https:\/\/www.laescueladelagua.com\/en\/curso-sobre-tratamiento-de-aguas-residuales-y-gestion-de-residuos-entre-ins-pere-martell-y-agbar\/\"]}]},{\"@type\":\"ImageObject\",\"inLanguage\":\"ca\",\"@id\":\"https:\/\/www.laescueladelagua.com\/en\/curso-sobre-tratamiento-de-aguas-residuales-y-gestion-de-residuos-entre-ins-pere-martell-y-agbar\/#primaryimage\",\"url\":\"\/wp-content\/uploads\/2024\/02\/IMG-20240220-WA0005-e1708515053108.jpg\",\"contentUrl\":\"\/wp-content\/uploads\/2024\/02\/IMG-20240220-WA0005-e1708515053108.jpg\",\"width\":1200,\"height\":384},{\"@type\":\"BreadcrumbList\",\"@id\":\"https:\/\/www.laescueladelagua.com\/en\/curso-sobre-tratamiento-de-aguas-residuales-y-gestion-de-residuos-entre-ins-pere-martell-y-agbar\/#breadcrumb\",\"itemListElement\":[{\"@type\":\"ListItem\",\"position\":1,\"name\":\"Home\",\"item\":\"https:\/\/wapwebedapro01.azurewebsites.net\/\"},{\"@type\":\"ListItem\",\"position\":2,\"name\":\"Curso sobre tratamiento de aguas residuales y gesti\u00f3n de residuos entre INS Pere Martell y Agbar\"}]},{\"@type\":\"WebSite\",\"@id\":\"https:\/\/wapwebedapro01.azurewebsites.net\/#website\",\"url\":\"https:\/\/wapwebedapro01.azurewebsites.net\/\",\"name\":\"Escuela del agua\",\"description\":\"\",\"publisher\":{\"@id\":\"https:\/\/wapwebedapro01.azurewebsites.net\/#organization\"},\"potentialAction\":[{\"@type\":\"SearchAction\",\"target\":{\"@type\":\"EntryPoint\",\"urlTemplate\":\"https:\/\/wapwebedapro01.azurewebsites.net\/?s={search_term_string}\"},\"query-input\":{\"@type\":\"PropertyValueSpecification\",\"valueRequired\":true,\"valueName\":\"search_term_string\"}}],\"inLanguage\":\"ca\"},{\"@type\":\"Organization\",\"@id\":\"https:\/\/wapwebedapro01.azurewebsites.net\/#organization\",\"name\":\"Escuela del agua\",\"url\":\"https:\/\/wapwebedapro01.azurewebsites.net\/\",\"logo\":{\"@type\":\"ImageObject\",\"inLanguage\":\"ca\",\"@id\":\"https:\/\/wapwebedapro01.azurewebsites.net\/#\/schema\/logo\/image\/\",\"url\":\"\/wp-content\/uploads\/2023\/08\/logo_EscueladelAgua_mod.1.1_150px.png\",\"contentUrl\":\"\/wp-content\/uploads\/2023\/08\/logo_EscueladelAgua_mod.1.1_150px.png\",\"width\":150,\"height\":90,\"caption\":\"Escuela del agua\"},\"image\":{\"@id\":\"https:\/\/wapwebedapro01.azurewebsites.net\/#\/schema\/logo\/image\/\"}},{\"@type\":\"Person\",\"@id\":\"https:\/\/wapwebedapro01.azurewebsites.net\/#\/schema\/person\/286c08b1e29fd42fbbc73e82bc423a0b\",\"name\":\"Montserrat Llonch\",\"image\":{\"@type\":\"ImageObject\",\"inLanguage\":\"ca\",\"@id\":\"https:\/\/wapwebedapro01.azurewebsites.net\/#\/schema\/person\/image\/\",\"url\":\"https:\/\/secure.gravatar.com\/avatar\/241350018ba1baa8f2ad2c0f25b8dd2e?s=96&d=mm&r=g\",\"contentUrl\":\"https:\/\/secure.gravatar.com\/avatar\/241350018ba1baa8f2ad2c0f25b8dd2e?s=96&d=mm&r=g\",\"caption\":\"Montserrat Llonch\"},\"url\":\"https:\/\/www.laescueladelagua.com\/ca\/author\/montse-llonch\/\"}]}<\/script>\r\n<!-- \/ Yoast SEO plugin. -->","yoast_head_json":{"title":"Curso sobre tratamiento de aguas residuales y gesti\u00f3n de residuos entre INS Pere Martell y Agbar - Escuela del agua","robots":{"index":"index","follow":"follow","max-snippet":"max-snippet:-1","max-image-preview":"max-image-preview:large","max-video-preview":"max-video-preview:-1"},"canonical":"https:\/\/www.laescueladelagua.com\/ca\/curso-sobre-tratamiento-de-aguas-residuales-y-gestion-de-residuos-entre-ins-pere-martell-y-agbar\/","og_locale":"ca_ES","og_type":"article","og_title":"Curso sobre tratamiento de aguas residuales y gesti\u00f3n de residuos entre INS Pere Martell y Agbar - Escuela del agua","og_description":"Dentro del programa 3LoE, los alumnos de Grado Superior de Gesti\u00f3n de Agua y de Energ\u00edas Renovables del Instituto Pere Martell de Tarragona, han resuelto un reto propuesto por Agbar,\u00a0 la creaci\u00f3n de un parque inundable en el recinto del centro.\u00a0 Se trata de una zona industrial y verde, de la ciudad de Tarragona afectada [&hellip;]","og_url":"https:\/\/www.laescueladelagua.com\/ca\/curso-sobre-tratamiento-de-aguas-residuales-y-gestion-de-residuos-entre-ins-pere-martell-y-agbar\/","og_site_name":"Escuela del agua","article_published_time":"2024-02-21T11:26:34+00:00","article_modified_time":"2024-02-21T12:03:32+00:00","og_image":[{"width":1200,"height":384,"url":"https:\/\/www.laescueladelagua.com\/wp-content\/uploads\/2024\/02\/IMG-20240220-WA0005-e1708515053108.jpg","type":"image\/jpeg"}],"author":"Montserrat Llonch","twitter_card":"summary_large_image","twitter_misc":{"Escrit per":"Montserrat Llonch","Temps estimat de lectura":"1 minut"},"schema":{"@context":"https:\/\/schema.org","@graph":[{"@type":"Article","@id":"https:\/\/www.laescueladelagua.com\/en\/curso-sobre-tratamiento-de-aguas-residuales-y-gestion-de-residuos-entre-ins-pere-martell-y-agbar\/#article","isPartOf":{"@id":"https:\/\/www.laescueladelagua.com\/en\/curso-sobre-tratamiento-de-aguas-residuales-y-gestion-de-residuos-entre-ins-pere-martell-y-agbar\/"},"author":{"name":"Montserrat Llonch","@id":"https:\/\/wapwebedapro01.azurewebsites.net\/#\/schema\/person\/286c08b1e29fd42fbbc73e82bc423a0b"},"headline":"Curso sobre tratamiento de aguas residuales y gesti\u00f3n de residuos entre INS Pere Martell y Agbar","datePublished":"2024-02-21T11:26:34+00:00","dateModified":"2024-02-21T12:03:32+00:00","mainEntityOfPage":{"@id":"https:\/\/www.laescueladelagua.com\/en\/curso-sobre-tratamiento-de-aguas-residuales-y-gestion-de-residuos-entre-ins-pere-martell-y-agbar\/"},"wordCount":189,"commentCount":0,"publisher":{"@id":"https:\/\/wapwebedapro01.azurewebsites.net\/#organization"},"image":{"@id":"https:\/\/www.laescueladelagua.com\/en\/curso-sobre-tratamiento-de-aguas-residuales-y-gestion-de-residuos-entre-ins-pere-martell-y-agbar\/#primaryimage"},"thumbnailUrl":"\/wp-content\/uploads\/2024\/02\/IMG-20240220-WA0005-e1708515053108.jpg","keywords":["3LoE","fpdual"],"articleSection":["Proyectos Europeos"],"inLanguage":"ca","potentialAction":[{"@type":"CommentAction","name":"Comment","target":["https:\/\/www.laescueladelagua.com\/en\/curso-sobre-tratamiento-de-aguas-residuales-y-gestion-de-residuos-entre-ins-pere-martell-y-agbar\/#respond"]}]},{"@type":"WebPage","@id":"https:\/\/www.laescueladelagua.com\/en\/curso-sobre-tratamiento-de-aguas-residuales-y-gestion-de-residuos-entre-ins-pere-martell-y-agbar\/","url":"https:\/\/www.laescueladelagua.com\/en\/curso-sobre-tratamiento-de-aguas-residuales-y-gestion-de-residuos-entre-ins-pere-martell-y-agbar\/","name":"Curso sobre tratamiento de aguas residuales y gesti\u00f3n de residuos entre INS Pere Martell y Agbar - Escuela del agua","isPartOf":{"@id":"https:\/\/wapwebedapro01.azurewebsites.net\/#website"},"primaryImageOfPage":{"@id":"https:\/\/www.laescueladelagua.com\/en\/curso-sobre-tratamiento-de-aguas-residuales-y-gestion-de-residuos-entre-ins-pere-martell-y-agbar\/#primaryimage"},"image":{"@id":"https:\/\/www.laescueladelagua.com\/en\/curso-sobre-tratamiento-de-aguas-residuales-y-gestion-de-residuos-entre-ins-pere-martell-y-agbar\/#primaryimage"},"thumbnailUrl":"\/wp-content\/uploads\/2024\/02\/IMG-20240220-WA0005-e1708515053108.jpg","datePublished":"2024-02-21T11:26:34+00:00","dateModified":"2024-02-21T12:03:32+00:00","breadcrumb":{"@id":"https:\/\/www.laescueladelagua.com\/en\/curso-sobre-tratamiento-de-aguas-residuales-y-gestion-de-residuos-entre-ins-pere-martell-y-agbar\/#breadcrumb"},"inLanguage":"ca","potentialAction":[{"@type":"ReadAction","target":["https:\/\/www.laescueladelagua.com\/en\/curso-sobre-tratamiento-de-aguas-residuales-y-gestion-de-residuos-entre-ins-pere-martell-y-agbar\/"]}]},{"@type":"ImageObject","inLanguage":"ca","@id":"https:\/\/www.laescueladelagua.com\/en\/curso-sobre-tratamiento-de-aguas-residuales-y-gestion-de-residuos-entre-ins-pere-martell-y-agbar\/#primaryimage","url":"\/wp-content\/uploads\/2024\/02\/IMG-20240220-WA0005-e1708515053108.jpg","contentUrl":"\/wp-content\/uploads\/2024\/02\/IMG-20240220-WA0005-e1708515053108.jpg","width":1200,"height":384},{"@type":"BreadcrumbList","@id":"https:\/\/www.laescueladelagua.com\/en\/curso-sobre-tratamiento-de-aguas-residuales-y-gestion-de-residuos-entre-ins-pere-martell-y-agbar\/#breadcrumb","itemListElement":[{"@type":"ListItem","position":1,"name":"Home","item":"https:\/\/wapwebedapro01.azurewebsites.net\/"},{"@type":"ListItem","position":2,"name":"Curso sobre tratamiento de aguas residuales y gesti\u00f3n de residuos entre INS Pere Martell y Agbar"}]},{"@type":"WebSite","@id":"https:\/\/wapwebedapro01.azurewebsites.net\/#website","url":"https:\/\/wapwebedapro01.azurewebsites.net\/","name":"Escuela del agua","description":"","publisher":{"@id":"https:\/\/wapwebedapro01.azurewebsites.net\/#organization"},"potentialAction":[{"@type":"SearchAction","target":{"@type":"EntryPoint","urlTemplate":"https:\/\/wapwebedapro01.azurewebsites.net\/?s={search_term_string}"},"query-input":{"@type":"PropertyValueSpecification","valueRequired":true,"valueName":"search_term_string"}}],"inLanguage":"ca"},{"@type":"Organization","@id":"https:\/\/wapwebedapro01.azurewebsites.net\/#organization","name":"Escuela del agua","url":"https:\/\/wapwebedapro01.azurewebsites.net\/","logo":{"@type":"ImageObject","inLanguage":"ca","@id":"https:\/\/wapwebedapro01.azurewebsites.net\/#\/schema\/logo\/image\/","url":"\/wp-content\/uploads\/2023\/08\/logo_EscueladelAgua_mod.1.1_150px.png","contentUrl":"\/wp-content\/uploads\/2023\/08\/logo_EscueladelAgua_mod.1.1_150px.png","width":150,"height":90,"caption":"Escuela del agua"},"image":{"@id":"https:\/\/wapwebedapro01.azurewebsites.net\/#\/schema\/logo\/image\/"}},{"@type":"Person","@id":"https:\/\/wapwebedapro01.azurewebsites.net\/#\/schema\/person\/286c08b1e29fd42fbbc73e82bc423a0b","name":"Montserrat Llonch","image":{"@type":"ImageObject","inLanguage":"ca","@id":"https:\/\/wapwebedapro01.azurewebsites.net\/#\/schema\/person\/image\/","url":"https:\/\/secure.gravatar.com\/avatar\/241350018ba1baa8f2ad2c0f25b8dd2e?s=96&d=mm&r=g","contentUrl":"https:\/\/secure.gravatar.com\/avatar\/241350018ba1baa8f2ad2c0f25b8dd2e?s=96&d=mm&r=g","caption":"Montserrat Llonch"},"url":"https:\/\/www.laescueladelagua.com\/ca\/author\/montse-llonch\/"}]}},"meta_box":[],"_links":{"self":[{"href":"https:\/\/www.laescueladelagua.com\/ca\/wp-json\/wp\/v2\/posts\/2628","targetHints":{"allow":["GET"]}}],"collection":[{"href":"https:\/\/www.laescueladelagua.com\/ca\/wp-json\/wp\/v2\/posts"}],"about":[{"href":"https:\/\/www.laescueladelagua.com\/ca\/wp-json\/wp\/v2\/types\/post"}],"author":[{"embeddable":true,"href":"https:\/\/www.laescueladelagua.com\/ca\/wp-json\/wp\/v2\/users\/4"}],"replies":[{"embeddable":true,"href":"https:\/\/www.laescueladelagua.com\/ca\/wp-json\/wp\/v2\/comments?post=2628"}],"version-history":[{"count":1,"href":"https:\/\/www.laescueladelagua.com\/ca\/wp-json\/wp\/v2\/posts\/2628\/revisions"}],"predecessor-version":[{"id":2630,"href":"https:\/\/www.laescueladelagua.com\/ca\/wp-json\/wp\/v2\/posts\/2628\/revisions\/2630"}],"wp:featuredmedia":[{"embeddable":true,"href":"https:\/\/www.laescueladelagua.com\/ca\/wp-json\/wp\/v2\/media\/2629"}],"wp:attachment":[{"href":"https:\/\/www.laescueladelagua.com\/ca\/wp-json\/wp\/v2\/media?parent=2628"}],"wp:term":[{"taxonomy":"category","embeddable":true,"href":"https:\/\/www.laescueladelagua.com\/ca\/wp-json\/wp\/v2\/categories?post=2628"},{"taxonomy":"post_tag","embeddable":true,"href":"https:\/\/www.laescueladelagua.com\/ca\/wp-json\/wp\/v2\/tags?post=2628"}],"curies":[{"name":"wp","href":"https:\/\/api.w.org\/{rel}","templated":true}]}}