{"id":2760,"date":"2024-03-22T08:00:05","date_gmt":"2024-03-22T08:00:05","guid":{"rendered":"https:\/\/www.laescueladelagua.com\/?p=2760"},"modified":"2024-03-21T16:08:53","modified_gmt":"2024-03-21T16:08:53","slug":"ahora-mas-que-nunca-es-el-momento-de-cuidar-el-agua","status":"publish","type":"post","link":"https:\/\/www.laescueladelagua.com\/ca\/ahora-mas-que-nunca-es-el-momento-de-cuidar-el-agua\/","title":{"rendered":"Ara, m\u00e9s que mai, \u00e9s el moment de tenir cura de l&#039;aigua!"},"content":{"rendered":"<p><span style=\"font-weight: 400;\">Avui \u00e9s 22 de mar\u00e7, Dia Mundial de l&#039;Aigua, volem aprofitar l&#039;ocasi\u00f3 per valorar la import\u00e0ncia d&#039;aquest recurs fonamental per a la vida i donar a con\u00e8ixer maneres de protegir l&#039;aigua per a tothom.<\/span><\/p>\n<p><span style=\"font-weight: 400;\">Alguna vegada t&#039;has aturat a pensar quants litres d&#039;aigua utilitzes un dia? Segur que aquesta xifra \u00e9s m\u00e9s gran del que pens\u00e0veu. A Catalunya, per exemple, s?estima que cada dia es consumeixen 117 litres d?aigua per persona. La mitjana espanyola, de fet, \u00e9s de 132 litres per persona al dia.\u00a0<\/span><\/p>\n<p><span style=\"font-weight: 400;\">Garantir que tota la poblaci\u00f3 del planeta tingui aigua potable i acc\u00e9s al sanejament el 2030, tal com estableix el sis\u00e8 dels Objectius de Desenvolupament Sostenible (ODS), \u00e9s un repte tan ambici\u00f3s com a prioritari. Nacions Unides considera que, per assolir aquest objectiu, cal avan\u00e7ar quatre vegades m\u00e9s r\u00e0pid del que ho estem fent actualment.\u00a0<\/span><\/p>\n<p><span style=\"font-weight: 400;\">L&#039;aigua \u00e9s un b\u00e9 esc\u00e0s, per\u00f2 essencial per a les ciutats, agricultura i ind\u00fastria; i per a les diferents esp\u00e8cies que viuen a la Terra. A m\u00e9s, l&#039;augment de la poblaci\u00f3 i de la demanda d&#039;aliments provocar\u00e0 que la necessitat de recursos h\u00eddrics creixi entre un 20 % i un 30 % d&#039;aqu\u00ed al 2050. Espanya \u00e9s precisament un dels pa\u00efsos de la Uni\u00f3 Europea m\u00e9s afectats per el canvi clim\u00e0tic i alguns territoris pateixen sequeres extremes o inundacions.<\/span><\/p>\n<p><span style=\"font-weight: 400;\">Qu\u00e8 podem fer? La soluci\u00f3 passa per la regeneraci\u00f3, un m\u00e8tode que consisteix a aplicar a l&#039;aigua de les depuradores un tractament addicional que permet reutilitzar-la amb totes les garanties sanit\u00e0ries i tornar-la a la natura o fer-la servir per a nous usos com el reg de zones verdes o l&#039;agricultura. Entre altres, els beneficis s\u00f3n l&#039;estalvi d&#039;energia al cicle integral de l&#039;aigua, la reducci\u00f3 de l&#039;aportaci\u00f3 de contaminants al medi ambient o l&#039;optimitzaci\u00f3 dels processos de potabilitzaci\u00f3.<\/span><\/p>\n<p><span style=\"font-weight: 400;\">Si b\u00e9 la regeneraci\u00f3 porta molts beneficis, hi ha un pas previ que podem fer cadascun de nosaltres, i es tracta de fer un consum responsable de l&#039;aigua. Seguint el lema que s&#039;utilitza per a les escombraries de \u201cEl millor residu \u00e9s el que no es genera\u201d, es pot aplicar el mateix amb l&#039;aigua.\u00a0<\/span><\/p>\n<p><span style=\"font-weight: 400;\">Per conservar i protegir l&#039;aigua, \u00e9s fonamental promoure bones pr\u00e0ctiques per utilitzar-lo. La responsabilitat no recau \u00fanicament en les administracions, les i els ciutadans juguen un paper crucial. Si apliquem senzills m\u00e8todes sobre els nostres h\u00e0bits quotidians podrem contribuir de manera significativa a reduir la despesa sobre aquest recurs natural. Per aix\u00f2 mateix, al Dia Mundial de l&#039;Aigua, volem oferir algunes bones pr\u00e0ctiques que tots podem implementar al nostre dia a dia:<\/span><\/p>\n<ul>\n<li style=\"font-weight: 400;\" aria-level=\"1\"><span style=\"font-weight: 400;\">Reduir el malbaratament: Dedica uns minuts per revisar les aixetes, canonades o qualsevol altre lloc per comprovar si hi ha alguna fuita, assegureu-vos de reparar-ho el m\u00e9s aviat possible.<\/span><\/li>\n<li style=\"font-weight: 400;\" aria-level=\"1\"><span style=\"font-weight: 400;\">Reutilitzar laigua. Recollir aigua de llocs com l&#039;aire condicionat o la dutxa per a altres usos a la llar.<\/span><\/li>\n<li style=\"font-weight: 400;\" aria-level=\"1\"><span style=\"font-weight: 400;\">Adaptar els h\u00e0bits quotidians per minimitzar el consum d&#039;aigua: tancar l&#039;aixeta mentre ens netegem les dents, fer servir la rentadora i el rentaplats nom\u00e9s quan estiguin plens, optar per dutxes en lloc de banys llargs, etc.<\/span><\/li>\n<li style=\"font-weight: 400;\" aria-level=\"1\"><span style=\"font-weight: 400;\">Implementar sistemes de recollida d&#039;aig\u00fces pluvials per a la posterior reutilitzaci\u00f3.<\/span><\/li>\n<li style=\"font-weight: 400;\" aria-level=\"1\"><span style=\"font-weight: 400;\">Estendre aquestes pr\u00e0ctiques fora de casa. Fora o dins de casa, la quantitat d&#039;aigua consumida \u00e9s la mateixa, per la qual cosa \u00e9s important mantenir una consci\u00e8ncia constant sobre el seu \u00fas responsable.<\/span><\/li>\n<\/ul>\n<p><span style=\"font-weight: 400;\">Ara, m\u00e9s que mai, \u00e9s el moment de cuidar l&#039;aigua, per assegurar un futur on continu\u00ef sent font de vida i benestar per a tothom! ? ?<\/span><\/p>\n<p><span style=\"font-weight: 400;\">#DiaMundialDelAigua #DMA24 #Agua<\/span><\/p>","protected":false},"excerpt":{"rendered":"<p>Avui \u00e9s 22 de mar\u00e7, Dia Mundial de l&#039;Aigua, volem aprofitar l&#039;ocasi\u00f3 per valorar la import\u00e0ncia d&#039;aquest recurs fonamental per a la vida i donar a con\u00e8ixer maneres de protegir l&#039;aigua per a tothom. Alguna vegada t&#039;has aturat a pensar quants litres d&#039;aigua utilitzes un dia? Segur que aquesta [\u2026]<\/p>","protected":false},"author":4,"featured_media":2764,"comment_status":"open","ping_status":"open","sticky":false,"template":"","format":"standard","meta":{"footnotes":""},"categories":[50],"tags":[81],"class_list":["post-2760","post","type-post","status-publish","format-standard","has-post-thumbnail","hentry","category-actualidad","tag-dma24"],"yoast_head":"<!-- This site is optimized with the Yoast SEO plugin v24.5 - https:\/\/yoast.com\/wordpress\/plugins\/seo\/ -->\r\n<title>\u00a1Ahora, m\u00e1s que nunca, es el momento de cuidar el agua! - Escuela del agua<\/title>\r\n<meta name=\"robots\" content=\"index, follow, max-snippet:-1, max-image-preview:large, max-video-preview:-1\" \/>\r\n<link rel=\"canonical\" href=\"https:\/\/www.laescueladelagua.com\/ca\/ahora-mas-que-nunca-es-el-momento-de-cuidar-el-agua\/\" \/>\r\n<meta property=\"og:locale\" content=\"ca_ES\" \/>\r\n<meta property=\"og:type\" content=\"article\" \/>\r\n<meta property=\"og:title\" content=\"\u00a1Ahora, m\u00e1s que nunca, es el momento de cuidar el agua! - Escuela del agua\" \/>\r\n<meta property=\"og:description\" content=\"Hoy es 22 de marzo, D\u00eda Mundial del Agua, queremos aprovechar la ocasi\u00f3n para valorar la importancia de este recurso fundamental para la vida y dar a conocer formas de proteger el agua para todos y todas. \u00bfAlguna vez te has detenido a pensar cuantos litros de agua utilizas en un d\u00eda? Seguro que esta [&hellip;]\" \/>\r\n<meta property=\"og:url\" content=\"https:\/\/www.laescueladelagua.com\/ca\/ahora-mas-que-nunca-es-el-momento-de-cuidar-el-agua\/\" \/>\r\n<meta property=\"og:site_name\" content=\"Escuela del agua\" \/>\r\n<meta property=\"article:published_time\" content=\"2024-03-22T08:00:05+00:00\" \/>\r\n<meta property=\"og:image\" content=\"https:\/\/www.laescueladelagua.com\/wp-content\/uploads\/2024\/03\/WhatsApp-Image-2024-03-18-at-11.16.33-1.jpeg\" \/>\r\n\t<meta property=\"og:image:width\" content=\"1600\" \/>\r\n\t<meta property=\"og:image:height\" content=\"1200\" \/>\r\n\t<meta property=\"og:image:type\" content=\"image\/jpeg\" \/>\r\n<meta name=\"author\" content=\"Montserrat Llonch\" \/>\r\n<meta name=\"twitter:card\" content=\"summary_large_image\" \/>\r\n<meta name=\"twitter:label1\" content=\"Escrit per\" \/>\n\t<meta name=\"twitter:data1\" content=\"Montserrat Llonch\" \/>\n\t<meta name=\"twitter:label2\" content=\"Temps estimat de lectura\" \/>\n\t<meta name=\"twitter:data2\" content=\"3 minuts\" \/>\r\n<script type=\"application\/ld+json\" class=\"yoast-schema-graph\">{\"@context\":\"https:\/\/schema.org\",\"@graph\":[{\"@type\":\"Article\",\"@id\":\"https:\/\/www.laescueladelagua.com\/en\/ahora-mas-que-nunca-es-el-momento-de-cuidar-el-agua\/#article\",\"isPartOf\":{\"@id\":\"https:\/\/www.laescueladelagua.com\/en\/ahora-mas-que-nunca-es-el-momento-de-cuidar-el-agua\/\"},\"author\":{\"name\":\"Montserrat Llonch\",\"@id\":\"https:\/\/wapwebedapro01.azurewebsites.net\/#\/schema\/person\/286c08b1e29fd42fbbc73e82bc423a0b\"},\"headline\":\"\u00a1Ahora, m\u00e1s que nunca, es el momento de cuidar el agua!\",\"datePublished\":\"2024-03-22T08:00:05+00:00\",\"mainEntityOfPage\":{\"@id\":\"https:\/\/www.laescueladelagua.com\/en\/ahora-mas-que-nunca-es-el-momento-de-cuidar-el-agua\/\"},\"wordCount\":646,\"commentCount\":0,\"publisher\":{\"@id\":\"https:\/\/wapwebedapro01.azurewebsites.net\/#organization\"},\"image\":{\"@id\":\"https:\/\/www.laescueladelagua.com\/en\/ahora-mas-que-nunca-es-el-momento-de-cuidar-el-agua\/#primaryimage\"},\"thumbnailUrl\":\"\/wp-content\/uploads\/2024\/03\/WhatsApp-Image-2024-03-18-at-11.16.33-1.jpeg\",\"keywords\":[\"#DMA24\"],\"articleSection\":[\"Actualidad\"],\"inLanguage\":\"ca\",\"potentialAction\":[{\"@type\":\"CommentAction\",\"name\":\"Comment\",\"target\":[\"https:\/\/www.laescueladelagua.com\/en\/ahora-mas-que-nunca-es-el-momento-de-cuidar-el-agua\/#respond\"]}]},{\"@type\":\"WebPage\",\"@id\":\"https:\/\/www.laescueladelagua.com\/en\/ahora-mas-que-nunca-es-el-momento-de-cuidar-el-agua\/\",\"url\":\"https:\/\/www.laescueladelagua.com\/en\/ahora-mas-que-nunca-es-el-momento-de-cuidar-el-agua\/\",\"name\":\"\u00a1Ahora, m\u00e1s que nunca, es el momento de cuidar el agua! - Escuela del agua\",\"isPartOf\":{\"@id\":\"https:\/\/wapwebedapro01.azurewebsites.net\/#website\"},\"primaryImageOfPage\":{\"@id\":\"https:\/\/www.laescueladelagua.com\/en\/ahora-mas-que-nunca-es-el-momento-de-cuidar-el-agua\/#primaryimage\"},\"image\":{\"@id\":\"https:\/\/www.laescueladelagua.com\/en\/ahora-mas-que-nunca-es-el-momento-de-cuidar-el-agua\/#primaryimage\"},\"thumbnailUrl\":\"\/wp-content\/uploads\/2024\/03\/WhatsApp-Image-2024-03-18-at-11.16.33-1.jpeg\",\"datePublished\":\"2024-03-22T08:00:05+00:00\",\"breadcrumb\":{\"@id\":\"https:\/\/www.laescueladelagua.com\/en\/ahora-mas-que-nunca-es-el-momento-de-cuidar-el-agua\/#breadcrumb\"},\"inLanguage\":\"ca\",\"potentialAction\":[{\"@type\":\"ReadAction\",\"target\":[\"https:\/\/www.laescueladelagua.com\/en\/ahora-mas-que-nunca-es-el-momento-de-cuidar-el-agua\/\"]}]},{\"@type\":\"ImageObject\",\"inLanguage\":\"ca\",\"@id\":\"https:\/\/www.laescueladelagua.com\/en\/ahora-mas-que-nunca-es-el-momento-de-cuidar-el-agua\/#primaryimage\",\"url\":\"\/wp-content\/uploads\/2024\/03\/WhatsApp-Image-2024-03-18-at-11.16.33-1.jpeg\",\"contentUrl\":\"\/wp-content\/uploads\/2024\/03\/WhatsApp-Image-2024-03-18-at-11.16.33-1.jpeg\",\"width\":1600,\"height\":1200},{\"@type\":\"BreadcrumbList\",\"@id\":\"https:\/\/www.laescueladelagua.com\/en\/ahora-mas-que-nunca-es-el-momento-de-cuidar-el-agua\/#breadcrumb\",\"itemListElement\":[{\"@type\":\"ListItem\",\"position\":1,\"name\":\"Home\",\"item\":\"https:\/\/wapwebedapro01.azurewebsites.net\/\"},{\"@type\":\"ListItem\",\"position\":2,\"name\":\"\u00a1Ahora, m\u00e1s que nunca, es el momento de cuidar el agua!\"}]},{\"@type\":\"WebSite\",\"@id\":\"https:\/\/wapwebedapro01.azurewebsites.net\/#website\",\"url\":\"https:\/\/wapwebedapro01.azurewebsites.net\/\",\"name\":\"Escuela del agua\",\"description\":\"\",\"publisher\":{\"@id\":\"https:\/\/wapwebedapro01.azurewebsites.net\/#organization\"},\"potentialAction\":[{\"@type\":\"SearchAction\",\"target\":{\"@type\":\"EntryPoint\",\"urlTemplate\":\"https:\/\/wapwebedapro01.azurewebsites.net\/?s={search_term_string}\"},\"query-input\":{\"@type\":\"PropertyValueSpecification\",\"valueRequired\":true,\"valueName\":\"search_term_string\"}}],\"inLanguage\":\"ca\"},{\"@type\":\"Organization\",\"@id\":\"https:\/\/wapwebedapro01.azurewebsites.net\/#organization\",\"name\":\"Escuela del agua\",\"url\":\"https:\/\/wapwebedapro01.azurewebsites.net\/\",\"logo\":{\"@type\":\"ImageObject\",\"inLanguage\":\"ca\",\"@id\":\"https:\/\/wapwebedapro01.azurewebsites.net\/#\/schema\/logo\/image\/\",\"url\":\"\/wp-content\/uploads\/2023\/08\/logo_EscueladelAgua_mod.1.1_150px.png\",\"contentUrl\":\"\/wp-content\/uploads\/2023\/08\/logo_EscueladelAgua_mod.1.1_150px.png\",\"width\":150,\"height\":90,\"caption\":\"Escuela del agua\"},\"image\":{\"@id\":\"https:\/\/wapwebedapro01.azurewebsites.net\/#\/schema\/logo\/image\/\"}},{\"@type\":\"Person\",\"@id\":\"https:\/\/wapwebedapro01.azurewebsites.net\/#\/schema\/person\/286c08b1e29fd42fbbc73e82bc423a0b\",\"name\":\"Montserrat Llonch\",\"image\":{\"@type\":\"ImageObject\",\"inLanguage\":\"ca\",\"@id\":\"https:\/\/wapwebedapro01.azurewebsites.net\/#\/schema\/person\/image\/\",\"url\":\"https:\/\/secure.gravatar.com\/avatar\/241350018ba1baa8f2ad2c0f25b8dd2e?s=96&d=mm&r=g\",\"contentUrl\":\"https:\/\/secure.gravatar.com\/avatar\/241350018ba1baa8f2ad2c0f25b8dd2e?s=96&d=mm&r=g\",\"caption\":\"Montserrat Llonch\"},\"url\":\"https:\/\/www.laescueladelagua.com\/ca\/author\/montse-llonch\/\"}]}<\/script>\r\n<!-- \/ Yoast SEO plugin. -->","yoast_head_json":{"title":"\u00a1Ahora, m\u00e1s que nunca, es el momento de cuidar el agua! - Escuela del agua","robots":{"index":"index","follow":"follow","max-snippet":"max-snippet:-1","max-image-preview":"max-image-preview:large","max-video-preview":"max-video-preview:-1"},"canonical":"https:\/\/www.laescueladelagua.com\/ca\/ahora-mas-que-nunca-es-el-momento-de-cuidar-el-agua\/","og_locale":"ca_ES","og_type":"article","og_title":"\u00a1Ahora, m\u00e1s que nunca, es el momento de cuidar el agua! - Escuela del agua","og_description":"Hoy es 22 de marzo, D\u00eda Mundial del Agua, queremos aprovechar la ocasi\u00f3n para valorar la importancia de este recurso fundamental para la vida y dar a conocer formas de proteger el agua para todos y todas. \u00bfAlguna vez te has detenido a pensar cuantos litros de agua utilizas en un d\u00eda? Seguro que esta [&hellip;]","og_url":"https:\/\/www.laescueladelagua.com\/ca\/ahora-mas-que-nunca-es-el-momento-de-cuidar-el-agua\/","og_site_name":"Escuela del agua","article_published_time":"2024-03-22T08:00:05+00:00","og_image":[{"width":1600,"height":1200,"url":"https:\/\/www.laescueladelagua.com\/wp-content\/uploads\/2024\/03\/WhatsApp-Image-2024-03-18-at-11.16.33-1.jpeg","type":"image\/jpeg"}],"author":"Montserrat Llonch","twitter_card":"summary_large_image","twitter_misc":{"Escrit per":"Montserrat Llonch","Temps estimat de lectura":"3 minuts"},"schema":{"@context":"https:\/\/schema.org","@graph":[{"@type":"Article","@id":"https:\/\/www.laescueladelagua.com\/en\/ahora-mas-que-nunca-es-el-momento-de-cuidar-el-agua\/#article","isPartOf":{"@id":"https:\/\/www.laescueladelagua.com\/en\/ahora-mas-que-nunca-es-el-momento-de-cuidar-el-agua\/"},"author":{"name":"Montserrat Llonch","@id":"https:\/\/wapwebedapro01.azurewebsites.net\/#\/schema\/person\/286c08b1e29fd42fbbc73e82bc423a0b"},"headline":"\u00a1Ahora, m\u00e1s que nunca, es el momento de cuidar el agua!","datePublished":"2024-03-22T08:00:05+00:00","mainEntityOfPage":{"@id":"https:\/\/www.laescueladelagua.com\/en\/ahora-mas-que-nunca-es-el-momento-de-cuidar-el-agua\/"},"wordCount":646,"commentCount":0,"publisher":{"@id":"https:\/\/wapwebedapro01.azurewebsites.net\/#organization"},"image":{"@id":"https:\/\/www.laescueladelagua.com\/en\/ahora-mas-que-nunca-es-el-momento-de-cuidar-el-agua\/#primaryimage"},"thumbnailUrl":"\/wp-content\/uploads\/2024\/03\/WhatsApp-Image-2024-03-18-at-11.16.33-1.jpeg","keywords":["#DMA24"],"articleSection":["Actualidad"],"inLanguage":"ca","potentialAction":[{"@type":"CommentAction","name":"Comment","target":["https:\/\/www.laescueladelagua.com\/en\/ahora-mas-que-nunca-es-el-momento-de-cuidar-el-agua\/#respond"]}]},{"@type":"WebPage","@id":"https:\/\/www.laescueladelagua.com\/en\/ahora-mas-que-nunca-es-el-momento-de-cuidar-el-agua\/","url":"https:\/\/www.laescueladelagua.com\/en\/ahora-mas-que-nunca-es-el-momento-de-cuidar-el-agua\/","name":"\u00a1Ahora, m\u00e1s que nunca, es el momento de cuidar el agua! - Escuela del agua","isPartOf":{"@id":"https:\/\/wapwebedapro01.azurewebsites.net\/#website"},"primaryImageOfPage":{"@id":"https:\/\/www.laescueladelagua.com\/en\/ahora-mas-que-nunca-es-el-momento-de-cuidar-el-agua\/#primaryimage"},"image":{"@id":"https:\/\/www.laescueladelagua.com\/en\/ahora-mas-que-nunca-es-el-momento-de-cuidar-el-agua\/#primaryimage"},"thumbnailUrl":"\/wp-content\/uploads\/2024\/03\/WhatsApp-Image-2024-03-18-at-11.16.33-1.jpeg","datePublished":"2024-03-22T08:00:05+00:00","breadcrumb":{"@id":"https:\/\/www.laescueladelagua.com\/en\/ahora-mas-que-nunca-es-el-momento-de-cuidar-el-agua\/#breadcrumb"},"inLanguage":"ca","potentialAction":[{"@type":"ReadAction","target":["https:\/\/www.laescueladelagua.com\/en\/ahora-mas-que-nunca-es-el-momento-de-cuidar-el-agua\/"]}]},{"@type":"ImageObject","inLanguage":"ca","@id":"https:\/\/www.laescueladelagua.com\/en\/ahora-mas-que-nunca-es-el-momento-de-cuidar-el-agua\/#primaryimage","url":"\/wp-content\/uploads\/2024\/03\/WhatsApp-Image-2024-03-18-at-11.16.33-1.jpeg","contentUrl":"\/wp-content\/uploads\/2024\/03\/WhatsApp-Image-2024-03-18-at-11.16.33-1.jpeg","width":1600,"height":1200},{"@type":"BreadcrumbList","@id":"https:\/\/www.laescueladelagua.com\/en\/ahora-mas-que-nunca-es-el-momento-de-cuidar-el-agua\/#breadcrumb","itemListElement":[{"@type":"ListItem","position":1,"name":"Home","item":"https:\/\/wapwebedapro01.azurewebsites.net\/"},{"@type":"ListItem","position":2,"name":"\u00a1Ahora, m\u00e1s que nunca, es el momento de cuidar el agua!"}]},{"@type":"WebSite","@id":"https:\/\/wapwebedapro01.azurewebsites.net\/#website","url":"https:\/\/wapwebedapro01.azurewebsites.net\/","name":"Escuela del agua","description":"","publisher":{"@id":"https:\/\/wapwebedapro01.azurewebsites.net\/#organization"},"potentialAction":[{"@type":"SearchAction","target":{"@type":"EntryPoint","urlTemplate":"https:\/\/wapwebedapro01.azurewebsites.net\/?s={search_term_string}"},"query-input":{"@type":"PropertyValueSpecification","valueRequired":true,"valueName":"search_term_string"}}],"inLanguage":"ca"},{"@type":"Organization","@id":"https:\/\/wapwebedapro01.azurewebsites.net\/#organization","name":"Escuela del agua","url":"https:\/\/wapwebedapro01.azurewebsites.net\/","logo":{"@type":"ImageObject","inLanguage":"ca","@id":"https:\/\/wapwebedapro01.azurewebsites.net\/#\/schema\/logo\/image\/","url":"\/wp-content\/uploads\/2023\/08\/logo_EscueladelAgua_mod.1.1_150px.png","contentUrl":"\/wp-content\/uploads\/2023\/08\/logo_EscueladelAgua_mod.1.1_150px.png","width":150,"height":90,"caption":"Escuela del agua"},"image":{"@id":"https:\/\/wapwebedapro01.azurewebsites.net\/#\/schema\/logo\/image\/"}},{"@type":"Person","@id":"https:\/\/wapwebedapro01.azurewebsites.net\/#\/schema\/person\/286c08b1e29fd42fbbc73e82bc423a0b","name":"Montserrat Llonch","image":{"@type":"ImageObject","inLanguage":"ca","@id":"https:\/\/wapwebedapro01.azurewebsites.net\/#\/schema\/person\/image\/","url":"https:\/\/secure.gravatar.com\/avatar\/241350018ba1baa8f2ad2c0f25b8dd2e?s=96&d=mm&r=g","contentUrl":"https:\/\/secure.gravatar.com\/avatar\/241350018ba1baa8f2ad2c0f25b8dd2e?s=96&d=mm&r=g","caption":"Montserrat Llonch"},"url":"https:\/\/www.laescueladelagua.com\/ca\/author\/montse-llonch\/"}]}},"meta_box":[],"_links":{"self":[{"href":"https:\/\/www.laescueladelagua.com\/ca\/wp-json\/wp\/v2\/posts\/2760","targetHints":{"allow":["GET"]}}],"collection":[{"href":"https:\/\/www.laescueladelagua.com\/ca\/wp-json\/wp\/v2\/posts"}],"about":[{"href":"https:\/\/www.laescueladelagua.com\/ca\/wp-json\/wp\/v2\/types\/post"}],"author":[{"embeddable":true,"href":"https:\/\/www.laescueladelagua.com\/ca\/wp-json\/wp\/v2\/users\/4"}],"replies":[{"embeddable":true,"href":"https:\/\/www.laescueladelagua.com\/ca\/wp-json\/wp\/v2\/comments?post=2760"}],"version-history":[{"count":2,"href":"https:\/\/www.laescueladelagua.com\/ca\/wp-json\/wp\/v2\/posts\/2760\/revisions"}],"predecessor-version":[{"id":2763,"href":"https:\/\/www.laescueladelagua.com\/ca\/wp-json\/wp\/v2\/posts\/2760\/revisions\/2763"}],"wp:featuredmedia":[{"embeddable":true,"href":"https:\/\/www.laescueladelagua.com\/ca\/wp-json\/wp\/v2\/media\/2764"}],"wp:attachment":[{"href":"https:\/\/www.laescueladelagua.com\/ca\/wp-json\/wp\/v2\/media?parent=2760"}],"wp:term":[{"taxonomy":"category","embeddable":true,"href":"https:\/\/www.laescueladelagua.com\/ca\/wp-json\/wp\/v2\/categories?post=2760"},{"taxonomy":"post_tag","embeddable":true,"href":"https:\/\/www.laescueladelagua.com\/ca\/wp-json\/wp\/v2\/tags?post=2760"}],"curies":[{"name":"wp","href":"https:\/\/api.w.org\/{rel}","templated":true}]}}