{"id":2860,"date":"2024-04-09T10:46:53","date_gmt":"2024-04-09T10:46:53","guid":{"rendered":"https:\/\/www.laescueladelagua.com\/?p=2860"},"modified":"2024-04-09T10:48:37","modified_gmt":"2024-04-09T10:48:37","slug":"participacion-en-la-jornada-ano-europeo-de-las-competencias-y-micro-credenciales-de-foment-del-treball","status":"publish","type":"post","link":"https:\/\/www.laescueladelagua.com\/ca\/participacion-en-la-jornada-ano-europeo-de-las-competencias-y-micro-credenciales-de-foment-del-treball\/","title":{"rendered":"Participaci\u00f3 a la jornada: any europeu de les compet\u00e8ncies i micro credencials de Foment del Treball"},"content":{"rendered":"<p><span style=\"font-weight: 400;\">Dilluns 8 d&#039;abril passat, de la m\u00e0 de Monica P\u00e9rez Clausen directora acad\u00e8mica de l&#039;Escola de l&#039;Aigua d&#039;Agbar, vam participar a la Jornada sobre acreditaci\u00f3 de compet\u00e8ncies i microcredencials.<\/span><\/p>\n<p><span style=\"font-weight: 400;\">L&#039;acte es va emmarcar dins l&#039;Any Europeu de les Compet\u00e8ncies, amb una intervenci\u00f3 d&#039;Ana Carrero, cap adjunta de la unitat de formaci\u00f3 i educaci\u00f3 de la direcci\u00f3 general d&#039;ocupaci\u00f3.\u00a0<\/span><\/p>\n<p><span style=\"font-weight: 400;\">Seguidament, Laia Arnal, Directora General de Transfer\u00e8ncia i Societat del Coneixament de la Generalitat de Catalunya, va presentar les microcredencials com a eina motora de treball per a un sistema de formaci\u00f3 continu amb un impacte en innovaci\u00f3, de petit format, especialitzats i focalitzats per respondre a les necessitats i els reptes socials i del mercat de treball presents i de futur.<\/span><\/p>\n<p><span style=\"font-weight: 400;\">S&#039;estima que a Catalunya nom\u00e9s el 43% de la poblaci\u00f3 activa no t\u00e9 un reconeixement formal o certificaci\u00f3 oficial de la seva qualificaci\u00f3 professional.\u00a0<\/span><\/p>\n<p><span style=\"font-weight: 400;\">Per aquest motiu, l\u201fAg\u00e8ncia FPCAT de la Generalitat de Catalunya, va exposar el procediment d\u201facreditaci\u00f3 de compet\u00e8ncies amb possibilitat que sigui de car\u00e0cter massiu. Subscriu convenis de col\u00b7laboraci\u00f3 amb les empreses per promoure processos per a les plantilles, com \u00e9s el cas d&#039;Agbar a Catalunya.<\/span><\/p>\n<p><span style=\"font-weight: 400;\">En aquest sentit, en format de taula rodona, a c\u00e0rrec de Manuel Rosillo, president de la Comissi\u00f3 de Formaci\u00f3 de Foment del Treball, l&#039;associaci\u00f3 AMITS i el Grup Agbar van explicar les seves experi\u00e8ncies en edicions anteriors en acreditacions massives veient les principals difer\u00e8ncies de la convocat\u00f2ria actual i analitzant les possibles millores del proc\u00e9s.<\/span><\/p>\n<p><span style=\"font-weight: 400;\">Va tancar l&#039;acte Fabi\u00e1n Mohedano, president de l&#039;Ag\u00e8ncia FPCAT donant una visi\u00f3 en el temps sobre els aven\u00e7os principals en les acreditacions i la formaci\u00f3 professional a Catalunya.<\/span><\/p>\n<p>&nbsp;<\/p>","protected":false},"excerpt":{"rendered":"<p>Dilluns 8 d&#039;abril passat, de la m\u00e0 de Monica P\u00e9rez Clausen directora acad\u00e8mica de l&#039;Escola de l&#039;Aigua d&#039;Agbar, vam participar a la Jornada sobre acreditaci\u00f3 de compet\u00e8ncies i microcredencials. L&#039;acte es va emmarcar dins de l&#039;Any Europeu de les Compet\u00e8ncies, amb una intervenci\u00f3 d&#039;Ana Carrero, cap adjunta de la [...]<\/p>","protected":false},"author":6,"featured_media":2861,"comment_status":"open","ping_status":"open","sticky":false,"template":"","format":"standard","meta":{"footnotes":""},"categories":[83],"tags":[],"class_list":["post-2860","post","type-post","status-publish","format-standard","has-post-thumbnail","hentry","category-cualificacion-profesional"],"yoast_head":"<!-- This site is optimized with the Yoast SEO plugin v24.5 - https:\/\/yoast.com\/wordpress\/plugins\/seo\/ -->\r\n<title>Participaci\u00f3n en la jornada: a\u00f1o europeo de las competencias y micro credenciales de Foment del Treball - Escuela del agua<\/title>\r\n<meta name=\"robots\" content=\"index, follow, max-snippet:-1, max-image-preview:large, max-video-preview:-1\" \/>\r\n<link rel=\"canonical\" href=\"https:\/\/www.laescueladelagua.com\/ca\/participacion-en-la-jornada-ano-europeo-de-las-competencias-y-micro-credenciales-de-foment-del-treball\/\" \/>\r\n<meta property=\"og:locale\" content=\"ca_ES\" \/>\r\n<meta property=\"og:type\" content=\"article\" \/>\r\n<meta property=\"og:title\" content=\"Participaci\u00f3n en la jornada: a\u00f1o europeo de las competencias y micro credenciales de Foment del Treball - Escuela del agua\" \/>\r\n<meta property=\"og:description\" content=\"El pasado Lunes 8 de Abril, de la mano de Monica P\u00e9rez Clausen directora acad\u00e9mica de la Escuela del Agua de Agbar, participamos en la Jornada sobre acreditaci\u00f3n de competencias y microcredenciales. El acto se enmarc\u00f3 dentro del A\u00f1o Europeo de las Competencias, con una intervenci\u00f3n de Ana Carrero, jefa adjunta de la unidad de [&hellip;]\" \/>\r\n<meta property=\"og:url\" content=\"https:\/\/www.laescueladelagua.com\/ca\/participacion-en-la-jornada-ano-europeo-de-las-competencias-y-micro-credenciales-de-foment-del-treball\/\" \/>\r\n<meta property=\"og:site_name\" content=\"Escuela del agua\" \/>\r\n<meta property=\"article:published_time\" content=\"2024-04-09T10:46:53+00:00\" \/>\r\n<meta property=\"article:modified_time\" content=\"2024-04-09T10:48:37+00:00\" \/>\r\n<meta property=\"og:image\" content=\"https:\/\/www.laescueladelagua.com\/wp-content\/uploads\/2024\/04\/20240408_115343-scaled.jpg\" \/>\r\n\t<meta property=\"og:image:width\" content=\"1920\" \/>\r\n\t<meta property=\"og:image:height\" content=\"2560\" \/>\r\n\t<meta property=\"og:image:type\" content=\"image\/jpeg\" \/>\r\n<meta name=\"author\" content=\"emrodriguez\" \/>\r\n<meta name=\"twitter:card\" content=\"summary_large_image\" \/>\r\n<meta name=\"twitter:label1\" content=\"Escrit per\" \/>\n\t<meta name=\"twitter:data1\" content=\"emrodriguez\" \/>\n\t<meta name=\"twitter:label2\" content=\"Temps estimat de lectura\" \/>\n\t<meta name=\"twitter:data2\" content=\"2 minuts\" \/>\r\n<script type=\"application\/ld+json\" class=\"yoast-schema-graph\">{\"@context\":\"https:\/\/schema.org\",\"@graph\":[{\"@type\":\"Article\",\"@id\":\"https:\/\/www.laescueladelagua.com\/ca\/participacion-en-la-jornada-ano-europeo-de-las-competencias-y-micro-credenciales-de-foment-del-treball\/#article\",\"isPartOf\":{\"@id\":\"https:\/\/www.laescueladelagua.com\/ca\/participacion-en-la-jornada-ano-europeo-de-las-competencias-y-micro-credenciales-de-foment-del-treball\/\"},\"author\":{\"name\":\"emrodriguez\",\"@id\":\"https:\/\/wapwebedapro01.azurewebsites.net\/#\/schema\/person\/527f67ae18a7f9a5e4516ba82e2fff6f\"},\"headline\":\"Participaci\u00f3n en la jornada: a\u00f1o europeo de las competencias y micro credenciales de Foment del Treball\",\"datePublished\":\"2024-04-09T10:46:53+00:00\",\"dateModified\":\"2024-04-09T10:48:37+00:00\",\"mainEntityOfPage\":{\"@id\":\"https:\/\/www.laescueladelagua.com\/ca\/participacion-en-la-jornada-ano-europeo-de-las-competencias-y-micro-credenciales-de-foment-del-treball\/\"},\"wordCount\":322,\"commentCount\":0,\"publisher\":{\"@id\":\"https:\/\/wapwebedapro01.azurewebsites.net\/#organization\"},\"image\":{\"@id\":\"https:\/\/www.laescueladelagua.com\/ca\/participacion-en-la-jornada-ano-europeo-de-las-competencias-y-micro-credenciales-de-foment-del-treball\/#primaryimage\"},\"thumbnailUrl\":\"\/wp-content\/uploads\/2024\/04\/20240408_115343-scaled.jpg\",\"articleSection\":[\"Cualificaci\u00f3n Profesional\"],\"inLanguage\":\"ca\",\"potentialAction\":[{\"@type\":\"CommentAction\",\"name\":\"Comment\",\"target\":[\"https:\/\/www.laescueladelagua.com\/ca\/participacion-en-la-jornada-ano-europeo-de-las-competencias-y-micro-credenciales-de-foment-del-treball\/#respond\"]}]},{\"@type\":\"WebPage\",\"@id\":\"https:\/\/www.laescueladelagua.com\/ca\/participacion-en-la-jornada-ano-europeo-de-las-competencias-y-micro-credenciales-de-foment-del-treball\/\",\"url\":\"https:\/\/www.laescueladelagua.com\/ca\/participacion-en-la-jornada-ano-europeo-de-las-competencias-y-micro-credenciales-de-foment-del-treball\/\",\"name\":\"Participaci\u00f3n en la jornada: a\u00f1o europeo de las competencias y micro credenciales de Foment del Treball - Escuela del agua\",\"isPartOf\":{\"@id\":\"https:\/\/wapwebedapro01.azurewebsites.net\/#website\"},\"primaryImageOfPage\":{\"@id\":\"https:\/\/www.laescueladelagua.com\/ca\/participacion-en-la-jornada-ano-europeo-de-las-competencias-y-micro-credenciales-de-foment-del-treball\/#primaryimage\"},\"image\":{\"@id\":\"https:\/\/www.laescueladelagua.com\/ca\/participacion-en-la-jornada-ano-europeo-de-las-competencias-y-micro-credenciales-de-foment-del-treball\/#primaryimage\"},\"thumbnailUrl\":\"\/wp-content\/uploads\/2024\/04\/20240408_115343-scaled.jpg\",\"datePublished\":\"2024-04-09T10:46:53+00:00\",\"dateModified\":\"2024-04-09T10:48:37+00:00\",\"breadcrumb\":{\"@id\":\"https:\/\/www.laescueladelagua.com\/ca\/participacion-en-la-jornada-ano-europeo-de-las-competencias-y-micro-credenciales-de-foment-del-treball\/#breadcrumb\"},\"inLanguage\":\"ca\",\"potentialAction\":[{\"@type\":\"ReadAction\",\"target\":[\"https:\/\/www.laescueladelagua.com\/ca\/participacion-en-la-jornada-ano-europeo-de-las-competencias-y-micro-credenciales-de-foment-del-treball\/\"]}]},{\"@type\":\"ImageObject\",\"inLanguage\":\"ca\",\"@id\":\"https:\/\/www.laescueladelagua.com\/ca\/participacion-en-la-jornada-ano-europeo-de-las-competencias-y-micro-credenciales-de-foment-del-treball\/#primaryimage\",\"url\":\"\/wp-content\/uploads\/2024\/04\/20240408_115343-scaled.jpg\",\"contentUrl\":\"\/wp-content\/uploads\/2024\/04\/20240408_115343-scaled.jpg\",\"width\":1920,\"height\":2560},{\"@type\":\"BreadcrumbList\",\"@id\":\"https:\/\/www.laescueladelagua.com\/ca\/participacion-en-la-jornada-ano-europeo-de-las-competencias-y-micro-credenciales-de-foment-del-treball\/#breadcrumb\",\"itemListElement\":[{\"@type\":\"ListItem\",\"position\":1,\"name\":\"Home\",\"item\":\"https:\/\/wapwebedapro01.azurewebsites.net\/\"},{\"@type\":\"ListItem\",\"position\":2,\"name\":\"Participaci\u00f3n en la jornada: a\u00f1o europeo de las competencias y micro credenciales de Foment del Treball\"}]},{\"@type\":\"WebSite\",\"@id\":\"https:\/\/wapwebedapro01.azurewebsites.net\/#website\",\"url\":\"https:\/\/wapwebedapro01.azurewebsites.net\/\",\"name\":\"Escuela del agua\",\"description\":\"\",\"publisher\":{\"@id\":\"https:\/\/wapwebedapro01.azurewebsites.net\/#organization\"},\"potentialAction\":[{\"@type\":\"SearchAction\",\"target\":{\"@type\":\"EntryPoint\",\"urlTemplate\":\"https:\/\/wapwebedapro01.azurewebsites.net\/?s={search_term_string}\"},\"query-input\":{\"@type\":\"PropertyValueSpecification\",\"valueRequired\":true,\"valueName\":\"search_term_string\"}}],\"inLanguage\":\"ca\"},{\"@type\":\"Organization\",\"@id\":\"https:\/\/wapwebedapro01.azurewebsites.net\/#organization\",\"name\":\"Escuela del agua\",\"url\":\"https:\/\/wapwebedapro01.azurewebsites.net\/\",\"logo\":{\"@type\":\"ImageObject\",\"inLanguage\":\"ca\",\"@id\":\"https:\/\/wapwebedapro01.azurewebsites.net\/#\/schema\/logo\/image\/\",\"url\":\"\/wp-content\/uploads\/2023\/08\/logo_EscueladelAgua_mod.1.1_150px.png\",\"contentUrl\":\"\/wp-content\/uploads\/2023\/08\/logo_EscueladelAgua_mod.1.1_150px.png\",\"width\":150,\"height\":90,\"caption\":\"Escuela del agua\"},\"image\":{\"@id\":\"https:\/\/wapwebedapro01.azurewebsites.net\/#\/schema\/logo\/image\/\"}},{\"@type\":\"Person\",\"@id\":\"https:\/\/wapwebedapro01.azurewebsites.net\/#\/schema\/person\/527f67ae18a7f9a5e4516ba82e2fff6f\",\"name\":\"emrodriguez\",\"image\":{\"@type\":\"ImageObject\",\"inLanguage\":\"ca\",\"@id\":\"https:\/\/wapwebedapro01.azurewebsites.net\/#\/schema\/person\/image\/\",\"url\":\"https:\/\/secure.gravatar.com\/avatar\/f5a7da42368190a610c3fc6e2d270294?s=96&d=mm&r=g\",\"contentUrl\":\"https:\/\/secure.gravatar.com\/avatar\/f5a7da42368190a610c3fc6e2d270294?s=96&d=mm&r=g\",\"caption\":\"emrodriguez\"},\"url\":\"https:\/\/www.laescueladelagua.com\/ca\/author\/emrodriguez\/\"}]}<\/script>\r\n<!-- \/ Yoast SEO plugin. -->","yoast_head_json":{"title":"Participaci\u00f3n en la jornada: a\u00f1o europeo de las competencias y micro credenciales de Foment del Treball - Escuela del agua","robots":{"index":"index","follow":"follow","max-snippet":"max-snippet:-1","max-image-preview":"max-image-preview:large","max-video-preview":"max-video-preview:-1"},"canonical":"https:\/\/www.laescueladelagua.com\/ca\/participacion-en-la-jornada-ano-europeo-de-las-competencias-y-micro-credenciales-de-foment-del-treball\/","og_locale":"ca_ES","og_type":"article","og_title":"Participaci\u00f3n en la jornada: a\u00f1o europeo de las competencias y micro credenciales de Foment del Treball - Escuela del agua","og_description":"El pasado Lunes 8 de Abril, de la mano de Monica P\u00e9rez Clausen directora acad\u00e9mica de la Escuela del Agua de Agbar, participamos en la Jornada sobre acreditaci\u00f3n de competencias y microcredenciales. El acto se enmarc\u00f3 dentro del A\u00f1o Europeo de las Competencias, con una intervenci\u00f3n de Ana Carrero, jefa adjunta de la unidad de [&hellip;]","og_url":"https:\/\/www.laescueladelagua.com\/ca\/participacion-en-la-jornada-ano-europeo-de-las-competencias-y-micro-credenciales-de-foment-del-treball\/","og_site_name":"Escuela del agua","article_published_time":"2024-04-09T10:46:53+00:00","article_modified_time":"2024-04-09T10:48:37+00:00","og_image":[{"width":1920,"height":2560,"url":"https:\/\/www.laescueladelagua.com\/wp-content\/uploads\/2024\/04\/20240408_115343-scaled.jpg","type":"image\/jpeg"}],"author":"emrodriguez","twitter_card":"summary_large_image","twitter_misc":{"Escrit per":"emrodriguez","Temps estimat de lectura":"2 minuts"},"schema":{"@context":"https:\/\/schema.org","@graph":[{"@type":"Article","@id":"https:\/\/www.laescueladelagua.com\/ca\/participacion-en-la-jornada-ano-europeo-de-las-competencias-y-micro-credenciales-de-foment-del-treball\/#article","isPartOf":{"@id":"https:\/\/www.laescueladelagua.com\/ca\/participacion-en-la-jornada-ano-europeo-de-las-competencias-y-micro-credenciales-de-foment-del-treball\/"},"author":{"name":"emrodriguez","@id":"https:\/\/wapwebedapro01.azurewebsites.net\/#\/schema\/person\/527f67ae18a7f9a5e4516ba82e2fff6f"},"headline":"Participaci\u00f3n en la jornada: a\u00f1o europeo de las competencias y micro credenciales de Foment del Treball","datePublished":"2024-04-09T10:46:53+00:00","dateModified":"2024-04-09T10:48:37+00:00","mainEntityOfPage":{"@id":"https:\/\/www.laescueladelagua.com\/ca\/participacion-en-la-jornada-ano-europeo-de-las-competencias-y-micro-credenciales-de-foment-del-treball\/"},"wordCount":322,"commentCount":0,"publisher":{"@id":"https:\/\/wapwebedapro01.azurewebsites.net\/#organization"},"image":{"@id":"https:\/\/www.laescueladelagua.com\/ca\/participacion-en-la-jornada-ano-europeo-de-las-competencias-y-micro-credenciales-de-foment-del-treball\/#primaryimage"},"thumbnailUrl":"\/wp-content\/uploads\/2024\/04\/20240408_115343-scaled.jpg","articleSection":["Cualificaci\u00f3n Profesional"],"inLanguage":"ca","potentialAction":[{"@type":"CommentAction","name":"Comment","target":["https:\/\/www.laescueladelagua.com\/ca\/participacion-en-la-jornada-ano-europeo-de-las-competencias-y-micro-credenciales-de-foment-del-treball\/#respond"]}]},{"@type":"WebPage","@id":"https:\/\/www.laescueladelagua.com\/ca\/participacion-en-la-jornada-ano-europeo-de-las-competencias-y-micro-credenciales-de-foment-del-treball\/","url":"https:\/\/www.laescueladelagua.com\/ca\/participacion-en-la-jornada-ano-europeo-de-las-competencias-y-micro-credenciales-de-foment-del-treball\/","name":"Participaci\u00f3n en la jornada: a\u00f1o europeo de las competencias y micro credenciales de Foment del Treball - Escuela del agua","isPartOf":{"@id":"https:\/\/wapwebedapro01.azurewebsites.net\/#website"},"primaryImageOfPage":{"@id":"https:\/\/www.laescueladelagua.com\/ca\/participacion-en-la-jornada-ano-europeo-de-las-competencias-y-micro-credenciales-de-foment-del-treball\/#primaryimage"},"image":{"@id":"https:\/\/www.laescueladelagua.com\/ca\/participacion-en-la-jornada-ano-europeo-de-las-competencias-y-micro-credenciales-de-foment-del-treball\/#primaryimage"},"thumbnailUrl":"\/wp-content\/uploads\/2024\/04\/20240408_115343-scaled.jpg","datePublished":"2024-04-09T10:46:53+00:00","dateModified":"2024-04-09T10:48:37+00:00","breadcrumb":{"@id":"https:\/\/www.laescueladelagua.com\/ca\/participacion-en-la-jornada-ano-europeo-de-las-competencias-y-micro-credenciales-de-foment-del-treball\/#breadcrumb"},"inLanguage":"ca","potentialAction":[{"@type":"ReadAction","target":["https:\/\/www.laescueladelagua.com\/ca\/participacion-en-la-jornada-ano-europeo-de-las-competencias-y-micro-credenciales-de-foment-del-treball\/"]}]},{"@type":"ImageObject","inLanguage":"ca","@id":"https:\/\/www.laescueladelagua.com\/ca\/participacion-en-la-jornada-ano-europeo-de-las-competencias-y-micro-credenciales-de-foment-del-treball\/#primaryimage","url":"\/wp-content\/uploads\/2024\/04\/20240408_115343-scaled.jpg","contentUrl":"\/wp-content\/uploads\/2024\/04\/20240408_115343-scaled.jpg","width":1920,"height":2560},{"@type":"BreadcrumbList","@id":"https:\/\/www.laescueladelagua.com\/ca\/participacion-en-la-jornada-ano-europeo-de-las-competencias-y-micro-credenciales-de-foment-del-treball\/#breadcrumb","itemListElement":[{"@type":"ListItem","position":1,"name":"Home","item":"https:\/\/wapwebedapro01.azurewebsites.net\/"},{"@type":"ListItem","position":2,"name":"Participaci\u00f3n en la jornada: a\u00f1o europeo de las competencias y micro credenciales de Foment del Treball"}]},{"@type":"WebSite","@id":"https:\/\/wapwebedapro01.azurewebsites.net\/#website","url":"https:\/\/wapwebedapro01.azurewebsites.net\/","name":"Escuela del agua","description":"","publisher":{"@id":"https:\/\/wapwebedapro01.azurewebsites.net\/#organization"},"potentialAction":[{"@type":"SearchAction","target":{"@type":"EntryPoint","urlTemplate":"https:\/\/wapwebedapro01.azurewebsites.net\/?s={search_term_string}"},"query-input":{"@type":"PropertyValueSpecification","valueRequired":true,"valueName":"search_term_string"}}],"inLanguage":"ca"},{"@type":"Organization","@id":"https:\/\/wapwebedapro01.azurewebsites.net\/#organization","name":"Escuela del agua","url":"https:\/\/wapwebedapro01.azurewebsites.net\/","logo":{"@type":"ImageObject","inLanguage":"ca","@id":"https:\/\/wapwebedapro01.azurewebsites.net\/#\/schema\/logo\/image\/","url":"\/wp-content\/uploads\/2023\/08\/logo_EscueladelAgua_mod.1.1_150px.png","contentUrl":"\/wp-content\/uploads\/2023\/08\/logo_EscueladelAgua_mod.1.1_150px.png","width":150,"height":90,"caption":"Escuela del agua"},"image":{"@id":"https:\/\/wapwebedapro01.azurewebsites.net\/#\/schema\/logo\/image\/"}},{"@type":"Person","@id":"https:\/\/wapwebedapro01.azurewebsites.net\/#\/schema\/person\/527f67ae18a7f9a5e4516ba82e2fff6f","name":"emrodriguez","image":{"@type":"ImageObject","inLanguage":"ca","@id":"https:\/\/wapwebedapro01.azurewebsites.net\/#\/schema\/person\/image\/","url":"https:\/\/secure.gravatar.com\/avatar\/f5a7da42368190a610c3fc6e2d270294?s=96&d=mm&r=g","contentUrl":"https:\/\/secure.gravatar.com\/avatar\/f5a7da42368190a610c3fc6e2d270294?s=96&d=mm&r=g","caption":"emrodriguez"},"url":"https:\/\/www.laescueladelagua.com\/ca\/author\/emrodriguez\/"}]}},"meta_box":[],"_links":{"self":[{"href":"https:\/\/www.laescueladelagua.com\/ca\/wp-json\/wp\/v2\/posts\/2860","targetHints":{"allow":["GET"]}}],"collection":[{"href":"https:\/\/www.laescueladelagua.com\/ca\/wp-json\/wp\/v2\/posts"}],"about":[{"href":"https:\/\/www.laescueladelagua.com\/ca\/wp-json\/wp\/v2\/types\/post"}],"author":[{"embeddable":true,"href":"https:\/\/www.laescueladelagua.com\/ca\/wp-json\/wp\/v2\/users\/6"}],"replies":[{"embeddable":true,"href":"https:\/\/www.laescueladelagua.com\/ca\/wp-json\/wp\/v2\/comments?post=2860"}],"version-history":[{"count":3,"href":"https:\/\/www.laescueladelagua.com\/ca\/wp-json\/wp\/v2\/posts\/2860\/revisions"}],"predecessor-version":[{"id":2864,"href":"https:\/\/www.laescueladelagua.com\/ca\/wp-json\/wp\/v2\/posts\/2860\/revisions\/2864"}],"wp:featuredmedia":[{"embeddable":true,"href":"https:\/\/www.laescueladelagua.com\/ca\/wp-json\/wp\/v2\/media\/2861"}],"wp:attachment":[{"href":"https:\/\/www.laescueladelagua.com\/ca\/wp-json\/wp\/v2\/media?parent=2860"}],"wp:term":[{"taxonomy":"category","embeddable":true,"href":"https:\/\/www.laescueladelagua.com\/ca\/wp-json\/wp\/v2\/categories?post=2860"},{"taxonomy":"post_tag","embeddable":true,"href":"https:\/\/www.laescueladelagua.com\/ca\/wp-json\/wp\/v2\/tags?post=2860"}],"curies":[{"name":"wp","href":"https:\/\/api.w.org\/{rel}","templated":true}]}}