{"id":3148,"date":"2024-05-09T13:46:52","date_gmt":"2024-05-09T13:46:52","guid":{"rendered":"https:\/\/www.laescueladelagua.com\/?p=3148"},"modified":"2024-05-09T13:46:52","modified_gmt":"2024-05-09T13:46:52","slug":"la-importancia-de-la-formacion-a-lo-largo-de-la-vida-y-los-marcos-competenciales","status":"publish","type":"post","link":"https:\/\/www.laescueladelagua.com\/ca\/la-importancia-de-la-formacion-a-lo-largo-de-la-vida-y-los-marcos-competenciales\/","title":{"rendered":"La import\u00e0ncia de la formaci\u00f3 al llarg de la vida i els marcs competencials"},"content":{"rendered":"<p><span style=\"font-weight: 400;\">Dins el marc de l&#039;any europeu de les compet\u00e8ncies, hem realitzat el Seminari sobre qualificacions professionals d&#039;Agbar. A la sessi\u00f3 sobre aprenentatge continu hem tingut un ponent convidat, C\u00e9sar Herrero. Ell \u00e9s investigador cient\u00edfic a la Unitat d&#039;Economia Digital del Centre Com\u00fa de Recerca de la Comissi\u00f3 Europea. El seu treball contribueix al camp de l&#039;educaci\u00f3 digital i les compet\u00e8ncies digitals, amb un enfocament clar en la transformaci\u00f3 digital del sector de l&#039;educaci\u00f3 i la formaci\u00f3 professional. Duu a terme i coordina an\u00e0lisis socioecon\u00f2miques de proves d&#039;Educaci\u00f3 i Formaci\u00f3 per a l&#039;elaboraci\u00f3 de pol\u00edtiques a Europa, de la transformaci\u00f3 digital de l&#039;aprenentatge i l&#039;ensenyament i dels marcs de compet\u00e8ncies del segle XXI.<\/span><\/p>\n<p><span style=\"font-weight: 400;\">Ens ha donat l&#039;oportunitat de con\u00e8ixer la transformaci\u00f3 de la naturalesa del treball, els treballs vulnerables a l&#039;automatitzaci\u00f3 i quines necessitats laborals espec\u00edfiques humanes defineixen el l\u00edmit de l&#039;automatitzaci\u00f3.\u00a0<\/span><\/p>\n<p><span style=\"font-weight: 400;\">Les compet\u00e8ncies transversals fonamentals i l&#039;aprenentatge al llarg de la vida (upskilling, reskilling, formal, no formal\u2026) s\u00f3n clau per a la ciutadania.\u00a0<\/span><\/p>\n<p><span style=\"font-weight: 400;\">En aquest sentit, ens ha descrit els vuit marcs sobre les compet\u00e8ncies clau per a tothom: desenvolupament personal, vida saludable, ocupabilitat, ciutadania activa i inclusi\u00f3 social. Coneixement, habilitat i actitud.\u00a0<\/span><\/p>\n<p><span style=\"font-weight: 400;\">Marcs europeus en compet\u00e8ncies digitals per a la ciutadania, el marc europeu per a organitzacions educatives digitals, per a compet\u00e8ncies en emprenedoria, compet\u00e8ncies sobre la sostenibilitat i finalment en la compet\u00e8ncia clau personal, social i aprendre a aprendre. Aquesta \u00e9s la capacitat de reflexionar sobre un mateix, gestionar efica\u00e7ment el temps i la informaci\u00f3, treballar amb els altres de manera constructiva, mantenir la resili\u00e8ncia i gestionar el propi aprenentatge i la carrera professional.<\/span><\/p>\n<p><span style=\"font-weight: 400;\">Sens dubte, tot un marc de reflexi\u00f3 i convicci\u00f3 sobre la nostra feina de compartir coneixement i formaci\u00f3.<\/span><\/p>\n<p><span style=\"font-weight: 400;\">L&#039;Escola de l&#039;Aigua tanca aix\u00ed la contribuci\u00f3 a l&#039;any europeu de les compet\u00e8ncies. Tancant el seminari sobre <\/span><b>qualificaci\u00f3 professional<\/b><span style=\"font-weight: 400;\"> centrat en tres eixos: lacreditaci\u00f3 de compet\u00e8ncies, la formaci\u00f3 professional i la formaci\u00f3 cont\u00ednua. <\/span><\/p>","protected":false},"excerpt":{"rendered":"<p>Dins el marc de l&#039;any europeu de les compet\u00e8ncies, hem realitzat el Seminari sobre qualificacions professionals d&#039;Agbar. A la sessi\u00f3 sobre aprenentatge continu hem tingut un ponent convidat, C\u00e9sar Herrero. Ell \u00e9s investigador cient\u00edfic a la Unitat d&#039;Economia Digital del Centre Com\u00fa de Recerca de la Comissi\u00f3 Europea. El seu treball contribueix al camp [\u2026]<\/p>","protected":false},"author":6,"featured_media":3149,"comment_status":"open","ping_status":"open","sticky":false,"template":"","format":"standard","meta":{"footnotes":""},"categories":[83],"tags":[],"class_list":["post-3148","post","type-post","status-publish","format-standard","has-post-thumbnail","hentry","category-cualificacion-profesional"],"yoast_head":"<!-- This site is optimized with the Yoast SEO plugin v24.5 - https:\/\/yoast.com\/wordpress\/plugins\/seo\/ -->\r\n<title>La importancia de la formaci\u00f3n a lo largo de la vida y los marcos competenciales - Escuela del agua<\/title>\r\n<meta name=\"robots\" content=\"index, follow, max-snippet:-1, max-image-preview:large, max-video-preview:-1\" \/>\r\n<link rel=\"canonical\" href=\"https:\/\/www.laescueladelagua.com\/ca\/la-importancia-de-la-formacion-a-lo-largo-de-la-vida-y-los-marcos-competenciales\/\" \/>\r\n<meta property=\"og:locale\" content=\"ca_ES\" \/>\r\n<meta property=\"og:type\" content=\"article\" \/>\r\n<meta property=\"og:title\" content=\"La importancia de la formaci\u00f3n a lo largo de la vida y los marcos competenciales - Escuela del agua\" \/>\r\n<meta property=\"og:description\" content=\"Dentro del marco del a\u00f1o europeo de las competencias hemos realizado el Seminario sobre cualificaciones profesionales de Agbar. En la sesi\u00f3n sobre aprendizaje continuo hemos tenido un ponente invitado, C\u00e9sar Herrero. \u00c9l es investigador cient\u00edfico en la Unidad de Econom\u00eda Digital del Centro Com\u00fan de Investigaci\u00f3n de la Comisi\u00f3n Europea. Su trabajo contribuye al campo [&hellip;]\" \/>\r\n<meta property=\"og:url\" content=\"https:\/\/www.laescueladelagua.com\/ca\/la-importancia-de-la-formacion-a-lo-largo-de-la-vida-y-los-marcos-competenciales\/\" \/>\r\n<meta property=\"og:site_name\" content=\"Escuela del agua\" \/>\r\n<meta property=\"article:published_time\" content=\"2024-05-09T13:46:52+00:00\" \/>\r\n<meta property=\"og:image\" content=\"https:\/\/www.laescueladelagua.com\/wp-content\/uploads\/2024\/05\/Post-de-charla-sesion-virtual-2.png\" \/>\r\n\t<meta property=\"og:image:width\" content=\"940\" \/>\r\n\t<meta property=\"og:image:height\" content=\"788\" \/>\r\n\t<meta property=\"og:image:type\" content=\"image\/png\" \/>\r\n<meta name=\"author\" content=\"emrodriguez\" \/>\r\n<meta name=\"twitter:card\" content=\"summary_large_image\" \/>\r\n<meta name=\"twitter:label1\" content=\"Escrit per\" \/>\n\t<meta name=\"twitter:data1\" content=\"emrodriguez\" \/>\n\t<meta name=\"twitter:label2\" content=\"Temps estimat de lectura\" \/>\n\t<meta name=\"twitter:data2\" content=\"2 minuts\" \/>\r\n<script type=\"application\/ld+json\" class=\"yoast-schema-graph\">{\"@context\":\"https:\/\/schema.org\",\"@graph\":[{\"@type\":\"Article\",\"@id\":\"https:\/\/www.laescueladelagua.com\/ca\/la-importancia-de-la-formacion-a-lo-largo-de-la-vida-y-los-marcos-competenciales\/#article\",\"isPartOf\":{\"@id\":\"https:\/\/www.laescueladelagua.com\/ca\/la-importancia-de-la-formacion-a-lo-largo-de-la-vida-y-los-marcos-competenciales\/\"},\"author\":{\"name\":\"emrodriguez\",\"@id\":\"https:\/\/wapwebedapro01.azurewebsites.net\/#\/schema\/person\/527f67ae18a7f9a5e4516ba82e2fff6f\"},\"headline\":\"La importancia de la formaci\u00f3n a lo largo de la vida y los marcos competenciales\",\"datePublished\":\"2024-05-09T13:46:52+00:00\",\"mainEntityOfPage\":{\"@id\":\"https:\/\/www.laescueladelagua.com\/ca\/la-importancia-de-la-formacion-a-lo-largo-de-la-vida-y-los-marcos-competenciales\/\"},\"wordCount\":380,\"commentCount\":0,\"publisher\":{\"@id\":\"https:\/\/wapwebedapro01.azurewebsites.net\/#organization\"},\"image\":{\"@id\":\"https:\/\/www.laescueladelagua.com\/ca\/la-importancia-de-la-formacion-a-lo-largo-de-la-vida-y-los-marcos-competenciales\/#primaryimage\"},\"thumbnailUrl\":\"\/wp-content\/uploads\/2024\/05\/Post-de-charla-sesion-virtual-2.png\",\"articleSection\":[\"Cualificaci\u00f3n Profesional\"],\"inLanguage\":\"ca\",\"potentialAction\":[{\"@type\":\"CommentAction\",\"name\":\"Comment\",\"target\":[\"https:\/\/www.laescueladelagua.com\/ca\/la-importancia-de-la-formacion-a-lo-largo-de-la-vida-y-los-marcos-competenciales\/#respond\"]}]},{\"@type\":\"WebPage\",\"@id\":\"https:\/\/www.laescueladelagua.com\/ca\/la-importancia-de-la-formacion-a-lo-largo-de-la-vida-y-los-marcos-competenciales\/\",\"url\":\"https:\/\/www.laescueladelagua.com\/ca\/la-importancia-de-la-formacion-a-lo-largo-de-la-vida-y-los-marcos-competenciales\/\",\"name\":\"La importancia de la formaci\u00f3n a lo largo de la vida y los marcos competenciales - Escuela del agua\",\"isPartOf\":{\"@id\":\"https:\/\/wapwebedapro01.azurewebsites.net\/#website\"},\"primaryImageOfPage\":{\"@id\":\"https:\/\/www.laescueladelagua.com\/ca\/la-importancia-de-la-formacion-a-lo-largo-de-la-vida-y-los-marcos-competenciales\/#primaryimage\"},\"image\":{\"@id\":\"https:\/\/www.laescueladelagua.com\/ca\/la-importancia-de-la-formacion-a-lo-largo-de-la-vida-y-los-marcos-competenciales\/#primaryimage\"},\"thumbnailUrl\":\"\/wp-content\/uploads\/2024\/05\/Post-de-charla-sesion-virtual-2.png\",\"datePublished\":\"2024-05-09T13:46:52+00:00\",\"breadcrumb\":{\"@id\":\"https:\/\/www.laescueladelagua.com\/ca\/la-importancia-de-la-formacion-a-lo-largo-de-la-vida-y-los-marcos-competenciales\/#breadcrumb\"},\"inLanguage\":\"ca\",\"potentialAction\":[{\"@type\":\"ReadAction\",\"target\":[\"https:\/\/www.laescueladelagua.com\/ca\/la-importancia-de-la-formacion-a-lo-largo-de-la-vida-y-los-marcos-competenciales\/\"]}]},{\"@type\":\"ImageObject\",\"inLanguage\":\"ca\",\"@id\":\"https:\/\/www.laescueladelagua.com\/ca\/la-importancia-de-la-formacion-a-lo-largo-de-la-vida-y-los-marcos-competenciales\/#primaryimage\",\"url\":\"\/wp-content\/uploads\/2024\/05\/Post-de-charla-sesion-virtual-2.png\",\"contentUrl\":\"\/wp-content\/uploads\/2024\/05\/Post-de-charla-sesion-virtual-2.png\",\"width\":940,\"height\":788},{\"@type\":\"BreadcrumbList\",\"@id\":\"https:\/\/www.laescueladelagua.com\/ca\/la-importancia-de-la-formacion-a-lo-largo-de-la-vida-y-los-marcos-competenciales\/#breadcrumb\",\"itemListElement\":[{\"@type\":\"ListItem\",\"position\":1,\"name\":\"Home\",\"item\":\"https:\/\/wapwebedapro01.azurewebsites.net\/\"},{\"@type\":\"ListItem\",\"position\":2,\"name\":\"La importancia de la formaci\u00f3n a lo largo de la vida y los marcos competenciales\"}]},{\"@type\":\"WebSite\",\"@id\":\"https:\/\/wapwebedapro01.azurewebsites.net\/#website\",\"url\":\"https:\/\/wapwebedapro01.azurewebsites.net\/\",\"name\":\"Escuela del agua\",\"description\":\"\",\"publisher\":{\"@id\":\"https:\/\/wapwebedapro01.azurewebsites.net\/#organization\"},\"potentialAction\":[{\"@type\":\"SearchAction\",\"target\":{\"@type\":\"EntryPoint\",\"urlTemplate\":\"https:\/\/wapwebedapro01.azurewebsites.net\/?s={search_term_string}\"},\"query-input\":{\"@type\":\"PropertyValueSpecification\",\"valueRequired\":true,\"valueName\":\"search_term_string\"}}],\"inLanguage\":\"ca\"},{\"@type\":\"Organization\",\"@id\":\"https:\/\/wapwebedapro01.azurewebsites.net\/#organization\",\"name\":\"Escuela del agua\",\"url\":\"https:\/\/wapwebedapro01.azurewebsites.net\/\",\"logo\":{\"@type\":\"ImageObject\",\"inLanguage\":\"ca\",\"@id\":\"https:\/\/wapwebedapro01.azurewebsites.net\/#\/schema\/logo\/image\/\",\"url\":\"\/wp-content\/uploads\/2023\/08\/logo_EscueladelAgua_mod.1.1_150px.png\",\"contentUrl\":\"\/wp-content\/uploads\/2023\/08\/logo_EscueladelAgua_mod.1.1_150px.png\",\"width\":150,\"height\":90,\"caption\":\"Escuela del agua\"},\"image\":{\"@id\":\"https:\/\/wapwebedapro01.azurewebsites.net\/#\/schema\/logo\/image\/\"}},{\"@type\":\"Person\",\"@id\":\"https:\/\/wapwebedapro01.azurewebsites.net\/#\/schema\/person\/527f67ae18a7f9a5e4516ba82e2fff6f\",\"name\":\"emrodriguez\",\"image\":{\"@type\":\"ImageObject\",\"inLanguage\":\"ca\",\"@id\":\"https:\/\/wapwebedapro01.azurewebsites.net\/#\/schema\/person\/image\/\",\"url\":\"https:\/\/secure.gravatar.com\/avatar\/f5a7da42368190a610c3fc6e2d270294?s=96&d=mm&r=g\",\"contentUrl\":\"https:\/\/secure.gravatar.com\/avatar\/f5a7da42368190a610c3fc6e2d270294?s=96&d=mm&r=g\",\"caption\":\"emrodriguez\"},\"url\":\"https:\/\/www.laescueladelagua.com\/ca\/author\/emrodriguez\/\"}]}<\/script>\r\n<!-- \/ Yoast SEO plugin. -->","yoast_head_json":{"title":"La importancia de la formaci\u00f3n a lo largo de la vida y los marcos competenciales - Escuela del agua","robots":{"index":"index","follow":"follow","max-snippet":"max-snippet:-1","max-image-preview":"max-image-preview:large","max-video-preview":"max-video-preview:-1"},"canonical":"https:\/\/www.laescueladelagua.com\/ca\/la-importancia-de-la-formacion-a-lo-largo-de-la-vida-y-los-marcos-competenciales\/","og_locale":"ca_ES","og_type":"article","og_title":"La importancia de la formaci\u00f3n a lo largo de la vida y los marcos competenciales - Escuela del agua","og_description":"Dentro del marco del a\u00f1o europeo de las competencias hemos realizado el Seminario sobre cualificaciones profesionales de Agbar. En la sesi\u00f3n sobre aprendizaje continuo hemos tenido un ponente invitado, C\u00e9sar Herrero. \u00c9l es investigador cient\u00edfico en la Unidad de Econom\u00eda Digital del Centro Com\u00fan de Investigaci\u00f3n de la Comisi\u00f3n Europea. Su trabajo contribuye al campo [&hellip;]","og_url":"https:\/\/www.laescueladelagua.com\/ca\/la-importancia-de-la-formacion-a-lo-largo-de-la-vida-y-los-marcos-competenciales\/","og_site_name":"Escuela del agua","article_published_time":"2024-05-09T13:46:52+00:00","og_image":[{"width":940,"height":788,"url":"https:\/\/www.laescueladelagua.com\/wp-content\/uploads\/2024\/05\/Post-de-charla-sesion-virtual-2.png","type":"image\/png"}],"author":"emrodriguez","twitter_card":"summary_large_image","twitter_misc":{"Escrit per":"emrodriguez","Temps estimat de lectura":"2 minuts"},"schema":{"@context":"https:\/\/schema.org","@graph":[{"@type":"Article","@id":"https:\/\/www.laescueladelagua.com\/ca\/la-importancia-de-la-formacion-a-lo-largo-de-la-vida-y-los-marcos-competenciales\/#article","isPartOf":{"@id":"https:\/\/www.laescueladelagua.com\/ca\/la-importancia-de-la-formacion-a-lo-largo-de-la-vida-y-los-marcos-competenciales\/"},"author":{"name":"emrodriguez","@id":"https:\/\/wapwebedapro01.azurewebsites.net\/#\/schema\/person\/527f67ae18a7f9a5e4516ba82e2fff6f"},"headline":"La importancia de la formaci\u00f3n a lo largo de la vida y los marcos competenciales","datePublished":"2024-05-09T13:46:52+00:00","mainEntityOfPage":{"@id":"https:\/\/www.laescueladelagua.com\/ca\/la-importancia-de-la-formacion-a-lo-largo-de-la-vida-y-los-marcos-competenciales\/"},"wordCount":380,"commentCount":0,"publisher":{"@id":"https:\/\/wapwebedapro01.azurewebsites.net\/#organization"},"image":{"@id":"https:\/\/www.laescueladelagua.com\/ca\/la-importancia-de-la-formacion-a-lo-largo-de-la-vida-y-los-marcos-competenciales\/#primaryimage"},"thumbnailUrl":"\/wp-content\/uploads\/2024\/05\/Post-de-charla-sesion-virtual-2.png","articleSection":["Cualificaci\u00f3n Profesional"],"inLanguage":"ca","potentialAction":[{"@type":"CommentAction","name":"Comment","target":["https:\/\/www.laescueladelagua.com\/ca\/la-importancia-de-la-formacion-a-lo-largo-de-la-vida-y-los-marcos-competenciales\/#respond"]}]},{"@type":"WebPage","@id":"https:\/\/www.laescueladelagua.com\/ca\/la-importancia-de-la-formacion-a-lo-largo-de-la-vida-y-los-marcos-competenciales\/","url":"https:\/\/www.laescueladelagua.com\/ca\/la-importancia-de-la-formacion-a-lo-largo-de-la-vida-y-los-marcos-competenciales\/","name":"La importancia de la formaci\u00f3n a lo largo de la vida y los marcos competenciales - Escuela del agua","isPartOf":{"@id":"https:\/\/wapwebedapro01.azurewebsites.net\/#website"},"primaryImageOfPage":{"@id":"https:\/\/www.laescueladelagua.com\/ca\/la-importancia-de-la-formacion-a-lo-largo-de-la-vida-y-los-marcos-competenciales\/#primaryimage"},"image":{"@id":"https:\/\/www.laescueladelagua.com\/ca\/la-importancia-de-la-formacion-a-lo-largo-de-la-vida-y-los-marcos-competenciales\/#primaryimage"},"thumbnailUrl":"\/wp-content\/uploads\/2024\/05\/Post-de-charla-sesion-virtual-2.png","datePublished":"2024-05-09T13:46:52+00:00","breadcrumb":{"@id":"https:\/\/www.laescueladelagua.com\/ca\/la-importancia-de-la-formacion-a-lo-largo-de-la-vida-y-los-marcos-competenciales\/#breadcrumb"},"inLanguage":"ca","potentialAction":[{"@type":"ReadAction","target":["https:\/\/www.laescueladelagua.com\/ca\/la-importancia-de-la-formacion-a-lo-largo-de-la-vida-y-los-marcos-competenciales\/"]}]},{"@type":"ImageObject","inLanguage":"ca","@id":"https:\/\/www.laescueladelagua.com\/ca\/la-importancia-de-la-formacion-a-lo-largo-de-la-vida-y-los-marcos-competenciales\/#primaryimage","url":"\/wp-content\/uploads\/2024\/05\/Post-de-charla-sesion-virtual-2.png","contentUrl":"\/wp-content\/uploads\/2024\/05\/Post-de-charla-sesion-virtual-2.png","width":940,"height":788},{"@type":"BreadcrumbList","@id":"https:\/\/www.laescueladelagua.com\/ca\/la-importancia-de-la-formacion-a-lo-largo-de-la-vida-y-los-marcos-competenciales\/#breadcrumb","itemListElement":[{"@type":"ListItem","position":1,"name":"Home","item":"https:\/\/wapwebedapro01.azurewebsites.net\/"},{"@type":"ListItem","position":2,"name":"La importancia de la formaci\u00f3n a lo largo de la vida y los marcos competenciales"}]},{"@type":"WebSite","@id":"https:\/\/wapwebedapro01.azurewebsites.net\/#website","url":"https:\/\/wapwebedapro01.azurewebsites.net\/","name":"Escuela del agua","description":"","publisher":{"@id":"https:\/\/wapwebedapro01.azurewebsites.net\/#organization"},"potentialAction":[{"@type":"SearchAction","target":{"@type":"EntryPoint","urlTemplate":"https:\/\/wapwebedapro01.azurewebsites.net\/?s={search_term_string}"},"query-input":{"@type":"PropertyValueSpecification","valueRequired":true,"valueName":"search_term_string"}}],"inLanguage":"ca"},{"@type":"Organization","@id":"https:\/\/wapwebedapro01.azurewebsites.net\/#organization","name":"Escuela del agua","url":"https:\/\/wapwebedapro01.azurewebsites.net\/","logo":{"@type":"ImageObject","inLanguage":"ca","@id":"https:\/\/wapwebedapro01.azurewebsites.net\/#\/schema\/logo\/image\/","url":"\/wp-content\/uploads\/2023\/08\/logo_EscueladelAgua_mod.1.1_150px.png","contentUrl":"\/wp-content\/uploads\/2023\/08\/logo_EscueladelAgua_mod.1.1_150px.png","width":150,"height":90,"caption":"Escuela del agua"},"image":{"@id":"https:\/\/wapwebedapro01.azurewebsites.net\/#\/schema\/logo\/image\/"}},{"@type":"Person","@id":"https:\/\/wapwebedapro01.azurewebsites.net\/#\/schema\/person\/527f67ae18a7f9a5e4516ba82e2fff6f","name":"emrodriguez","image":{"@type":"ImageObject","inLanguage":"ca","@id":"https:\/\/wapwebedapro01.azurewebsites.net\/#\/schema\/person\/image\/","url":"https:\/\/secure.gravatar.com\/avatar\/f5a7da42368190a610c3fc6e2d270294?s=96&d=mm&r=g","contentUrl":"https:\/\/secure.gravatar.com\/avatar\/f5a7da42368190a610c3fc6e2d270294?s=96&d=mm&r=g","caption":"emrodriguez"},"url":"https:\/\/www.laescueladelagua.com\/ca\/author\/emrodriguez\/"}]}},"meta_box":[],"_links":{"self":[{"href":"https:\/\/www.laescueladelagua.com\/ca\/wp-json\/wp\/v2\/posts\/3148","targetHints":{"allow":["GET"]}}],"collection":[{"href":"https:\/\/www.laescueladelagua.com\/ca\/wp-json\/wp\/v2\/posts"}],"about":[{"href":"https:\/\/www.laescueladelagua.com\/ca\/wp-json\/wp\/v2\/types\/post"}],"author":[{"embeddable":true,"href":"https:\/\/www.laescueladelagua.com\/ca\/wp-json\/wp\/v2\/users\/6"}],"replies":[{"embeddable":true,"href":"https:\/\/www.laescueladelagua.com\/ca\/wp-json\/wp\/v2\/comments?post=3148"}],"version-history":[{"count":1,"href":"https:\/\/www.laescueladelagua.com\/ca\/wp-json\/wp\/v2\/posts\/3148\/revisions"}],"predecessor-version":[{"id":3150,"href":"https:\/\/www.laescueladelagua.com\/ca\/wp-json\/wp\/v2\/posts\/3148\/revisions\/3150"}],"wp:featuredmedia":[{"embeddable":true,"href":"https:\/\/www.laescueladelagua.com\/ca\/wp-json\/wp\/v2\/media\/3149"}],"wp:attachment":[{"href":"https:\/\/www.laescueladelagua.com\/ca\/wp-json\/wp\/v2\/media?parent=3148"}],"wp:term":[{"taxonomy":"category","embeddable":true,"href":"https:\/\/www.laescueladelagua.com\/ca\/wp-json\/wp\/v2\/categories?post=3148"},{"taxonomy":"post_tag","embeddable":true,"href":"https:\/\/www.laescueladelagua.com\/ca\/wp-json\/wp\/v2\/tags?post=3148"}],"curies":[{"name":"wp","href":"https:\/\/api.w.org\/{rel}","templated":true}]}}