{"id":3353,"date":"2024-06-20T08:33:12","date_gmt":"2024-06-20T08:33:12","guid":{"rendered":"https:\/\/www.laescueladelagua.com\/?p=3353"},"modified":"2024-06-20T08:59:58","modified_gmt":"2024-06-20T08:59:58","slug":"finaliza-la-1a-edicion-del-programa-curso-de-especializacion-en-control-ambiental-y-laboratorios","status":"publish","type":"post","link":"https:\/\/www.laescueladelagua.com\/ca\/finaliza-la-1a-edicion-del-programa-curso-de-especializacion-en-control-ambiental-y-laboratorios\/","title":{"rendered":"Finalitza la 1a edici\u00f3 del programa Curs d&#039;Especialitzaci\u00f3 en Control Ambiental i Laboratoris"},"content":{"rendered":"<p><span style=\"font-weight: 400;\">L&#039;Escola de l&#039;Aigua ha acabat amb \u00e8xit la primera edici\u00f3 del Curs d&#039;Especialitzaci\u00f3 en Control Ambiental i Gesti\u00f3 de Laboratoris, amb la participaci\u00f3 de deu alumnes i alumnes. Aquest programa formatiu t\u00e9 com a objectiu principal dotar els participants de les compet\u00e8ncies t\u00e8cniques necess\u00e0ries per coordinar i gestionar les activitats a laboratoris de qualitat de l&#039;aigua i ambiental.\u00a0<\/span><\/p>\n<p><span style=\"font-weight: 400;\">Durant el programa, els alumnes han adquirit coneixements avan\u00e7ats i han desenvolupat habilitats clau en lideratge i treball en equip. Aquest curs d&#039;especialitzaci\u00f3 combina formaci\u00f3 en l\u00ednia i formaci\u00f3 presencial, preparant els professionals per enfrontar els desafiaments del sector de l&#039;aigua i la gesti\u00f3 ambiental, a m\u00e9s, incorpora unes jornades presencials a Alacant ia Barcelona per con\u00e8ixer les darreres tend\u00e8ncies en laboratoris de refer\u00e8ncia.\u00a0<\/span><\/p>\n<p><span style=\"font-weight: 400;\">L&#039;Escola de l&#039;Aigua d&#039;Agbar continua aix\u00ed el seu comprom\u00eds amb la formaci\u00f3 de professionals altament capacitats, consolidant-se com a referent en el sector.\u00a0<\/span><\/p>","protected":false},"excerpt":{"rendered":"<p>L&#039;Escola de l&#039;Aigua ha acabat amb \u00e8xit la primera edici\u00f3 del Curs d&#039;Especialitzaci\u00f3 en Control Ambiental i Gesti\u00f3 de Laboratoris, amb la participaci\u00f3 de deu alumnes i alumnes. Aquest programa formatiu t\u00e9 com a objectiu principal dotar els participants de les compet\u00e8ncies t\u00e8cniques necess\u00e0ries per coordinar i gestionar les activitats en laboratoris de [\u2026]<\/p>","protected":false},"author":7,"featured_media":3357,"comment_status":"open","ping_status":"open","sticky":false,"template":"","format":"standard","meta":{"footnotes":""},"categories":[50,45],"tags":[103],"class_list":["post-3353","post","type-post","status-publish","format-standard","has-post-thumbnail","hentry","category-actualidad","category-programas","tag-talento"],"yoast_head":"<!-- This site is optimized with the Yoast SEO plugin v24.5 - https:\/\/yoast.com\/wordpress\/plugins\/seo\/ -->\r\n<title>Finaliza la 1\u00aa edici\u00f3n del programa Curso de Especializaci\u00f3n en Control Ambiental y Laboratorios - Escuela del agua<\/title>\r\n<meta name=\"robots\" content=\"index, follow, max-snippet:-1, max-image-preview:large, max-video-preview:-1\" \/>\r\n<link rel=\"canonical\" href=\"https:\/\/www.laescueladelagua.com\/ca\/finaliza-la-1a-edicion-del-programa-curso-de-especializacion-en-control-ambiental-y-laboratorios\/\" \/>\r\n<meta property=\"og:locale\" content=\"ca_ES\" \/>\r\n<meta property=\"og:type\" content=\"article\" \/>\r\n<meta property=\"og:title\" content=\"Finaliza la 1\u00aa edici\u00f3n del programa Curso de Especializaci\u00f3n en Control Ambiental y Laboratorios - Escuela del agua\" \/>\r\n<meta property=\"og:description\" content=\"La Escuela del Agua ha concluido con \u00e9xito la primera edici\u00f3n del Curso de Especializaci\u00f3n en Control Ambiental y Gesti\u00f3n de Laboratorios, con la participaci\u00f3n de diez alumnas y alumnos. Este programa formativo tiene como objetivo principal dotar a los participantes de las competencias t\u00e9cnicas necesarias para coordinar y gestionar las actividades en laboratorios de [&hellip;]\" \/>\r\n<meta property=\"og:url\" content=\"https:\/\/www.laescueladelagua.com\/ca\/finaliza-la-1a-edicion-del-programa-curso-de-especializacion-en-control-ambiental-y-laboratorios\/\" \/>\r\n<meta property=\"og:site_name\" content=\"Escuela del agua\" \/>\r\n<meta property=\"article:published_time\" content=\"2024-06-20T08:33:12+00:00\" \/>\r\n<meta property=\"article:modified_time\" content=\"2024-06-20T08:59:58+00:00\" \/>\r\n<meta property=\"og:image\" content=\"https:\/\/www.laescueladelagua.com\/wp-content\/uploads\/2024\/06\/IMG_9213-scaled.jpg\" \/>\r\n\t<meta property=\"og:image:width\" content=\"2560\" \/>\r\n\t<meta property=\"og:image:height\" content=\"1920\" \/>\r\n\t<meta property=\"og:image:type\" content=\"image\/jpeg\" \/>\r\n<meta name=\"author\" content=\"david.oller\" \/>\r\n<meta name=\"twitter:card\" content=\"summary_large_image\" \/>\r\n<meta name=\"twitter:label1\" content=\"Escrit per\" \/>\n\t<meta name=\"twitter:data1\" content=\"david.oller\" \/>\n\t<meta name=\"twitter:label2\" content=\"Temps estimat de lectura\" \/>\n\t<meta name=\"twitter:data2\" content=\"1 minut\" \/>\r\n<script type=\"application\/ld+json\" class=\"yoast-schema-graph\">{\"@context\":\"https:\/\/schema.org\",\"@graph\":[{\"@type\":\"Article\",\"@id\":\"https:\/\/www.laescueladelagua.com\/ca\/finaliza-la-1a-edicion-del-programa-curso-de-especializacion-en-control-ambiental-y-laboratorios\/#article\",\"isPartOf\":{\"@id\":\"https:\/\/www.laescueladelagua.com\/ca\/finaliza-la-1a-edicion-del-programa-curso-de-especializacion-en-control-ambiental-y-laboratorios\/\"},\"author\":{\"name\":\"david.oller\",\"@id\":\"https:\/\/wapwebedapro01.azurewebsites.net\/#\/schema\/person\/f4da9bd303ae80086067146a6fe01282\"},\"headline\":\"Finaliza la 1\u00aa edici\u00f3n del programa Curso de Especializaci\u00f3n en Control Ambiental y Laboratorios\",\"datePublished\":\"2024-06-20T08:33:12+00:00\",\"dateModified\":\"2024-06-20T08:59:58+00:00\",\"mainEntityOfPage\":{\"@id\":\"https:\/\/www.laescueladelagua.com\/ca\/finaliza-la-1a-edicion-del-programa-curso-de-especializacion-en-control-ambiental-y-laboratorios\/\"},\"wordCount\":178,\"commentCount\":0,\"publisher\":{\"@id\":\"https:\/\/wapwebedapro01.azurewebsites.net\/#organization\"},\"image\":{\"@id\":\"https:\/\/www.laescueladelagua.com\/ca\/finaliza-la-1a-edicion-del-programa-curso-de-especializacion-en-control-ambiental-y-laboratorios\/#primaryimage\"},\"thumbnailUrl\":\"\/wp-content\/uploads\/2024\/06\/IMG_9213-scaled.jpg\",\"keywords\":[\"#talento\"],\"articleSection\":[\"Actualidad\",\"Programas\"],\"inLanguage\":\"ca\",\"potentialAction\":[{\"@type\":\"CommentAction\",\"name\":\"Comment\",\"target\":[\"https:\/\/www.laescueladelagua.com\/ca\/finaliza-la-1a-edicion-del-programa-curso-de-especializacion-en-control-ambiental-y-laboratorios\/#respond\"]}]},{\"@type\":\"WebPage\",\"@id\":\"https:\/\/www.laescueladelagua.com\/ca\/finaliza-la-1a-edicion-del-programa-curso-de-especializacion-en-control-ambiental-y-laboratorios\/\",\"url\":\"https:\/\/www.laescueladelagua.com\/ca\/finaliza-la-1a-edicion-del-programa-curso-de-especializacion-en-control-ambiental-y-laboratorios\/\",\"name\":\"Finaliza la 1\u00aa edici\u00f3n del programa Curso de Especializaci\u00f3n en Control Ambiental y Laboratorios - Escuela del agua\",\"isPartOf\":{\"@id\":\"https:\/\/wapwebedapro01.azurewebsites.net\/#website\"},\"primaryImageOfPage\":{\"@id\":\"https:\/\/www.laescueladelagua.com\/ca\/finaliza-la-1a-edicion-del-programa-curso-de-especializacion-en-control-ambiental-y-laboratorios\/#primaryimage\"},\"image\":{\"@id\":\"https:\/\/www.laescueladelagua.com\/ca\/finaliza-la-1a-edicion-del-programa-curso-de-especializacion-en-control-ambiental-y-laboratorios\/#primaryimage\"},\"thumbnailUrl\":\"\/wp-content\/uploads\/2024\/06\/IMG_9213-scaled.jpg\",\"datePublished\":\"2024-06-20T08:33:12+00:00\",\"dateModified\":\"2024-06-20T08:59:58+00:00\",\"breadcrumb\":{\"@id\":\"https:\/\/www.laescueladelagua.com\/ca\/finaliza-la-1a-edicion-del-programa-curso-de-especializacion-en-control-ambiental-y-laboratorios\/#breadcrumb\"},\"inLanguage\":\"ca\",\"potentialAction\":[{\"@type\":\"ReadAction\",\"target\":[\"https:\/\/www.laescueladelagua.com\/ca\/finaliza-la-1a-edicion-del-programa-curso-de-especializacion-en-control-ambiental-y-laboratorios\/\"]}]},{\"@type\":\"ImageObject\",\"inLanguage\":\"ca\",\"@id\":\"https:\/\/www.laescueladelagua.com\/ca\/finaliza-la-1a-edicion-del-programa-curso-de-especializacion-en-control-ambiental-y-laboratorios\/#primaryimage\",\"url\":\"\/wp-content\/uploads\/2024\/06\/IMG_9213-scaled.jpg\",\"contentUrl\":\"\/wp-content\/uploads\/2024\/06\/IMG_9213-scaled.jpg\",\"width\":2560,\"height\":1920},{\"@type\":\"BreadcrumbList\",\"@id\":\"https:\/\/www.laescueladelagua.com\/ca\/finaliza-la-1a-edicion-del-programa-curso-de-especializacion-en-control-ambiental-y-laboratorios\/#breadcrumb\",\"itemListElement\":[{\"@type\":\"ListItem\",\"position\":1,\"name\":\"Home\",\"item\":\"https:\/\/wapwebedapro01.azurewebsites.net\/\"},{\"@type\":\"ListItem\",\"position\":2,\"name\":\"Finaliza la 1\u00aa edici\u00f3n del programa Curso de Especializaci\u00f3n en Control Ambiental y Laboratorios\"}]},{\"@type\":\"WebSite\",\"@id\":\"https:\/\/wapwebedapro01.azurewebsites.net\/#website\",\"url\":\"https:\/\/wapwebedapro01.azurewebsites.net\/\",\"name\":\"Escuela del agua\",\"description\":\"\",\"publisher\":{\"@id\":\"https:\/\/wapwebedapro01.azurewebsites.net\/#organization\"},\"potentialAction\":[{\"@type\":\"SearchAction\",\"target\":{\"@type\":\"EntryPoint\",\"urlTemplate\":\"https:\/\/wapwebedapro01.azurewebsites.net\/?s={search_term_string}\"},\"query-input\":{\"@type\":\"PropertyValueSpecification\",\"valueRequired\":true,\"valueName\":\"search_term_string\"}}],\"inLanguage\":\"ca\"},{\"@type\":\"Organization\",\"@id\":\"https:\/\/wapwebedapro01.azurewebsites.net\/#organization\",\"name\":\"Escuela del agua\",\"url\":\"https:\/\/wapwebedapro01.azurewebsites.net\/\",\"logo\":{\"@type\":\"ImageObject\",\"inLanguage\":\"ca\",\"@id\":\"https:\/\/wapwebedapro01.azurewebsites.net\/#\/schema\/logo\/image\/\",\"url\":\"\/wp-content\/uploads\/2023\/08\/logo_EscueladelAgua_mod.1.1_150px.png\",\"contentUrl\":\"\/wp-content\/uploads\/2023\/08\/logo_EscueladelAgua_mod.1.1_150px.png\",\"width\":150,\"height\":90,\"caption\":\"Escuela del agua\"},\"image\":{\"@id\":\"https:\/\/wapwebedapro01.azurewebsites.net\/#\/schema\/logo\/image\/\"}},{\"@type\":\"Person\",\"@id\":\"https:\/\/wapwebedapro01.azurewebsites.net\/#\/schema\/person\/f4da9bd303ae80086067146a6fe01282\",\"name\":\"david.oller\",\"image\":{\"@type\":\"ImageObject\",\"inLanguage\":\"ca\",\"@id\":\"https:\/\/wapwebedapro01.azurewebsites.net\/#\/schema\/person\/image\/\",\"url\":\"https:\/\/secure.gravatar.com\/avatar\/698f6c52e9efecbb9e5d6923485f2cf6?s=96&d=mm&r=g\",\"contentUrl\":\"https:\/\/secure.gravatar.com\/avatar\/698f6c52e9efecbb9e5d6923485f2cf6?s=96&d=mm&r=g\",\"caption\":\"david.oller\"},\"url\":\"https:\/\/www.laescueladelagua.com\/ca\/author\/david-oller\/\"}]}<\/script>\r\n<!-- \/ Yoast SEO plugin. -->","yoast_head_json":{"title":"Finaliza la 1\u00aa edici\u00f3n del programa Curso de Especializaci\u00f3n en Control Ambiental y Laboratorios - Escuela del agua","robots":{"index":"index","follow":"follow","max-snippet":"max-snippet:-1","max-image-preview":"max-image-preview:large","max-video-preview":"max-video-preview:-1"},"canonical":"https:\/\/www.laescueladelagua.com\/ca\/finaliza-la-1a-edicion-del-programa-curso-de-especializacion-en-control-ambiental-y-laboratorios\/","og_locale":"ca_ES","og_type":"article","og_title":"Finaliza la 1\u00aa edici\u00f3n del programa Curso de Especializaci\u00f3n en Control Ambiental y Laboratorios - Escuela del agua","og_description":"La Escuela del Agua ha concluido con \u00e9xito la primera edici\u00f3n del Curso de Especializaci\u00f3n en Control Ambiental y Gesti\u00f3n de Laboratorios, con la participaci\u00f3n de diez alumnas y alumnos. Este programa formativo tiene como objetivo principal dotar a los participantes de las competencias t\u00e9cnicas necesarias para coordinar y gestionar las actividades en laboratorios de [&hellip;]","og_url":"https:\/\/www.laescueladelagua.com\/ca\/finaliza-la-1a-edicion-del-programa-curso-de-especializacion-en-control-ambiental-y-laboratorios\/","og_site_name":"Escuela del agua","article_published_time":"2024-06-20T08:33:12+00:00","article_modified_time":"2024-06-20T08:59:58+00:00","og_image":[{"width":2560,"height":1920,"url":"https:\/\/www.laescueladelagua.com\/wp-content\/uploads\/2024\/06\/IMG_9213-scaled.jpg","type":"image\/jpeg"}],"author":"david.oller","twitter_card":"summary_large_image","twitter_misc":{"Escrit per":"david.oller","Temps estimat de lectura":"1 minut"},"schema":{"@context":"https:\/\/schema.org","@graph":[{"@type":"Article","@id":"https:\/\/www.laescueladelagua.com\/ca\/finaliza-la-1a-edicion-del-programa-curso-de-especializacion-en-control-ambiental-y-laboratorios\/#article","isPartOf":{"@id":"https:\/\/www.laescueladelagua.com\/ca\/finaliza-la-1a-edicion-del-programa-curso-de-especializacion-en-control-ambiental-y-laboratorios\/"},"author":{"name":"david.oller","@id":"https:\/\/wapwebedapro01.azurewebsites.net\/#\/schema\/person\/f4da9bd303ae80086067146a6fe01282"},"headline":"Finaliza la 1\u00aa edici\u00f3n del programa Curso de Especializaci\u00f3n en Control Ambiental y Laboratorios","datePublished":"2024-06-20T08:33:12+00:00","dateModified":"2024-06-20T08:59:58+00:00","mainEntityOfPage":{"@id":"https:\/\/www.laescueladelagua.com\/ca\/finaliza-la-1a-edicion-del-programa-curso-de-especializacion-en-control-ambiental-y-laboratorios\/"},"wordCount":178,"commentCount":0,"publisher":{"@id":"https:\/\/wapwebedapro01.azurewebsites.net\/#organization"},"image":{"@id":"https:\/\/www.laescueladelagua.com\/ca\/finaliza-la-1a-edicion-del-programa-curso-de-especializacion-en-control-ambiental-y-laboratorios\/#primaryimage"},"thumbnailUrl":"\/wp-content\/uploads\/2024\/06\/IMG_9213-scaled.jpg","keywords":["#talento"],"articleSection":["Actualidad","Programas"],"inLanguage":"ca","potentialAction":[{"@type":"CommentAction","name":"Comment","target":["https:\/\/www.laescueladelagua.com\/ca\/finaliza-la-1a-edicion-del-programa-curso-de-especializacion-en-control-ambiental-y-laboratorios\/#respond"]}]},{"@type":"WebPage","@id":"https:\/\/www.laescueladelagua.com\/ca\/finaliza-la-1a-edicion-del-programa-curso-de-especializacion-en-control-ambiental-y-laboratorios\/","url":"https:\/\/www.laescueladelagua.com\/ca\/finaliza-la-1a-edicion-del-programa-curso-de-especializacion-en-control-ambiental-y-laboratorios\/","name":"Finaliza la 1\u00aa edici\u00f3n del programa Curso de Especializaci\u00f3n en Control Ambiental y Laboratorios - Escuela del agua","isPartOf":{"@id":"https:\/\/wapwebedapro01.azurewebsites.net\/#website"},"primaryImageOfPage":{"@id":"https:\/\/www.laescueladelagua.com\/ca\/finaliza-la-1a-edicion-del-programa-curso-de-especializacion-en-control-ambiental-y-laboratorios\/#primaryimage"},"image":{"@id":"https:\/\/www.laescueladelagua.com\/ca\/finaliza-la-1a-edicion-del-programa-curso-de-especializacion-en-control-ambiental-y-laboratorios\/#primaryimage"},"thumbnailUrl":"\/wp-content\/uploads\/2024\/06\/IMG_9213-scaled.jpg","datePublished":"2024-06-20T08:33:12+00:00","dateModified":"2024-06-20T08:59:58+00:00","breadcrumb":{"@id":"https:\/\/www.laescueladelagua.com\/ca\/finaliza-la-1a-edicion-del-programa-curso-de-especializacion-en-control-ambiental-y-laboratorios\/#breadcrumb"},"inLanguage":"ca","potentialAction":[{"@type":"ReadAction","target":["https:\/\/www.laescueladelagua.com\/ca\/finaliza-la-1a-edicion-del-programa-curso-de-especializacion-en-control-ambiental-y-laboratorios\/"]}]},{"@type":"ImageObject","inLanguage":"ca","@id":"https:\/\/www.laescueladelagua.com\/ca\/finaliza-la-1a-edicion-del-programa-curso-de-especializacion-en-control-ambiental-y-laboratorios\/#primaryimage","url":"\/wp-content\/uploads\/2024\/06\/IMG_9213-scaled.jpg","contentUrl":"\/wp-content\/uploads\/2024\/06\/IMG_9213-scaled.jpg","width":2560,"height":1920},{"@type":"BreadcrumbList","@id":"https:\/\/www.laescueladelagua.com\/ca\/finaliza-la-1a-edicion-del-programa-curso-de-especializacion-en-control-ambiental-y-laboratorios\/#breadcrumb","itemListElement":[{"@type":"ListItem","position":1,"name":"Home","item":"https:\/\/wapwebedapro01.azurewebsites.net\/"},{"@type":"ListItem","position":2,"name":"Finaliza la 1\u00aa edici\u00f3n del programa Curso de Especializaci\u00f3n en Control Ambiental y Laboratorios"}]},{"@type":"WebSite","@id":"https:\/\/wapwebedapro01.azurewebsites.net\/#website","url":"https:\/\/wapwebedapro01.azurewebsites.net\/","name":"Escuela del agua","description":"","publisher":{"@id":"https:\/\/wapwebedapro01.azurewebsites.net\/#organization"},"potentialAction":[{"@type":"SearchAction","target":{"@type":"EntryPoint","urlTemplate":"https:\/\/wapwebedapro01.azurewebsites.net\/?s={search_term_string}"},"query-input":{"@type":"PropertyValueSpecification","valueRequired":true,"valueName":"search_term_string"}}],"inLanguage":"ca"},{"@type":"Organization","@id":"https:\/\/wapwebedapro01.azurewebsites.net\/#organization","name":"Escuela del agua","url":"https:\/\/wapwebedapro01.azurewebsites.net\/","logo":{"@type":"ImageObject","inLanguage":"ca","@id":"https:\/\/wapwebedapro01.azurewebsites.net\/#\/schema\/logo\/image\/","url":"\/wp-content\/uploads\/2023\/08\/logo_EscueladelAgua_mod.1.1_150px.png","contentUrl":"\/wp-content\/uploads\/2023\/08\/logo_EscueladelAgua_mod.1.1_150px.png","width":150,"height":90,"caption":"Escuela del agua"},"image":{"@id":"https:\/\/wapwebedapro01.azurewebsites.net\/#\/schema\/logo\/image\/"}},{"@type":"Person","@id":"https:\/\/wapwebedapro01.azurewebsites.net\/#\/schema\/person\/f4da9bd303ae80086067146a6fe01282","name":"david.oller","image":{"@type":"ImageObject","inLanguage":"ca","@id":"https:\/\/wapwebedapro01.azurewebsites.net\/#\/schema\/person\/image\/","url":"https:\/\/secure.gravatar.com\/avatar\/698f6c52e9efecbb9e5d6923485f2cf6?s=96&d=mm&r=g","contentUrl":"https:\/\/secure.gravatar.com\/avatar\/698f6c52e9efecbb9e5d6923485f2cf6?s=96&d=mm&r=g","caption":"david.oller"},"url":"https:\/\/www.laescueladelagua.com\/ca\/author\/david-oller\/"}]}},"meta_box":[],"_links":{"self":[{"href":"https:\/\/www.laescueladelagua.com\/ca\/wp-json\/wp\/v2\/posts\/3353","targetHints":{"allow":["GET"]}}],"collection":[{"href":"https:\/\/www.laescueladelagua.com\/ca\/wp-json\/wp\/v2\/posts"}],"about":[{"href":"https:\/\/www.laescueladelagua.com\/ca\/wp-json\/wp\/v2\/types\/post"}],"author":[{"embeddable":true,"href":"https:\/\/www.laescueladelagua.com\/ca\/wp-json\/wp\/v2\/users\/7"}],"replies":[{"embeddable":true,"href":"https:\/\/www.laescueladelagua.com\/ca\/wp-json\/wp\/v2\/comments?post=3353"}],"version-history":[{"count":1,"href":"https:\/\/www.laescueladelagua.com\/ca\/wp-json\/wp\/v2\/posts\/3353\/revisions"}],"predecessor-version":[{"id":3354,"href":"https:\/\/www.laescueladelagua.com\/ca\/wp-json\/wp\/v2\/posts\/3353\/revisions\/3354"}],"wp:featuredmedia":[{"embeddable":true,"href":"https:\/\/www.laescueladelagua.com\/ca\/wp-json\/wp\/v2\/media\/3357"}],"wp:attachment":[{"href":"https:\/\/www.laescueladelagua.com\/ca\/wp-json\/wp\/v2\/media?parent=3353"}],"wp:term":[{"taxonomy":"category","embeddable":true,"href":"https:\/\/www.laescueladelagua.com\/ca\/wp-json\/wp\/v2\/categories?post=3353"},{"taxonomy":"post_tag","embeddable":true,"href":"https:\/\/www.laescueladelagua.com\/ca\/wp-json\/wp\/v2\/tags?post=3353"}],"curies":[{"name":"wp","href":"https:\/\/api.w.org\/{rel}","templated":true}]}}