{"id":3365,"date":"2024-07-01T10:17:15","date_gmt":"2024-07-01T10:17:15","guid":{"rendered":"https:\/\/www.laescueladelagua.com\/?p=3365"},"modified":"2024-07-01T10:17:15","modified_gmt":"2024-07-01T10:17:15","slug":"comienza-la-3a-edicion-del-programa-magnet-jovenes-talentos","status":"publish","type":"post","link":"https:\/\/www.laescueladelagua.com\/ca\/comienza-la-3a-edicion-del-programa-magnet-jovenes-talentos\/","title":{"rendered":"Comen\u00e7a la 3a Edici\u00f3 del Programa \u201cMAGNET Joves Talents\u201d"},"content":{"rendered":"<p><span style=\"font-weight: 400;\">El 28 de juny es va celebrar la sessi\u00f3 de benvinguda de la tercera edici\u00f3 del programa MAGNET Joves Talents del Grup Agbar. El prop\u00f2sit principal d&#039;aquest programa, amb una durada de 6 mesos, \u00e9s brindar als participants una comprensi\u00f3 integral de l&#039;empresa, la seva estrat\u00e8gia i els seus objectius, aix\u00ed com coneixements avan\u00e7ats sobre la gesti\u00f3 de l&#039;aigua i el comprom\u00eds amb el medi ambient i la resili\u00e8ncia. h\u00eddrica.<\/span><\/p>\n<p><span style=\"font-weight: 400;\">En aquesta edici\u00f3, un total de 20 joves han estat seleccionats per participar al programa, que inclour\u00e0 diverses activitats formatives. Entre aquestes es destaquen un itinerari sobre Futurs L\u00edders, un curs sobre el cicle integral de l&#039;aigua i visites a les instal\u00b7lacions clau de la companyia a Madrid, Barcelona i Alacant.\u00a0<\/span><\/p>\n<p><span style=\"font-weight: 400;\">El programa conclour\u00e0 amb jornades presencials on els participants tindran l&#039;oportunitat d&#039;interactuar amb directors i responsables, coneixent de primera m\u00e0 la situaci\u00f3 actual de l&#039;empresa, les \u00e0rees estrat\u00e8giques i les activitats m\u00e9s rellevants que desenvolupa.\u00a0<\/span><\/p>\n<p><span style=\"font-weight: 400;\">Amb aquesta iniciativa, el Grup Agbar reafirma el seu comprom\u00eds amb el foment del talent jove i el desenvolupament professional. El programa MAGNET cerca no nom\u00e9s proporcionar coneixements t\u00e8cnics, sin\u00f3 tamb\u00e9 inspirar i preparar els <\/span><b>futurs l\u00edders<\/b><span style=\"font-weight: 400;\"> del sector de l&#039;aigua, demostrant aix\u00ed la dedicaci\u00f3 de l&#039;organitzaci\u00f3 cap a la formaci\u00f3 i creixement de nous professionals.<\/span><\/p>\n<p>&nbsp;<\/p>","protected":false},"excerpt":{"rendered":"<p>El 28 de juny es va celebrar la sessi\u00f3 de benvinguda de la tercera edici\u00f3 del programa MAGNET Joves Talents del Grup Agbar. El prop\u00f2sit principal d&#039;aquest programa, amb una durada de 6 mesos, \u00e9s brindar als participants una comprensi\u00f3 integral de l&#039;empresa, la seva estrat\u00e8gia i els seus objectius, aix\u00ed com coneixements avan\u00e7ats sobre la [\u2026]<\/p>","protected":false},"author":7,"featured_media":3366,"comment_status":"open","ping_status":"open","sticky":false,"template":"","format":"standard","meta":{"footnotes":""},"categories":[50,45],"tags":[108],"class_list":["post-3365","post","type-post","status-publish","format-standard","has-post-thumbnail","hentry","category-actualidad","category-programas","tag-magnet-agbar-talento"],"yoast_head":"<!-- This site is optimized with the Yoast SEO plugin v24.5 - https:\/\/yoast.com\/wordpress\/plugins\/seo\/ -->\r\n<title>Comienza la 3\u00aa Edici\u00f3n del Programa \u201cMAGNET J\u00f3venes Talentos&quot; - Escuela del agua<\/title>\r\n<meta name=\"robots\" content=\"index, follow, max-snippet:-1, max-image-preview:large, max-video-preview:-1\" \/>\r\n<link rel=\"canonical\" href=\"https:\/\/www.laescueladelagua.com\/ca\/comienza-la-3a-edicion-del-programa-magnet-jovenes-talentos\/\" \/>\r\n<meta property=\"og:locale\" content=\"ca_ES\" \/>\r\n<meta property=\"og:type\" content=\"article\" \/>\r\n<meta property=\"og:title\" content=\"Comienza la 3\u00aa Edici\u00f3n del Programa \u201cMAGNET J\u00f3venes Talentos&quot; - Escuela del agua\" \/>\r\n<meta property=\"og:description\" content=\"El 28 de junio se celebr\u00f3 la sesi\u00f3n de bienvenida de la tercera edici\u00f3n del programa MAGNET \u00abJ\u00f3venes Talentos\u00bb del Grupo Agbar. El prop\u00f3sito principal de este programa, con una duraci\u00f3n de 6 meses,\u00a0 es brindar a los participantes una comprensi\u00f3n integral de la empresa, su estrategia y objetivos, as\u00ed como conocimientos avanzados sobre la [&hellip;]\" \/>\r\n<meta property=\"og:url\" content=\"https:\/\/www.laescueladelagua.com\/ca\/comienza-la-3a-edicion-del-programa-magnet-jovenes-talentos\/\" \/>\r\n<meta property=\"og:site_name\" content=\"Escuela del agua\" \/>\r\n<meta property=\"article:published_time\" content=\"2024-07-01T10:17:15+00:00\" \/>\r\n<meta property=\"og:image\" content=\"https:\/\/www.laescueladelagua.com\/wp-content\/uploads\/2024\/07\/IMG-20181128-WA0020.jpg\" \/>\r\n\t<meta property=\"og:image:width\" content=\"1600\" \/>\r\n\t<meta property=\"og:image:height\" content=\"1200\" \/>\r\n\t<meta property=\"og:image:type\" content=\"image\/jpeg\" \/>\r\n<meta name=\"author\" content=\"david.oller\" \/>\r\n<meta name=\"twitter:card\" content=\"summary_large_image\" \/>\r\n<meta name=\"twitter:label1\" content=\"Escrit per\" \/>\n\t<meta name=\"twitter:data1\" content=\"david.oller\" \/>\n\t<meta name=\"twitter:label2\" content=\"Temps estimat de lectura\" \/>\n\t<meta name=\"twitter:data2\" content=\"1 minut\" \/>\r\n<script type=\"application\/ld+json\" class=\"yoast-schema-graph\">{\"@context\":\"https:\/\/schema.org\",\"@graph\":[{\"@type\":\"Article\",\"@id\":\"https:\/\/www.laescueladelagua.com\/ca\/comienza-la-3a-edicion-del-programa-magnet-jovenes-talentos\/#article\",\"isPartOf\":{\"@id\":\"https:\/\/www.laescueladelagua.com\/ca\/comienza-la-3a-edicion-del-programa-magnet-jovenes-talentos\/\"},\"author\":{\"name\":\"david.oller\",\"@id\":\"https:\/\/wapwebedapro01.azurewebsites.net\/#\/schema\/person\/f4da9bd303ae80086067146a6fe01282\"},\"headline\":\"Comienza la 3\u00aa Edici\u00f3n del Programa \u201cMAGNET J\u00f3venes Talentos\u00bb\",\"datePublished\":\"2024-07-01T10:17:15+00:00\",\"mainEntityOfPage\":{\"@id\":\"https:\/\/www.laescueladelagua.com\/ca\/comienza-la-3a-edicion-del-programa-magnet-jovenes-talentos\/\"},\"wordCount\":247,\"commentCount\":0,\"publisher\":{\"@id\":\"https:\/\/wapwebedapro01.azurewebsites.net\/#organization\"},\"image\":{\"@id\":\"https:\/\/www.laescueladelagua.com\/ca\/comienza-la-3a-edicion-del-programa-magnet-jovenes-talentos\/#primaryimage\"},\"thumbnailUrl\":\"\/wp-content\/uploads\/2024\/07\/IMG-20181128-WA0020.jpg\",\"keywords\":[\"#magnet #agbar #talento\"],\"articleSection\":[\"Actualidad\",\"Programas\"],\"inLanguage\":\"ca\",\"potentialAction\":[{\"@type\":\"CommentAction\",\"name\":\"Comment\",\"target\":[\"https:\/\/www.laescueladelagua.com\/ca\/comienza-la-3a-edicion-del-programa-magnet-jovenes-talentos\/#respond\"]}]},{\"@type\":\"WebPage\",\"@id\":\"https:\/\/www.laescueladelagua.com\/ca\/comienza-la-3a-edicion-del-programa-magnet-jovenes-talentos\/\",\"url\":\"https:\/\/www.laescueladelagua.com\/ca\/comienza-la-3a-edicion-del-programa-magnet-jovenes-talentos\/\",\"name\":\"Comienza la 3\u00aa Edici\u00f3n del Programa \u201cMAGNET J\u00f3venes Talentos\\\" - Escuela del agua\",\"isPartOf\":{\"@id\":\"https:\/\/wapwebedapro01.azurewebsites.net\/#website\"},\"primaryImageOfPage\":{\"@id\":\"https:\/\/www.laescueladelagua.com\/ca\/comienza-la-3a-edicion-del-programa-magnet-jovenes-talentos\/#primaryimage\"},\"image\":{\"@id\":\"https:\/\/www.laescueladelagua.com\/ca\/comienza-la-3a-edicion-del-programa-magnet-jovenes-talentos\/#primaryimage\"},\"thumbnailUrl\":\"\/wp-content\/uploads\/2024\/07\/IMG-20181128-WA0020.jpg\",\"datePublished\":\"2024-07-01T10:17:15+00:00\",\"breadcrumb\":{\"@id\":\"https:\/\/www.laescueladelagua.com\/ca\/comienza-la-3a-edicion-del-programa-magnet-jovenes-talentos\/#breadcrumb\"},\"inLanguage\":\"ca\",\"potentialAction\":[{\"@type\":\"ReadAction\",\"target\":[\"https:\/\/www.laescueladelagua.com\/ca\/comienza-la-3a-edicion-del-programa-magnet-jovenes-talentos\/\"]}]},{\"@type\":\"ImageObject\",\"inLanguage\":\"ca\",\"@id\":\"https:\/\/www.laescueladelagua.com\/ca\/comienza-la-3a-edicion-del-programa-magnet-jovenes-talentos\/#primaryimage\",\"url\":\"\/wp-content\/uploads\/2024\/07\/IMG-20181128-WA0020.jpg\",\"contentUrl\":\"\/wp-content\/uploads\/2024\/07\/IMG-20181128-WA0020.jpg\",\"width\":1600,\"height\":1200},{\"@type\":\"BreadcrumbList\",\"@id\":\"https:\/\/www.laescueladelagua.com\/ca\/comienza-la-3a-edicion-del-programa-magnet-jovenes-talentos\/#breadcrumb\",\"itemListElement\":[{\"@type\":\"ListItem\",\"position\":1,\"name\":\"Home\",\"item\":\"https:\/\/wapwebedapro01.azurewebsites.net\/\"},{\"@type\":\"ListItem\",\"position\":2,\"name\":\"Comienza la 3\u00aa Edici\u00f3n del Programa \u201cMAGNET J\u00f3venes Talentos\u00bb\"}]},{\"@type\":\"WebSite\",\"@id\":\"https:\/\/wapwebedapro01.azurewebsites.net\/#website\",\"url\":\"https:\/\/wapwebedapro01.azurewebsites.net\/\",\"name\":\"Escuela del agua\",\"description\":\"\",\"publisher\":{\"@id\":\"https:\/\/wapwebedapro01.azurewebsites.net\/#organization\"},\"potentialAction\":[{\"@type\":\"SearchAction\",\"target\":{\"@type\":\"EntryPoint\",\"urlTemplate\":\"https:\/\/wapwebedapro01.azurewebsites.net\/?s={search_term_string}\"},\"query-input\":{\"@type\":\"PropertyValueSpecification\",\"valueRequired\":true,\"valueName\":\"search_term_string\"}}],\"inLanguage\":\"ca\"},{\"@type\":\"Organization\",\"@id\":\"https:\/\/wapwebedapro01.azurewebsites.net\/#organization\",\"name\":\"Escuela del agua\",\"url\":\"https:\/\/wapwebedapro01.azurewebsites.net\/\",\"logo\":{\"@type\":\"ImageObject\",\"inLanguage\":\"ca\",\"@id\":\"https:\/\/wapwebedapro01.azurewebsites.net\/#\/schema\/logo\/image\/\",\"url\":\"\/wp-content\/uploads\/2023\/08\/logo_EscueladelAgua_mod.1.1_150px.png\",\"contentUrl\":\"\/wp-content\/uploads\/2023\/08\/logo_EscueladelAgua_mod.1.1_150px.png\",\"width\":150,\"height\":90,\"caption\":\"Escuela del agua\"},\"image\":{\"@id\":\"https:\/\/wapwebedapro01.azurewebsites.net\/#\/schema\/logo\/image\/\"}},{\"@type\":\"Person\",\"@id\":\"https:\/\/wapwebedapro01.azurewebsites.net\/#\/schema\/person\/f4da9bd303ae80086067146a6fe01282\",\"name\":\"david.oller\",\"image\":{\"@type\":\"ImageObject\",\"inLanguage\":\"ca\",\"@id\":\"https:\/\/wapwebedapro01.azurewebsites.net\/#\/schema\/person\/image\/\",\"url\":\"https:\/\/secure.gravatar.com\/avatar\/698f6c52e9efecbb9e5d6923485f2cf6?s=96&d=mm&r=g\",\"contentUrl\":\"https:\/\/secure.gravatar.com\/avatar\/698f6c52e9efecbb9e5d6923485f2cf6?s=96&d=mm&r=g\",\"caption\":\"david.oller\"},\"url\":\"https:\/\/www.laescueladelagua.com\/ca\/author\/david-oller\/\"}]}<\/script>\r\n<!-- \/ Yoast SEO plugin. -->","yoast_head_json":{"title":"Comienza la 3\u00aa Edici\u00f3n del Programa \u201cMAGNET J\u00f3venes Talentos\" - Escuela del agua","robots":{"index":"index","follow":"follow","max-snippet":"max-snippet:-1","max-image-preview":"max-image-preview:large","max-video-preview":"max-video-preview:-1"},"canonical":"https:\/\/www.laescueladelagua.com\/ca\/comienza-la-3a-edicion-del-programa-magnet-jovenes-talentos\/","og_locale":"ca_ES","og_type":"article","og_title":"Comienza la 3\u00aa Edici\u00f3n del Programa \u201cMAGNET J\u00f3venes Talentos\" - Escuela del agua","og_description":"El 28 de junio se celebr\u00f3 la sesi\u00f3n de bienvenida de la tercera edici\u00f3n del programa MAGNET \u00abJ\u00f3venes Talentos\u00bb del Grupo Agbar. El prop\u00f3sito principal de este programa, con una duraci\u00f3n de 6 meses,\u00a0 es brindar a los participantes una comprensi\u00f3n integral de la empresa, su estrategia y objetivos, as\u00ed como conocimientos avanzados sobre la [&hellip;]","og_url":"https:\/\/www.laescueladelagua.com\/ca\/comienza-la-3a-edicion-del-programa-magnet-jovenes-talentos\/","og_site_name":"Escuela del agua","article_published_time":"2024-07-01T10:17:15+00:00","og_image":[{"width":1600,"height":1200,"url":"https:\/\/www.laescueladelagua.com\/wp-content\/uploads\/2024\/07\/IMG-20181128-WA0020.jpg","type":"image\/jpeg"}],"author":"david.oller","twitter_card":"summary_large_image","twitter_misc":{"Escrit per":"david.oller","Temps estimat de lectura":"1 minut"},"schema":{"@context":"https:\/\/schema.org","@graph":[{"@type":"Article","@id":"https:\/\/www.laescueladelagua.com\/ca\/comienza-la-3a-edicion-del-programa-magnet-jovenes-talentos\/#article","isPartOf":{"@id":"https:\/\/www.laescueladelagua.com\/ca\/comienza-la-3a-edicion-del-programa-magnet-jovenes-talentos\/"},"author":{"name":"david.oller","@id":"https:\/\/wapwebedapro01.azurewebsites.net\/#\/schema\/person\/f4da9bd303ae80086067146a6fe01282"},"headline":"Comienza la 3\u00aa Edici\u00f3n del Programa \u201cMAGNET J\u00f3venes Talentos\u00bb","datePublished":"2024-07-01T10:17:15+00:00","mainEntityOfPage":{"@id":"https:\/\/www.laescueladelagua.com\/ca\/comienza-la-3a-edicion-del-programa-magnet-jovenes-talentos\/"},"wordCount":247,"commentCount":0,"publisher":{"@id":"https:\/\/wapwebedapro01.azurewebsites.net\/#organization"},"image":{"@id":"https:\/\/www.laescueladelagua.com\/ca\/comienza-la-3a-edicion-del-programa-magnet-jovenes-talentos\/#primaryimage"},"thumbnailUrl":"\/wp-content\/uploads\/2024\/07\/IMG-20181128-WA0020.jpg","keywords":["#magnet #agbar #talento"],"articleSection":["Actualidad","Programas"],"inLanguage":"ca","potentialAction":[{"@type":"CommentAction","name":"Comment","target":["https:\/\/www.laescueladelagua.com\/ca\/comienza-la-3a-edicion-del-programa-magnet-jovenes-talentos\/#respond"]}]},{"@type":"WebPage","@id":"https:\/\/www.laescueladelagua.com\/ca\/comienza-la-3a-edicion-del-programa-magnet-jovenes-talentos\/","url":"https:\/\/www.laescueladelagua.com\/ca\/comienza-la-3a-edicion-del-programa-magnet-jovenes-talentos\/","name":"Comienza la 3\u00aa Edici\u00f3n del Programa \u201cMAGNET J\u00f3venes Talentos\" - Escuela del agua","isPartOf":{"@id":"https:\/\/wapwebedapro01.azurewebsites.net\/#website"},"primaryImageOfPage":{"@id":"https:\/\/www.laescueladelagua.com\/ca\/comienza-la-3a-edicion-del-programa-magnet-jovenes-talentos\/#primaryimage"},"image":{"@id":"https:\/\/www.laescueladelagua.com\/ca\/comienza-la-3a-edicion-del-programa-magnet-jovenes-talentos\/#primaryimage"},"thumbnailUrl":"\/wp-content\/uploads\/2024\/07\/IMG-20181128-WA0020.jpg","datePublished":"2024-07-01T10:17:15+00:00","breadcrumb":{"@id":"https:\/\/www.laescueladelagua.com\/ca\/comienza-la-3a-edicion-del-programa-magnet-jovenes-talentos\/#breadcrumb"},"inLanguage":"ca","potentialAction":[{"@type":"ReadAction","target":["https:\/\/www.laescueladelagua.com\/ca\/comienza-la-3a-edicion-del-programa-magnet-jovenes-talentos\/"]}]},{"@type":"ImageObject","inLanguage":"ca","@id":"https:\/\/www.laescueladelagua.com\/ca\/comienza-la-3a-edicion-del-programa-magnet-jovenes-talentos\/#primaryimage","url":"\/wp-content\/uploads\/2024\/07\/IMG-20181128-WA0020.jpg","contentUrl":"\/wp-content\/uploads\/2024\/07\/IMG-20181128-WA0020.jpg","width":1600,"height":1200},{"@type":"BreadcrumbList","@id":"https:\/\/www.laescueladelagua.com\/ca\/comienza-la-3a-edicion-del-programa-magnet-jovenes-talentos\/#breadcrumb","itemListElement":[{"@type":"ListItem","position":1,"name":"Home","item":"https:\/\/wapwebedapro01.azurewebsites.net\/"},{"@type":"ListItem","position":2,"name":"Comienza la 3\u00aa Edici\u00f3n del Programa \u201cMAGNET J\u00f3venes Talentos\u00bb"}]},{"@type":"WebSite","@id":"https:\/\/wapwebedapro01.azurewebsites.net\/#website","url":"https:\/\/wapwebedapro01.azurewebsites.net\/","name":"Escuela del agua","description":"","publisher":{"@id":"https:\/\/wapwebedapro01.azurewebsites.net\/#organization"},"potentialAction":[{"@type":"SearchAction","target":{"@type":"EntryPoint","urlTemplate":"https:\/\/wapwebedapro01.azurewebsites.net\/?s={search_term_string}"},"query-input":{"@type":"PropertyValueSpecification","valueRequired":true,"valueName":"search_term_string"}}],"inLanguage":"ca"},{"@type":"Organization","@id":"https:\/\/wapwebedapro01.azurewebsites.net\/#organization","name":"Escuela del agua","url":"https:\/\/wapwebedapro01.azurewebsites.net\/","logo":{"@type":"ImageObject","inLanguage":"ca","@id":"https:\/\/wapwebedapro01.azurewebsites.net\/#\/schema\/logo\/image\/","url":"\/wp-content\/uploads\/2023\/08\/logo_EscueladelAgua_mod.1.1_150px.png","contentUrl":"\/wp-content\/uploads\/2023\/08\/logo_EscueladelAgua_mod.1.1_150px.png","width":150,"height":90,"caption":"Escuela del agua"},"image":{"@id":"https:\/\/wapwebedapro01.azurewebsites.net\/#\/schema\/logo\/image\/"}},{"@type":"Person","@id":"https:\/\/wapwebedapro01.azurewebsites.net\/#\/schema\/person\/f4da9bd303ae80086067146a6fe01282","name":"david.oller","image":{"@type":"ImageObject","inLanguage":"ca","@id":"https:\/\/wapwebedapro01.azurewebsites.net\/#\/schema\/person\/image\/","url":"https:\/\/secure.gravatar.com\/avatar\/698f6c52e9efecbb9e5d6923485f2cf6?s=96&d=mm&r=g","contentUrl":"https:\/\/secure.gravatar.com\/avatar\/698f6c52e9efecbb9e5d6923485f2cf6?s=96&d=mm&r=g","caption":"david.oller"},"url":"https:\/\/www.laescueladelagua.com\/ca\/author\/david-oller\/"}]}},"meta_box":[],"_links":{"self":[{"href":"https:\/\/www.laescueladelagua.com\/ca\/wp-json\/wp\/v2\/posts\/3365","targetHints":{"allow":["GET"]}}],"collection":[{"href":"https:\/\/www.laescueladelagua.com\/ca\/wp-json\/wp\/v2\/posts"}],"about":[{"href":"https:\/\/www.laescueladelagua.com\/ca\/wp-json\/wp\/v2\/types\/post"}],"author":[{"embeddable":true,"href":"https:\/\/www.laescueladelagua.com\/ca\/wp-json\/wp\/v2\/users\/7"}],"replies":[{"embeddable":true,"href":"https:\/\/www.laescueladelagua.com\/ca\/wp-json\/wp\/v2\/comments?post=3365"}],"version-history":[{"count":1,"href":"https:\/\/www.laescueladelagua.com\/ca\/wp-json\/wp\/v2\/posts\/3365\/revisions"}],"predecessor-version":[{"id":3367,"href":"https:\/\/www.laescueladelagua.com\/ca\/wp-json\/wp\/v2\/posts\/3365\/revisions\/3367"}],"wp:featuredmedia":[{"embeddable":true,"href":"https:\/\/www.laescueladelagua.com\/ca\/wp-json\/wp\/v2\/media\/3366"}],"wp:attachment":[{"href":"https:\/\/www.laescueladelagua.com\/ca\/wp-json\/wp\/v2\/media?parent=3365"}],"wp:term":[{"taxonomy":"category","embeddable":true,"href":"https:\/\/www.laescueladelagua.com\/ca\/wp-json\/wp\/v2\/categories?post=3365"},{"taxonomy":"post_tag","embeddable":true,"href":"https:\/\/www.laescueladelagua.com\/ca\/wp-json\/wp\/v2\/tags?post=3365"}],"curies":[{"name":"wp","href":"https:\/\/api.w.org\/{rel}","templated":true}]}}