{"id":3394,"date":"2024-07-05T12:39:35","date_gmt":"2024-07-05T12:39:35","guid":{"rendered":"https:\/\/www.laescueladelagua.com\/?p=3394"},"modified":"2024-07-18T09:31:04","modified_gmt":"2024-07-18T09:31:04","slug":"nuevo-punto-de-informacion-oficial-para-acreditaciones-profesionales","status":"publish","type":"post","link":"https:\/\/www.laescueladelagua.com\/ca\/nuevo-punto-de-informacion-oficial-para-acreditaciones-profesionales\/","title":{"rendered":"Nou Punt d&#039;Informaci\u00f3 Oficial per a Acreditacions Professionals"},"content":{"rendered":"<p><span style=\"font-weight: 400;\">Si sou un professional del sector de l&#039;aigua i heu adquirit compet\u00e8ncies professionals a trav\u00e9s de l&#039;experi\u00e8ncia laboral o l&#039;aprenentatge no formal, us podeu acreditar. T&#039;expliquem el procediment i com la pots obtenir a la web de l&#039;Escola de l&#039;Aigua.<\/span><\/p>\n<p><span style=\"font-weight: 400;\">L&#039;Escola de l&#039;Aigua ha fet un pas significatiu en la traject\u00f2ria en obtenir l&#039;homologaci\u00f3 per actuar com a punt d&#039;informaci\u00f3 en el proc\u00e9s d&#039;acreditacions professionals per a Catalunya. Aquest reconeixement, atorgat per l&#039;Ag\u00e8ncia FPCAT, ressalta la dedicaci\u00f3 i el comprom\u00eds de la instituci\u00f3 en la formaci\u00f3 i el desenvolupament professional del sector de l&#039;aigua.<\/span><\/p>\n<p><span style=\"font-weight: 400;\">Per a aquelles persones que vulguin con\u00e8ixer m\u00e9s sobre els programes i els serveis oferts, L&#039;Escola de l&#039;Aigua d&#039;Agbar ha habilitat una secci\u00f3 espec\u00edfica a la seva p\u00e0gina web. A la secci\u00f3 \u00abProgrames\u00bb, podr\u00e0s trobar informaci\u00f3 essencial sobre les<\/span><a href=\"https:\/\/www.laescueladelagua.com\/ca\/formacion-para-la-cualificacion-profesional\/acreditacion-de-competencias\/\"><span style=\"font-weight: 400;\"> acreditacions professionals al sector de l&#039;Aigua<\/span><\/a><span style=\"font-weight: 400;\">, les administracions competents a diferents comunitats aut\u00f2nomes, aix\u00ed com els cursos i tallers disponibles per millorar les teves habilitats i coneixements al sector de l&#039;aigua.<\/span><\/p>","protected":false},"excerpt":{"rendered":"<p>Si sou un professional del sector de l&#039;aigua i heu adquirit compet\u00e8ncies professionals a trav\u00e9s de l&#039;experi\u00e8ncia laboral o l&#039;aprenentatge no formal, us podeu acreditar. T&#039;expliquem el procediment i com la pots obtenir a la web de l&#039;Escola de l&#039;Aigua. L&#039;Escola de l&#039;Aigua ha fet un pas significatiu en la seva traject\u00f2ria [...]<\/p>","protected":false},"author":7,"featured_media":3403,"comment_status":"open","ping_status":"open","sticky":false,"template":"","format":"standard","meta":{"footnotes":""},"categories":[111,83],"tags":[117],"class_list":["post-3394","post","type-post","status-publish","format-standard","has-post-thumbnail","hentry","category-acreditacion-profesional","category-cualificacion-profesional","tag-acreditacionprofesional-acreditacionesprofesionales"],"yoast_head":"<!-- This site is optimized with the Yoast SEO plugin v24.5 - https:\/\/yoast.com\/wordpress\/plugins\/seo\/ -->\r\n<title>Nuevo Punto de Informaci\u00f3n Oficial para Acreditaciones Profesionales - Escuela del agua<\/title>\r\n<meta name=\"robots\" content=\"index, follow, max-snippet:-1, max-image-preview:large, max-video-preview:-1\" \/>\r\n<link rel=\"canonical\" href=\"https:\/\/www.laescueladelagua.com\/ca\/nuevo-punto-de-informacion-oficial-para-acreditaciones-profesionales\/\" \/>\r\n<meta property=\"og:locale\" content=\"ca_ES\" \/>\r\n<meta property=\"og:type\" content=\"article\" \/>\r\n<meta property=\"og:title\" content=\"Nuevo Punto de Informaci\u00f3n Oficial para Acreditaciones Profesionales - Escuela del agua\" \/>\r\n<meta property=\"og:description\" content=\"Si eres un profesional del sector del agua y has adquirido competencias profesionales a trav\u00e9s de la experiencia laboral o el aprendizaje no formal, puedes acreditarte. Te explicamos el procedimiento y c\u00f3mo puedes obtenerla en la web de la Escuela del Agua. La Escuela del Agua ha dado un paso significativo en su trayectoria al [&hellip;]\" \/>\r\n<meta property=\"og:url\" content=\"https:\/\/www.laescueladelagua.com\/ca\/nuevo-punto-de-informacion-oficial-para-acreditaciones-profesionales\/\" \/>\r\n<meta property=\"og:site_name\" content=\"Escuela del agua\" \/>\r\n<meta property=\"article:published_time\" content=\"2024-07-05T12:39:35+00:00\" \/>\r\n<meta property=\"article:modified_time\" content=\"2024-07-18T09:31:04+00:00\" \/>\r\n<meta property=\"og:image\" content=\"https:\/\/www.laescueladelagua.com\/wp-content\/uploads\/2024\/07\/noticia-acreditacions-.jpg\" \/>\r\n\t<meta property=\"og:image:width\" content=\"255\" \/>\r\n\t<meta property=\"og:image:height\" content=\"215\" \/>\r\n\t<meta property=\"og:image:type\" content=\"image\/jpeg\" \/>\r\n<meta name=\"author\" content=\"david.oller\" \/>\r\n<meta name=\"twitter:card\" content=\"summary_large_image\" \/>\r\n<meta name=\"twitter:label1\" content=\"Escrit per\" \/>\n\t<meta name=\"twitter:data1\" content=\"david.oller\" \/>\n\t<meta name=\"twitter:label2\" content=\"Temps estimat de lectura\" \/>\n\t<meta name=\"twitter:data2\" content=\"1 minut\" \/>\r\n<script type=\"application\/ld+json\" class=\"yoast-schema-graph\">{\"@context\":\"https:\/\/schema.org\",\"@graph\":[{\"@type\":\"Article\",\"@id\":\"https:\/\/www.laescueladelagua.com\/ca\/nuevo-punto-de-informacion-oficial-para-acreditaciones-profesionales\/#article\",\"isPartOf\":{\"@id\":\"https:\/\/www.laescueladelagua.com\/ca\/nuevo-punto-de-informacion-oficial-para-acreditaciones-profesionales\/\"},\"author\":{\"name\":\"david.oller\",\"@id\":\"https:\/\/wapwebedapro01.azurewebsites.net\/#\/schema\/person\/f4da9bd303ae80086067146a6fe01282\"},\"headline\":\"Nuevo Punto de Informaci\u00f3n Oficial para Acreditaciones Profesionales\",\"datePublished\":\"2024-07-05T12:39:35+00:00\",\"dateModified\":\"2024-07-18T09:31:04+00:00\",\"mainEntityOfPage\":{\"@id\":\"https:\/\/www.laescueladelagua.com\/ca\/nuevo-punto-de-informacion-oficial-para-acreditaciones-profesionales\/\"},\"wordCount\":194,\"commentCount\":0,\"publisher\":{\"@id\":\"https:\/\/wapwebedapro01.azurewebsites.net\/#organization\"},\"image\":{\"@id\":\"https:\/\/www.laescueladelagua.com\/ca\/nuevo-punto-de-informacion-oficial-para-acreditaciones-profesionales\/#primaryimage\"},\"thumbnailUrl\":\"\/wp-content\/uploads\/2024\/07\/noticia-acreditacions-.jpg\",\"keywords\":[\"#acreditacionprofesional #acreditacionesprofesionales\"],\"articleSection\":[\"Acreditaci\u00f3n Profesional\",\"Cualificaci\u00f3n Profesional\"],\"inLanguage\":\"ca\",\"potentialAction\":[{\"@type\":\"CommentAction\",\"name\":\"Comment\",\"target\":[\"https:\/\/www.laescueladelagua.com\/ca\/nuevo-punto-de-informacion-oficial-para-acreditaciones-profesionales\/#respond\"]}]},{\"@type\":\"WebPage\",\"@id\":\"https:\/\/www.laescueladelagua.com\/ca\/nuevo-punto-de-informacion-oficial-para-acreditaciones-profesionales\/\",\"url\":\"https:\/\/www.laescueladelagua.com\/ca\/nuevo-punto-de-informacion-oficial-para-acreditaciones-profesionales\/\",\"name\":\"Nuevo Punto de Informaci\u00f3n Oficial para Acreditaciones Profesionales - Escuela del agua\",\"isPartOf\":{\"@id\":\"https:\/\/wapwebedapro01.azurewebsites.net\/#website\"},\"primaryImageOfPage\":{\"@id\":\"https:\/\/www.laescueladelagua.com\/ca\/nuevo-punto-de-informacion-oficial-para-acreditaciones-profesionales\/#primaryimage\"},\"image\":{\"@id\":\"https:\/\/www.laescueladelagua.com\/ca\/nuevo-punto-de-informacion-oficial-para-acreditaciones-profesionales\/#primaryimage\"},\"thumbnailUrl\":\"\/wp-content\/uploads\/2024\/07\/noticia-acreditacions-.jpg\",\"datePublished\":\"2024-07-05T12:39:35+00:00\",\"dateModified\":\"2024-07-18T09:31:04+00:00\",\"breadcrumb\":{\"@id\":\"https:\/\/www.laescueladelagua.com\/ca\/nuevo-punto-de-informacion-oficial-para-acreditaciones-profesionales\/#breadcrumb\"},\"inLanguage\":\"ca\",\"potentialAction\":[{\"@type\":\"ReadAction\",\"target\":[\"https:\/\/www.laescueladelagua.com\/ca\/nuevo-punto-de-informacion-oficial-para-acreditaciones-profesionales\/\"]}]},{\"@type\":\"ImageObject\",\"inLanguage\":\"ca\",\"@id\":\"https:\/\/www.laescueladelagua.com\/ca\/nuevo-punto-de-informacion-oficial-para-acreditaciones-profesionales\/#primaryimage\",\"url\":\"\/wp-content\/uploads\/2024\/07\/noticia-acreditacions-.jpg\",\"contentUrl\":\"\/wp-content\/uploads\/2024\/07\/noticia-acreditacions-.jpg\",\"width\":255,\"height\":215},{\"@type\":\"BreadcrumbList\",\"@id\":\"https:\/\/www.laescueladelagua.com\/ca\/nuevo-punto-de-informacion-oficial-para-acreditaciones-profesionales\/#breadcrumb\",\"itemListElement\":[{\"@type\":\"ListItem\",\"position\":1,\"name\":\"Home\",\"item\":\"https:\/\/wapwebedapro01.azurewebsites.net\/\"},{\"@type\":\"ListItem\",\"position\":2,\"name\":\"Nuevo Punto de Informaci\u00f3n Oficial para Acreditaciones Profesionales\"}]},{\"@type\":\"WebSite\",\"@id\":\"https:\/\/wapwebedapro01.azurewebsites.net\/#website\",\"url\":\"https:\/\/wapwebedapro01.azurewebsites.net\/\",\"name\":\"Escuela del agua\",\"description\":\"\",\"publisher\":{\"@id\":\"https:\/\/wapwebedapro01.azurewebsites.net\/#organization\"},\"potentialAction\":[{\"@type\":\"SearchAction\",\"target\":{\"@type\":\"EntryPoint\",\"urlTemplate\":\"https:\/\/wapwebedapro01.azurewebsites.net\/?s={search_term_string}\"},\"query-input\":{\"@type\":\"PropertyValueSpecification\",\"valueRequired\":true,\"valueName\":\"search_term_string\"}}],\"inLanguage\":\"ca\"},{\"@type\":\"Organization\",\"@id\":\"https:\/\/wapwebedapro01.azurewebsites.net\/#organization\",\"name\":\"Escuela del agua\",\"url\":\"https:\/\/wapwebedapro01.azurewebsites.net\/\",\"logo\":{\"@type\":\"ImageObject\",\"inLanguage\":\"ca\",\"@id\":\"https:\/\/wapwebedapro01.azurewebsites.net\/#\/schema\/logo\/image\/\",\"url\":\"\/wp-content\/uploads\/2023\/08\/logo_EscueladelAgua_mod.1.1_150px.png\",\"contentUrl\":\"\/wp-content\/uploads\/2023\/08\/logo_EscueladelAgua_mod.1.1_150px.png\",\"width\":150,\"height\":90,\"caption\":\"Escuela del agua\"},\"image\":{\"@id\":\"https:\/\/wapwebedapro01.azurewebsites.net\/#\/schema\/logo\/image\/\"}},{\"@type\":\"Person\",\"@id\":\"https:\/\/wapwebedapro01.azurewebsites.net\/#\/schema\/person\/f4da9bd303ae80086067146a6fe01282\",\"name\":\"david.oller\",\"image\":{\"@type\":\"ImageObject\",\"inLanguage\":\"ca\",\"@id\":\"https:\/\/wapwebedapro01.azurewebsites.net\/#\/schema\/person\/image\/\",\"url\":\"https:\/\/secure.gravatar.com\/avatar\/698f6c52e9efecbb9e5d6923485f2cf6?s=96&d=mm&r=g\",\"contentUrl\":\"https:\/\/secure.gravatar.com\/avatar\/698f6c52e9efecbb9e5d6923485f2cf6?s=96&d=mm&r=g\",\"caption\":\"david.oller\"},\"url\":\"https:\/\/www.laescueladelagua.com\/ca\/author\/david-oller\/\"}]}<\/script>\r\n<!-- \/ Yoast SEO plugin. -->","yoast_head_json":{"title":"Nuevo Punto de Informaci\u00f3n Oficial para Acreditaciones Profesionales - Escuela del agua","robots":{"index":"index","follow":"follow","max-snippet":"max-snippet:-1","max-image-preview":"max-image-preview:large","max-video-preview":"max-video-preview:-1"},"canonical":"https:\/\/www.laescueladelagua.com\/ca\/nuevo-punto-de-informacion-oficial-para-acreditaciones-profesionales\/","og_locale":"ca_ES","og_type":"article","og_title":"Nuevo Punto de Informaci\u00f3n Oficial para Acreditaciones Profesionales - Escuela del agua","og_description":"Si eres un profesional del sector del agua y has adquirido competencias profesionales a trav\u00e9s de la experiencia laboral o el aprendizaje no formal, puedes acreditarte. Te explicamos el procedimiento y c\u00f3mo puedes obtenerla en la web de la Escuela del Agua. La Escuela del Agua ha dado un paso significativo en su trayectoria al [&hellip;]","og_url":"https:\/\/www.laescueladelagua.com\/ca\/nuevo-punto-de-informacion-oficial-para-acreditaciones-profesionales\/","og_site_name":"Escuela del agua","article_published_time":"2024-07-05T12:39:35+00:00","article_modified_time":"2024-07-18T09:31:04+00:00","og_image":[{"width":255,"height":215,"url":"https:\/\/www.laescueladelagua.com\/wp-content\/uploads\/2024\/07\/noticia-acreditacions-.jpg","type":"image\/jpeg"}],"author":"david.oller","twitter_card":"summary_large_image","twitter_misc":{"Escrit per":"david.oller","Temps estimat de lectura":"1 minut"},"schema":{"@context":"https:\/\/schema.org","@graph":[{"@type":"Article","@id":"https:\/\/www.laescueladelagua.com\/ca\/nuevo-punto-de-informacion-oficial-para-acreditaciones-profesionales\/#article","isPartOf":{"@id":"https:\/\/www.laescueladelagua.com\/ca\/nuevo-punto-de-informacion-oficial-para-acreditaciones-profesionales\/"},"author":{"name":"david.oller","@id":"https:\/\/wapwebedapro01.azurewebsites.net\/#\/schema\/person\/f4da9bd303ae80086067146a6fe01282"},"headline":"Nuevo Punto de Informaci\u00f3n Oficial para Acreditaciones Profesionales","datePublished":"2024-07-05T12:39:35+00:00","dateModified":"2024-07-18T09:31:04+00:00","mainEntityOfPage":{"@id":"https:\/\/www.laescueladelagua.com\/ca\/nuevo-punto-de-informacion-oficial-para-acreditaciones-profesionales\/"},"wordCount":194,"commentCount":0,"publisher":{"@id":"https:\/\/wapwebedapro01.azurewebsites.net\/#organization"},"image":{"@id":"https:\/\/www.laescueladelagua.com\/ca\/nuevo-punto-de-informacion-oficial-para-acreditaciones-profesionales\/#primaryimage"},"thumbnailUrl":"\/wp-content\/uploads\/2024\/07\/noticia-acreditacions-.jpg","keywords":["#acreditacionprofesional #acreditacionesprofesionales"],"articleSection":["Acreditaci\u00f3n Profesional","Cualificaci\u00f3n Profesional"],"inLanguage":"ca","potentialAction":[{"@type":"CommentAction","name":"Comment","target":["https:\/\/www.laescueladelagua.com\/ca\/nuevo-punto-de-informacion-oficial-para-acreditaciones-profesionales\/#respond"]}]},{"@type":"WebPage","@id":"https:\/\/www.laescueladelagua.com\/ca\/nuevo-punto-de-informacion-oficial-para-acreditaciones-profesionales\/","url":"https:\/\/www.laescueladelagua.com\/ca\/nuevo-punto-de-informacion-oficial-para-acreditaciones-profesionales\/","name":"Nuevo Punto de Informaci\u00f3n Oficial para Acreditaciones Profesionales - Escuela del agua","isPartOf":{"@id":"https:\/\/wapwebedapro01.azurewebsites.net\/#website"},"primaryImageOfPage":{"@id":"https:\/\/www.laescueladelagua.com\/ca\/nuevo-punto-de-informacion-oficial-para-acreditaciones-profesionales\/#primaryimage"},"image":{"@id":"https:\/\/www.laescueladelagua.com\/ca\/nuevo-punto-de-informacion-oficial-para-acreditaciones-profesionales\/#primaryimage"},"thumbnailUrl":"\/wp-content\/uploads\/2024\/07\/noticia-acreditacions-.jpg","datePublished":"2024-07-05T12:39:35+00:00","dateModified":"2024-07-18T09:31:04+00:00","breadcrumb":{"@id":"https:\/\/www.laescueladelagua.com\/ca\/nuevo-punto-de-informacion-oficial-para-acreditaciones-profesionales\/#breadcrumb"},"inLanguage":"ca","potentialAction":[{"@type":"ReadAction","target":["https:\/\/www.laescueladelagua.com\/ca\/nuevo-punto-de-informacion-oficial-para-acreditaciones-profesionales\/"]}]},{"@type":"ImageObject","inLanguage":"ca","@id":"https:\/\/www.laescueladelagua.com\/ca\/nuevo-punto-de-informacion-oficial-para-acreditaciones-profesionales\/#primaryimage","url":"\/wp-content\/uploads\/2024\/07\/noticia-acreditacions-.jpg","contentUrl":"\/wp-content\/uploads\/2024\/07\/noticia-acreditacions-.jpg","width":255,"height":215},{"@type":"BreadcrumbList","@id":"https:\/\/www.laescueladelagua.com\/ca\/nuevo-punto-de-informacion-oficial-para-acreditaciones-profesionales\/#breadcrumb","itemListElement":[{"@type":"ListItem","position":1,"name":"Home","item":"https:\/\/wapwebedapro01.azurewebsites.net\/"},{"@type":"ListItem","position":2,"name":"Nuevo Punto de Informaci\u00f3n Oficial para Acreditaciones Profesionales"}]},{"@type":"WebSite","@id":"https:\/\/wapwebedapro01.azurewebsites.net\/#website","url":"https:\/\/wapwebedapro01.azurewebsites.net\/","name":"Escuela del agua","description":"","publisher":{"@id":"https:\/\/wapwebedapro01.azurewebsites.net\/#organization"},"potentialAction":[{"@type":"SearchAction","target":{"@type":"EntryPoint","urlTemplate":"https:\/\/wapwebedapro01.azurewebsites.net\/?s={search_term_string}"},"query-input":{"@type":"PropertyValueSpecification","valueRequired":true,"valueName":"search_term_string"}}],"inLanguage":"ca"},{"@type":"Organization","@id":"https:\/\/wapwebedapro01.azurewebsites.net\/#organization","name":"Escuela del agua","url":"https:\/\/wapwebedapro01.azurewebsites.net\/","logo":{"@type":"ImageObject","inLanguage":"ca","@id":"https:\/\/wapwebedapro01.azurewebsites.net\/#\/schema\/logo\/image\/","url":"\/wp-content\/uploads\/2023\/08\/logo_EscueladelAgua_mod.1.1_150px.png","contentUrl":"\/wp-content\/uploads\/2023\/08\/logo_EscueladelAgua_mod.1.1_150px.png","width":150,"height":90,"caption":"Escuela del agua"},"image":{"@id":"https:\/\/wapwebedapro01.azurewebsites.net\/#\/schema\/logo\/image\/"}},{"@type":"Person","@id":"https:\/\/wapwebedapro01.azurewebsites.net\/#\/schema\/person\/f4da9bd303ae80086067146a6fe01282","name":"david.oller","image":{"@type":"ImageObject","inLanguage":"ca","@id":"https:\/\/wapwebedapro01.azurewebsites.net\/#\/schema\/person\/image\/","url":"https:\/\/secure.gravatar.com\/avatar\/698f6c52e9efecbb9e5d6923485f2cf6?s=96&d=mm&r=g","contentUrl":"https:\/\/secure.gravatar.com\/avatar\/698f6c52e9efecbb9e5d6923485f2cf6?s=96&d=mm&r=g","caption":"david.oller"},"url":"https:\/\/www.laescueladelagua.com\/ca\/author\/david-oller\/"}]}},"meta_box":[],"_links":{"self":[{"href":"https:\/\/www.laescueladelagua.com\/ca\/wp-json\/wp\/v2\/posts\/3394","targetHints":{"allow":["GET"]}}],"collection":[{"href":"https:\/\/www.laescueladelagua.com\/ca\/wp-json\/wp\/v2\/posts"}],"about":[{"href":"https:\/\/www.laescueladelagua.com\/ca\/wp-json\/wp\/v2\/types\/post"}],"author":[{"embeddable":true,"href":"https:\/\/www.laescueladelagua.com\/ca\/wp-json\/wp\/v2\/users\/7"}],"replies":[{"embeddable":true,"href":"https:\/\/www.laescueladelagua.com\/ca\/wp-json\/wp\/v2\/comments?post=3394"}],"version-history":[{"count":1,"href":"https:\/\/www.laescueladelagua.com\/ca\/wp-json\/wp\/v2\/posts\/3394\/revisions"}],"predecessor-version":[{"id":3404,"href":"https:\/\/www.laescueladelagua.com\/ca\/wp-json\/wp\/v2\/posts\/3394\/revisions\/3404"}],"wp:featuredmedia":[{"embeddable":true,"href":"https:\/\/www.laescueladelagua.com\/ca\/wp-json\/wp\/v2\/media\/3403"}],"wp:attachment":[{"href":"https:\/\/www.laescueladelagua.com\/ca\/wp-json\/wp\/v2\/media?parent=3394"}],"wp:term":[{"taxonomy":"category","embeddable":true,"href":"https:\/\/www.laescueladelagua.com\/ca\/wp-json\/wp\/v2\/categories?post=3394"},{"taxonomy":"post_tag","embeddable":true,"href":"https:\/\/www.laescueladelagua.com\/ca\/wp-json\/wp\/v2\/tags?post=3394"}],"curies":[{"name":"wp","href":"https:\/\/api.w.org\/{rel}","templated":true}]}}