{"id":3413,"date":"2024-07-12T08:30:49","date_gmt":"2024-07-12T08:30:49","guid":{"rendered":"https:\/\/www.laescueladelagua.com\/?p=3413"},"modified":"2024-07-18T08:11:38","modified_gmt":"2024-07-18T08:11:38","slug":"la-escuela-del-agua-impulsa-la-formacion-en-economia-verde","status":"publish","type":"post","link":"https:\/\/www.laescueladelagua.com\/ca\/la-escuela-del-agua-impulsa-la-formacion-en-economia-verde\/","title":{"rendered":"L&#039;Escola de l&#039;Aigua Impulsa la Formaci\u00f3 en Economia Verda"},"content":{"rendered":"<p><span style=\"font-weight: 400;\">En els darrers mesos, l&#039;Escola de l&#039;Aigua ha dut a terme una s\u00e8rie de cursos sota el marc del projecte 3 LOE, enfocat a la provisi\u00f3 integral de compet\u00e8ncies verdes. Aquest projecte t\u00e9 com a objectiu principal millorar de manera sostenible les habilitats dels joves professionals, gestors i emprenedors i enfortir la competitivitat de les PIMES a l&#039;economia verda.<\/span><\/p>\n<p><span style=\"font-weight: 400;\">Durant aquest per\u00edode, es van realitzar un total de set cursos, dels quals tres van ser h\u00edbrids i quatre en l\u00ednia. Els cursos h\u00edbrids van incloure una sessi\u00f3 presencial amb experts, permetent als participants aprofundir en temes rellevants.\u00a0<\/span><\/p>\n<p><b>Cursos H\u00edbrids:<\/b><\/p>\n<ol>\n<li style=\"font-weight: 400;\" aria-level=\"1\"><span style=\"font-weight: 400;\">Gesti\u00f3 de recursos h\u00eddrics en \u00e8poques de sequera<\/span><\/li>\n<li style=\"font-weight: 400;\" aria-level=\"1\"><span style=\"font-weight: 400;\">Estrat\u00e8gies resilients per a la gesti\u00f3 de l&#039;aigua davant del canvi clim\u00e0tic<\/span><\/li>\n<li style=\"font-weight: 400;\" aria-level=\"1\"><span style=\"font-weight: 400;\">Generaci\u00f3 d&#039;energia a partir de residus i aig\u00fces residuals<\/span><\/li>\n<\/ol>\n<p><b>Cursos Online:<\/b><\/p>\n<ol>\n<li style=\"font-weight: 400;\" aria-level=\"1\"><span style=\"font-weight: 400;\">Operaci\u00f3 i Manteniment de Plantes de Tractament d&#039;Aig\u00fces Residuals (EDAR) i Plantes de Tractament d&#039;Aig\u00fces Residuals Industrials (EDARi)<\/span><\/li>\n<li style=\"font-weight: 400;\" aria-level=\"1\"><span style=\"font-weight: 400;\">Efici\u00e8ncia en l&#039;Operaci\u00f3 de Plantes de Dessalaci\u00f3 per \u00d2smosi Inversa: Pr\u00e0ctiques Avan\u00e7ades i Solucions Innovadores<\/span><\/li>\n<li style=\"font-weight: 400;\" aria-level=\"1\"><span style=\"font-weight: 400;\">Gesti\u00f3 Sostenible d&#039;Aig\u00fces Residuals a l&#039;Economia Circular: Enfocaments i Solucions<\/span><\/li>\n<li style=\"font-weight: 400;\" aria-level=\"1\"><span style=\"font-weight: 400;\">Abordant l&#039;Emerg\u00e8ncia Clim\u00e0tica i el seu Impacte al Cicle de l&#039;Aigua: Enfocaments Pr\u00e0ctics i Solucions Innovadores<\/span><\/li>\n<\/ol>\n<p><span style=\"font-weight: 400;\">Els cursos abasten \u00e0rees clau com la <\/span><b>sostenibilitat<\/b><span style=\"font-weight: 400;\">, la <\/span><b>economia circular<\/b><span style=\"font-weight: 400;\">, la <\/span><b>gesti\u00f3 de residus<\/b><span style=\"font-weight: 400;\">, <\/span><b>operaci\u00f3 d&#039;instal\u00b7lacions<\/b><span style=\"font-weight: 400;\">\u00a0 i la <\/span><b>producci\u00f3 d&#039;energia<\/b><span style=\"font-weight: 400;\"> al cicle integral de l&#039;aigua. Cada curs va tenir una durada entre 80 i 100 hores.<\/span><\/p>\n<p><span style=\"font-weight: 400;\">Amb una participaci\u00f3 total de <\/span><b>250 persones<\/b><span style=\"font-weight: 400;\">, els participants, experts en el sector de l&#039;aigua i amb habilitats en l&#039;operaci\u00f3 d&#039;instal\u00b7lacions de producci\u00f3 d&#039;aigua i de sanejament, van buscar ampliar els seus coneixements en altres \u00e0rees. La valoraci\u00f3 general dels cursos va ser molt positiva, amb qualificacions entre 4 i 5 sobre un total de 5. Els participants van destacar la qualitat dels ponents i la possibilitat de fer networking a les sessions presencials.<\/span><\/p>\n<p><span style=\"font-weight: 400;\">Un dels aspectes m\u00e9s destacats va ser la realitzaci\u00f3 d&#039;un curs a les nostres oficines de Madrid, en col\u00b7laboraci\u00f3 amb les \u00e0rees de <\/span><b>residus <\/b><span style=\"font-weight: 400;\">i <\/span><b>energia <\/b><span style=\"font-weight: 400;\">de <\/span><b>Veolia<\/b><span style=\"font-weight: 400;\">, el que va permetre un enriquiment mutu i un intercanvi de coneixements valu\u00f3s.<\/span><\/p>\n<p><span style=\"font-weight: 400;\">El projecte 3 LOE continua la seva missi\u00f3 de formar professionals altament capacitats a la <\/span><i><span style=\"font-weight: 400;\">green economy<\/span><\/i><span style=\"font-weight: 400;\">, preparant-se per enfrontar els desafiaments de lenergia, el clima i la protecci\u00f3 ambiental.<\/span><\/p>\n<p>&nbsp;<\/p>\n<p><span style=\"font-weight: 400;\">#Projecte3LOE #Sostenibilitat #EconomiaCircular #Formaci\u00f3 #Escol\u00b7lade l&#039;Aigua<\/span><\/p>","protected":false},"excerpt":{"rendered":"<p>En els darrers mesos, l&#039;Escola de l&#039;Aigua ha dut a terme una s\u00e8rie de cursos sota el marc del projecte 3 LOE, enfocat a la provisi\u00f3 integral de compet\u00e8ncies verdes. Aquest projecte t\u00e9 com a objectiu principal millorar de manera sostenible les habilitats dels joves professionals, gestors i emprenedors, i enfortir la competitivitat de [\u2026]<\/p>","protected":false},"author":7,"featured_media":3416,"comment_status":"open","ping_status":"open","sticky":false,"template":"","format":"standard","meta":{"footnotes":""},"categories":[60],"tags":[112,113,76],"class_list":["post-3413","post","type-post","status-publish","format-standard","has-post-thumbnail","hentry","category-proyectos-europeos","tag-competenciasverdes","tag-economiaverde","tag-3loe"],"yoast_head":"<!-- This site is optimized with the Yoast SEO plugin v24.5 - https:\/\/yoast.com\/wordpress\/plugins\/seo\/ -->\r\n<title>La Escuela del Agua Impulsa la Formaci\u00f3n en Econom\u00eda Verde - Escuela del agua<\/title>\r\n<meta name=\"robots\" content=\"index, follow, max-snippet:-1, max-image-preview:large, max-video-preview:-1\" \/>\r\n<link rel=\"canonical\" href=\"https:\/\/www.laescueladelagua.com\/ca\/la-escuela-del-agua-impulsa-la-formacion-en-economia-verde\/\" \/>\r\n<meta property=\"og:locale\" content=\"ca_ES\" \/>\r\n<meta property=\"og:type\" content=\"article\" \/>\r\n<meta property=\"og:title\" content=\"La Escuela del Agua Impulsa la Formaci\u00f3n en Econom\u00eda Verde - Escuela del agua\" \/>\r\n<meta property=\"og:description\" content=\"En los \u00faltimos meses, la Escuela del Agua ha llevado a cabo una serie de cursos bajo el marco del proyecto 3 LOE, enfocado en la provisi\u00f3n integral de competencias verdes. Este proyecto tiene como objetivo principal mejorar de manera sostenible las habilidades de los j\u00f3venes profesionales, gestores y emprendedores, y fortalecer la competitividad de [&hellip;]\" \/>\r\n<meta property=\"og:url\" content=\"https:\/\/www.laescueladelagua.com\/ca\/la-escuela-del-agua-impulsa-la-formacion-en-economia-verde\/\" \/>\r\n<meta property=\"og:site_name\" content=\"Escuela del agua\" \/>\r\n<meta property=\"article:published_time\" content=\"2024-07-12T08:30:49+00:00\" \/>\r\n<meta property=\"article:modified_time\" content=\"2024-07-18T08:11:38+00:00\" \/>\r\n<meta property=\"og:image\" content=\"https:\/\/www.laescueladelagua.com\/wp-content\/uploads\/2024\/07\/3loe-definitiu-1.jpg\" \/>\r\n\t<meta property=\"og:image:width\" content=\"763\" \/>\r\n\t<meta property=\"og:image:height\" content=\"540\" \/>\r\n\t<meta property=\"og:image:type\" content=\"image\/jpeg\" \/>\r\n<meta name=\"author\" content=\"david.oller\" \/>\r\n<meta name=\"twitter:card\" content=\"summary_large_image\" \/>\r\n<meta name=\"twitter:label1\" content=\"Escrit per\" \/>\n\t<meta name=\"twitter:data1\" content=\"david.oller\" \/>\n\t<meta name=\"twitter:label2\" content=\"Temps estimat de lectura\" \/>\n\t<meta name=\"twitter:data2\" content=\"2 minuts\" \/>\r\n<script type=\"application\/ld+json\" class=\"yoast-schema-graph\">{\"@context\":\"https:\/\/schema.org\",\"@graph\":[{\"@type\":\"Article\",\"@id\":\"https:\/\/www.laescueladelagua.com\/la-escuela-del-agua-impulsa-la-formacion-en-economia-verde\/#article\",\"isPartOf\":{\"@id\":\"https:\/\/www.laescueladelagua.com\/la-escuela-del-agua-impulsa-la-formacion-en-economia-verde\/\"},\"author\":{\"name\":\"david.oller\",\"@id\":\"https:\/\/wapwebedapro01.azurewebsites.net\/#\/schema\/person\/f4da9bd303ae80086067146a6fe01282\"},\"headline\":\"La Escuela del Agua Impulsa la Formaci\u00f3n en Econom\u00eda Verde\",\"datePublished\":\"2024-07-12T08:30:49+00:00\",\"dateModified\":\"2024-07-18T08:11:38+00:00\",\"mainEntityOfPage\":{\"@id\":\"https:\/\/www.laescueladelagua.com\/la-escuela-del-agua-impulsa-la-formacion-en-economia-verde\/\"},\"wordCount\":434,\"commentCount\":0,\"publisher\":{\"@id\":\"https:\/\/wapwebedapro01.azurewebsites.net\/#organization\"},\"image\":{\"@id\":\"https:\/\/www.laescueladelagua.com\/la-escuela-del-agua-impulsa-la-formacion-en-economia-verde\/#primaryimage\"},\"thumbnailUrl\":\"\/wp-content\/uploads\/2024\/07\/3loe-definitiu-1.jpg\",\"keywords\":[\"#competenciasverdes\",\"#economiaverde\",\"3LoE\"],\"articleSection\":[\"Proyectos Europeos\"],\"inLanguage\":\"ca\",\"potentialAction\":[{\"@type\":\"CommentAction\",\"name\":\"Comment\",\"target\":[\"https:\/\/www.laescueladelagua.com\/la-escuela-del-agua-impulsa-la-formacion-en-economia-verde\/#respond\"]}]},{\"@type\":\"WebPage\",\"@id\":\"https:\/\/www.laescueladelagua.com\/la-escuela-del-agua-impulsa-la-formacion-en-economia-verde\/\",\"url\":\"https:\/\/www.laescueladelagua.com\/la-escuela-del-agua-impulsa-la-formacion-en-economia-verde\/\",\"name\":\"La Escuela del Agua Impulsa la Formaci\u00f3n en Econom\u00eda Verde - Escuela del agua\",\"isPartOf\":{\"@id\":\"https:\/\/wapwebedapro01.azurewebsites.net\/#website\"},\"primaryImageOfPage\":{\"@id\":\"https:\/\/www.laescueladelagua.com\/la-escuela-del-agua-impulsa-la-formacion-en-economia-verde\/#primaryimage\"},\"image\":{\"@id\":\"https:\/\/www.laescueladelagua.com\/la-escuela-del-agua-impulsa-la-formacion-en-economia-verde\/#primaryimage\"},\"thumbnailUrl\":\"\/wp-content\/uploads\/2024\/07\/3loe-definitiu-1.jpg\",\"datePublished\":\"2024-07-12T08:30:49+00:00\",\"dateModified\":\"2024-07-18T08:11:38+00:00\",\"breadcrumb\":{\"@id\":\"https:\/\/www.laescueladelagua.com\/la-escuela-del-agua-impulsa-la-formacion-en-economia-verde\/#breadcrumb\"},\"inLanguage\":\"ca\",\"potentialAction\":[{\"@type\":\"ReadAction\",\"target\":[\"https:\/\/www.laescueladelagua.com\/la-escuela-del-agua-impulsa-la-formacion-en-economia-verde\/\"]}]},{\"@type\":\"ImageObject\",\"inLanguage\":\"ca\",\"@id\":\"https:\/\/www.laescueladelagua.com\/la-escuela-del-agua-impulsa-la-formacion-en-economia-verde\/#primaryimage\",\"url\":\"\/wp-content\/uploads\/2024\/07\/3loe-definitiu-1.jpg\",\"contentUrl\":\"\/wp-content\/uploads\/2024\/07\/3loe-definitiu-1.jpg\",\"width\":763,\"height\":540},{\"@type\":\"BreadcrumbList\",\"@id\":\"https:\/\/www.laescueladelagua.com\/la-escuela-del-agua-impulsa-la-formacion-en-economia-verde\/#breadcrumb\",\"itemListElement\":[{\"@type\":\"ListItem\",\"position\":1,\"name\":\"Home\",\"item\":\"https:\/\/wapwebedapro01.azurewebsites.net\/\"},{\"@type\":\"ListItem\",\"position\":2,\"name\":\"La Escuela del Agua Impulsa la Formaci\u00f3n en Econom\u00eda Verde\"}]},{\"@type\":\"WebSite\",\"@id\":\"https:\/\/wapwebedapro01.azurewebsites.net\/#website\",\"url\":\"https:\/\/wapwebedapro01.azurewebsites.net\/\",\"name\":\"Escuela del agua\",\"description\":\"\",\"publisher\":{\"@id\":\"https:\/\/wapwebedapro01.azurewebsites.net\/#organization\"},\"potentialAction\":[{\"@type\":\"SearchAction\",\"target\":{\"@type\":\"EntryPoint\",\"urlTemplate\":\"https:\/\/wapwebedapro01.azurewebsites.net\/?s={search_term_string}\"},\"query-input\":{\"@type\":\"PropertyValueSpecification\",\"valueRequired\":true,\"valueName\":\"search_term_string\"}}],\"inLanguage\":\"ca\"},{\"@type\":\"Organization\",\"@id\":\"https:\/\/wapwebedapro01.azurewebsites.net\/#organization\",\"name\":\"Escuela del agua\",\"url\":\"https:\/\/wapwebedapro01.azurewebsites.net\/\",\"logo\":{\"@type\":\"ImageObject\",\"inLanguage\":\"ca\",\"@id\":\"https:\/\/wapwebedapro01.azurewebsites.net\/#\/schema\/logo\/image\/\",\"url\":\"\/wp-content\/uploads\/2023\/08\/logo_EscueladelAgua_mod.1.1_150px.png\",\"contentUrl\":\"\/wp-content\/uploads\/2023\/08\/logo_EscueladelAgua_mod.1.1_150px.png\",\"width\":150,\"height\":90,\"caption\":\"Escuela del agua\"},\"image\":{\"@id\":\"https:\/\/wapwebedapro01.azurewebsites.net\/#\/schema\/logo\/image\/\"}},{\"@type\":\"Person\",\"@id\":\"https:\/\/wapwebedapro01.azurewebsites.net\/#\/schema\/person\/f4da9bd303ae80086067146a6fe01282\",\"name\":\"david.oller\",\"image\":{\"@type\":\"ImageObject\",\"inLanguage\":\"ca\",\"@id\":\"https:\/\/wapwebedapro01.azurewebsites.net\/#\/schema\/person\/image\/\",\"url\":\"https:\/\/secure.gravatar.com\/avatar\/698f6c52e9efecbb9e5d6923485f2cf6?s=96&d=mm&r=g\",\"contentUrl\":\"https:\/\/secure.gravatar.com\/avatar\/698f6c52e9efecbb9e5d6923485f2cf6?s=96&d=mm&r=g\",\"caption\":\"david.oller\"},\"url\":\"https:\/\/www.laescueladelagua.com\/ca\/author\/david-oller\/\"}]}<\/script>\r\n<!-- \/ Yoast SEO plugin. -->","yoast_head_json":{"title":"La Escuela del Agua Impulsa la Formaci\u00f3n en Econom\u00eda Verde - Escuela del agua","robots":{"index":"index","follow":"follow","max-snippet":"max-snippet:-1","max-image-preview":"max-image-preview:large","max-video-preview":"max-video-preview:-1"},"canonical":"https:\/\/www.laescueladelagua.com\/ca\/la-escuela-del-agua-impulsa-la-formacion-en-economia-verde\/","og_locale":"ca_ES","og_type":"article","og_title":"La Escuela del Agua Impulsa la Formaci\u00f3n en Econom\u00eda Verde - Escuela del agua","og_description":"En los \u00faltimos meses, la Escuela del Agua ha llevado a cabo una serie de cursos bajo el marco del proyecto 3 LOE, enfocado en la provisi\u00f3n integral de competencias verdes. Este proyecto tiene como objetivo principal mejorar de manera sostenible las habilidades de los j\u00f3venes profesionales, gestores y emprendedores, y fortalecer la competitividad de [&hellip;]","og_url":"https:\/\/www.laescueladelagua.com\/ca\/la-escuela-del-agua-impulsa-la-formacion-en-economia-verde\/","og_site_name":"Escuela del agua","article_published_time":"2024-07-12T08:30:49+00:00","article_modified_time":"2024-07-18T08:11:38+00:00","og_image":[{"width":763,"height":540,"url":"https:\/\/www.laescueladelagua.com\/wp-content\/uploads\/2024\/07\/3loe-definitiu-1.jpg","type":"image\/jpeg"}],"author":"david.oller","twitter_card":"summary_large_image","twitter_misc":{"Escrit per":"david.oller","Temps estimat de lectura":"2 minuts"},"schema":{"@context":"https:\/\/schema.org","@graph":[{"@type":"Article","@id":"https:\/\/www.laescueladelagua.com\/la-escuela-del-agua-impulsa-la-formacion-en-economia-verde\/#article","isPartOf":{"@id":"https:\/\/www.laescueladelagua.com\/la-escuela-del-agua-impulsa-la-formacion-en-economia-verde\/"},"author":{"name":"david.oller","@id":"https:\/\/wapwebedapro01.azurewebsites.net\/#\/schema\/person\/f4da9bd303ae80086067146a6fe01282"},"headline":"La Escuela del Agua Impulsa la Formaci\u00f3n en Econom\u00eda Verde","datePublished":"2024-07-12T08:30:49+00:00","dateModified":"2024-07-18T08:11:38+00:00","mainEntityOfPage":{"@id":"https:\/\/www.laescueladelagua.com\/la-escuela-del-agua-impulsa-la-formacion-en-economia-verde\/"},"wordCount":434,"commentCount":0,"publisher":{"@id":"https:\/\/wapwebedapro01.azurewebsites.net\/#organization"},"image":{"@id":"https:\/\/www.laescueladelagua.com\/la-escuela-del-agua-impulsa-la-formacion-en-economia-verde\/#primaryimage"},"thumbnailUrl":"\/wp-content\/uploads\/2024\/07\/3loe-definitiu-1.jpg","keywords":["#competenciasverdes","#economiaverde","3LoE"],"articleSection":["Proyectos Europeos"],"inLanguage":"ca","potentialAction":[{"@type":"CommentAction","name":"Comment","target":["https:\/\/www.laescueladelagua.com\/la-escuela-del-agua-impulsa-la-formacion-en-economia-verde\/#respond"]}]},{"@type":"WebPage","@id":"https:\/\/www.laescueladelagua.com\/la-escuela-del-agua-impulsa-la-formacion-en-economia-verde\/","url":"https:\/\/www.laescueladelagua.com\/la-escuela-del-agua-impulsa-la-formacion-en-economia-verde\/","name":"La Escuela del Agua Impulsa la Formaci\u00f3n en Econom\u00eda Verde - Escuela del agua","isPartOf":{"@id":"https:\/\/wapwebedapro01.azurewebsites.net\/#website"},"primaryImageOfPage":{"@id":"https:\/\/www.laescueladelagua.com\/la-escuela-del-agua-impulsa-la-formacion-en-economia-verde\/#primaryimage"},"image":{"@id":"https:\/\/www.laescueladelagua.com\/la-escuela-del-agua-impulsa-la-formacion-en-economia-verde\/#primaryimage"},"thumbnailUrl":"\/wp-content\/uploads\/2024\/07\/3loe-definitiu-1.jpg","datePublished":"2024-07-12T08:30:49+00:00","dateModified":"2024-07-18T08:11:38+00:00","breadcrumb":{"@id":"https:\/\/www.laescueladelagua.com\/la-escuela-del-agua-impulsa-la-formacion-en-economia-verde\/#breadcrumb"},"inLanguage":"ca","potentialAction":[{"@type":"ReadAction","target":["https:\/\/www.laescueladelagua.com\/la-escuela-del-agua-impulsa-la-formacion-en-economia-verde\/"]}]},{"@type":"ImageObject","inLanguage":"ca","@id":"https:\/\/www.laescueladelagua.com\/la-escuela-del-agua-impulsa-la-formacion-en-economia-verde\/#primaryimage","url":"\/wp-content\/uploads\/2024\/07\/3loe-definitiu-1.jpg","contentUrl":"\/wp-content\/uploads\/2024\/07\/3loe-definitiu-1.jpg","width":763,"height":540},{"@type":"BreadcrumbList","@id":"https:\/\/www.laescueladelagua.com\/la-escuela-del-agua-impulsa-la-formacion-en-economia-verde\/#breadcrumb","itemListElement":[{"@type":"ListItem","position":1,"name":"Home","item":"https:\/\/wapwebedapro01.azurewebsites.net\/"},{"@type":"ListItem","position":2,"name":"La Escuela del Agua Impulsa la Formaci\u00f3n en Econom\u00eda Verde"}]},{"@type":"WebSite","@id":"https:\/\/wapwebedapro01.azurewebsites.net\/#website","url":"https:\/\/wapwebedapro01.azurewebsites.net\/","name":"Escuela del agua","description":"","publisher":{"@id":"https:\/\/wapwebedapro01.azurewebsites.net\/#organization"},"potentialAction":[{"@type":"SearchAction","target":{"@type":"EntryPoint","urlTemplate":"https:\/\/wapwebedapro01.azurewebsites.net\/?s={search_term_string}"},"query-input":{"@type":"PropertyValueSpecification","valueRequired":true,"valueName":"search_term_string"}}],"inLanguage":"ca"},{"@type":"Organization","@id":"https:\/\/wapwebedapro01.azurewebsites.net\/#organization","name":"Escuela del agua","url":"https:\/\/wapwebedapro01.azurewebsites.net\/","logo":{"@type":"ImageObject","inLanguage":"ca","@id":"https:\/\/wapwebedapro01.azurewebsites.net\/#\/schema\/logo\/image\/","url":"\/wp-content\/uploads\/2023\/08\/logo_EscueladelAgua_mod.1.1_150px.png","contentUrl":"\/wp-content\/uploads\/2023\/08\/logo_EscueladelAgua_mod.1.1_150px.png","width":150,"height":90,"caption":"Escuela del agua"},"image":{"@id":"https:\/\/wapwebedapro01.azurewebsites.net\/#\/schema\/logo\/image\/"}},{"@type":"Person","@id":"https:\/\/wapwebedapro01.azurewebsites.net\/#\/schema\/person\/f4da9bd303ae80086067146a6fe01282","name":"david.oller","image":{"@type":"ImageObject","inLanguage":"ca","@id":"https:\/\/wapwebedapro01.azurewebsites.net\/#\/schema\/person\/image\/","url":"https:\/\/secure.gravatar.com\/avatar\/698f6c52e9efecbb9e5d6923485f2cf6?s=96&d=mm&r=g","contentUrl":"https:\/\/secure.gravatar.com\/avatar\/698f6c52e9efecbb9e5d6923485f2cf6?s=96&d=mm&r=g","caption":"david.oller"},"url":"https:\/\/www.laescueladelagua.com\/ca\/author\/david-oller\/"}]}},"meta_box":[],"_links":{"self":[{"href":"https:\/\/www.laescueladelagua.com\/ca\/wp-json\/wp\/v2\/posts\/3413","targetHints":{"allow":["GET"]}}],"collection":[{"href":"https:\/\/www.laescueladelagua.com\/ca\/wp-json\/wp\/v2\/posts"}],"about":[{"href":"https:\/\/www.laescueladelagua.com\/ca\/wp-json\/wp\/v2\/types\/post"}],"author":[{"embeddable":true,"href":"https:\/\/www.laescueladelagua.com\/ca\/wp-json\/wp\/v2\/users\/7"}],"replies":[{"embeddable":true,"href":"https:\/\/www.laescueladelagua.com\/ca\/wp-json\/wp\/v2\/comments?post=3413"}],"version-history":[{"count":1,"href":"https:\/\/www.laescueladelagua.com\/ca\/wp-json\/wp\/v2\/posts\/3413\/revisions"}],"predecessor-version":[{"id":3415,"href":"https:\/\/www.laescueladelagua.com\/ca\/wp-json\/wp\/v2\/posts\/3413\/revisions\/3415"}],"wp:featuredmedia":[{"embeddable":true,"href":"https:\/\/www.laescueladelagua.com\/ca\/wp-json\/wp\/v2\/media\/3416"}],"wp:attachment":[{"href":"https:\/\/www.laescueladelagua.com\/ca\/wp-json\/wp\/v2\/media?parent=3413"}],"wp:term":[{"taxonomy":"category","embeddable":true,"href":"https:\/\/www.laescueladelagua.com\/ca\/wp-json\/wp\/v2\/categories?post=3413"},{"taxonomy":"post_tag","embeddable":true,"href":"https:\/\/www.laescueladelagua.com\/ca\/wp-json\/wp\/v2\/tags?post=3413"}],"curies":[{"name":"wp","href":"https:\/\/api.w.org\/{rel}","templated":true}]}}