{"id":3426,"date":"2024-07-19T06:00:41","date_gmt":"2024-07-19T06:00:41","guid":{"rendered":"https:\/\/www.laescueladelagua.com\/?p=3426"},"modified":"2024-07-18T09:20:17","modified_gmt":"2024-07-18T09:20:17","slug":"acompanamos-a-nilsa-en-su-programa-de-educacion-ambiental","status":"publish","type":"post","link":"https:\/\/www.laescueladelagua.com\/ca\/acompanamos-a-nilsa-en-su-programa-de-educacion-ambiental\/","title":{"rendered":"Acompanyem NILSA al vostre programa d&#039;educaci\u00f3 ambiental"},"content":{"rendered":"<p><span style=\"font-weight: 400;\">L\u00b4Escola de l\u00b4Aigua ha estat adjudicat\u00e0ria del programa d\u00b4educaci\u00f3 ambiental sobre depuraci\u00f3 de NILSA, empresa que lidera la implementaci\u00f3 del pla de sanejament dels rius de Navarra. Aquest servei reafirma el comprom\u00eds de NILSA i l&#039;Escola de l&#039;Aigua amb l&#039;educaci\u00f3 ambiental i la gesti\u00f3 sostenible dels recursos h\u00eddrics.<\/span><\/p>\n<p><span style=\"font-weight: 400;\">L\u00b4equip educatiu de l\u00b4Escola de l\u00b4Aigua s\u00b4amplia per a aquesta nova fase del programa, incloent ara una coordinadora, una educadora ambiental i un educador ambiental. Aquesta expansi\u00f3 permetr\u00e0 una atenci\u00f3 m\u00e9s especialitzada i una gesti\u00f3 m\u00e9s efectiva de les diverses activitats programades.<\/span><\/p>\n<p><span style=\"font-weight: 400;\">Una de les innovacions m\u00e9s significatives \u00e9s la digitalitzaci\u00f3 del programa. En col\u00b7laboraci\u00f3 amb la direcci\u00f3 facultativa de NILSA, es desenvoluparan diverses p\u00edndoles informatives, jocs interactius, formacions en l\u00ednia i infografies sobre depuraci\u00f3 d&#039;aig\u00fces. Aquesta aposta per la digitalitzaci\u00f3 permetr\u00e0 arribar a un p\u00fablic m\u00e9s ampli i divers, facilitant l&#039;acc\u00e9s a la informaci\u00f3 i l&#039;educaci\u00f3 ambiental.<\/span><\/p>\n<p><span style=\"font-weight: 400;\">El programa presencial tamb\u00e9 s&#039;enfortir\u00e0 amb accions adre\u00e7ades a tots els p\u00fablics, des d&#039;activitats i tallers fins a campanyes d&#039;educaci\u00f3 i jornades tem\u00e0tiques. Entre els temes clau que s&#039;abordaran, hi ha el cicle integral de l&#039;aigua amb un \u00e8mfasi especial en la depuraci\u00f3 de les aig\u00fces residuals, l&#039;economia circular, el binomi aigua-energia, la igualtat i la crisi clim\u00e0tica. Aquestes activitats busquen sensibilitzar i educar la poblaci\u00f3 sobre la import\u00e0ncia de la depuraci\u00f3 daig\u00fces residuals i la gesti\u00f3 sostenible dels recursos.<\/span><\/p>","protected":false},"excerpt":{"rendered":"<p>L\u00b4Escola de l\u00b4Aigua ha estat adjudicat\u00e0ria del programa d\u00b4educaci\u00f3 ambiental sobre depuraci\u00f3 de NILSA, empresa que lidera la implementaci\u00f3 del pla de sanejament dels rius de Navarra. Aquest servei reafirma el comprom\u00eds de NILSA i l&#039;Escola de l&#039;Aigua amb l&#039;educaci\u00f3 ambiental i la gesti\u00f3 sostenible dels recursos h\u00eddrics. [\u2026]<\/p>","protected":false},"author":7,"featured_media":3427,"comment_status":"open","ping_status":"open","sticky":false,"template":"","format":"standard","meta":{"footnotes":""},"categories":[51,114],"tags":[115],"class_list":["post-3426","post","type-post","status-publish","format-standard","has-post-thumbnail","hentry","category-educacion-ambiental","category-servicios-educativos","tag-educacionambiental-servicioseducativos"],"yoast_head":"<!-- This site is optimized with the Yoast SEO plugin v24.5 - https:\/\/yoast.com\/wordpress\/plugins\/seo\/ -->\r\n<title>Acompa\u00f1amos a NILSA en su programa de educaci\u00f3n ambiental - Escuela del agua<\/title>\r\n<meta name=\"robots\" content=\"index, follow, max-snippet:-1, max-image-preview:large, max-video-preview:-1\" \/>\r\n<link rel=\"canonical\" href=\"https:\/\/www.laescueladelagua.com\/ca\/acompanamos-a-nilsa-en-su-programa-de-educacion-ambiental\/\" \/>\r\n<meta property=\"og:locale\" content=\"ca_ES\" \/>\r\n<meta property=\"og:type\" content=\"article\" \/>\r\n<meta property=\"og:title\" content=\"Acompa\u00f1amos a NILSA en su programa de educaci\u00f3n ambiental - Escuela del agua\" \/>\r\n<meta property=\"og:description\" content=\"La Escuela del Agua ha sido adjudicataria del programa de educaci\u00f3n ambiental sobre depuraci\u00f3n de NILSA, empresa que lidera la implementaci\u00f3n del plan de saneamiento de los r\u00edos de Navarra. Este servicio reafirma el compromiso de NILSA y de la Escuela del Agua con la educaci\u00f3n ambiental y la gesti\u00f3n sostenible de los recursos h\u00eddricos. [&hellip;]\" \/>\r\n<meta property=\"og:url\" content=\"https:\/\/www.laescueladelagua.com\/ca\/acompanamos-a-nilsa-en-su-programa-de-educacion-ambiental\/\" \/>\r\n<meta property=\"og:site_name\" content=\"Escuela del agua\" \/>\r\n<meta property=\"article:published_time\" content=\"2024-07-19T06:00:41+00:00\" \/>\r\n<meta property=\"og:image\" content=\"https:\/\/www.laescueladelagua.com\/wp-content\/uploads\/2024\/07\/NILSA.jpg\" \/>\r\n\t<meta property=\"og:image:width\" content=\"476\" \/>\r\n\t<meta property=\"og:image:height\" content=\"337\" \/>\r\n\t<meta property=\"og:image:type\" content=\"image\/jpeg\" \/>\r\n<meta name=\"author\" content=\"david.oller\" \/>\r\n<meta name=\"twitter:card\" content=\"summary_large_image\" \/>\r\n<meta name=\"twitter:label1\" content=\"Escrit per\" \/>\n\t<meta name=\"twitter:data1\" content=\"david.oller\" \/>\n\t<meta name=\"twitter:label2\" content=\"Temps estimat de lectura\" \/>\n\t<meta name=\"twitter:data2\" content=\"1 minut\" \/>\r\n<script type=\"application\/ld+json\" class=\"yoast-schema-graph\">{\"@context\":\"https:\/\/schema.org\",\"@graph\":[{\"@type\":\"Article\",\"@id\":\"https:\/\/www.laescueladelagua.com\/en\/acompanamos-a-nilsa-en-su-programa-de-educacion-ambiental\/#article\",\"isPartOf\":{\"@id\":\"https:\/\/www.laescueladelagua.com\/en\/acompanamos-a-nilsa-en-su-programa-de-educacion-ambiental\/\"},\"author\":{\"name\":\"david.oller\",\"@id\":\"https:\/\/wapwebedapro01.azurewebsites.net\/#\/schema\/person\/f4da9bd303ae80086067146a6fe01282\"},\"headline\":\"Acompa\u00f1amos a NILSA en su programa de educaci\u00f3n ambiental\",\"datePublished\":\"2024-07-19T06:00:41+00:00\",\"mainEntityOfPage\":{\"@id\":\"https:\/\/www.laescueladelagua.com\/en\/acompanamos-a-nilsa-en-su-programa-de-educacion-ambiental\/\"},\"wordCount\":292,\"commentCount\":0,\"publisher\":{\"@id\":\"https:\/\/wapwebedapro01.azurewebsites.net\/#organization\"},\"image\":{\"@id\":\"https:\/\/www.laescueladelagua.com\/en\/acompanamos-a-nilsa-en-su-programa-de-educacion-ambiental\/#primaryimage\"},\"thumbnailUrl\":\"\/wp-content\/uploads\/2024\/07\/NILSA.jpg\",\"keywords\":[\"#educacionambiental #servicioseducativos\"],\"articleSection\":[\"Educaci\u00f3n ambiental\",\"Servicios educativos\"],\"inLanguage\":\"ca\",\"potentialAction\":[{\"@type\":\"CommentAction\",\"name\":\"Comment\",\"target\":[\"https:\/\/www.laescueladelagua.com\/en\/acompanamos-a-nilsa-en-su-programa-de-educacion-ambiental\/#respond\"]}]},{\"@type\":\"WebPage\",\"@id\":\"https:\/\/www.laescueladelagua.com\/en\/acompanamos-a-nilsa-en-su-programa-de-educacion-ambiental\/\",\"url\":\"https:\/\/www.laescueladelagua.com\/en\/acompanamos-a-nilsa-en-su-programa-de-educacion-ambiental\/\",\"name\":\"Acompa\u00f1amos a NILSA en su programa de educaci\u00f3n ambiental - Escuela del agua\",\"isPartOf\":{\"@id\":\"https:\/\/wapwebedapro01.azurewebsites.net\/#website\"},\"primaryImageOfPage\":{\"@id\":\"https:\/\/www.laescueladelagua.com\/en\/acompanamos-a-nilsa-en-su-programa-de-educacion-ambiental\/#primaryimage\"},\"image\":{\"@id\":\"https:\/\/www.laescueladelagua.com\/en\/acompanamos-a-nilsa-en-su-programa-de-educacion-ambiental\/#primaryimage\"},\"thumbnailUrl\":\"\/wp-content\/uploads\/2024\/07\/NILSA.jpg\",\"datePublished\":\"2024-07-19T06:00:41+00:00\",\"breadcrumb\":{\"@id\":\"https:\/\/www.laescueladelagua.com\/en\/acompanamos-a-nilsa-en-su-programa-de-educacion-ambiental\/#breadcrumb\"},\"inLanguage\":\"ca\",\"potentialAction\":[{\"@type\":\"ReadAction\",\"target\":[\"https:\/\/www.laescueladelagua.com\/en\/acompanamos-a-nilsa-en-su-programa-de-educacion-ambiental\/\"]}]},{\"@type\":\"ImageObject\",\"inLanguage\":\"ca\",\"@id\":\"https:\/\/www.laescueladelagua.com\/en\/acompanamos-a-nilsa-en-su-programa-de-educacion-ambiental\/#primaryimage\",\"url\":\"\/wp-content\/uploads\/2024\/07\/NILSA.jpg\",\"contentUrl\":\"\/wp-content\/uploads\/2024\/07\/NILSA.jpg\",\"width\":476,\"height\":337},{\"@type\":\"BreadcrumbList\",\"@id\":\"https:\/\/www.laescueladelagua.com\/en\/acompanamos-a-nilsa-en-su-programa-de-educacion-ambiental\/#breadcrumb\",\"itemListElement\":[{\"@type\":\"ListItem\",\"position\":1,\"name\":\"Home\",\"item\":\"https:\/\/wapwebedapro01.azurewebsites.net\/\"},{\"@type\":\"ListItem\",\"position\":2,\"name\":\"Acompa\u00f1amos a NILSA en su programa de educaci\u00f3n ambiental\"}]},{\"@type\":\"WebSite\",\"@id\":\"https:\/\/wapwebedapro01.azurewebsites.net\/#website\",\"url\":\"https:\/\/wapwebedapro01.azurewebsites.net\/\",\"name\":\"Escuela del agua\",\"description\":\"\",\"publisher\":{\"@id\":\"https:\/\/wapwebedapro01.azurewebsites.net\/#organization\"},\"potentialAction\":[{\"@type\":\"SearchAction\",\"target\":{\"@type\":\"EntryPoint\",\"urlTemplate\":\"https:\/\/wapwebedapro01.azurewebsites.net\/?s={search_term_string}\"},\"query-input\":{\"@type\":\"PropertyValueSpecification\",\"valueRequired\":true,\"valueName\":\"search_term_string\"}}],\"inLanguage\":\"ca\"},{\"@type\":\"Organization\",\"@id\":\"https:\/\/wapwebedapro01.azurewebsites.net\/#organization\",\"name\":\"Escuela del agua\",\"url\":\"https:\/\/wapwebedapro01.azurewebsites.net\/\",\"logo\":{\"@type\":\"ImageObject\",\"inLanguage\":\"ca\",\"@id\":\"https:\/\/wapwebedapro01.azurewebsites.net\/#\/schema\/logo\/image\/\",\"url\":\"\/wp-content\/uploads\/2023\/08\/logo_EscueladelAgua_mod.1.1_150px.png\",\"contentUrl\":\"\/wp-content\/uploads\/2023\/08\/logo_EscueladelAgua_mod.1.1_150px.png\",\"width\":150,\"height\":90,\"caption\":\"Escuela del agua\"},\"image\":{\"@id\":\"https:\/\/wapwebedapro01.azurewebsites.net\/#\/schema\/logo\/image\/\"}},{\"@type\":\"Person\",\"@id\":\"https:\/\/wapwebedapro01.azurewebsites.net\/#\/schema\/person\/f4da9bd303ae80086067146a6fe01282\",\"name\":\"david.oller\",\"image\":{\"@type\":\"ImageObject\",\"inLanguage\":\"ca\",\"@id\":\"https:\/\/wapwebedapro01.azurewebsites.net\/#\/schema\/person\/image\/\",\"url\":\"https:\/\/secure.gravatar.com\/avatar\/698f6c52e9efecbb9e5d6923485f2cf6?s=96&d=mm&r=g\",\"contentUrl\":\"https:\/\/secure.gravatar.com\/avatar\/698f6c52e9efecbb9e5d6923485f2cf6?s=96&d=mm&r=g\",\"caption\":\"david.oller\"},\"url\":\"https:\/\/www.laescueladelagua.com\/ca\/author\/david-oller\/\"}]}<\/script>\r\n<!-- \/ Yoast SEO plugin. -->","yoast_head_json":{"title":"Acompa\u00f1amos a NILSA en su programa de educaci\u00f3n ambiental - Escuela del agua","robots":{"index":"index","follow":"follow","max-snippet":"max-snippet:-1","max-image-preview":"max-image-preview:large","max-video-preview":"max-video-preview:-1"},"canonical":"https:\/\/www.laescueladelagua.com\/ca\/acompanamos-a-nilsa-en-su-programa-de-educacion-ambiental\/","og_locale":"ca_ES","og_type":"article","og_title":"Acompa\u00f1amos a NILSA en su programa de educaci\u00f3n ambiental - Escuela del agua","og_description":"La Escuela del Agua ha sido adjudicataria del programa de educaci\u00f3n ambiental sobre depuraci\u00f3n de NILSA, empresa que lidera la implementaci\u00f3n del plan de saneamiento de los r\u00edos de Navarra. Este servicio reafirma el compromiso de NILSA y de la Escuela del Agua con la educaci\u00f3n ambiental y la gesti\u00f3n sostenible de los recursos h\u00eddricos. [&hellip;]","og_url":"https:\/\/www.laescueladelagua.com\/ca\/acompanamos-a-nilsa-en-su-programa-de-educacion-ambiental\/","og_site_name":"Escuela del agua","article_published_time":"2024-07-19T06:00:41+00:00","og_image":[{"width":476,"height":337,"url":"https:\/\/www.laescueladelagua.com\/wp-content\/uploads\/2024\/07\/NILSA.jpg","type":"image\/jpeg"}],"author":"david.oller","twitter_card":"summary_large_image","twitter_misc":{"Escrit per":"david.oller","Temps estimat de lectura":"1 minut"},"schema":{"@context":"https:\/\/schema.org","@graph":[{"@type":"Article","@id":"https:\/\/www.laescueladelagua.com\/en\/acompanamos-a-nilsa-en-su-programa-de-educacion-ambiental\/#article","isPartOf":{"@id":"https:\/\/www.laescueladelagua.com\/en\/acompanamos-a-nilsa-en-su-programa-de-educacion-ambiental\/"},"author":{"name":"david.oller","@id":"https:\/\/wapwebedapro01.azurewebsites.net\/#\/schema\/person\/f4da9bd303ae80086067146a6fe01282"},"headline":"Acompa\u00f1amos a NILSA en su programa de educaci\u00f3n ambiental","datePublished":"2024-07-19T06:00:41+00:00","mainEntityOfPage":{"@id":"https:\/\/www.laescueladelagua.com\/en\/acompanamos-a-nilsa-en-su-programa-de-educacion-ambiental\/"},"wordCount":292,"commentCount":0,"publisher":{"@id":"https:\/\/wapwebedapro01.azurewebsites.net\/#organization"},"image":{"@id":"https:\/\/www.laescueladelagua.com\/en\/acompanamos-a-nilsa-en-su-programa-de-educacion-ambiental\/#primaryimage"},"thumbnailUrl":"\/wp-content\/uploads\/2024\/07\/NILSA.jpg","keywords":["#educacionambiental #servicioseducativos"],"articleSection":["Educaci\u00f3n ambiental","Servicios educativos"],"inLanguage":"ca","potentialAction":[{"@type":"CommentAction","name":"Comment","target":["https:\/\/www.laescueladelagua.com\/en\/acompanamos-a-nilsa-en-su-programa-de-educacion-ambiental\/#respond"]}]},{"@type":"WebPage","@id":"https:\/\/www.laescueladelagua.com\/en\/acompanamos-a-nilsa-en-su-programa-de-educacion-ambiental\/","url":"https:\/\/www.laescueladelagua.com\/en\/acompanamos-a-nilsa-en-su-programa-de-educacion-ambiental\/","name":"Acompa\u00f1amos a NILSA en su programa de educaci\u00f3n ambiental - Escuela del agua","isPartOf":{"@id":"https:\/\/wapwebedapro01.azurewebsites.net\/#website"},"primaryImageOfPage":{"@id":"https:\/\/www.laescueladelagua.com\/en\/acompanamos-a-nilsa-en-su-programa-de-educacion-ambiental\/#primaryimage"},"image":{"@id":"https:\/\/www.laescueladelagua.com\/en\/acompanamos-a-nilsa-en-su-programa-de-educacion-ambiental\/#primaryimage"},"thumbnailUrl":"\/wp-content\/uploads\/2024\/07\/NILSA.jpg","datePublished":"2024-07-19T06:00:41+00:00","breadcrumb":{"@id":"https:\/\/www.laescueladelagua.com\/en\/acompanamos-a-nilsa-en-su-programa-de-educacion-ambiental\/#breadcrumb"},"inLanguage":"ca","potentialAction":[{"@type":"ReadAction","target":["https:\/\/www.laescueladelagua.com\/en\/acompanamos-a-nilsa-en-su-programa-de-educacion-ambiental\/"]}]},{"@type":"ImageObject","inLanguage":"ca","@id":"https:\/\/www.laescueladelagua.com\/en\/acompanamos-a-nilsa-en-su-programa-de-educacion-ambiental\/#primaryimage","url":"\/wp-content\/uploads\/2024\/07\/NILSA.jpg","contentUrl":"\/wp-content\/uploads\/2024\/07\/NILSA.jpg","width":476,"height":337},{"@type":"BreadcrumbList","@id":"https:\/\/www.laescueladelagua.com\/en\/acompanamos-a-nilsa-en-su-programa-de-educacion-ambiental\/#breadcrumb","itemListElement":[{"@type":"ListItem","position":1,"name":"Home","item":"https:\/\/wapwebedapro01.azurewebsites.net\/"},{"@type":"ListItem","position":2,"name":"Acompa\u00f1amos a NILSA en su programa de educaci\u00f3n ambiental"}]},{"@type":"WebSite","@id":"https:\/\/wapwebedapro01.azurewebsites.net\/#website","url":"https:\/\/wapwebedapro01.azurewebsites.net\/","name":"Escuela del agua","description":"","publisher":{"@id":"https:\/\/wapwebedapro01.azurewebsites.net\/#organization"},"potentialAction":[{"@type":"SearchAction","target":{"@type":"EntryPoint","urlTemplate":"https:\/\/wapwebedapro01.azurewebsites.net\/?s={search_term_string}"},"query-input":{"@type":"PropertyValueSpecification","valueRequired":true,"valueName":"search_term_string"}}],"inLanguage":"ca"},{"@type":"Organization","@id":"https:\/\/wapwebedapro01.azurewebsites.net\/#organization","name":"Escuela del agua","url":"https:\/\/wapwebedapro01.azurewebsites.net\/","logo":{"@type":"ImageObject","inLanguage":"ca","@id":"https:\/\/wapwebedapro01.azurewebsites.net\/#\/schema\/logo\/image\/","url":"\/wp-content\/uploads\/2023\/08\/logo_EscueladelAgua_mod.1.1_150px.png","contentUrl":"\/wp-content\/uploads\/2023\/08\/logo_EscueladelAgua_mod.1.1_150px.png","width":150,"height":90,"caption":"Escuela del agua"},"image":{"@id":"https:\/\/wapwebedapro01.azurewebsites.net\/#\/schema\/logo\/image\/"}},{"@type":"Person","@id":"https:\/\/wapwebedapro01.azurewebsites.net\/#\/schema\/person\/f4da9bd303ae80086067146a6fe01282","name":"david.oller","image":{"@type":"ImageObject","inLanguage":"ca","@id":"https:\/\/wapwebedapro01.azurewebsites.net\/#\/schema\/person\/image\/","url":"https:\/\/secure.gravatar.com\/avatar\/698f6c52e9efecbb9e5d6923485f2cf6?s=96&d=mm&r=g","contentUrl":"https:\/\/secure.gravatar.com\/avatar\/698f6c52e9efecbb9e5d6923485f2cf6?s=96&d=mm&r=g","caption":"david.oller"},"url":"https:\/\/www.laescueladelagua.com\/ca\/author\/david-oller\/"}]}},"meta_box":[],"_links":{"self":[{"href":"https:\/\/www.laescueladelagua.com\/ca\/wp-json\/wp\/v2\/posts\/3426","targetHints":{"allow":["GET"]}}],"collection":[{"href":"https:\/\/www.laescueladelagua.com\/ca\/wp-json\/wp\/v2\/posts"}],"about":[{"href":"https:\/\/www.laescueladelagua.com\/ca\/wp-json\/wp\/v2\/types\/post"}],"author":[{"embeddable":true,"href":"https:\/\/www.laescueladelagua.com\/ca\/wp-json\/wp\/v2\/users\/7"}],"replies":[{"embeddable":true,"href":"https:\/\/www.laescueladelagua.com\/ca\/wp-json\/wp\/v2\/comments?post=3426"}],"version-history":[{"count":1,"href":"https:\/\/www.laescueladelagua.com\/ca\/wp-json\/wp\/v2\/posts\/3426\/revisions"}],"predecessor-version":[{"id":3428,"href":"https:\/\/www.laescueladelagua.com\/ca\/wp-json\/wp\/v2\/posts\/3426\/revisions\/3428"}],"wp:featuredmedia":[{"embeddable":true,"href":"https:\/\/www.laescueladelagua.com\/ca\/wp-json\/wp\/v2\/media\/3427"}],"wp:attachment":[{"href":"https:\/\/www.laescueladelagua.com\/ca\/wp-json\/wp\/v2\/media?parent=3426"}],"wp:term":[{"taxonomy":"category","embeddable":true,"href":"https:\/\/www.laescueladelagua.com\/ca\/wp-json\/wp\/v2\/categories?post=3426"},{"taxonomy":"post_tag","embeddable":true,"href":"https:\/\/www.laescueladelagua.com\/ca\/wp-json\/wp\/v2\/tags?post=3426"}],"curies":[{"name":"wp","href":"https:\/\/api.w.org\/{rel}","templated":true}]}}