{"id":3557,"date":"2024-09-13T13:11:56","date_gmt":"2024-09-13T13:11:56","guid":{"rendered":"https:\/\/www.laescueladelagua.com\/?p=3557"},"modified":"2025-03-31T07:21:07","modified_gmt":"2025-03-31T07:21:07","slug":"grado-dual-en-agbar-el-exito-de-mia-demuestra-el-valor-de-la-formacion-integral","status":"publish","type":"post","link":"https:\/\/www.laescueladelagua.com\/ca\/grado-dual-en-agbar-el-exito-de-mia-demuestra-el-valor-de-la-formacion-integral\/","title":{"rendered":"Grado dual en Agbar: El \u00e9xito de Mia demuestra el valor de la formaci\u00f3n dual universitaria"},"content":{"rendered":"<p><span style=\"font-weight: 400;\">Agbar destaca por su firme apoyo a la educaci\u00f3n y la formaci\u00f3n de calidad. A trav\u00e9s de la Escuela del Agua, Agbar cuenta con m\u00e1s de 10 a\u00f1os de experiencia impulsando la formaci\u00f3n dual. Tenemos el placer de presentar el caso de Mia Climent Cerd\u00e0, que nos comparte su experiencia dual universitaria.<\/span><\/p>\n<p><span style=\"font-weight: 400;\">Mia es una destacada alumna que ha optado por el grado dual en Qu\u00edmica, y ha podido trabajar como t\u00e9cnica de laboratorio de procesos en EMATSA, la Empresa Municipal Mixta d&#8217;Aig\u00fces de Tarragona S A. Mia inici\u00f3 su carrera profesional gracias a la menci\u00f3n Dual de la Universitat Rovira i Virgili (URV). \u201cEstudi\u00e9 el grado de Qu\u00edmica en ingl\u00e9s y realic\u00e9 la menci\u00f3n Dual en el cuarto curso. Conoc\u00eda la opci\u00f3n Dual en ciclos de formaci\u00f3n profesional y sab\u00eda que proporcionaba una buena inmersi\u00f3n en el mundo laboral\u201d, comenta Mia.<\/span><\/p>\n<p><b>Descubrimiento de la Oportunidad Dual<\/b><\/p>\n<p><span style=\"font-weight: 400;\">La motivaci\u00f3n de Mia para participar en el programa de grado dual provino de las experiencias positivas compartidas por antiguos alumnos y la novedosa implementaci\u00f3n del programa en los grados universitarios. \u201cMe enter\u00e9 de la oportunidad a trav\u00e9s de la universidad y de un art\u00edculo en el Diari de Tarragona, cuando EMATSA y la URV firmaron el acuerdo de adhesi\u00f3n a la menci\u00f3n Dual\u201d, explica Mia.<\/span><\/p>\n<p><b>D\u00eda a D\u00eda y Gesti\u00f3n del Equilibrio<\/b><\/p>\n<p><span style=\"font-weight: 400;\">Combinar estudios universitarios y trabajo no es una tarea f\u00e1cil, pero Mia encontr\u00f3 un equilibrio gracias al acuerdo entre EMATSA y URV. \u201cEl horario laboral en EMATSA era de 7:30 h a 14:30 h, y las clases comenzaban a las 16h, permiti\u00e9ndome tiempo suficiente para comer y desplazarme a la universidad\u201d, dice Mia. Este arreglo le permiti\u00f3 gestionar sus responsabilidades sin solapamientos.<\/span><\/p>\n<p><b>Experiencia y Responsabilidades en EMATSA<\/b><\/p>\n<p><span style=\"font-weight: 400;\">En su rol en EMATSA, Mia se encarga de analizar aguas y fangos del proceso de depuraci\u00f3n, interpretar resultados y aplicar acciones correctoras cuando es necesario. \u201cHe tenido una muy buena experiencia porque, adem\u00e1s de consolidar mis conocimientos te\u00f3ricos, he visto c\u00f3mo mis compa\u00f1eros con mucha experiencia resuelven problemas reales, prepar\u00e1ndome mejor para mi futuro profesional\u201d, destaca.<\/span><\/p>\n<p><b>Cultura Laboral y Aprendizaje<\/b><\/p>\n<p><span style=\"font-weight: 400;\">La inversi\u00f3n en formaci\u00f3n es uno de los puntos fuertes de EMATSA, seg\u00fan Mia. \u201cHe recibido distintos cursos pr\u00e1cticos y te\u00f3ricos desde mi llegada a la empresa, y la acogida del equipo ha sido genial. Mi tutor dedic\u00f3 tiempo a explicarme novedades y cambios en la planta, lo que ha sido muy enriquecedor\u201d, afirma.<\/span><\/p>\n<p><b>Beneficios del Grado Dual<\/b><\/p>\n<p><span style=\"font-weight: 400;\">Para Mia, uno de los mayores beneficios del grado dual es la duraci\u00f3n de las pr\u00e1cticas en la empresa. \u201cEn el grado de Qu\u00edmica tradicional, las pr\u00e1cticas suelen durar dos meses, lo que no es suficiente para integrarse y desarrollarse plenamente en el entorno laboral. En cambio, en el grado dual, el estudiante tiene m\u00e1s tiempo para aprender y la empresa recupera su inversi\u00f3n en formaci\u00f3n\u201d, comenta Mia.<\/span><\/p>\n<p><b>Proyectos Desafiantes<\/b><\/p>\n<p><span style=\"font-weight: 400;\">Entre los proyectos m\u00e1s desafiantes en los que ha trabajado, Mia menciona la microscop\u00eda de los lodos activados. \u201cHasta ese momento no hab\u00eda utilizado un microscopio ni conoc\u00eda el funcionamiento de un reactor biol\u00f3gico\u201d, recuerda.<\/span><\/p>\n<p><b>Apuesta de AGBAR por la Dualizaci\u00f3n<\/b><\/p>\n<p><span style=\"font-weight: 400;\">Mia considera que la apuesta de AGBAR por la dualizaci\u00f3n de los grados es fant\u00e1stica. \u201cTanto estudiantes como empresas ganan con esta iniciativa. Los estudiantes salen con experiencia y las empresas pueden formar potenciales candidatos para futuras vacantes\u201d, sostiene.<\/span><\/p>\n<p><b>Impacto en Metas Futuras<\/b><\/p>\n<p><span style=\"font-weight: 400;\">La experiencia de Mia en el programa dual ha influido positivamente en sus metas y planes futuros. \u201cHe conseguido un contrato en EMATSA y me gusta trabajar en el sector del agua\u201d, expresa con satisfacci\u00f3n.<\/span><\/p>\n<p><b>Consejos para Estudiantes y Empresas<\/b><\/p>\n<p><span style=\"font-weight: 400;\">Mia anima a otros estudiantes a participar en programas de grado dual. \u201cEs una oportunidad \u00fanica para introducirse en el mundo laboral. Incluso si cambian de sector o no consiguen una plaza en la misma empresa, la experiencia ser\u00e1 valorada en futuras oportunidades laborales\u201d, asegura.<\/span><\/p>\n<p><span style=\"font-weight: 400;\">Finalmente, Mia recomienda a las empresas que a\u00fan no han implementado programas de grado dual que consideren hacerlo. \u201cEs una buena manera de recuperar la inversi\u00f3n en formaci\u00f3n de estudiantes, y tras nueve meses, estos pueden convertirse en potenciales candidatos para vacantes disponibles, conociendo ya los valores y el funcionamiento de la empresa\u201d, concluye.<\/span><\/p>\n<p>A trav\u00e9s de este caso, Agbar refuerza su compromiso de atraer y desarrollar los mejores profesionales, para estar en disposici\u00f3n de afrontar mejor los desaf\u00edos de la emergencia clim\u00e1tica y ofrecer soluciones innovadoras que preserven los recursos naturales para las generaciones actuales y futuras.<\/p>","protected":false},"excerpt":{"rendered":"<p>Agbar destaca por su firme apoyo a la educaci\u00f3n y la formaci\u00f3n de calidad. A trav\u00e9s de la Escuela del Agua, Agbar cuenta con m\u00e1s de 10 a\u00f1os de experiencia impulsando la formaci\u00f3n dual. Tenemos el placer de presentar el caso de Mia Climent Cerd\u00e0, que nos comparte su experiencia dual universitaria. Mia es una [&hellip;]<\/p>","protected":false},"author":7,"featured_media":3558,"comment_status":"open","ping_status":"open","sticky":false,"template":"","format":"standard","meta":{"footnotes":""},"categories":[148],"tags":[73],"class_list":["post-3557","post","type-post","status-publish","format-standard","has-post-thumbnail","hentry","category-grado-universitario","tag-fpdual"],"yoast_head":"<!-- This site is optimized with the Yoast SEO plugin v24.5 - https:\/\/yoast.com\/wordpress\/plugins\/seo\/ -->\r\n<title>Grado dual en Agbar: El \u00e9xito de Mia demuestra el valor de la formaci\u00f3n dual universitaria - Escuela del agua<\/title>\r\n<meta name=\"robots\" content=\"index, follow, max-snippet:-1, max-image-preview:large, max-video-preview:-1\" \/>\r\n<link rel=\"canonical\" href=\"https:\/\/www.laescueladelagua.com\/ca\/grado-dual-en-agbar-el-exito-de-mia-demuestra-el-valor-de-la-formacion-integral\/\" \/>\r\n<meta property=\"og:locale\" content=\"ca_ES\" \/>\r\n<meta property=\"og:type\" content=\"article\" \/>\r\n<meta property=\"og:title\" content=\"Grado dual en Agbar: El \u00e9xito de Mia demuestra el valor de la formaci\u00f3n dual universitaria - Escuela del agua\" \/>\r\n<meta property=\"og:description\" content=\"Agbar destaca por su firme apoyo a la educaci\u00f3n y la formaci\u00f3n de calidad. A trav\u00e9s de la Escuela del Agua, Agbar cuenta con m\u00e1s de 10 a\u00f1os de experiencia impulsando la formaci\u00f3n dual. Tenemos el placer de presentar el caso de Mia Climent Cerd\u00e0, que nos comparte su experiencia dual universitaria. Mia es una [&hellip;]\" \/>\r\n<meta property=\"og:url\" content=\"https:\/\/www.laescueladelagua.com\/ca\/grado-dual-en-agbar-el-exito-de-mia-demuestra-el-valor-de-la-formacion-integral\/\" \/>\r\n<meta property=\"og:site_name\" content=\"Escuela del agua\" \/>\r\n<meta property=\"article:published_time\" content=\"2024-09-13T13:11:56+00:00\" \/>\r\n<meta property=\"article:modified_time\" content=\"2025-03-31T07:21:07+00:00\" \/>\r\n<meta property=\"og:image\" content=\"https:\/\/www.laescueladelagua.com\/wp-content\/uploads\/2024\/09\/NOIA-.jpg\" \/>\r\n\t<meta property=\"og:image:width\" content=\"520\" \/>\r\n\t<meta property=\"og:image:height\" content=\"541\" \/>\r\n\t<meta property=\"og:image:type\" content=\"image\/jpeg\" \/>\r\n<meta name=\"author\" content=\"david.oller\" \/>\r\n<meta name=\"twitter:card\" content=\"summary_large_image\" \/>\r\n<meta name=\"twitter:label1\" content=\"Escrit per\" \/>\n\t<meta name=\"twitter:data1\" content=\"david.oller\" \/>\n\t<meta name=\"twitter:label2\" content=\"Temps estimat de lectura\" \/>\n\t<meta name=\"twitter:data2\" content=\"4 minuts\" \/>\r\n<script type=\"application\/ld+json\" class=\"yoast-schema-graph\">{\"@context\":\"https:\/\/schema.org\",\"@graph\":[{\"@type\":\"Article\",\"@id\":\"https:\/\/www.laescueladelagua.com\/en\/grado-dual-en-agbar-el-exito-de-mia-demuestra-el-valor-de-la-formacion-integral\/#article\",\"isPartOf\":{\"@id\":\"https:\/\/www.laescueladelagua.com\/en\/grado-dual-en-agbar-el-exito-de-mia-demuestra-el-valor-de-la-formacion-integral\/\"},\"author\":{\"name\":\"david.oller\",\"@id\":\"https:\/\/wapwebedapro01.azurewebsites.net\/#\/schema\/person\/f4da9bd303ae80086067146a6fe01282\"},\"headline\":\"Grado dual en Agbar: El \u00e9xito de Mia demuestra el valor de la formaci\u00f3n dual universitaria\",\"datePublished\":\"2024-09-13T13:11:56+00:00\",\"dateModified\":\"2025-03-31T07:21:07+00:00\",\"mainEntityOfPage\":{\"@id\":\"https:\/\/www.laescueladelagua.com\/en\/grado-dual-en-agbar-el-exito-de-mia-demuestra-el-valor-de-la-formacion-integral\/\"},\"wordCount\":820,\"commentCount\":0,\"publisher\":{\"@id\":\"https:\/\/wapwebedapro01.azurewebsites.net\/#organization\"},\"image\":{\"@id\":\"https:\/\/www.laescueladelagua.com\/en\/grado-dual-en-agbar-el-exito-de-mia-demuestra-el-valor-de-la-formacion-integral\/#primaryimage\"},\"thumbnailUrl\":\"\/wp-content\/uploads\/2024\/09\/NOIA-.jpg\",\"keywords\":[\"fpdual\"],\"articleSection\":[\"Grado universitario\"],\"inLanguage\":\"ca\",\"potentialAction\":[{\"@type\":\"CommentAction\",\"name\":\"Comment\",\"target\":[\"https:\/\/www.laescueladelagua.com\/en\/grado-dual-en-agbar-el-exito-de-mia-demuestra-el-valor-de-la-formacion-integral\/#respond\"]}]},{\"@type\":\"WebPage\",\"@id\":\"https:\/\/www.laescueladelagua.com\/en\/grado-dual-en-agbar-el-exito-de-mia-demuestra-el-valor-de-la-formacion-integral\/\",\"url\":\"https:\/\/www.laescueladelagua.com\/en\/grado-dual-en-agbar-el-exito-de-mia-demuestra-el-valor-de-la-formacion-integral\/\",\"name\":\"Grado dual en Agbar: El \u00e9xito de Mia demuestra el valor de la formaci\u00f3n dual universitaria - Escuela del agua\",\"isPartOf\":{\"@id\":\"https:\/\/wapwebedapro01.azurewebsites.net\/#website\"},\"primaryImageOfPage\":{\"@id\":\"https:\/\/www.laescueladelagua.com\/en\/grado-dual-en-agbar-el-exito-de-mia-demuestra-el-valor-de-la-formacion-integral\/#primaryimage\"},\"image\":{\"@id\":\"https:\/\/www.laescueladelagua.com\/en\/grado-dual-en-agbar-el-exito-de-mia-demuestra-el-valor-de-la-formacion-integral\/#primaryimage\"},\"thumbnailUrl\":\"\/wp-content\/uploads\/2024\/09\/NOIA-.jpg\",\"datePublished\":\"2024-09-13T13:11:56+00:00\",\"dateModified\":\"2025-03-31T07:21:07+00:00\",\"breadcrumb\":{\"@id\":\"https:\/\/www.laescueladelagua.com\/en\/grado-dual-en-agbar-el-exito-de-mia-demuestra-el-valor-de-la-formacion-integral\/#breadcrumb\"},\"inLanguage\":\"ca\",\"potentialAction\":[{\"@type\":\"ReadAction\",\"target\":[\"https:\/\/www.laescueladelagua.com\/en\/grado-dual-en-agbar-el-exito-de-mia-demuestra-el-valor-de-la-formacion-integral\/\"]}]},{\"@type\":\"ImageObject\",\"inLanguage\":\"ca\",\"@id\":\"https:\/\/www.laescueladelagua.com\/en\/grado-dual-en-agbar-el-exito-de-mia-demuestra-el-valor-de-la-formacion-integral\/#primaryimage\",\"url\":\"\/wp-content\/uploads\/2024\/09\/NOIA-.jpg\",\"contentUrl\":\"\/wp-content\/uploads\/2024\/09\/NOIA-.jpg\",\"width\":520,\"height\":541},{\"@type\":\"BreadcrumbList\",\"@id\":\"https:\/\/www.laescueladelagua.com\/en\/grado-dual-en-agbar-el-exito-de-mia-demuestra-el-valor-de-la-formacion-integral\/#breadcrumb\",\"itemListElement\":[{\"@type\":\"ListItem\",\"position\":1,\"name\":\"Home\",\"item\":\"https:\/\/wapwebedapro01.azurewebsites.net\/\"},{\"@type\":\"ListItem\",\"position\":2,\"name\":\"Grado dual en Agbar: El \u00e9xito de Mia demuestra el valor de la formaci\u00f3n dual universitaria\"}]},{\"@type\":\"WebSite\",\"@id\":\"https:\/\/wapwebedapro01.azurewebsites.net\/#website\",\"url\":\"https:\/\/wapwebedapro01.azurewebsites.net\/\",\"name\":\"Escuela del agua\",\"description\":\"\",\"publisher\":{\"@id\":\"https:\/\/wapwebedapro01.azurewebsites.net\/#organization\"},\"potentialAction\":[{\"@type\":\"SearchAction\",\"target\":{\"@type\":\"EntryPoint\",\"urlTemplate\":\"https:\/\/wapwebedapro01.azurewebsites.net\/?s={search_term_string}\"},\"query-input\":{\"@type\":\"PropertyValueSpecification\",\"valueRequired\":true,\"valueName\":\"search_term_string\"}}],\"inLanguage\":\"ca\"},{\"@type\":\"Organization\",\"@id\":\"https:\/\/wapwebedapro01.azurewebsites.net\/#organization\",\"name\":\"Escuela del agua\",\"url\":\"https:\/\/wapwebedapro01.azurewebsites.net\/\",\"logo\":{\"@type\":\"ImageObject\",\"inLanguage\":\"ca\",\"@id\":\"https:\/\/wapwebedapro01.azurewebsites.net\/#\/schema\/logo\/image\/\",\"url\":\"\/wp-content\/uploads\/2023\/08\/logo_EscueladelAgua_mod.1.1_150px.png\",\"contentUrl\":\"\/wp-content\/uploads\/2023\/08\/logo_EscueladelAgua_mod.1.1_150px.png\",\"width\":150,\"height\":90,\"caption\":\"Escuela del agua\"},\"image\":{\"@id\":\"https:\/\/wapwebedapro01.azurewebsites.net\/#\/schema\/logo\/image\/\"}},{\"@type\":\"Person\",\"@id\":\"https:\/\/wapwebedapro01.azurewebsites.net\/#\/schema\/person\/f4da9bd303ae80086067146a6fe01282\",\"name\":\"david.oller\",\"image\":{\"@type\":\"ImageObject\",\"inLanguage\":\"ca\",\"@id\":\"https:\/\/wapwebedapro01.azurewebsites.net\/#\/schema\/person\/image\/\",\"url\":\"https:\/\/secure.gravatar.com\/avatar\/698f6c52e9efecbb9e5d6923485f2cf6?s=96&d=mm&r=g\",\"contentUrl\":\"https:\/\/secure.gravatar.com\/avatar\/698f6c52e9efecbb9e5d6923485f2cf6?s=96&d=mm&r=g\",\"caption\":\"david.oller\"},\"url\":\"https:\/\/www.laescueladelagua.com\/ca\/author\/david-oller\/\"}]}<\/script>\r\n<!-- \/ Yoast SEO plugin. -->","yoast_head_json":{"title":"Grado dual en Agbar: El \u00e9xito de Mia demuestra el valor de la formaci\u00f3n dual universitaria - Escuela del agua","robots":{"index":"index","follow":"follow","max-snippet":"max-snippet:-1","max-image-preview":"max-image-preview:large","max-video-preview":"max-video-preview:-1"},"canonical":"https:\/\/www.laescueladelagua.com\/ca\/grado-dual-en-agbar-el-exito-de-mia-demuestra-el-valor-de-la-formacion-integral\/","og_locale":"ca_ES","og_type":"article","og_title":"Grado dual en Agbar: El \u00e9xito de Mia demuestra el valor de la formaci\u00f3n dual universitaria - Escuela del agua","og_description":"Agbar destaca por su firme apoyo a la educaci\u00f3n y la formaci\u00f3n de calidad. A trav\u00e9s de la Escuela del Agua, Agbar cuenta con m\u00e1s de 10 a\u00f1os de experiencia impulsando la formaci\u00f3n dual. Tenemos el placer de presentar el caso de Mia Climent Cerd\u00e0, que nos comparte su experiencia dual universitaria. Mia es una [&hellip;]","og_url":"https:\/\/www.laescueladelagua.com\/ca\/grado-dual-en-agbar-el-exito-de-mia-demuestra-el-valor-de-la-formacion-integral\/","og_site_name":"Escuela del agua","article_published_time":"2024-09-13T13:11:56+00:00","article_modified_time":"2025-03-31T07:21:07+00:00","og_image":[{"width":520,"height":541,"url":"https:\/\/www.laescueladelagua.com\/wp-content\/uploads\/2024\/09\/NOIA-.jpg","type":"image\/jpeg"}],"author":"david.oller","twitter_card":"summary_large_image","twitter_misc":{"Escrit per":"david.oller","Temps estimat de lectura":"4 minuts"},"schema":{"@context":"https:\/\/schema.org","@graph":[{"@type":"Article","@id":"https:\/\/www.laescueladelagua.com\/en\/grado-dual-en-agbar-el-exito-de-mia-demuestra-el-valor-de-la-formacion-integral\/#article","isPartOf":{"@id":"https:\/\/www.laescueladelagua.com\/en\/grado-dual-en-agbar-el-exito-de-mia-demuestra-el-valor-de-la-formacion-integral\/"},"author":{"name":"david.oller","@id":"https:\/\/wapwebedapro01.azurewebsites.net\/#\/schema\/person\/f4da9bd303ae80086067146a6fe01282"},"headline":"Grado dual en Agbar: El \u00e9xito de Mia demuestra el valor de la formaci\u00f3n dual universitaria","datePublished":"2024-09-13T13:11:56+00:00","dateModified":"2025-03-31T07:21:07+00:00","mainEntityOfPage":{"@id":"https:\/\/www.laescueladelagua.com\/en\/grado-dual-en-agbar-el-exito-de-mia-demuestra-el-valor-de-la-formacion-integral\/"},"wordCount":820,"commentCount":0,"publisher":{"@id":"https:\/\/wapwebedapro01.azurewebsites.net\/#organization"},"image":{"@id":"https:\/\/www.laescueladelagua.com\/en\/grado-dual-en-agbar-el-exito-de-mia-demuestra-el-valor-de-la-formacion-integral\/#primaryimage"},"thumbnailUrl":"\/wp-content\/uploads\/2024\/09\/NOIA-.jpg","keywords":["fpdual"],"articleSection":["Grado universitario"],"inLanguage":"ca","potentialAction":[{"@type":"CommentAction","name":"Comment","target":["https:\/\/www.laescueladelagua.com\/en\/grado-dual-en-agbar-el-exito-de-mia-demuestra-el-valor-de-la-formacion-integral\/#respond"]}]},{"@type":"WebPage","@id":"https:\/\/www.laescueladelagua.com\/en\/grado-dual-en-agbar-el-exito-de-mia-demuestra-el-valor-de-la-formacion-integral\/","url":"https:\/\/www.laescueladelagua.com\/en\/grado-dual-en-agbar-el-exito-de-mia-demuestra-el-valor-de-la-formacion-integral\/","name":"Grado dual en Agbar: El \u00e9xito de Mia demuestra el valor de la formaci\u00f3n dual universitaria - Escuela del agua","isPartOf":{"@id":"https:\/\/wapwebedapro01.azurewebsites.net\/#website"},"primaryImageOfPage":{"@id":"https:\/\/www.laescueladelagua.com\/en\/grado-dual-en-agbar-el-exito-de-mia-demuestra-el-valor-de-la-formacion-integral\/#primaryimage"},"image":{"@id":"https:\/\/www.laescueladelagua.com\/en\/grado-dual-en-agbar-el-exito-de-mia-demuestra-el-valor-de-la-formacion-integral\/#primaryimage"},"thumbnailUrl":"\/wp-content\/uploads\/2024\/09\/NOIA-.jpg","datePublished":"2024-09-13T13:11:56+00:00","dateModified":"2025-03-31T07:21:07+00:00","breadcrumb":{"@id":"https:\/\/www.laescueladelagua.com\/en\/grado-dual-en-agbar-el-exito-de-mia-demuestra-el-valor-de-la-formacion-integral\/#breadcrumb"},"inLanguage":"ca","potentialAction":[{"@type":"ReadAction","target":["https:\/\/www.laescueladelagua.com\/en\/grado-dual-en-agbar-el-exito-de-mia-demuestra-el-valor-de-la-formacion-integral\/"]}]},{"@type":"ImageObject","inLanguage":"ca","@id":"https:\/\/www.laescueladelagua.com\/en\/grado-dual-en-agbar-el-exito-de-mia-demuestra-el-valor-de-la-formacion-integral\/#primaryimage","url":"\/wp-content\/uploads\/2024\/09\/NOIA-.jpg","contentUrl":"\/wp-content\/uploads\/2024\/09\/NOIA-.jpg","width":520,"height":541},{"@type":"BreadcrumbList","@id":"https:\/\/www.laescueladelagua.com\/en\/grado-dual-en-agbar-el-exito-de-mia-demuestra-el-valor-de-la-formacion-integral\/#breadcrumb","itemListElement":[{"@type":"ListItem","position":1,"name":"Home","item":"https:\/\/wapwebedapro01.azurewebsites.net\/"},{"@type":"ListItem","position":2,"name":"Grado dual en Agbar: El \u00e9xito de Mia demuestra el valor de la formaci\u00f3n dual universitaria"}]},{"@type":"WebSite","@id":"https:\/\/wapwebedapro01.azurewebsites.net\/#website","url":"https:\/\/wapwebedapro01.azurewebsites.net\/","name":"Escuela del agua","description":"","publisher":{"@id":"https:\/\/wapwebedapro01.azurewebsites.net\/#organization"},"potentialAction":[{"@type":"SearchAction","target":{"@type":"EntryPoint","urlTemplate":"https:\/\/wapwebedapro01.azurewebsites.net\/?s={search_term_string}"},"query-input":{"@type":"PropertyValueSpecification","valueRequired":true,"valueName":"search_term_string"}}],"inLanguage":"ca"},{"@type":"Organization","@id":"https:\/\/wapwebedapro01.azurewebsites.net\/#organization","name":"Escuela del agua","url":"https:\/\/wapwebedapro01.azurewebsites.net\/","logo":{"@type":"ImageObject","inLanguage":"ca","@id":"https:\/\/wapwebedapro01.azurewebsites.net\/#\/schema\/logo\/image\/","url":"\/wp-content\/uploads\/2023\/08\/logo_EscueladelAgua_mod.1.1_150px.png","contentUrl":"\/wp-content\/uploads\/2023\/08\/logo_EscueladelAgua_mod.1.1_150px.png","width":150,"height":90,"caption":"Escuela del agua"},"image":{"@id":"https:\/\/wapwebedapro01.azurewebsites.net\/#\/schema\/logo\/image\/"}},{"@type":"Person","@id":"https:\/\/wapwebedapro01.azurewebsites.net\/#\/schema\/person\/f4da9bd303ae80086067146a6fe01282","name":"david.oller","image":{"@type":"ImageObject","inLanguage":"ca","@id":"https:\/\/wapwebedapro01.azurewebsites.net\/#\/schema\/person\/image\/","url":"https:\/\/secure.gravatar.com\/avatar\/698f6c52e9efecbb9e5d6923485f2cf6?s=96&d=mm&r=g","contentUrl":"https:\/\/secure.gravatar.com\/avatar\/698f6c52e9efecbb9e5d6923485f2cf6?s=96&d=mm&r=g","caption":"david.oller"},"url":"https:\/\/www.laescueladelagua.com\/ca\/author\/david-oller\/"}]}},"meta_box":[],"_links":{"self":[{"href":"https:\/\/www.laescueladelagua.com\/ca\/wp-json\/wp\/v2\/posts\/3557","targetHints":{"allow":["GET"]}}],"collection":[{"href":"https:\/\/www.laescueladelagua.com\/ca\/wp-json\/wp\/v2\/posts"}],"about":[{"href":"https:\/\/www.laescueladelagua.com\/ca\/wp-json\/wp\/v2\/types\/post"}],"author":[{"embeddable":true,"href":"https:\/\/www.laescueladelagua.com\/ca\/wp-json\/wp\/v2\/users\/7"}],"replies":[{"embeddable":true,"href":"https:\/\/www.laescueladelagua.com\/ca\/wp-json\/wp\/v2\/comments?post=3557"}],"version-history":[{"count":4,"href":"https:\/\/www.laescueladelagua.com\/ca\/wp-json\/wp\/v2\/posts\/3557\/revisions"}],"predecessor-version":[{"id":4015,"href":"https:\/\/www.laescueladelagua.com\/ca\/wp-json\/wp\/v2\/posts\/3557\/revisions\/4015"}],"wp:featuredmedia":[{"embeddable":true,"href":"https:\/\/www.laescueladelagua.com\/ca\/wp-json\/wp\/v2\/media\/3558"}],"wp:attachment":[{"href":"https:\/\/www.laescueladelagua.com\/ca\/wp-json\/wp\/v2\/media?parent=3557"}],"wp:term":[{"taxonomy":"category","embeddable":true,"href":"https:\/\/www.laescueladelagua.com\/ca\/wp-json\/wp\/v2\/categories?post=3557"},{"taxonomy":"post_tag","embeddable":true,"href":"https:\/\/www.laescueladelagua.com\/ca\/wp-json\/wp\/v2\/tags?post=3557"}],"curies":[{"name":"wp","href":"https:\/\/api.w.org\/{rel}","templated":true}]}}