{"id":3572,"date":"2024-10-07T10:21:44","date_gmt":"2024-10-07T10:21:44","guid":{"rendered":"https:\/\/www.laescueladelagua.com\/?p=3572"},"modified":"2024-10-07T10:43:20","modified_gmt":"2024-10-07T10:43:20","slug":"el-programa-escolar-de-concienciacion-ambiental-aqualogia-celebra-10-anos","status":"publish","type":"post","link":"https:\/\/www.laescueladelagua.com\/ca\/el-programa-escolar-de-concienciacion-ambiental-aqualogia-celebra-10-anos\/","title":{"rendered":"El programa escolar de concienciaci\u00f3n ambiental Aqualogia \u00a1celebra 10 a\u00f1os!"},"content":{"rendered":"<p><b><i>En este nuevo curso escolar, Aqualogia, el programa de educaci\u00f3n ambiental para escolares de primaria impulsado por Agbar, cumple su d\u00e9cimo aniversario, reafirmando su compromiso de sensibilizaci\u00f3n a los m\u00e1s j\u00f3venes sobre la importancia del agua y del medio ambiente.<\/i><\/b><\/p>\n<p>&nbsp;<\/p>\n<p><span style=\"font-weight: 400;\">Desde sus inicios hace una d\u00e9cada, Aqualogia ha sido clave en la formaci\u00f3n de los escolares de primaria sobre el cuidado del agua y del medio ambiente, la sostenibilidad de los recursos y la actuaci\u00f3n sobre el cambio clim\u00e1tico. Un programa que a lo largo de los a\u00f1os ha ido creciendo, con la incorporaci\u00f3n de nuevos elementos interactivos y digitales \u2013 como el aula virtual en el a\u00f1o 2020, lo que ha permitido mantener activo el programa en los primeros cursos post-pandemia \u2013, generando impacto positivo en las nuevas generaciones cada vez m\u00e1s concienciadas de la situaci\u00f3n de emergencia clim\u00e1tica.\u00a0<\/span><\/p>\n<p><span style=\"font-weight: 400;\">Para conmemorar este aniversario, La Escuela del Agua ha celebrado un acto para la red de Aqualogia de Agbar, que ha contado con la participaci\u00f3n de m\u00e1s de 40 personas referentes del programa en las empresas operadoras de agua de\u00a0 Agbar.<\/span><\/p>\n<p><span style=\"font-weight: 400;\">El acto ha contado con la participaci\u00f3n de Manuel Cermer\u00f3n, director general de Agbar, que ha repasado en su discurso los principales hitos del programa durante estos diez a\u00f1os y ha compartido su visi\u00f3n de futuro.\u00a0<\/span><\/p>\n<p><span style=\"font-weight: 400;\">En el acto tambi\u00e9n ha intervenido Eire Ruiz, la coordinadora de servicios educativos de la Escuela del Agua para compartir la constante evoluci\u00f3n del programa y presentar las nuevas cajas pedag\u00f3gicas Aquakits, una herramienta que ofrece experiencias pr\u00e1cticas y motivadoras para impulsar el aprendizaje activo entre el alumnado.<\/span><\/p>\n<p><span style=\"font-weight: 400;\">A continuaci\u00f3n, ha habido un momento para el reconocimiento al esfuerzo y a la dedicaci\u00f3n de quienes han hecho posible que el programa Aqualogia siga creciendo y generando impacto positivo en nuestra comunidad. Ha destacado la zona Centro-Norte por su alcance a lo largo de estos a\u00f1os, la Comunidad Valenciana por su modelo de colaboraci\u00f3n que ha permitido llevar Aqualogia m\u00e1s all\u00e1 de los centros escolares, y la zona de Andaluc\u00eda por su reciente trayectoria e impulso renovado.\u00a0<\/span><\/p>\n<p><span style=\"font-weight: 400;\">Una mesa redonda sobre el camino de la educaci\u00f3n ambiental, ha servido para la reflexi\u00f3n conjunta, seguida de una intervenci\u00f3n por representantes de la Direcci\u00f3n de Acci\u00f3n Social de Agbar sobre el valor de los programas educativos.\u00a0<\/span><\/p>\n<p><span style=\"font-weight: 400;\">Tambi\u00e9n ha habido tiempo para experimentar y conocer los retos y la aventura de La ciudad subterr\u00e1nea de las cajas pedag\u00f3gicas Aquakits, para apuntar los itinerarios de despliegue que mejor se adaptan a cada territorio.\u00a0<\/span><\/p>\n<p>&nbsp;<\/p>\n<p><span style=\"font-weight: 400;\">El programa Aqualogia, que impulsa La Escuela del Agua de Agbar, se enmarca en el objetivo de la compa\u00f1\u00eda de concienciar y educar a las personas sobre el valor del agua, en este caso desde la infancia, fomentando la creaci\u00f3n de comunidades m\u00e1s sostenibles, un pilar fundamental en la acci\u00f3n social del grupo.\u00a0\u00a0<\/span><\/p>\n<p><span style=\"font-weight: 400;\">\u00a0\u00a0\u00a0\u00a0\u00a0\u00a0\u00a0\u00a0\u00a0\u00a0\u00a0\u00a0\u00a0\u00a0\u00a0\u00a0\u00a0\u00a0<\/span><\/p>\n<p>&nbsp;<\/p>","protected":false},"excerpt":{"rendered":"<p>En este nuevo curso escolar, Aqualogia, el programa de educaci\u00f3n ambiental para escolares de primaria impulsado por Agbar, cumple su d\u00e9cimo aniversario, reafirmando su compromiso de sensibilizaci\u00f3n a los m\u00e1s j\u00f3venes sobre la importancia del agua y del medio ambiente. &nbsp; Desde sus inicios hace una d\u00e9cada, Aqualogia ha sido clave en la formaci\u00f3n de [&hellip;]<\/p>","protected":false},"author":7,"featured_media":3575,"comment_status":"open","ping_status":"open","sticky":false,"template":"","format":"standard","meta":{"footnotes":""},"categories":[51],"tags":[120,104,119],"class_list":["post-3572","post","type-post","status-publish","format-standard","has-post-thumbnail","hentry","category-educacion-ambiental","tag-aquakit","tag-aqualogia","tag-educacionambiental"],"yoast_head":"<!-- This site is optimized with the Yoast SEO plugin v24.5 - https:\/\/yoast.com\/wordpress\/plugins\/seo\/ -->\r\n<title>El programa escolar de concienciaci\u00f3n ambiental Aqualogia \u00a1celebra 10 a\u00f1os! - Escuela del agua<\/title>\r\n<meta name=\"robots\" content=\"index, follow, max-snippet:-1, max-image-preview:large, max-video-preview:-1\" \/>\r\n<link rel=\"canonical\" href=\"https:\/\/www.laescueladelagua.com\/ca\/el-programa-escolar-de-concienciacion-ambiental-aqualogia-celebra-10-anos\/\" \/>\r\n<meta property=\"og:locale\" content=\"ca_ES\" \/>\r\n<meta property=\"og:type\" content=\"article\" \/>\r\n<meta property=\"og:title\" content=\"El programa escolar de concienciaci\u00f3n ambiental Aqualogia \u00a1celebra 10 a\u00f1os! - Escuela del agua\" \/>\r\n<meta property=\"og:description\" content=\"En este nuevo curso escolar, Aqualogia, el programa de educaci\u00f3n ambiental para escolares de primaria impulsado por Agbar, cumple su d\u00e9cimo aniversario, reafirmando su compromiso de sensibilizaci\u00f3n a los m\u00e1s j\u00f3venes sobre la importancia del agua y del medio ambiente. &nbsp; Desde sus inicios hace una d\u00e9cada, Aqualogia ha sido clave en la formaci\u00f3n de [&hellip;]\" \/>\r\n<meta property=\"og:url\" content=\"https:\/\/www.laescueladelagua.com\/ca\/el-programa-escolar-de-concienciacion-ambiental-aqualogia-celebra-10-anos\/\" \/>\r\n<meta property=\"og:site_name\" content=\"Escuela del agua\" \/>\r\n<meta property=\"article:published_time\" content=\"2024-10-07T10:21:44+00:00\" \/>\r\n<meta property=\"article:modified_time\" content=\"2024-10-07T10:43:20+00:00\" \/>\r\n<meta property=\"og:image\" content=\"https:\/\/www.laescueladelagua.com\/wp-content\/uploads\/2024\/10\/AQUALOGIA-1.jpg\" \/>\r\n\t<meta property=\"og:image:width\" content=\"1404\" \/>\r\n\t<meta property=\"og:image:height\" content=\"936\" \/>\r\n\t<meta property=\"og:image:type\" content=\"image\/jpeg\" \/>\r\n<meta name=\"author\" content=\"david.oller\" \/>\r\n<meta name=\"twitter:card\" content=\"summary_large_image\" \/>\r\n<meta name=\"twitter:label1\" content=\"Escrit per\" \/>\n\t<meta name=\"twitter:data1\" content=\"david.oller\" \/>\n\t<meta name=\"twitter:label2\" content=\"Temps estimat de lectura\" \/>\n\t<meta name=\"twitter:data2\" content=\"3 minuts\" \/>\r\n<script type=\"application\/ld+json\" class=\"yoast-schema-graph\">{\"@context\":\"https:\/\/schema.org\",\"@graph\":[{\"@type\":\"Article\",\"@id\":\"https:\/\/www.laescueladelagua.com\/el-programa-escolar-de-concienciacion-ambiental-aqualogia-celebra-10-anos\/#article\",\"isPartOf\":{\"@id\":\"https:\/\/www.laescueladelagua.com\/el-programa-escolar-de-concienciacion-ambiental-aqualogia-celebra-10-anos\/\"},\"author\":{\"name\":\"david.oller\",\"@id\":\"https:\/\/wapwebedapro01.azurewebsites.net\/#\/schema\/person\/f4da9bd303ae80086067146a6fe01282\"},\"headline\":\"El programa escolar de concienciaci\u00f3n ambiental Aqualogia \u00a1celebra 10 a\u00f1os!\",\"datePublished\":\"2024-10-07T10:21:44+00:00\",\"dateModified\":\"2024-10-07T10:43:20+00:00\",\"mainEntityOfPage\":{\"@id\":\"https:\/\/www.laescueladelagua.com\/el-programa-escolar-de-concienciacion-ambiental-aqualogia-celebra-10-anos\/\"},\"wordCount\":521,\"commentCount\":0,\"publisher\":{\"@id\":\"https:\/\/wapwebedapro01.azurewebsites.net\/#organization\"},\"image\":{\"@id\":\"https:\/\/www.laescueladelagua.com\/el-programa-escolar-de-concienciacion-ambiental-aqualogia-celebra-10-anos\/#primaryimage\"},\"thumbnailUrl\":\"\/wp-content\/uploads\/2024\/10\/AQUALOGIA-1.jpg\",\"keywords\":[\"#Aquakit\",\"#aqualogia\",\"#Educaci\u00f3nAmbiental\"],\"articleSection\":[\"Educaci\u00f3n ambiental\"],\"inLanguage\":\"ca\",\"potentialAction\":[{\"@type\":\"CommentAction\",\"name\":\"Comment\",\"target\":[\"https:\/\/www.laescueladelagua.com\/el-programa-escolar-de-concienciacion-ambiental-aqualogia-celebra-10-anos\/#respond\"]}]},{\"@type\":\"WebPage\",\"@id\":\"https:\/\/www.laescueladelagua.com\/el-programa-escolar-de-concienciacion-ambiental-aqualogia-celebra-10-anos\/\",\"url\":\"https:\/\/www.laescueladelagua.com\/el-programa-escolar-de-concienciacion-ambiental-aqualogia-celebra-10-anos\/\",\"name\":\"El programa escolar de concienciaci\u00f3n ambiental Aqualogia \u00a1celebra 10 a\u00f1os! - Escuela del agua\",\"isPartOf\":{\"@id\":\"https:\/\/wapwebedapro01.azurewebsites.net\/#website\"},\"primaryImageOfPage\":{\"@id\":\"https:\/\/www.laescueladelagua.com\/el-programa-escolar-de-concienciacion-ambiental-aqualogia-celebra-10-anos\/#primaryimage\"},\"image\":{\"@id\":\"https:\/\/www.laescueladelagua.com\/el-programa-escolar-de-concienciacion-ambiental-aqualogia-celebra-10-anos\/#primaryimage\"},\"thumbnailUrl\":\"\/wp-content\/uploads\/2024\/10\/AQUALOGIA-1.jpg\",\"datePublished\":\"2024-10-07T10:21:44+00:00\",\"dateModified\":\"2024-10-07T10:43:20+00:00\",\"breadcrumb\":{\"@id\":\"https:\/\/www.laescueladelagua.com\/el-programa-escolar-de-concienciacion-ambiental-aqualogia-celebra-10-anos\/#breadcrumb\"},\"inLanguage\":\"ca\",\"potentialAction\":[{\"@type\":\"ReadAction\",\"target\":[\"https:\/\/www.laescueladelagua.com\/el-programa-escolar-de-concienciacion-ambiental-aqualogia-celebra-10-anos\/\"]}]},{\"@type\":\"ImageObject\",\"inLanguage\":\"ca\",\"@id\":\"https:\/\/www.laescueladelagua.com\/el-programa-escolar-de-concienciacion-ambiental-aqualogia-celebra-10-anos\/#primaryimage\",\"url\":\"\/wp-content\/uploads\/2024\/10\/AQUALOGIA-1.jpg\",\"contentUrl\":\"\/wp-content\/uploads\/2024\/10\/AQUALOGIA-1.jpg\",\"width\":1404,\"height\":936},{\"@type\":\"BreadcrumbList\",\"@id\":\"https:\/\/www.laescueladelagua.com\/el-programa-escolar-de-concienciacion-ambiental-aqualogia-celebra-10-anos\/#breadcrumb\",\"itemListElement\":[{\"@type\":\"ListItem\",\"position\":1,\"name\":\"Home\",\"item\":\"https:\/\/wapwebedapro01.azurewebsites.net\/\"},{\"@type\":\"ListItem\",\"position\":2,\"name\":\"El programa escolar de concienciaci\u00f3n ambiental Aqualogia \u00a1celebra 10 a\u00f1os!\"}]},{\"@type\":\"WebSite\",\"@id\":\"https:\/\/wapwebedapro01.azurewebsites.net\/#website\",\"url\":\"https:\/\/wapwebedapro01.azurewebsites.net\/\",\"name\":\"Escuela del agua\",\"description\":\"\",\"publisher\":{\"@id\":\"https:\/\/wapwebedapro01.azurewebsites.net\/#organization\"},\"potentialAction\":[{\"@type\":\"SearchAction\",\"target\":{\"@type\":\"EntryPoint\",\"urlTemplate\":\"https:\/\/wapwebedapro01.azurewebsites.net\/?s={search_term_string}\"},\"query-input\":{\"@type\":\"PropertyValueSpecification\",\"valueRequired\":true,\"valueName\":\"search_term_string\"}}],\"inLanguage\":\"ca\"},{\"@type\":\"Organization\",\"@id\":\"https:\/\/wapwebedapro01.azurewebsites.net\/#organization\",\"name\":\"Escuela del agua\",\"url\":\"https:\/\/wapwebedapro01.azurewebsites.net\/\",\"logo\":{\"@type\":\"ImageObject\",\"inLanguage\":\"ca\",\"@id\":\"https:\/\/wapwebedapro01.azurewebsites.net\/#\/schema\/logo\/image\/\",\"url\":\"\/wp-content\/uploads\/2023\/08\/logo_EscueladelAgua_mod.1.1_150px.png\",\"contentUrl\":\"\/wp-content\/uploads\/2023\/08\/logo_EscueladelAgua_mod.1.1_150px.png\",\"width\":150,\"height\":90,\"caption\":\"Escuela del agua\"},\"image\":{\"@id\":\"https:\/\/wapwebedapro01.azurewebsites.net\/#\/schema\/logo\/image\/\"}},{\"@type\":\"Person\",\"@id\":\"https:\/\/wapwebedapro01.azurewebsites.net\/#\/schema\/person\/f4da9bd303ae80086067146a6fe01282\",\"name\":\"david.oller\",\"image\":{\"@type\":\"ImageObject\",\"inLanguage\":\"ca\",\"@id\":\"https:\/\/wapwebedapro01.azurewebsites.net\/#\/schema\/person\/image\/\",\"url\":\"https:\/\/secure.gravatar.com\/avatar\/698f6c52e9efecbb9e5d6923485f2cf6?s=96&d=mm&r=g\",\"contentUrl\":\"https:\/\/secure.gravatar.com\/avatar\/698f6c52e9efecbb9e5d6923485f2cf6?s=96&d=mm&r=g\",\"caption\":\"david.oller\"},\"url\":\"https:\/\/www.laescueladelagua.com\/ca\/author\/david-oller\/\"}]}<\/script>\r\n<!-- \/ Yoast SEO plugin. -->","yoast_head_json":{"title":"El programa escolar de concienciaci\u00f3n ambiental Aqualogia \u00a1celebra 10 a\u00f1os! - Escuela del agua","robots":{"index":"index","follow":"follow","max-snippet":"max-snippet:-1","max-image-preview":"max-image-preview:large","max-video-preview":"max-video-preview:-1"},"canonical":"https:\/\/www.laescueladelagua.com\/ca\/el-programa-escolar-de-concienciacion-ambiental-aqualogia-celebra-10-anos\/","og_locale":"ca_ES","og_type":"article","og_title":"El programa escolar de concienciaci\u00f3n ambiental Aqualogia \u00a1celebra 10 a\u00f1os! - Escuela del agua","og_description":"En este nuevo curso escolar, Aqualogia, el programa de educaci\u00f3n ambiental para escolares de primaria impulsado por Agbar, cumple su d\u00e9cimo aniversario, reafirmando su compromiso de sensibilizaci\u00f3n a los m\u00e1s j\u00f3venes sobre la importancia del agua y del medio ambiente. &nbsp; Desde sus inicios hace una d\u00e9cada, Aqualogia ha sido clave en la formaci\u00f3n de [&hellip;]","og_url":"https:\/\/www.laescueladelagua.com\/ca\/el-programa-escolar-de-concienciacion-ambiental-aqualogia-celebra-10-anos\/","og_site_name":"Escuela del agua","article_published_time":"2024-10-07T10:21:44+00:00","article_modified_time":"2024-10-07T10:43:20+00:00","og_image":[{"width":1404,"height":936,"url":"https:\/\/www.laescueladelagua.com\/wp-content\/uploads\/2024\/10\/AQUALOGIA-1.jpg","type":"image\/jpeg"}],"author":"david.oller","twitter_card":"summary_large_image","twitter_misc":{"Escrit per":"david.oller","Temps estimat de lectura":"3 minuts"},"schema":{"@context":"https:\/\/schema.org","@graph":[{"@type":"Article","@id":"https:\/\/www.laescueladelagua.com\/el-programa-escolar-de-concienciacion-ambiental-aqualogia-celebra-10-anos\/#article","isPartOf":{"@id":"https:\/\/www.laescueladelagua.com\/el-programa-escolar-de-concienciacion-ambiental-aqualogia-celebra-10-anos\/"},"author":{"name":"david.oller","@id":"https:\/\/wapwebedapro01.azurewebsites.net\/#\/schema\/person\/f4da9bd303ae80086067146a6fe01282"},"headline":"El programa escolar de concienciaci\u00f3n ambiental Aqualogia \u00a1celebra 10 a\u00f1os!","datePublished":"2024-10-07T10:21:44+00:00","dateModified":"2024-10-07T10:43:20+00:00","mainEntityOfPage":{"@id":"https:\/\/www.laescueladelagua.com\/el-programa-escolar-de-concienciacion-ambiental-aqualogia-celebra-10-anos\/"},"wordCount":521,"commentCount":0,"publisher":{"@id":"https:\/\/wapwebedapro01.azurewebsites.net\/#organization"},"image":{"@id":"https:\/\/www.laescueladelagua.com\/el-programa-escolar-de-concienciacion-ambiental-aqualogia-celebra-10-anos\/#primaryimage"},"thumbnailUrl":"\/wp-content\/uploads\/2024\/10\/AQUALOGIA-1.jpg","keywords":["#Aquakit","#aqualogia","#Educaci\u00f3nAmbiental"],"articleSection":["Educaci\u00f3n ambiental"],"inLanguage":"ca","potentialAction":[{"@type":"CommentAction","name":"Comment","target":["https:\/\/www.laescueladelagua.com\/el-programa-escolar-de-concienciacion-ambiental-aqualogia-celebra-10-anos\/#respond"]}]},{"@type":"WebPage","@id":"https:\/\/www.laescueladelagua.com\/el-programa-escolar-de-concienciacion-ambiental-aqualogia-celebra-10-anos\/","url":"https:\/\/www.laescueladelagua.com\/el-programa-escolar-de-concienciacion-ambiental-aqualogia-celebra-10-anos\/","name":"El programa escolar de concienciaci\u00f3n ambiental Aqualogia \u00a1celebra 10 a\u00f1os! - Escuela del agua","isPartOf":{"@id":"https:\/\/wapwebedapro01.azurewebsites.net\/#website"},"primaryImageOfPage":{"@id":"https:\/\/www.laescueladelagua.com\/el-programa-escolar-de-concienciacion-ambiental-aqualogia-celebra-10-anos\/#primaryimage"},"image":{"@id":"https:\/\/www.laescueladelagua.com\/el-programa-escolar-de-concienciacion-ambiental-aqualogia-celebra-10-anos\/#primaryimage"},"thumbnailUrl":"\/wp-content\/uploads\/2024\/10\/AQUALOGIA-1.jpg","datePublished":"2024-10-07T10:21:44+00:00","dateModified":"2024-10-07T10:43:20+00:00","breadcrumb":{"@id":"https:\/\/www.laescueladelagua.com\/el-programa-escolar-de-concienciacion-ambiental-aqualogia-celebra-10-anos\/#breadcrumb"},"inLanguage":"ca","potentialAction":[{"@type":"ReadAction","target":["https:\/\/www.laescueladelagua.com\/el-programa-escolar-de-concienciacion-ambiental-aqualogia-celebra-10-anos\/"]}]},{"@type":"ImageObject","inLanguage":"ca","@id":"https:\/\/www.laescueladelagua.com\/el-programa-escolar-de-concienciacion-ambiental-aqualogia-celebra-10-anos\/#primaryimage","url":"\/wp-content\/uploads\/2024\/10\/AQUALOGIA-1.jpg","contentUrl":"\/wp-content\/uploads\/2024\/10\/AQUALOGIA-1.jpg","width":1404,"height":936},{"@type":"BreadcrumbList","@id":"https:\/\/www.laescueladelagua.com\/el-programa-escolar-de-concienciacion-ambiental-aqualogia-celebra-10-anos\/#breadcrumb","itemListElement":[{"@type":"ListItem","position":1,"name":"Home","item":"https:\/\/wapwebedapro01.azurewebsites.net\/"},{"@type":"ListItem","position":2,"name":"El programa escolar de concienciaci\u00f3n ambiental Aqualogia \u00a1celebra 10 a\u00f1os!"}]},{"@type":"WebSite","@id":"https:\/\/wapwebedapro01.azurewebsites.net\/#website","url":"https:\/\/wapwebedapro01.azurewebsites.net\/","name":"Escuela del agua","description":"","publisher":{"@id":"https:\/\/wapwebedapro01.azurewebsites.net\/#organization"},"potentialAction":[{"@type":"SearchAction","target":{"@type":"EntryPoint","urlTemplate":"https:\/\/wapwebedapro01.azurewebsites.net\/?s={search_term_string}"},"query-input":{"@type":"PropertyValueSpecification","valueRequired":true,"valueName":"search_term_string"}}],"inLanguage":"ca"},{"@type":"Organization","@id":"https:\/\/wapwebedapro01.azurewebsites.net\/#organization","name":"Escuela del agua","url":"https:\/\/wapwebedapro01.azurewebsites.net\/","logo":{"@type":"ImageObject","inLanguage":"ca","@id":"https:\/\/wapwebedapro01.azurewebsites.net\/#\/schema\/logo\/image\/","url":"\/wp-content\/uploads\/2023\/08\/logo_EscueladelAgua_mod.1.1_150px.png","contentUrl":"\/wp-content\/uploads\/2023\/08\/logo_EscueladelAgua_mod.1.1_150px.png","width":150,"height":90,"caption":"Escuela del agua"},"image":{"@id":"https:\/\/wapwebedapro01.azurewebsites.net\/#\/schema\/logo\/image\/"}},{"@type":"Person","@id":"https:\/\/wapwebedapro01.azurewebsites.net\/#\/schema\/person\/f4da9bd303ae80086067146a6fe01282","name":"david.oller","image":{"@type":"ImageObject","inLanguage":"ca","@id":"https:\/\/wapwebedapro01.azurewebsites.net\/#\/schema\/person\/image\/","url":"https:\/\/secure.gravatar.com\/avatar\/698f6c52e9efecbb9e5d6923485f2cf6?s=96&d=mm&r=g","contentUrl":"https:\/\/secure.gravatar.com\/avatar\/698f6c52e9efecbb9e5d6923485f2cf6?s=96&d=mm&r=g","caption":"david.oller"},"url":"https:\/\/www.laescueladelagua.com\/ca\/author\/david-oller\/"}]}},"meta_box":[],"_links":{"self":[{"href":"https:\/\/www.laescueladelagua.com\/ca\/wp-json\/wp\/v2\/posts\/3572","targetHints":{"allow":["GET"]}}],"collection":[{"href":"https:\/\/www.laescueladelagua.com\/ca\/wp-json\/wp\/v2\/posts"}],"about":[{"href":"https:\/\/www.laescueladelagua.com\/ca\/wp-json\/wp\/v2\/types\/post"}],"author":[{"embeddable":true,"href":"https:\/\/www.laescueladelagua.com\/ca\/wp-json\/wp\/v2\/users\/7"}],"replies":[{"embeddable":true,"href":"https:\/\/www.laescueladelagua.com\/ca\/wp-json\/wp\/v2\/comments?post=3572"}],"version-history":[{"count":1,"href":"https:\/\/www.laescueladelagua.com\/ca\/wp-json\/wp\/v2\/posts\/3572\/revisions"}],"predecessor-version":[{"id":3574,"href":"https:\/\/www.laescueladelagua.com\/ca\/wp-json\/wp\/v2\/posts\/3572\/revisions\/3574"}],"wp:featuredmedia":[{"embeddable":true,"href":"https:\/\/www.laescueladelagua.com\/ca\/wp-json\/wp\/v2\/media\/3575"}],"wp:attachment":[{"href":"https:\/\/www.laescueladelagua.com\/ca\/wp-json\/wp\/v2\/media?parent=3572"}],"wp:term":[{"taxonomy":"category","embeddable":true,"href":"https:\/\/www.laescueladelagua.com\/ca\/wp-json\/wp\/v2\/categories?post=3572"},{"taxonomy":"post_tag","embeddable":true,"href":"https:\/\/www.laescueladelagua.com\/ca\/wp-json\/wp\/v2\/tags?post=3572"}],"curies":[{"name":"wp","href":"https:\/\/api.w.org\/{rel}","templated":true}]}}