{"id":4077,"date":"2025-02-13T12:36:55","date_gmt":"2025-02-13T12:36:55","guid":{"rendered":"https:\/\/www.laescueladelagua.com\/?p=4077"},"modified":"2025-02-13T12:36:55","modified_gmt":"2025-02-13T12:36:55","slug":"impulsamos-la-empleabilidad-con-formacion-en-competencias-verdes-dentro-del-programa-green-jobs","status":"publish","type":"post","link":"https:\/\/www.laescueladelagua.com\/ca\/impulsamos-la-empleabilidad-con-formacion-en-competencias-verdes-dentro-del-programa-green-jobs\/","title":{"rendered":"Impulsamos la empleabilidad con formaci\u00f3n en competencias verdes dentro del programa Green Jobs"},"content":{"rendered":"<p><span style=\"font-weight: 400;\">La <\/span><b>Escola de l&#039;Aigua <\/b><span style=\"font-weight: 400;\">en colaboraci\u00f3n con <\/span><b>Aguas de Barcelona<\/b><span style=\"font-weight: 400;\">, ha lanzado una iniciativa formativa de 20 horas dentro del programa de mejora de empleabilidad <\/span><b>Green Jobs<\/b><span style=\"font-weight: 400;\">, la \u00faltima edici\u00f3n ha estado dirigida a personas de 30 a 54 a\u00f1os del municipio de Viladecans que se encuentran en situaci\u00f3n de paro, especialmente mujeres, personas con paro de larga duraci\u00f3n o beneficiarias de la renta garantizada de ciudadan\u00eda o del ingreso m\u00ednimo vital. El objetivo es mejorar la empleabilidad a trav\u00e9s de formaci\u00f3n especializada en los retos ambientales y sostenibles de los pr\u00f3ximos a\u00f1os. A trav\u00e9s de este programa, la Escuela del Agua trabaja con los alumnos y alumnas en el desarrollo de <\/span><b>competencias verdes<\/b><span style=\"font-weight: 400;\">, cruciales para el futuro de un mercado laboral cada vez m\u00e1s enfocado en la sostenibilidad.<\/span><\/p>\n<p><b>\u00bfQu\u00e9 son las competencias verdes?<\/b><\/p>\n<p><span style=\"font-weight: 400;\">Las competencias verdes son aquellas habilidades, conocimientos y capacidades que permiten a los individuos contribuir de manera efectiva a la protecci\u00f3n del medio ambiente, a trav\u00e9s de la implementaci\u00f3n de pr\u00e1cticas sostenibles en su vida diaria y en su entorno profesional. Estas habilidades abarcan desde el conocimiento sobre eficiencia energ\u00e9tica hasta la gesti\u00f3n de recursos naturales, pasando por el consumo responsable y la adaptaci\u00f3n a los desaf\u00edos de la crisis ambiental.<\/span><\/p>\n<p><span style=\"font-weight: 400;\">En este contexto, la Escuela del Agua ha impartido 4 sesiones para fortalecer estas competencias entre los participantes, abordando temas como el <\/span><b>consumo responsable<\/b><span style=\"font-weight: 400;\">, la <\/span><b>crisis ambiental<\/b><span style=\"font-weight: 400;\"> y la importancia de adquirir <\/span><b>buenos h\u00e1bitos<\/b><span style=\"font-weight: 400;\"> en relaci\u00f3n con el uso de los recursos naturales. Las sesiones incluyeron visitas a una planta de tratamiento de agua, lo que permiti\u00f3 a los estudiantes ver de primera mano los procesos implicados en la gesti\u00f3n del agua y la relevancia de un uso responsable de este recurso vital.<\/span><\/p>\n<p><span style=\"font-weight: 400;\">El objetivo de estas jornadas no solo es generar un conocimiento te\u00f3rico, sino impactar directamente en la vida y futuras oportunidades laborales de los participantes, prepar\u00e1ndolos para una inserci\u00f3n exitosa en un mercado de trabajo cada vez m\u00e1s comprometido.<\/span><\/p>\n<p><span style=\"font-weight: 400;\">Este tipo de formaciones son fundamentales para la transici\u00f3n hacia un modelo econ\u00f3mico m\u00e1s verde, que demanda profesionales capacitados para enfrentar los retos ambientales que marcar\u00e1n el futuro pr\u00f3ximo. La <\/span><b>Escola de l&#039;Aigua<\/b><span style=\"font-weight: 400;\"> contin\u00faa su misi\u00f3n de orientar y formar a las nuevas generaciones de profesionales, contribuyendo activamente a un futuro m\u00e1s sostenible y responsable. A trav\u00e9s de este tipo de iniciativas, la alianza con <\/span><b>Aguas de Barcelona<\/b><span style=\"font-weight: 400;\"> refuerza su compromiso con la <\/span><b>empleabilidad verde<\/b><span style=\"font-weight: 400;\">, ofreciendo a los estudiantes las herramientas necesarias para hacer frente a los retos del futuro y alinearse con las demandas del mercado laboral.<\/span><\/p>\n<p><span style=\"font-weight: 400;\">Esta formaci\u00f3n no solo se limita a la transmisi\u00f3n de conocimientos, sino que tambi\u00e9n busca inspirar a los estudiantes a tomar acci\u00f3n y ser agentes de cambio en sus comunidades y futuros trabajos, reforzando as\u00ed su rol dentro de un ecosistema laboral cada vez m\u00e1s enfocado en el cuidado del medio ambiente.<\/span><\/p>\n<p><span style=\"font-weight: 400;\">M\u00e1s informaci\u00f3n: <\/span><a href=\"https:\/\/www.aiguesdebarcelona.cat\/es\/\"><span style=\"font-weight: 400;\">https:\/\/www.aiguesdebarcelona.cat\/es\/<\/span><\/a><\/p>","protected":false},"excerpt":{"rendered":"<p>La Escuela del Agua en colaboraci\u00f3n con Aguas de Barcelona, ha lanzado una iniciativa formativa de 20 horas dentro del programa de mejora de empleabilidad Green Jobs, la \u00faltima edici\u00f3n ha estado dirigida a personas de 30 a 54 a\u00f1os del municipio de Viladecans que se encuentran en situaci\u00f3n de paro, especialmente mujeres, personas con [&hellip;]<\/p>","protected":false},"author":7,"featured_media":4078,"comment_status":"open","ping_status":"open","sticky":false,"template":"","format":"standard","meta":{"footnotes":""},"categories":[114],"tags":[],"class_list":["post-4077","post","type-post","status-publish","format-standard","has-post-thumbnail","hentry","category-servicios-educativos"],"yoast_head":"<!-- This site is optimized with the Yoast SEO plugin v24.5 - https:\/\/yoast.com\/wordpress\/plugins\/seo\/ -->\r\n<title>Impulsamos la empleabilidad con formaci\u00f3n en competencias verdes dentro del programa Green Jobs - Escuela del agua<\/title>\r\n<meta name=\"robots\" content=\"index, follow, max-snippet:-1, max-image-preview:large, max-video-preview:-1\" \/>\r\n<link rel=\"canonical\" href=\"https:\/\/www.laescueladelagua.com\/ca\/impulsamos-la-empleabilidad-con-formacion-en-competencias-verdes-dentro-del-programa-green-jobs\/\" \/>\r\n<meta property=\"og:locale\" content=\"ca_ES\" \/>\r\n<meta property=\"og:type\" content=\"article\" \/>\r\n<meta property=\"og:title\" content=\"Impulsamos la empleabilidad con formaci\u00f3n en competencias verdes dentro del programa Green Jobs - Escuela del agua\" \/>\r\n<meta property=\"og:description\" content=\"La Escuela del Agua en colaboraci\u00f3n con Aguas de Barcelona, ha lanzado una iniciativa formativa de 20 horas dentro del programa de mejora de empleabilidad Green Jobs, la \u00faltima edici\u00f3n ha estado dirigida a personas de 30 a 54 a\u00f1os del municipio de Viladecans que se encuentran en situaci\u00f3n de paro, especialmente mujeres, personas con [&hellip;]\" \/>\r\n<meta property=\"og:url\" content=\"https:\/\/www.laescueladelagua.com\/ca\/impulsamos-la-empleabilidad-con-formacion-en-competencias-verdes-dentro-del-programa-green-jobs\/\" \/>\r\n<meta property=\"og:site_name\" content=\"Escuela del agua\" \/>\r\n<meta property=\"article:published_time\" content=\"2025-02-13T12:36:55+00:00\" \/>\r\n<meta property=\"og:image\" content=\"https:\/\/www.laescueladelagua.com\/wp-content\/uploads\/2025\/02\/Captura-de-pantalla-2025-02-13-133526.jpg\" \/>\r\n\t<meta property=\"og:image:width\" content=\"695\" \/>\r\n\t<meta property=\"og:image:height\" content=\"432\" \/>\r\n\t<meta property=\"og:image:type\" content=\"image\/jpeg\" \/>\r\n<meta name=\"author\" content=\"david.oller\" \/>\r\n<meta name=\"twitter:card\" content=\"summary_large_image\" \/>\r\n<meta name=\"twitter:label1\" content=\"Escrit per\" \/>\n\t<meta name=\"twitter:data1\" content=\"david.oller\" \/>\n\t<meta name=\"twitter:label2\" content=\"Temps estimat de lectura\" \/>\n\t<meta name=\"twitter:data2\" content=\"3 minuts\" \/>\r\n<script type=\"application\/ld+json\" class=\"yoast-schema-graph\">{\"@context\":\"https:\/\/schema.org\",\"@graph\":[{\"@type\":\"Article\",\"@id\":\"https:\/\/www.laescueladelagua.com\/en\/impulsamos-la-empleabilidad-con-formacion-en-competencias-verdes-dentro-del-programa-green-jobs\/#article\",\"isPartOf\":{\"@id\":\"https:\/\/www.laescueladelagua.com\/en\/impulsamos-la-empleabilidad-con-formacion-en-competencias-verdes-dentro-del-programa-green-jobs\/\"},\"author\":{\"name\":\"david.oller\",\"@id\":\"https:\/\/wapwebedapro01.azurewebsites.net\/#\/schema\/person\/f4da9bd303ae80086067146a6fe01282\"},\"headline\":\"Impulsamos la empleabilidad con formaci\u00f3n en competencias verdes dentro del programa Green Jobs\",\"datePublished\":\"2025-02-13T12:36:55+00:00\",\"mainEntityOfPage\":{\"@id\":\"https:\/\/www.laescueladelagua.com\/en\/impulsamos-la-empleabilidad-con-formacion-en-competencias-verdes-dentro-del-programa-green-jobs\/\"},\"wordCount\":538,\"commentCount\":0,\"publisher\":{\"@id\":\"https:\/\/wapwebedapro01.azurewebsites.net\/#organization\"},\"image\":{\"@id\":\"https:\/\/www.laescueladelagua.com\/en\/impulsamos-la-empleabilidad-con-formacion-en-competencias-verdes-dentro-del-programa-green-jobs\/#primaryimage\"},\"thumbnailUrl\":\"\/wp-content\/uploads\/2025\/02\/Captura-de-pantalla-2025-02-13-133526.jpg\",\"articleSection\":[\"Servicios educativos\"],\"inLanguage\":\"ca\",\"potentialAction\":[{\"@type\":\"CommentAction\",\"name\":\"Comment\",\"target\":[\"https:\/\/www.laescueladelagua.com\/en\/impulsamos-la-empleabilidad-con-formacion-en-competencias-verdes-dentro-del-programa-green-jobs\/#respond\"]}]},{\"@type\":\"WebPage\",\"@id\":\"https:\/\/www.laescueladelagua.com\/en\/impulsamos-la-empleabilidad-con-formacion-en-competencias-verdes-dentro-del-programa-green-jobs\/\",\"url\":\"https:\/\/www.laescueladelagua.com\/en\/impulsamos-la-empleabilidad-con-formacion-en-competencias-verdes-dentro-del-programa-green-jobs\/\",\"name\":\"Impulsamos la empleabilidad con formaci\u00f3n en competencias verdes dentro del programa Green Jobs - Escuela del agua\",\"isPartOf\":{\"@id\":\"https:\/\/wapwebedapro01.azurewebsites.net\/#website\"},\"primaryImageOfPage\":{\"@id\":\"https:\/\/www.laescueladelagua.com\/en\/impulsamos-la-empleabilidad-con-formacion-en-competencias-verdes-dentro-del-programa-green-jobs\/#primaryimage\"},\"image\":{\"@id\":\"https:\/\/www.laescueladelagua.com\/en\/impulsamos-la-empleabilidad-con-formacion-en-competencias-verdes-dentro-del-programa-green-jobs\/#primaryimage\"},\"thumbnailUrl\":\"\/wp-content\/uploads\/2025\/02\/Captura-de-pantalla-2025-02-13-133526.jpg\",\"datePublished\":\"2025-02-13T12:36:55+00:00\",\"breadcrumb\":{\"@id\":\"https:\/\/www.laescueladelagua.com\/en\/impulsamos-la-empleabilidad-con-formacion-en-competencias-verdes-dentro-del-programa-green-jobs\/#breadcrumb\"},\"inLanguage\":\"ca\",\"potentialAction\":[{\"@type\":\"ReadAction\",\"target\":[\"https:\/\/www.laescueladelagua.com\/en\/impulsamos-la-empleabilidad-con-formacion-en-competencias-verdes-dentro-del-programa-green-jobs\/\"]}]},{\"@type\":\"ImageObject\",\"inLanguage\":\"ca\",\"@id\":\"https:\/\/www.laescueladelagua.com\/en\/impulsamos-la-empleabilidad-con-formacion-en-competencias-verdes-dentro-del-programa-green-jobs\/#primaryimage\",\"url\":\"\/wp-content\/uploads\/2025\/02\/Captura-de-pantalla-2025-02-13-133526.jpg\",\"contentUrl\":\"\/wp-content\/uploads\/2025\/02\/Captura-de-pantalla-2025-02-13-133526.jpg\",\"width\":695,\"height\":432},{\"@type\":\"BreadcrumbList\",\"@id\":\"https:\/\/www.laescueladelagua.com\/en\/impulsamos-la-empleabilidad-con-formacion-en-competencias-verdes-dentro-del-programa-green-jobs\/#breadcrumb\",\"itemListElement\":[{\"@type\":\"ListItem\",\"position\":1,\"name\":\"Home\",\"item\":\"https:\/\/wapwebedapro01.azurewebsites.net\/\"},{\"@type\":\"ListItem\",\"position\":2,\"name\":\"Impulsamos la empleabilidad con formaci\u00f3n en competencias verdes dentro del programa Green Jobs\"}]},{\"@type\":\"WebSite\",\"@id\":\"https:\/\/wapwebedapro01.azurewebsites.net\/#website\",\"url\":\"https:\/\/wapwebedapro01.azurewebsites.net\/\",\"name\":\"Escuela del agua\",\"description\":\"\",\"publisher\":{\"@id\":\"https:\/\/wapwebedapro01.azurewebsites.net\/#organization\"},\"potentialAction\":[{\"@type\":\"SearchAction\",\"target\":{\"@type\":\"EntryPoint\",\"urlTemplate\":\"https:\/\/wapwebedapro01.azurewebsites.net\/?s={search_term_string}\"},\"query-input\":{\"@type\":\"PropertyValueSpecification\",\"valueRequired\":true,\"valueName\":\"search_term_string\"}}],\"inLanguage\":\"ca\"},{\"@type\":\"Organization\",\"@id\":\"https:\/\/wapwebedapro01.azurewebsites.net\/#organization\",\"name\":\"Escuela del agua\",\"url\":\"https:\/\/wapwebedapro01.azurewebsites.net\/\",\"logo\":{\"@type\":\"ImageObject\",\"inLanguage\":\"ca\",\"@id\":\"https:\/\/wapwebedapro01.azurewebsites.net\/#\/schema\/logo\/image\/\",\"url\":\"\/wp-content\/uploads\/2023\/08\/logo_EscueladelAgua_mod.1.1_150px.png\",\"contentUrl\":\"\/wp-content\/uploads\/2023\/08\/logo_EscueladelAgua_mod.1.1_150px.png\",\"width\":150,\"height\":90,\"caption\":\"Escuela del agua\"},\"image\":{\"@id\":\"https:\/\/wapwebedapro01.azurewebsites.net\/#\/schema\/logo\/image\/\"}},{\"@type\":\"Person\",\"@id\":\"https:\/\/wapwebedapro01.azurewebsites.net\/#\/schema\/person\/f4da9bd303ae80086067146a6fe01282\",\"name\":\"david.oller\",\"image\":{\"@type\":\"ImageObject\",\"inLanguage\":\"ca\",\"@id\":\"https:\/\/wapwebedapro01.azurewebsites.net\/#\/schema\/person\/image\/\",\"url\":\"https:\/\/secure.gravatar.com\/avatar\/698f6c52e9efecbb9e5d6923485f2cf6?s=96&d=mm&r=g\",\"contentUrl\":\"https:\/\/secure.gravatar.com\/avatar\/698f6c52e9efecbb9e5d6923485f2cf6?s=96&d=mm&r=g\",\"caption\":\"david.oller\"},\"url\":\"https:\/\/www.laescueladelagua.com\/ca\/author\/david-oller\/\"}]}<\/script>\r\n<!-- \/ Yoast SEO plugin. -->","yoast_head_json":{"title":"Impulsamos la empleabilidad con formaci\u00f3n en competencias verdes dentro del programa Green Jobs - Escuela del agua","robots":{"index":"index","follow":"follow","max-snippet":"max-snippet:-1","max-image-preview":"max-image-preview:large","max-video-preview":"max-video-preview:-1"},"canonical":"https:\/\/www.laescueladelagua.com\/ca\/impulsamos-la-empleabilidad-con-formacion-en-competencias-verdes-dentro-del-programa-green-jobs\/","og_locale":"ca_ES","og_type":"article","og_title":"Impulsamos la empleabilidad con formaci\u00f3n en competencias verdes dentro del programa Green Jobs - Escuela del agua","og_description":"La Escuela del Agua en colaboraci\u00f3n con Aguas de Barcelona, ha lanzado una iniciativa formativa de 20 horas dentro del programa de mejora de empleabilidad Green Jobs, la \u00faltima edici\u00f3n ha estado dirigida a personas de 30 a 54 a\u00f1os del municipio de Viladecans que se encuentran en situaci\u00f3n de paro, especialmente mujeres, personas con [&hellip;]","og_url":"https:\/\/www.laescueladelagua.com\/ca\/impulsamos-la-empleabilidad-con-formacion-en-competencias-verdes-dentro-del-programa-green-jobs\/","og_site_name":"Escuela del agua","article_published_time":"2025-02-13T12:36:55+00:00","og_image":[{"width":695,"height":432,"url":"https:\/\/www.laescueladelagua.com\/wp-content\/uploads\/2025\/02\/Captura-de-pantalla-2025-02-13-133526.jpg","type":"image\/jpeg"}],"author":"david.oller","twitter_card":"summary_large_image","twitter_misc":{"Escrit per":"david.oller","Temps estimat de lectura":"3 minuts"},"schema":{"@context":"https:\/\/schema.org","@graph":[{"@type":"Article","@id":"https:\/\/www.laescueladelagua.com\/en\/impulsamos-la-empleabilidad-con-formacion-en-competencias-verdes-dentro-del-programa-green-jobs\/#article","isPartOf":{"@id":"https:\/\/www.laescueladelagua.com\/en\/impulsamos-la-empleabilidad-con-formacion-en-competencias-verdes-dentro-del-programa-green-jobs\/"},"author":{"name":"david.oller","@id":"https:\/\/wapwebedapro01.azurewebsites.net\/#\/schema\/person\/f4da9bd303ae80086067146a6fe01282"},"headline":"Impulsamos la empleabilidad con formaci\u00f3n en competencias verdes dentro del programa Green Jobs","datePublished":"2025-02-13T12:36:55+00:00","mainEntityOfPage":{"@id":"https:\/\/www.laescueladelagua.com\/en\/impulsamos-la-empleabilidad-con-formacion-en-competencias-verdes-dentro-del-programa-green-jobs\/"},"wordCount":538,"commentCount":0,"publisher":{"@id":"https:\/\/wapwebedapro01.azurewebsites.net\/#organization"},"image":{"@id":"https:\/\/www.laescueladelagua.com\/en\/impulsamos-la-empleabilidad-con-formacion-en-competencias-verdes-dentro-del-programa-green-jobs\/#primaryimage"},"thumbnailUrl":"\/wp-content\/uploads\/2025\/02\/Captura-de-pantalla-2025-02-13-133526.jpg","articleSection":["Servicios educativos"],"inLanguage":"ca","potentialAction":[{"@type":"CommentAction","name":"Comment","target":["https:\/\/www.laescueladelagua.com\/en\/impulsamos-la-empleabilidad-con-formacion-en-competencias-verdes-dentro-del-programa-green-jobs\/#respond"]}]},{"@type":"WebPage","@id":"https:\/\/www.laescueladelagua.com\/en\/impulsamos-la-empleabilidad-con-formacion-en-competencias-verdes-dentro-del-programa-green-jobs\/","url":"https:\/\/www.laescueladelagua.com\/en\/impulsamos-la-empleabilidad-con-formacion-en-competencias-verdes-dentro-del-programa-green-jobs\/","name":"Impulsamos la empleabilidad con formaci\u00f3n en competencias verdes dentro del programa Green Jobs - Escuela del agua","isPartOf":{"@id":"https:\/\/wapwebedapro01.azurewebsites.net\/#website"},"primaryImageOfPage":{"@id":"https:\/\/www.laescueladelagua.com\/en\/impulsamos-la-empleabilidad-con-formacion-en-competencias-verdes-dentro-del-programa-green-jobs\/#primaryimage"},"image":{"@id":"https:\/\/www.laescueladelagua.com\/en\/impulsamos-la-empleabilidad-con-formacion-en-competencias-verdes-dentro-del-programa-green-jobs\/#primaryimage"},"thumbnailUrl":"\/wp-content\/uploads\/2025\/02\/Captura-de-pantalla-2025-02-13-133526.jpg","datePublished":"2025-02-13T12:36:55+00:00","breadcrumb":{"@id":"https:\/\/www.laescueladelagua.com\/en\/impulsamos-la-empleabilidad-con-formacion-en-competencias-verdes-dentro-del-programa-green-jobs\/#breadcrumb"},"inLanguage":"ca","potentialAction":[{"@type":"ReadAction","target":["https:\/\/www.laescueladelagua.com\/en\/impulsamos-la-empleabilidad-con-formacion-en-competencias-verdes-dentro-del-programa-green-jobs\/"]}]},{"@type":"ImageObject","inLanguage":"ca","@id":"https:\/\/www.laescueladelagua.com\/en\/impulsamos-la-empleabilidad-con-formacion-en-competencias-verdes-dentro-del-programa-green-jobs\/#primaryimage","url":"\/wp-content\/uploads\/2025\/02\/Captura-de-pantalla-2025-02-13-133526.jpg","contentUrl":"\/wp-content\/uploads\/2025\/02\/Captura-de-pantalla-2025-02-13-133526.jpg","width":695,"height":432},{"@type":"BreadcrumbList","@id":"https:\/\/www.laescueladelagua.com\/en\/impulsamos-la-empleabilidad-con-formacion-en-competencias-verdes-dentro-del-programa-green-jobs\/#breadcrumb","itemListElement":[{"@type":"ListItem","position":1,"name":"Home","item":"https:\/\/wapwebedapro01.azurewebsites.net\/"},{"@type":"ListItem","position":2,"name":"Impulsamos la empleabilidad con formaci\u00f3n en competencias verdes dentro del programa Green Jobs"}]},{"@type":"WebSite","@id":"https:\/\/wapwebedapro01.azurewebsites.net\/#website","url":"https:\/\/wapwebedapro01.azurewebsites.net\/","name":"Escuela del agua","description":"","publisher":{"@id":"https:\/\/wapwebedapro01.azurewebsites.net\/#organization"},"potentialAction":[{"@type":"SearchAction","target":{"@type":"EntryPoint","urlTemplate":"https:\/\/wapwebedapro01.azurewebsites.net\/?s={search_term_string}"},"query-input":{"@type":"PropertyValueSpecification","valueRequired":true,"valueName":"search_term_string"}}],"inLanguage":"ca"},{"@type":"Organization","@id":"https:\/\/wapwebedapro01.azurewebsites.net\/#organization","name":"Escuela del agua","url":"https:\/\/wapwebedapro01.azurewebsites.net\/","logo":{"@type":"ImageObject","inLanguage":"ca","@id":"https:\/\/wapwebedapro01.azurewebsites.net\/#\/schema\/logo\/image\/","url":"\/wp-content\/uploads\/2023\/08\/logo_EscueladelAgua_mod.1.1_150px.png","contentUrl":"\/wp-content\/uploads\/2023\/08\/logo_EscueladelAgua_mod.1.1_150px.png","width":150,"height":90,"caption":"Escuela del agua"},"image":{"@id":"https:\/\/wapwebedapro01.azurewebsites.net\/#\/schema\/logo\/image\/"}},{"@type":"Person","@id":"https:\/\/wapwebedapro01.azurewebsites.net\/#\/schema\/person\/f4da9bd303ae80086067146a6fe01282","name":"david.oller","image":{"@type":"ImageObject","inLanguage":"ca","@id":"https:\/\/wapwebedapro01.azurewebsites.net\/#\/schema\/person\/image\/","url":"https:\/\/secure.gravatar.com\/avatar\/698f6c52e9efecbb9e5d6923485f2cf6?s=96&d=mm&r=g","contentUrl":"https:\/\/secure.gravatar.com\/avatar\/698f6c52e9efecbb9e5d6923485f2cf6?s=96&d=mm&r=g","caption":"david.oller"},"url":"https:\/\/www.laescueladelagua.com\/ca\/author\/david-oller\/"}]}},"meta_box":[],"_links":{"self":[{"href":"https:\/\/www.laescueladelagua.com\/ca\/wp-json\/wp\/v2\/posts\/4077","targetHints":{"allow":["GET"]}}],"collection":[{"href":"https:\/\/www.laescueladelagua.com\/ca\/wp-json\/wp\/v2\/posts"}],"about":[{"href":"https:\/\/www.laescueladelagua.com\/ca\/wp-json\/wp\/v2\/types\/post"}],"author":[{"embeddable":true,"href":"https:\/\/www.laescueladelagua.com\/ca\/wp-json\/wp\/v2\/users\/7"}],"replies":[{"embeddable":true,"href":"https:\/\/www.laescueladelagua.com\/ca\/wp-json\/wp\/v2\/comments?post=4077"}],"version-history":[{"count":1,"href":"https:\/\/www.laescueladelagua.com\/ca\/wp-json\/wp\/v2\/posts\/4077\/revisions"}],"predecessor-version":[{"id":4079,"href":"https:\/\/www.laescueladelagua.com\/ca\/wp-json\/wp\/v2\/posts\/4077\/revisions\/4079"}],"wp:featuredmedia":[{"embeddable":true,"href":"https:\/\/www.laescueladelagua.com\/ca\/wp-json\/wp\/v2\/media\/4078"}],"wp:attachment":[{"href":"https:\/\/www.laescueladelagua.com\/ca\/wp-json\/wp\/v2\/media?parent=4077"}],"wp:term":[{"taxonomy":"category","embeddable":true,"href":"https:\/\/www.laescueladelagua.com\/ca\/wp-json\/wp\/v2\/categories?post=4077"},{"taxonomy":"post_tag","embeddable":true,"href":"https:\/\/www.laescueladelagua.com\/ca\/wp-json\/wp\/v2\/tags?post=4077"}],"curies":[{"name":"wp","href":"https:\/\/api.w.org\/{rel}","templated":true}]}}