{"id":4281,"date":"2025-06-20T07:34:48","date_gmt":"2025-06-20T07:34:48","guid":{"rendered":"https:\/\/www.laescueladelagua.com\/?p=4281"},"modified":"2025-06-26T07:52:39","modified_gmt":"2025-06-26T07:52:39","slug":"auge-de-las-ocupaciones-verdes-en-el-sector-del-agua-espana-necesita-nuevos-talentos-para-un-futuro-sostenible","status":"publish","type":"post","link":"https:\/\/www.laescueladelagua.com\/ca\/auge-de-las-ocupaciones-verdes-en-el-sector-del-agua-espana-necesita-nuevos-talentos-para-un-futuro-sostenible\/","title":{"rendered":"Auge de las ocupaciones verdes en el sector del Agua: Espa\u00f1a necesita talento para un futuro sostenible."},"content":{"rendered":"<p><em><span style=\"font-weight: 400;\">\u00a0El informe del <a href=\"https:\/\/www.observatoriofp.com\/\">Observatorio de la FP 2024<\/a> revela un crecimiento significativo en la demanda de profesionales especializados en agua y saneamiento, impulsado por la transici\u00f3n ecol\u00f3gica y el relevo generacional, un Auge de las ocupaciones verdes en el sector del Agua.<\/span><\/em><\/p>\n<p>&nbsp;<\/p>\n<p><span style=\"font-weight: 400;\">El sector del agua en Espa\u00f1a se encuentra en un punto de inflexi\u00f3n, marcado por la creciente importancia de las \u00abocupaciones verdes\u00bb y la necesidad urgente de atraer nuevos talentos. Seg\u00fan el informe \u00ab<a href=\"https:\/\/www.observatoriofp.com\/informes-analisis\/anual\">Observatorio de la FP. Informe 2024: La Formaci\u00f3n Profesional ante los retos de sostenibilidad medioambiental en Espa\u00f1a<\/a>\u00ab, el sector del suministro de agua y saneamiento tiene una alta ocupaci\u00f3n verde (71,9%), superando la media nacional del 27,9%.<\/span><\/p>\n<p>&nbsp;<\/p>\n<p><span style=\"font-weight: 400;\">Esta tendencia refleja la creciente demanda de profesionales capacitados para gestionar los recursos h\u00eddricos de manera sostenible, garantizar la calidad del agua y abordar los desaf\u00edos del cambio clim\u00e1tico. Las ocupaciones verdes en el sector del agua incluyen roles como t\u00e9cnicos en tratamiento de aguas, ingenieros ambientales especializados en recursos h\u00eddricos, gestores de redes de distribuci\u00f3n y expertos en eficiencia h\u00eddrica.<\/span><\/p>\n<p>&nbsp;<\/p>\n<p><span style=\"font-weight: 400;\">Una de las razones clave detr\u00e1s de esta demanda es la transici\u00f3n ecol\u00f3gica. El informe destaca que, en la pr\u00f3xima d\u00e9cada, se podr\u00edan generar m\u00e1s de 3.475.000 oportunidades de empleo potencialmente verdes en Espa\u00f1a, de las cuales casi un mill\u00f3n estar\u00edan vinculadas a la Formaci\u00f3n Profesional (FP). En el sector del suministro de agua y saneamiento, se estiman unas 90.000 oportunidades de empleo potencialmente verde.<\/span><\/p>\n<p>&nbsp;<\/p>\n<p><span style=\"font-weight: 400;\">Adem\u00e1s, el sector del agua enfrenta un importante desaf\u00edo de relevo generacional. El informe se\u00f1ala que existe una brecha generacional en el sector del suministro de agua (E), con un 32,5% de trabajadores con una edad superior a los 58 a\u00f1os. Esto significa que en los pr\u00f3ximos a\u00f1os, una gran cantidad de profesionales se jubilar\u00e1n, creando una necesidad urgente de reemplazar sus conocimientos y experiencia con nuevos talentos.<\/span><\/p>\n<p>&nbsp;<\/p>\n<p><span style=\"font-weight: 400;\">El desconocimiento de los ciclos de FP del agua, de reciente creaci\u00f3n, tambi\u00e9n es un factor que influye en la necesidad de nuevos talentos. Es crucial poner en valor el sector del agua, romper con estereotipos y destacar el elevado \u00edndice de empleabilidad de los estudiantes de estos ciclos formativos. La formaci\u00f3n t\u00e9cnica destaca como una de las principales generadoras de ocupabilidad en el \u00e1mbito verde, y Energ\u00eda y Agua es el sector l\u00edder en inserci\u00f3n de FP con un 74%, es necesario seguir impulsadolo teniendo en cuenta el auge de las ocupaciones verdes en el sector del Agua.<\/span><\/p>\n<p><span style=\"font-weight: 400;\">El sector del agua en Espa\u00f1a ofrece un futuro prometedor para aquellos que buscan carreras con prop\u00f3sito y un impacto positivo en el medio ambiente. Con la creciente demanda de ocupaciones verdes y la necesidad de nuevos talentos, ahora es el momento de considerar una carrera en este sector crucial para la sostenibilidad del <a href=\"https:\/\/www.laescueladelagua.com\/ca\/\">pa\u00eds<\/a>.<\/span><\/p>","protected":false},"excerpt":{"rendered":"<p>\u00a0El informe del Observatorio de la FP 2024 revela un crecimiento significativo en la demanda de profesionales especializados en agua y saneamiento, impulsado por la transici\u00f3n ecol\u00f3gica y el relevo generacional, un Auge de las ocupaciones verdes en el sector del Agua. &nbsp; El sector del agua en Espa\u00f1a se encuentra en un punto de [&hellip;]<\/p>","protected":false},"author":14,"featured_media":2756,"comment_status":"open","ping_status":"open","sticky":false,"template":"","format":"standard","meta":{"footnotes":""},"categories":[149],"tags":[],"class_list":["post-4281","post","type-post","status-publish","format-standard","has-post-thumbnail","hentry","category-orientacion-profesional"],"yoast_head":"<!-- This site is optimized with the Yoast SEO plugin v24.5 - https:\/\/yoast.com\/wordpress\/plugins\/seo\/ -->\r\n<title>Auge de las ocupaciones verdes en el sector del Agua: Espa\u00f1a necesita talento para un futuro sostenible. - Escuela del agua<\/title>\r\n<meta name=\"description\" content=\"Auge de las ocupaciones verdes en el sector del Agua. El informe del Observatorio de la FP 2024 revela un crecimiento significativo en la demanda de profesionales especializados en agua y saneamiento, impulsado por la transici\u00f3n ecol\u00f3gica y el relevo generacional\" \/>\r\n<meta name=\"robots\" content=\"index, follow, max-snippet:-1, max-image-preview:large, max-video-preview:-1\" \/>\r\n<link rel=\"canonical\" href=\"https:\/\/www.laescueladelagua.com\/ca\/auge-de-las-ocupaciones-verdes-en-el-sector-del-agua-espana-necesita-nuevos-talentos-para-un-futuro-sostenible\/\" \/>\r\n<meta property=\"og:locale\" content=\"ca_ES\" \/>\r\n<meta property=\"og:type\" content=\"article\" \/>\r\n<meta property=\"og:title\" content=\"Auge de las ocupaciones verdes en el sector del Agua: Espa\u00f1a necesita talento para un futuro sostenible. - Escuela del agua\" \/>\r\n<meta property=\"og:description\" content=\"Auge de las ocupaciones verdes en el sector del Agua. El informe del Observatorio de la FP 2024 revela un crecimiento significativo en la demanda de profesionales especializados en agua y saneamiento, impulsado por la transici\u00f3n ecol\u00f3gica y el relevo generacional\" \/>\r\n<meta property=\"og:url\" content=\"https:\/\/www.laescueladelagua.com\/ca\/auge-de-las-ocupaciones-verdes-en-el-sector-del-agua-espana-necesita-nuevos-talentos-para-un-futuro-sostenible\/\" \/>\r\n<meta property=\"og:site_name\" content=\"Escuela del agua\" \/>\r\n<meta property=\"article:published_time\" content=\"2025-06-20T07:34:48+00:00\" \/>\r\n<meta property=\"article:modified_time\" content=\"2025-06-26T07:52:39+00:00\" \/>\r\n<meta property=\"og:image\" content=\"https:\/\/www.laescueladelagua.com\/wp-content\/uploads\/2024\/03\/suez_296192.jpg\" \/>\r\n\t<meta property=\"og:image:width\" content=\"700\" \/>\r\n\t<meta property=\"og:image:height\" content=\"467\" \/>\r\n\t<meta property=\"og:image:type\" content=\"image\/jpeg\" \/>\r\n<meta name=\"author\" content=\"william-jose.moreno\" \/>\r\n<meta name=\"twitter:card\" content=\"summary_large_image\" \/>\r\n<meta name=\"twitter:label1\" content=\"Escrit per\" \/>\n\t<meta name=\"twitter:data1\" content=\"william-jose.moreno\" \/>\n\t<meta name=\"twitter:label2\" content=\"Temps estimat de lectura\" \/>\n\t<meta name=\"twitter:data2\" content=\"3 minuts\" \/>\r\n<script type=\"application\/ld+json\" class=\"yoast-schema-graph\">{\"@context\":\"https:\/\/schema.org\",\"@graph\":[{\"@type\":\"Article\",\"@id\":\"https:\/\/www.laescueladelagua.com\/auge-de-las-ocupaciones-verdes-en-el-sector-del-agua-espana-necesita-nuevos-talentos-para-un-futuro-sostenible\/#article\",\"isPartOf\":{\"@id\":\"https:\/\/www.laescueladelagua.com\/auge-de-las-ocupaciones-verdes-en-el-sector-del-agua-espana-necesita-nuevos-talentos-para-un-futuro-sostenible\/\"},\"author\":{\"name\":\"william-jose.moreno\",\"@id\":\"https:\/\/wapwebedapro01.azurewebsites.net\/#\/schema\/person\/2ef62850d0c872a47ffe56f15c22323c\"},\"headline\":\"Auge de las ocupaciones verdes en el sector del Agua: Espa\u00f1a necesita talento para un futuro sostenible.\",\"datePublished\":\"2025-06-20T07:34:48+00:00\",\"dateModified\":\"2025-06-26T07:52:39+00:00\",\"mainEntityOfPage\":{\"@id\":\"https:\/\/www.laescueladelagua.com\/auge-de-las-ocupaciones-verdes-en-el-sector-del-agua-espana-necesita-nuevos-talentos-para-un-futuro-sostenible\/\"},\"wordCount\":517,\"commentCount\":0,\"publisher\":{\"@id\":\"https:\/\/wapwebedapro01.azurewebsites.net\/#organization\"},\"image\":{\"@id\":\"https:\/\/www.laescueladelagua.com\/auge-de-las-ocupaciones-verdes-en-el-sector-del-agua-espana-necesita-nuevos-talentos-para-un-futuro-sostenible\/#primaryimage\"},\"thumbnailUrl\":\"\/wp-content\/uploads\/2024\/03\/suez_296192.jpg\",\"articleSection\":[\"Orientaci\u00f3n Profesional\"],\"inLanguage\":\"ca\",\"potentialAction\":[{\"@type\":\"CommentAction\",\"name\":\"Comment\",\"target\":[\"https:\/\/www.laescueladelagua.com\/auge-de-las-ocupaciones-verdes-en-el-sector-del-agua-espana-necesita-nuevos-talentos-para-un-futuro-sostenible\/#respond\"]}]},{\"@type\":\"WebPage\",\"@id\":\"https:\/\/www.laescueladelagua.com\/auge-de-las-ocupaciones-verdes-en-el-sector-del-agua-espana-necesita-nuevos-talentos-para-un-futuro-sostenible\/\",\"url\":\"https:\/\/www.laescueladelagua.com\/auge-de-las-ocupaciones-verdes-en-el-sector-del-agua-espana-necesita-nuevos-talentos-para-un-futuro-sostenible\/\",\"name\":\"Auge de las ocupaciones verdes en el sector del Agua: Espa\u00f1a necesita talento para un futuro sostenible. - Escuela del agua\",\"isPartOf\":{\"@id\":\"https:\/\/wapwebedapro01.azurewebsites.net\/#website\"},\"primaryImageOfPage\":{\"@id\":\"https:\/\/www.laescueladelagua.com\/auge-de-las-ocupaciones-verdes-en-el-sector-del-agua-espana-necesita-nuevos-talentos-para-un-futuro-sostenible\/#primaryimage\"},\"image\":{\"@id\":\"https:\/\/www.laescueladelagua.com\/auge-de-las-ocupaciones-verdes-en-el-sector-del-agua-espana-necesita-nuevos-talentos-para-un-futuro-sostenible\/#primaryimage\"},\"thumbnailUrl\":\"\/wp-content\/uploads\/2024\/03\/suez_296192.jpg\",\"datePublished\":\"2025-06-20T07:34:48+00:00\",\"dateModified\":\"2025-06-26T07:52:39+00:00\",\"description\":\"Auge de las ocupaciones verdes en el sector del Agua. El informe del Observatorio de la FP 2024 revela un crecimiento significativo en la demanda de profesionales especializados en agua y saneamiento, impulsado por la transici\u00f3n ecol\u00f3gica y el relevo generacional\",\"breadcrumb\":{\"@id\":\"https:\/\/www.laescueladelagua.com\/auge-de-las-ocupaciones-verdes-en-el-sector-del-agua-espana-necesita-nuevos-talentos-para-un-futuro-sostenible\/#breadcrumb\"},\"inLanguage\":\"ca\",\"potentialAction\":[{\"@type\":\"ReadAction\",\"target\":[\"https:\/\/www.laescueladelagua.com\/auge-de-las-ocupaciones-verdes-en-el-sector-del-agua-espana-necesita-nuevos-talentos-para-un-futuro-sostenible\/\"]}]},{\"@type\":\"ImageObject\",\"inLanguage\":\"ca\",\"@id\":\"https:\/\/www.laescueladelagua.com\/auge-de-las-ocupaciones-verdes-en-el-sector-del-agua-espana-necesita-nuevos-talentos-para-un-futuro-sostenible\/#primaryimage\",\"url\":\"\/wp-content\/uploads\/2024\/03\/suez_296192.jpg\",\"contentUrl\":\"\/wp-content\/uploads\/2024\/03\/suez_296192.jpg\",\"width\":700,\"height\":467,\"caption\":\"L\u2019iconographie de SUEZ vise \u00e0 mettre en valeur notre engagement : prot\u00e9ger et restaurer le capital naturel. L\u2019environnement sera sublim\u00e9 et sera le premier point de contact avec l\u2019univers visuel du Groupe. Cette iconographie devra \u00eatre notamment en page de couverture et d\u2019ouverture de tous nos m\u00e9dias (interne, externe, m\u00e9tiers). L\u2019humain, en mouvement ou en interaction avec la nature, a aussi sa place au c\u0153ur de l\u2019environnement et de l\u2019iconographie de SUEZ. Visuel .jpg aux dimensions web corporate Sitecore (2000 x 1125) disponible au t\u00e9l\u00e9chargement.\"},{\"@type\":\"BreadcrumbList\",\"@id\":\"https:\/\/www.laescueladelagua.com\/auge-de-las-ocupaciones-verdes-en-el-sector-del-agua-espana-necesita-nuevos-talentos-para-un-futuro-sostenible\/#breadcrumb\",\"itemListElement\":[{\"@type\":\"ListItem\",\"position\":1,\"name\":\"Home\",\"item\":\"https:\/\/wapwebedapro01.azurewebsites.net\/\"},{\"@type\":\"ListItem\",\"position\":2,\"name\":\"Auge de las ocupaciones verdes en el sector del Agua: Espa\u00f1a necesita talento para un futuro sostenible.\"}]},{\"@type\":\"WebSite\",\"@id\":\"https:\/\/wapwebedapro01.azurewebsites.net\/#website\",\"url\":\"https:\/\/wapwebedapro01.azurewebsites.net\/\",\"name\":\"Escuela del agua\",\"description\":\"\",\"publisher\":{\"@id\":\"https:\/\/wapwebedapro01.azurewebsites.net\/#organization\"},\"potentialAction\":[{\"@type\":\"SearchAction\",\"target\":{\"@type\":\"EntryPoint\",\"urlTemplate\":\"https:\/\/wapwebedapro01.azurewebsites.net\/?s={search_term_string}\"},\"query-input\":{\"@type\":\"PropertyValueSpecification\",\"valueRequired\":true,\"valueName\":\"search_term_string\"}}],\"inLanguage\":\"ca\"},{\"@type\":\"Organization\",\"@id\":\"https:\/\/wapwebedapro01.azurewebsites.net\/#organization\",\"name\":\"Escuela del agua\",\"url\":\"https:\/\/wapwebedapro01.azurewebsites.net\/\",\"logo\":{\"@type\":\"ImageObject\",\"inLanguage\":\"ca\",\"@id\":\"https:\/\/wapwebedapro01.azurewebsites.net\/#\/schema\/logo\/image\/\",\"url\":\"\/wp-content\/uploads\/2023\/08\/logo_EscueladelAgua_mod.1.1_150px.png\",\"contentUrl\":\"\/wp-content\/uploads\/2023\/08\/logo_EscueladelAgua_mod.1.1_150px.png\",\"width\":150,\"height\":90,\"caption\":\"Escuela del agua\"},\"image\":{\"@id\":\"https:\/\/wapwebedapro01.azurewebsites.net\/#\/schema\/logo\/image\/\"}},{\"@type\":\"Person\",\"@id\":\"https:\/\/wapwebedapro01.azurewebsites.net\/#\/schema\/person\/2ef62850d0c872a47ffe56f15c22323c\",\"name\":\"william-jose.moreno\",\"image\":{\"@type\":\"ImageObject\",\"inLanguage\":\"ca\",\"@id\":\"https:\/\/wapwebedapro01.azurewebsites.net\/#\/schema\/person\/image\/\",\"url\":\"https:\/\/secure.gravatar.com\/avatar\/f4016a09806c3bffd47afd9693b0eb27?s=96&d=mm&r=g\",\"contentUrl\":\"https:\/\/secure.gravatar.com\/avatar\/f4016a09806c3bffd47afd9693b0eb27?s=96&d=mm&r=g\",\"caption\":\"william-jose.moreno\"},\"url\":\"https:\/\/www.laescueladelagua.com\/ca\/author\/william-jose-moreno\/\"}]}<\/script>\r\n<!-- \/ Yoast SEO plugin. -->","yoast_head_json":{"title":"Auge de las ocupaciones verdes en el sector del Agua: Espa\u00f1a necesita talento para un futuro sostenible. - Escuela del agua","description":"Auge de las ocupaciones verdes en el sector del Agua. El informe del Observatorio de la FP 2024 revela un crecimiento significativo en la demanda de profesionales especializados en agua y saneamiento, impulsado por la transici\u00f3n ecol\u00f3gica y el relevo generacional","robots":{"index":"index","follow":"follow","max-snippet":"max-snippet:-1","max-image-preview":"max-image-preview:large","max-video-preview":"max-video-preview:-1"},"canonical":"https:\/\/www.laescueladelagua.com\/ca\/auge-de-las-ocupaciones-verdes-en-el-sector-del-agua-espana-necesita-nuevos-talentos-para-un-futuro-sostenible\/","og_locale":"ca_ES","og_type":"article","og_title":"Auge de las ocupaciones verdes en el sector del Agua: Espa\u00f1a necesita talento para un futuro sostenible. - Escuela del agua","og_description":"Auge de las ocupaciones verdes en el sector del Agua. El informe del Observatorio de la FP 2024 revela un crecimiento significativo en la demanda de profesionales especializados en agua y saneamiento, impulsado por la transici\u00f3n ecol\u00f3gica y el relevo generacional","og_url":"https:\/\/www.laescueladelagua.com\/ca\/auge-de-las-ocupaciones-verdes-en-el-sector-del-agua-espana-necesita-nuevos-talentos-para-un-futuro-sostenible\/","og_site_name":"Escuela del agua","article_published_time":"2025-06-20T07:34:48+00:00","article_modified_time":"2025-06-26T07:52:39+00:00","og_image":[{"width":700,"height":467,"url":"https:\/\/www.laescueladelagua.com\/wp-content\/uploads\/2024\/03\/suez_296192.jpg","type":"image\/jpeg"}],"author":"william-jose.moreno","twitter_card":"summary_large_image","twitter_misc":{"Escrit per":"william-jose.moreno","Temps estimat de lectura":"3 minuts"},"schema":{"@context":"https:\/\/schema.org","@graph":[{"@type":"Article","@id":"https:\/\/www.laescueladelagua.com\/auge-de-las-ocupaciones-verdes-en-el-sector-del-agua-espana-necesita-nuevos-talentos-para-un-futuro-sostenible\/#article","isPartOf":{"@id":"https:\/\/www.laescueladelagua.com\/auge-de-las-ocupaciones-verdes-en-el-sector-del-agua-espana-necesita-nuevos-talentos-para-un-futuro-sostenible\/"},"author":{"name":"william-jose.moreno","@id":"https:\/\/wapwebedapro01.azurewebsites.net\/#\/schema\/person\/2ef62850d0c872a47ffe56f15c22323c"},"headline":"Auge de las ocupaciones verdes en el sector del Agua: Espa\u00f1a necesita talento para un futuro sostenible.","datePublished":"2025-06-20T07:34:48+00:00","dateModified":"2025-06-26T07:52:39+00:00","mainEntityOfPage":{"@id":"https:\/\/www.laescueladelagua.com\/auge-de-las-ocupaciones-verdes-en-el-sector-del-agua-espana-necesita-nuevos-talentos-para-un-futuro-sostenible\/"},"wordCount":517,"commentCount":0,"publisher":{"@id":"https:\/\/wapwebedapro01.azurewebsites.net\/#organization"},"image":{"@id":"https:\/\/www.laescueladelagua.com\/auge-de-las-ocupaciones-verdes-en-el-sector-del-agua-espana-necesita-nuevos-talentos-para-un-futuro-sostenible\/#primaryimage"},"thumbnailUrl":"\/wp-content\/uploads\/2024\/03\/suez_296192.jpg","articleSection":["Orientaci\u00f3n Profesional"],"inLanguage":"ca","potentialAction":[{"@type":"CommentAction","name":"Comment","target":["https:\/\/www.laescueladelagua.com\/auge-de-las-ocupaciones-verdes-en-el-sector-del-agua-espana-necesita-nuevos-talentos-para-un-futuro-sostenible\/#respond"]}]},{"@type":"WebPage","@id":"https:\/\/www.laescueladelagua.com\/auge-de-las-ocupaciones-verdes-en-el-sector-del-agua-espana-necesita-nuevos-talentos-para-un-futuro-sostenible\/","url":"https:\/\/www.laescueladelagua.com\/auge-de-las-ocupaciones-verdes-en-el-sector-del-agua-espana-necesita-nuevos-talentos-para-un-futuro-sostenible\/","name":"Auge de las ocupaciones verdes en el sector del Agua: Espa\u00f1a necesita talento para un futuro sostenible. - Escuela del agua","isPartOf":{"@id":"https:\/\/wapwebedapro01.azurewebsites.net\/#website"},"primaryImageOfPage":{"@id":"https:\/\/www.laescueladelagua.com\/auge-de-las-ocupaciones-verdes-en-el-sector-del-agua-espana-necesita-nuevos-talentos-para-un-futuro-sostenible\/#primaryimage"},"image":{"@id":"https:\/\/www.laescueladelagua.com\/auge-de-las-ocupaciones-verdes-en-el-sector-del-agua-espana-necesita-nuevos-talentos-para-un-futuro-sostenible\/#primaryimage"},"thumbnailUrl":"\/wp-content\/uploads\/2024\/03\/suez_296192.jpg","datePublished":"2025-06-20T07:34:48+00:00","dateModified":"2025-06-26T07:52:39+00:00","description":"Auge de las ocupaciones verdes en el sector del Agua. El informe del Observatorio de la FP 2024 revela un crecimiento significativo en la demanda de profesionales especializados en agua y saneamiento, impulsado por la transici\u00f3n ecol\u00f3gica y el relevo generacional","breadcrumb":{"@id":"https:\/\/www.laescueladelagua.com\/auge-de-las-ocupaciones-verdes-en-el-sector-del-agua-espana-necesita-nuevos-talentos-para-un-futuro-sostenible\/#breadcrumb"},"inLanguage":"ca","potentialAction":[{"@type":"ReadAction","target":["https:\/\/www.laescueladelagua.com\/auge-de-las-ocupaciones-verdes-en-el-sector-del-agua-espana-necesita-nuevos-talentos-para-un-futuro-sostenible\/"]}]},{"@type":"ImageObject","inLanguage":"ca","@id":"https:\/\/www.laescueladelagua.com\/auge-de-las-ocupaciones-verdes-en-el-sector-del-agua-espana-necesita-nuevos-talentos-para-un-futuro-sostenible\/#primaryimage","url":"\/wp-content\/uploads\/2024\/03\/suez_296192.jpg","contentUrl":"\/wp-content\/uploads\/2024\/03\/suez_296192.jpg","width":700,"height":467,"caption":"L\u2019iconographie de SUEZ vise \u00e0 mettre en valeur notre engagement : prot\u00e9ger et restaurer le capital naturel. L\u2019environnement sera sublim\u00e9 et sera le premier point de contact avec l\u2019univers visuel du Groupe. Cette iconographie devra \u00eatre notamment en page de couverture et d\u2019ouverture de tous nos m\u00e9dias (interne, externe, m\u00e9tiers). L\u2019humain, en mouvement ou en interaction avec la nature, a aussi sa place au c\u0153ur de l\u2019environnement et de l\u2019iconographie de SUEZ. Visuel .jpg aux dimensions web corporate Sitecore (2000 x 1125) disponible au t\u00e9l\u00e9chargement."},{"@type":"BreadcrumbList","@id":"https:\/\/www.laescueladelagua.com\/auge-de-las-ocupaciones-verdes-en-el-sector-del-agua-espana-necesita-nuevos-talentos-para-un-futuro-sostenible\/#breadcrumb","itemListElement":[{"@type":"ListItem","position":1,"name":"Home","item":"https:\/\/wapwebedapro01.azurewebsites.net\/"},{"@type":"ListItem","position":2,"name":"Auge de las ocupaciones verdes en el sector del Agua: Espa\u00f1a necesita talento para un futuro sostenible."}]},{"@type":"WebSite","@id":"https:\/\/wapwebedapro01.azurewebsites.net\/#website","url":"https:\/\/wapwebedapro01.azurewebsites.net\/","name":"Escuela del agua","description":"","publisher":{"@id":"https:\/\/wapwebedapro01.azurewebsites.net\/#organization"},"potentialAction":[{"@type":"SearchAction","target":{"@type":"EntryPoint","urlTemplate":"https:\/\/wapwebedapro01.azurewebsites.net\/?s={search_term_string}"},"query-input":{"@type":"PropertyValueSpecification","valueRequired":true,"valueName":"search_term_string"}}],"inLanguage":"ca"},{"@type":"Organization","@id":"https:\/\/wapwebedapro01.azurewebsites.net\/#organization","name":"Escuela del agua","url":"https:\/\/wapwebedapro01.azurewebsites.net\/","logo":{"@type":"ImageObject","inLanguage":"ca","@id":"https:\/\/wapwebedapro01.azurewebsites.net\/#\/schema\/logo\/image\/","url":"\/wp-content\/uploads\/2023\/08\/logo_EscueladelAgua_mod.1.1_150px.png","contentUrl":"\/wp-content\/uploads\/2023\/08\/logo_EscueladelAgua_mod.1.1_150px.png","width":150,"height":90,"caption":"Escuela del agua"},"image":{"@id":"https:\/\/wapwebedapro01.azurewebsites.net\/#\/schema\/logo\/image\/"}},{"@type":"Person","@id":"https:\/\/wapwebedapro01.azurewebsites.net\/#\/schema\/person\/2ef62850d0c872a47ffe56f15c22323c","name":"william-jose.moreno","image":{"@type":"ImageObject","inLanguage":"ca","@id":"https:\/\/wapwebedapro01.azurewebsites.net\/#\/schema\/person\/image\/","url":"https:\/\/secure.gravatar.com\/avatar\/f4016a09806c3bffd47afd9693b0eb27?s=96&d=mm&r=g","contentUrl":"https:\/\/secure.gravatar.com\/avatar\/f4016a09806c3bffd47afd9693b0eb27?s=96&d=mm&r=g","caption":"william-jose.moreno"},"url":"https:\/\/www.laescueladelagua.com\/ca\/author\/william-jose-moreno\/"}]}},"meta_box":[],"_links":{"self":[{"href":"https:\/\/www.laescueladelagua.com\/ca\/wp-json\/wp\/v2\/posts\/4281","targetHints":{"allow":["GET"]}}],"collection":[{"href":"https:\/\/www.laescueladelagua.com\/ca\/wp-json\/wp\/v2\/posts"}],"about":[{"href":"https:\/\/www.laescueladelagua.com\/ca\/wp-json\/wp\/v2\/types\/post"}],"author":[{"embeddable":true,"href":"https:\/\/www.laescueladelagua.com\/ca\/wp-json\/wp\/v2\/users\/14"}],"replies":[{"embeddable":true,"href":"https:\/\/www.laescueladelagua.com\/ca\/wp-json\/wp\/v2\/comments?post=4281"}],"version-history":[{"count":1,"href":"https:\/\/www.laescueladelagua.com\/ca\/wp-json\/wp\/v2\/posts\/4281\/revisions"}],"predecessor-version":[{"id":4282,"href":"https:\/\/www.laescueladelagua.com\/ca\/wp-json\/wp\/v2\/posts\/4281\/revisions\/4282"}],"wp:featuredmedia":[{"embeddable":true,"href":"https:\/\/www.laescueladelagua.com\/ca\/wp-json\/wp\/v2\/media\/2756"}],"wp:attachment":[{"href":"https:\/\/www.laescueladelagua.com\/ca\/wp-json\/wp\/v2\/media?parent=4281"}],"wp:term":[{"taxonomy":"category","embeddable":true,"href":"https:\/\/www.laescueladelagua.com\/ca\/wp-json\/wp\/v2\/categories?post=4281"},{"taxonomy":"post_tag","embeddable":true,"href":"https:\/\/www.laescueladelagua.com\/ca\/wp-json\/wp\/v2\/tags?post=4281"}],"curies":[{"name":"wp","href":"https:\/\/api.w.org\/{rel}","templated":true}]}}