{"id":4430,"date":"2025-08-20T10:35:48","date_gmt":"2025-08-20T10:35:48","guid":{"rendered":"https:\/\/www.laescueladelagua.com\/?p=4430"},"modified":"2025-09-15T08:59:46","modified_gmt":"2025-09-15T08:59:46","slug":"simmar-impulsa-la-acreditacion-de-su-personal-con-la-escuela-del-agua-para-reconocer-su-experiencia-y-profesionalidad","status":"publish","type":"post","link":"https:\/\/www.laescueladelagua.com\/ca\/simmar-impulsa-la-acreditacion-de-su-personal-con-la-escuela-del-agua-para-reconocer-su-experiencia-y-profesionalidad\/","title":{"rendered":"SIMMAR impulsa la acreditaci\u00f3n de su personal con la Escuela del Agua para reconocer su experiencia y profesionalidad"},"content":{"rendered":"<p><em><span style=\"font-weight: 400;\"><a href=\"https:\/\/web.simmar.cat\/\">SIMMAR (Serveis Integrals Del Maresme SL)<\/a>, empresa referente en la gesti\u00f3n del ciclo integral del agua, est\u00e1 impulsando activamente un ambicioso proyecto de acreditaci\u00f3n de competencias profesionales con el objetivo de reconocer formalmente la experiencia y el conocimiento de su equipo. Este proyecto se alinea con la apuesta de la empresa por la calidad, la formaci\u00f3n continua y la profesionalizaci\u00f3n del sector.<\/span><\/em><\/p>\n<p>&nbsp;<\/p>\n<h4><b>Alianzas estrat\u00e9gicas y trabajo en equipo para la profesionalizaci\u00f3n<\/b><\/h4>\n<p>&nbsp;<\/p>\n<p><span style=\"font-weight: 400;\">El proyecto se lleva a cabo en colaboraci\u00f3n con la Escuela del Agua y l\u2019<a href=\"https:\/\/fp.gencat.cat\/ca\/inici\">Ag\u00e8ncia P\u00fablica de Formaci\u00f3 i Qualificaci\u00f3 Professionals de Catalunya<\/a> (<a href=\"https:\/\/fp.gencat.cat\/ca\/inici\">Ag\u00e8ncia FPCAT<\/a>). Iniciado en 2018, el proceso permite a los trabajadores obtener certificados oficiales de competencias profesionales, reconociendo las habilidades adquiridas mediante la experiencia laboral y la formaci\u00f3n no formal.<\/span><\/p>\n<p><span style=\"font-weight: 400;\">A d\u00eda de hoy, casi la mitad del personal de operaciones dispone ya de unidades de competencia acreditadas, y una parte ha participado en un proceso de acreditaci\u00f3n masiva, gracias a un convenio con la <a href=\"https:\/\/fp.gencat.cat\/ca\/inici\">Ag\u00e8ncia FPCAT<\/a>. Este modelo innovador facilita la acreditaci\u00f3n colectiva del personal, permitiendo realizar el procedimiento en los mismos espacios de trabajo de la empresa y con la participaci\u00f3n de los propios profesionales como asesores y evaluadores.<\/span><\/p>\n<p><span style=\"font-weight: 400;\">Para los trabajadores\u00a0 que obtuvieron certificados parciales durante el proceso, se ha planificado un itinerario de formaci\u00f3n espec\u00edfico para completar las unidades de competencia pendientes y facilitar la obtenci\u00f3n de la completa acreditaci\u00f3n.<\/span><\/p>\n<h4><\/h4>\n<h4><b>Compromiso con el talento<\/b><\/h4>\n<p><span style=\"font-weight: 400;\">Con el apoyo y <a href=\"https:\/\/www.laescueladelagua.com\/ca\/formacion-para-la-cualificacion-profesional\/acreditacion-de-competencias\/\">acompa\u00f1amiento de la Escuela del Agua<\/a> y el departamento de Recursos Humanos, este proceso se ha consolidado como una herramienta eficaz para impulsar la calificaci\u00f3n, motivaci\u00f3n y competitividad del personal. La acreditaci\u00f3n de la plantilla no s\u00f3lo reconoce formalmente las competencias de los profesionales, sino que tambi\u00e9n pone de relieve el papel estrat\u00e9gico de esta iniciativa en la profesionalizaci\u00f3n del sector.\u00a0<\/span><\/p>\n<p><span style=\"font-weight: 400;\">Para <a href=\"https:\/\/web.simmar.cat\/\">SIMMAR<\/a>, la acreditaci\u00f3n profesional de sus trabajadores representa un hito clave en el reconocimiento formal del talento y la trayectoria de su equipo, reforzando al mismo tiempo el compromiso de la empresa con la formaci\u00f3n continua y la excelencia t\u00e9cnica. En esta l\u00ednea, <a href=\"https:\/\/web.simmar.cat\/\">SIMMAR<\/a> sigue apostando por un modelo de gesti\u00f3n del talento basado en el reconocimiento, la calidad y la innovaci\u00f3n, consolid\u00e1ndose como un referente en la profesionalizaci\u00f3n del sector del agua.<\/span><\/p>","protected":false},"excerpt":{"rendered":"<p>SIMMAR (Serveis Integrals Del Maresme SL), empresa referente en la gesti\u00f3n del ciclo integral del agua, est\u00e1 impulsando activamente un ambicioso proyecto de acreditaci\u00f3n de competencias profesionales con el objetivo de reconocer formalmente la experiencia y el conocimiento de su equipo. Este proyecto se alinea con la apuesta de la empresa por la calidad, la [&hellip;]<\/p>","protected":false},"author":6,"featured_media":4447,"comment_status":"open","ping_status":"open","sticky":false,"template":"","format":"standard","meta":{"footnotes":""},"categories":[111],"tags":[],"class_list":["post-4430","post","type-post","status-publish","format-standard","has-post-thumbnail","hentry","category-acreditacion-profesional"],"yoast_head":"<!-- This site is optimized with the Yoast SEO plugin v24.5 - https:\/\/yoast.com\/wordpress\/plugins\/seo\/ -->\r\n<title>SIMMAR impulsa la acreditaci\u00f3n de su personal con la Escuela del Agua para reconocer su experiencia y profesionalidad - Escuela del agua<\/title>\r\n<meta name=\"robots\" content=\"index, follow, max-snippet:-1, max-image-preview:large, max-video-preview:-1\" \/>\r\n<link rel=\"canonical\" href=\"https:\/\/www.laescueladelagua.com\/ca\/simmar-impulsa-la-acreditacion-de-su-personal-con-la-escuela-del-agua-para-reconocer-su-experiencia-y-profesionalidad\/\" \/>\r\n<meta property=\"og:locale\" content=\"ca_ES\" \/>\r\n<meta property=\"og:type\" content=\"article\" \/>\r\n<meta property=\"og:title\" content=\"SIMMAR impulsa la acreditaci\u00f3n de su personal con la Escuela del Agua para reconocer su experiencia y profesionalidad - Escuela del agua\" \/>\r\n<meta property=\"og:description\" content=\"SIMMAR (Serveis Integrals Del Maresme SL), empresa referente en la gesti\u00f3n del ciclo integral del agua, est\u00e1 impulsando activamente un ambicioso proyecto de acreditaci\u00f3n de competencias profesionales con el objetivo de reconocer formalmente la experiencia y el conocimiento de su equipo. Este proyecto se alinea con la apuesta de la empresa por la calidad, la [&hellip;]\" \/>\r\n<meta property=\"og:url\" content=\"https:\/\/www.laescueladelagua.com\/ca\/simmar-impulsa-la-acreditacion-de-su-personal-con-la-escuela-del-agua-para-reconocer-su-experiencia-y-profesionalidad\/\" \/>\r\n<meta property=\"og:site_name\" content=\"Escuela del agua\" \/>\r\n<meta property=\"article:published_time\" content=\"2025-08-20T10:35:48+00:00\" \/>\r\n<meta property=\"article:modified_time\" content=\"2025-09-15T08:59:46+00:00\" \/>\r\n<meta property=\"og:image\" content=\"https:\/\/www.laescueladelagua.com\/wp-content\/uploads\/2025\/08\/foto-web-opta-1.jpeg\" \/>\r\n\t<meta property=\"og:image:width\" content=\"1567\" \/>\r\n\t<meta property=\"og:image:height\" content=\"1175\" \/>\r\n\t<meta property=\"og:image:type\" content=\"image\/jpeg\" \/>\r\n<meta name=\"author\" content=\"emrodriguez\" \/>\r\n<meta name=\"twitter:card\" content=\"summary_large_image\" \/>\r\n<meta name=\"twitter:label1\" content=\"Escrit per\" \/>\n\t<meta name=\"twitter:data1\" content=\"emrodriguez\" \/>\n\t<meta name=\"twitter:label2\" content=\"Temps estimat de lectura\" \/>\n\t<meta name=\"twitter:data2\" content=\"2 minuts\" \/>\r\n<script type=\"application\/ld+json\" class=\"yoast-schema-graph\">{\"@context\":\"https:\/\/schema.org\",\"@graph\":[{\"@type\":\"Article\",\"@id\":\"https:\/\/www.laescueladelagua.com\/en\/simmar-impulsa-la-acreditacion-de-su-personal-con-la-escuela-del-agua-para-reconocer-su-experiencia-y-profesionalidad\/#article\",\"isPartOf\":{\"@id\":\"https:\/\/www.laescueladelagua.com\/en\/simmar-impulsa-la-acreditacion-de-su-personal-con-la-escuela-del-agua-para-reconocer-su-experiencia-y-profesionalidad\/\"},\"author\":{\"name\":\"emrodriguez\",\"@id\":\"https:\/\/wapwebedapro01.azurewebsites.net\/#\/schema\/person\/527f67ae18a7f9a5e4516ba82e2fff6f\"},\"headline\":\"SIMMAR impulsa la acreditaci\u00f3n de su personal con la Escuela del Agua para reconocer su experiencia y profesionalidad\",\"datePublished\":\"2025-08-20T10:35:48+00:00\",\"dateModified\":\"2025-09-15T08:59:46+00:00\",\"mainEntityOfPage\":{\"@id\":\"https:\/\/www.laescueladelagua.com\/en\/simmar-impulsa-la-acreditacion-de-su-personal-con-la-escuela-del-agua-para-reconocer-su-experiencia-y-profesionalidad\/\"},\"wordCount\":428,\"commentCount\":0,\"publisher\":{\"@id\":\"https:\/\/wapwebedapro01.azurewebsites.net\/#organization\"},\"image\":{\"@id\":\"https:\/\/www.laescueladelagua.com\/en\/simmar-impulsa-la-acreditacion-de-su-personal-con-la-escuela-del-agua-para-reconocer-su-experiencia-y-profesionalidad\/#primaryimage\"},\"thumbnailUrl\":\"\/wp-content\/uploads\/2025\/08\/foto-web-opta-1.jpeg\",\"articleSection\":[\"Acreditaci\u00f3n Profesional\"],\"inLanguage\":\"ca\",\"potentialAction\":[{\"@type\":\"CommentAction\",\"name\":\"Comment\",\"target\":[\"https:\/\/www.laescueladelagua.com\/en\/simmar-impulsa-la-acreditacion-de-su-personal-con-la-escuela-del-agua-para-reconocer-su-experiencia-y-profesionalidad\/#respond\"]}]},{\"@type\":\"WebPage\",\"@id\":\"https:\/\/www.laescueladelagua.com\/en\/simmar-impulsa-la-acreditacion-de-su-personal-con-la-escuela-del-agua-para-reconocer-su-experiencia-y-profesionalidad\/\",\"url\":\"https:\/\/www.laescueladelagua.com\/en\/simmar-impulsa-la-acreditacion-de-su-personal-con-la-escuela-del-agua-para-reconocer-su-experiencia-y-profesionalidad\/\",\"name\":\"SIMMAR impulsa la acreditaci\u00f3n de su personal con la Escuela del Agua para reconocer su experiencia y profesionalidad - Escuela del agua\",\"isPartOf\":{\"@id\":\"https:\/\/wapwebedapro01.azurewebsites.net\/#website\"},\"primaryImageOfPage\":{\"@id\":\"https:\/\/www.laescueladelagua.com\/en\/simmar-impulsa-la-acreditacion-de-su-personal-con-la-escuela-del-agua-para-reconocer-su-experiencia-y-profesionalidad\/#primaryimage\"},\"image\":{\"@id\":\"https:\/\/www.laescueladelagua.com\/en\/simmar-impulsa-la-acreditacion-de-su-personal-con-la-escuela-del-agua-para-reconocer-su-experiencia-y-profesionalidad\/#primaryimage\"},\"thumbnailUrl\":\"\/wp-content\/uploads\/2025\/08\/foto-web-opta-1.jpeg\",\"datePublished\":\"2025-08-20T10:35:48+00:00\",\"dateModified\":\"2025-09-15T08:59:46+00:00\",\"breadcrumb\":{\"@id\":\"https:\/\/www.laescueladelagua.com\/en\/simmar-impulsa-la-acreditacion-de-su-personal-con-la-escuela-del-agua-para-reconocer-su-experiencia-y-profesionalidad\/#breadcrumb\"},\"inLanguage\":\"ca\",\"potentialAction\":[{\"@type\":\"ReadAction\",\"target\":[\"https:\/\/www.laescueladelagua.com\/en\/simmar-impulsa-la-acreditacion-de-su-personal-con-la-escuela-del-agua-para-reconocer-su-experiencia-y-profesionalidad\/\"]}]},{\"@type\":\"ImageObject\",\"inLanguage\":\"ca\",\"@id\":\"https:\/\/www.laescueladelagua.com\/en\/simmar-impulsa-la-acreditacion-de-su-personal-con-la-escuela-del-agua-para-reconocer-su-experiencia-y-profesionalidad\/#primaryimage\",\"url\":\"\/wp-content\/uploads\/2025\/08\/foto-web-opta-1.jpeg\",\"contentUrl\":\"\/wp-content\/uploads\/2025\/08\/foto-web-opta-1.jpeg\",\"width\":1567,\"height\":1175},{\"@type\":\"BreadcrumbList\",\"@id\":\"https:\/\/www.laescueladelagua.com\/en\/simmar-impulsa-la-acreditacion-de-su-personal-con-la-escuela-del-agua-para-reconocer-su-experiencia-y-profesionalidad\/#breadcrumb\",\"itemListElement\":[{\"@type\":\"ListItem\",\"position\":1,\"name\":\"Home\",\"item\":\"https:\/\/wapwebedapro01.azurewebsites.net\/\"},{\"@type\":\"ListItem\",\"position\":2,\"name\":\"SIMMAR impulsa la acreditaci\u00f3n de su personal con la Escuela del Agua para reconocer su experiencia y profesionalidad\"}]},{\"@type\":\"WebSite\",\"@id\":\"https:\/\/wapwebedapro01.azurewebsites.net\/#website\",\"url\":\"https:\/\/wapwebedapro01.azurewebsites.net\/\",\"name\":\"Escuela del agua\",\"description\":\"\",\"publisher\":{\"@id\":\"https:\/\/wapwebedapro01.azurewebsites.net\/#organization\"},\"potentialAction\":[{\"@type\":\"SearchAction\",\"target\":{\"@type\":\"EntryPoint\",\"urlTemplate\":\"https:\/\/wapwebedapro01.azurewebsites.net\/?s={search_term_string}\"},\"query-input\":{\"@type\":\"PropertyValueSpecification\",\"valueRequired\":true,\"valueName\":\"search_term_string\"}}],\"inLanguage\":\"ca\"},{\"@type\":\"Organization\",\"@id\":\"https:\/\/wapwebedapro01.azurewebsites.net\/#organization\",\"name\":\"Escuela del agua\",\"url\":\"https:\/\/wapwebedapro01.azurewebsites.net\/\",\"logo\":{\"@type\":\"ImageObject\",\"inLanguage\":\"ca\",\"@id\":\"https:\/\/wapwebedapro01.azurewebsites.net\/#\/schema\/logo\/image\/\",\"url\":\"\/wp-content\/uploads\/2023\/08\/logo_EscueladelAgua_mod.1.1_150px.png\",\"contentUrl\":\"\/wp-content\/uploads\/2023\/08\/logo_EscueladelAgua_mod.1.1_150px.png\",\"width\":150,\"height\":90,\"caption\":\"Escuela del agua\"},\"image\":{\"@id\":\"https:\/\/wapwebedapro01.azurewebsites.net\/#\/schema\/logo\/image\/\"}},{\"@type\":\"Person\",\"@id\":\"https:\/\/wapwebedapro01.azurewebsites.net\/#\/schema\/person\/527f67ae18a7f9a5e4516ba82e2fff6f\",\"name\":\"emrodriguez\",\"image\":{\"@type\":\"ImageObject\",\"inLanguage\":\"ca\",\"@id\":\"https:\/\/wapwebedapro01.azurewebsites.net\/#\/schema\/person\/image\/\",\"url\":\"https:\/\/secure.gravatar.com\/avatar\/f5a7da42368190a610c3fc6e2d270294?s=96&d=mm&r=g\",\"contentUrl\":\"https:\/\/secure.gravatar.com\/avatar\/f5a7da42368190a610c3fc6e2d270294?s=96&d=mm&r=g\",\"caption\":\"emrodriguez\"},\"url\":\"https:\/\/www.laescueladelagua.com\/ca\/author\/emrodriguez\/\"}]}<\/script>\r\n<!-- \/ Yoast SEO plugin. -->","yoast_head_json":{"title":"SIMMAR impulsa la acreditaci\u00f3n de su personal con la Escuela del Agua para reconocer su experiencia y profesionalidad - Escuela del agua","robots":{"index":"index","follow":"follow","max-snippet":"max-snippet:-1","max-image-preview":"max-image-preview:large","max-video-preview":"max-video-preview:-1"},"canonical":"https:\/\/www.laescueladelagua.com\/ca\/simmar-impulsa-la-acreditacion-de-su-personal-con-la-escuela-del-agua-para-reconocer-su-experiencia-y-profesionalidad\/","og_locale":"ca_ES","og_type":"article","og_title":"SIMMAR impulsa la acreditaci\u00f3n de su personal con la Escuela del Agua para reconocer su experiencia y profesionalidad - Escuela del agua","og_description":"SIMMAR (Serveis Integrals Del Maresme SL), empresa referente en la gesti\u00f3n del ciclo integral del agua, est\u00e1 impulsando activamente un ambicioso proyecto de acreditaci\u00f3n de competencias profesionales con el objetivo de reconocer formalmente la experiencia y el conocimiento de su equipo. Este proyecto se alinea con la apuesta de la empresa por la calidad, la [&hellip;]","og_url":"https:\/\/www.laescueladelagua.com\/ca\/simmar-impulsa-la-acreditacion-de-su-personal-con-la-escuela-del-agua-para-reconocer-su-experiencia-y-profesionalidad\/","og_site_name":"Escuela del agua","article_published_time":"2025-08-20T10:35:48+00:00","article_modified_time":"2025-09-15T08:59:46+00:00","og_image":[{"width":1567,"height":1175,"url":"https:\/\/www.laescueladelagua.com\/wp-content\/uploads\/2025\/08\/foto-web-opta-1.jpeg","type":"image\/jpeg"}],"author":"emrodriguez","twitter_card":"summary_large_image","twitter_misc":{"Escrit per":"emrodriguez","Temps estimat de lectura":"2 minuts"},"schema":{"@context":"https:\/\/schema.org","@graph":[{"@type":"Article","@id":"https:\/\/www.laescueladelagua.com\/en\/simmar-impulsa-la-acreditacion-de-su-personal-con-la-escuela-del-agua-para-reconocer-su-experiencia-y-profesionalidad\/#article","isPartOf":{"@id":"https:\/\/www.laescueladelagua.com\/en\/simmar-impulsa-la-acreditacion-de-su-personal-con-la-escuela-del-agua-para-reconocer-su-experiencia-y-profesionalidad\/"},"author":{"name":"emrodriguez","@id":"https:\/\/wapwebedapro01.azurewebsites.net\/#\/schema\/person\/527f67ae18a7f9a5e4516ba82e2fff6f"},"headline":"SIMMAR impulsa la acreditaci\u00f3n de su personal con la Escuela del Agua para reconocer su experiencia y profesionalidad","datePublished":"2025-08-20T10:35:48+00:00","dateModified":"2025-09-15T08:59:46+00:00","mainEntityOfPage":{"@id":"https:\/\/www.laescueladelagua.com\/en\/simmar-impulsa-la-acreditacion-de-su-personal-con-la-escuela-del-agua-para-reconocer-su-experiencia-y-profesionalidad\/"},"wordCount":428,"commentCount":0,"publisher":{"@id":"https:\/\/wapwebedapro01.azurewebsites.net\/#organization"},"image":{"@id":"https:\/\/www.laescueladelagua.com\/en\/simmar-impulsa-la-acreditacion-de-su-personal-con-la-escuela-del-agua-para-reconocer-su-experiencia-y-profesionalidad\/#primaryimage"},"thumbnailUrl":"\/wp-content\/uploads\/2025\/08\/foto-web-opta-1.jpeg","articleSection":["Acreditaci\u00f3n Profesional"],"inLanguage":"ca","potentialAction":[{"@type":"CommentAction","name":"Comment","target":["https:\/\/www.laescueladelagua.com\/en\/simmar-impulsa-la-acreditacion-de-su-personal-con-la-escuela-del-agua-para-reconocer-su-experiencia-y-profesionalidad\/#respond"]}]},{"@type":"WebPage","@id":"https:\/\/www.laescueladelagua.com\/en\/simmar-impulsa-la-acreditacion-de-su-personal-con-la-escuela-del-agua-para-reconocer-su-experiencia-y-profesionalidad\/","url":"https:\/\/www.laescueladelagua.com\/en\/simmar-impulsa-la-acreditacion-de-su-personal-con-la-escuela-del-agua-para-reconocer-su-experiencia-y-profesionalidad\/","name":"SIMMAR impulsa la acreditaci\u00f3n de su personal con la Escuela del Agua para reconocer su experiencia y profesionalidad - Escuela del agua","isPartOf":{"@id":"https:\/\/wapwebedapro01.azurewebsites.net\/#website"},"primaryImageOfPage":{"@id":"https:\/\/www.laescueladelagua.com\/en\/simmar-impulsa-la-acreditacion-de-su-personal-con-la-escuela-del-agua-para-reconocer-su-experiencia-y-profesionalidad\/#primaryimage"},"image":{"@id":"https:\/\/www.laescueladelagua.com\/en\/simmar-impulsa-la-acreditacion-de-su-personal-con-la-escuela-del-agua-para-reconocer-su-experiencia-y-profesionalidad\/#primaryimage"},"thumbnailUrl":"\/wp-content\/uploads\/2025\/08\/foto-web-opta-1.jpeg","datePublished":"2025-08-20T10:35:48+00:00","dateModified":"2025-09-15T08:59:46+00:00","breadcrumb":{"@id":"https:\/\/www.laescueladelagua.com\/en\/simmar-impulsa-la-acreditacion-de-su-personal-con-la-escuela-del-agua-para-reconocer-su-experiencia-y-profesionalidad\/#breadcrumb"},"inLanguage":"ca","potentialAction":[{"@type":"ReadAction","target":["https:\/\/www.laescueladelagua.com\/en\/simmar-impulsa-la-acreditacion-de-su-personal-con-la-escuela-del-agua-para-reconocer-su-experiencia-y-profesionalidad\/"]}]},{"@type":"ImageObject","inLanguage":"ca","@id":"https:\/\/www.laescueladelagua.com\/en\/simmar-impulsa-la-acreditacion-de-su-personal-con-la-escuela-del-agua-para-reconocer-su-experiencia-y-profesionalidad\/#primaryimage","url":"\/wp-content\/uploads\/2025\/08\/foto-web-opta-1.jpeg","contentUrl":"\/wp-content\/uploads\/2025\/08\/foto-web-opta-1.jpeg","width":1567,"height":1175},{"@type":"BreadcrumbList","@id":"https:\/\/www.laescueladelagua.com\/en\/simmar-impulsa-la-acreditacion-de-su-personal-con-la-escuela-del-agua-para-reconocer-su-experiencia-y-profesionalidad\/#breadcrumb","itemListElement":[{"@type":"ListItem","position":1,"name":"Home","item":"https:\/\/wapwebedapro01.azurewebsites.net\/"},{"@type":"ListItem","position":2,"name":"SIMMAR impulsa la acreditaci\u00f3n de su personal con la Escuela del Agua para reconocer su experiencia y profesionalidad"}]},{"@type":"WebSite","@id":"https:\/\/wapwebedapro01.azurewebsites.net\/#website","url":"https:\/\/wapwebedapro01.azurewebsites.net\/","name":"Escuela del agua","description":"","publisher":{"@id":"https:\/\/wapwebedapro01.azurewebsites.net\/#organization"},"potentialAction":[{"@type":"SearchAction","target":{"@type":"EntryPoint","urlTemplate":"https:\/\/wapwebedapro01.azurewebsites.net\/?s={search_term_string}"},"query-input":{"@type":"PropertyValueSpecification","valueRequired":true,"valueName":"search_term_string"}}],"inLanguage":"ca"},{"@type":"Organization","@id":"https:\/\/wapwebedapro01.azurewebsites.net\/#organization","name":"Escuela del agua","url":"https:\/\/wapwebedapro01.azurewebsites.net\/","logo":{"@type":"ImageObject","inLanguage":"ca","@id":"https:\/\/wapwebedapro01.azurewebsites.net\/#\/schema\/logo\/image\/","url":"\/wp-content\/uploads\/2023\/08\/logo_EscueladelAgua_mod.1.1_150px.png","contentUrl":"\/wp-content\/uploads\/2023\/08\/logo_EscueladelAgua_mod.1.1_150px.png","width":150,"height":90,"caption":"Escuela del agua"},"image":{"@id":"https:\/\/wapwebedapro01.azurewebsites.net\/#\/schema\/logo\/image\/"}},{"@type":"Person","@id":"https:\/\/wapwebedapro01.azurewebsites.net\/#\/schema\/person\/527f67ae18a7f9a5e4516ba82e2fff6f","name":"emrodriguez","image":{"@type":"ImageObject","inLanguage":"ca","@id":"https:\/\/wapwebedapro01.azurewebsites.net\/#\/schema\/person\/image\/","url":"https:\/\/secure.gravatar.com\/avatar\/f5a7da42368190a610c3fc6e2d270294?s=96&d=mm&r=g","contentUrl":"https:\/\/secure.gravatar.com\/avatar\/f5a7da42368190a610c3fc6e2d270294?s=96&d=mm&r=g","caption":"emrodriguez"},"url":"https:\/\/www.laescueladelagua.com\/ca\/author\/emrodriguez\/"}]}},"meta_box":[],"_links":{"self":[{"href":"https:\/\/www.laescueladelagua.com\/ca\/wp-json\/wp\/v2\/posts\/4430","targetHints":{"allow":["GET"]}}],"collection":[{"href":"https:\/\/www.laescueladelagua.com\/ca\/wp-json\/wp\/v2\/posts"}],"about":[{"href":"https:\/\/www.laescueladelagua.com\/ca\/wp-json\/wp\/v2\/types\/post"}],"author":[{"embeddable":true,"href":"https:\/\/www.laescueladelagua.com\/ca\/wp-json\/wp\/v2\/users\/6"}],"replies":[{"embeddable":true,"href":"https:\/\/www.laescueladelagua.com\/ca\/wp-json\/wp\/v2\/comments?post=4430"}],"version-history":[{"count":2,"href":"https:\/\/www.laescueladelagua.com\/ca\/wp-json\/wp\/v2\/posts\/4430\/revisions"}],"predecessor-version":[{"id":4433,"href":"https:\/\/www.laescueladelagua.com\/ca\/wp-json\/wp\/v2\/posts\/4430\/revisions\/4433"}],"wp:featuredmedia":[{"embeddable":true,"href":"https:\/\/www.laescueladelagua.com\/ca\/wp-json\/wp\/v2\/media\/4447"}],"wp:attachment":[{"href":"https:\/\/www.laescueladelagua.com\/ca\/wp-json\/wp\/v2\/media?parent=4430"}],"wp:term":[{"taxonomy":"category","embeddable":true,"href":"https:\/\/www.laescueladelagua.com\/ca\/wp-json\/wp\/v2\/categories?post=4430"},{"taxonomy":"post_tag","embeddable":true,"href":"https:\/\/www.laescueladelagua.com\/ca\/wp-json\/wp\/v2\/tags?post=4430"}],"curies":[{"name":"wp","href":"https:\/\/api.w.org\/{rel}","templated":true}]}}