{"id":4466,"date":"2025-10-09T06:02:20","date_gmt":"2025-10-09T06:02:20","guid":{"rendered":"https:\/\/www.laescueladelagua.com\/?p=4466"},"modified":"2025-11-12T11:53:27","modified_gmt":"2025-11-12T11:53:27","slug":"arranca-la-primera-edicion-del-master-dual-en-ingenieria-del-agua-upc-veolia-con-25-estudiantes","status":"publish","type":"post","link":"https:\/\/www.laescueladelagua.com\/ca\/arranca-la-primera-edicion-del-master-dual-en-ingenieria-del-agua-upc-veolia-con-25-estudiantes\/","title":{"rendered":"Arranca la primera edici\u00f3n del M\u00e1ster Dual en Ingenier\u00eda del Agua con 25 estudiantes"},"content":{"rendered":"<p><em><span style=\"font-weight: 400;\">Esta semana se ha iniciado la primera edici\u00f3n del M\u00e1ster Universitario Dual en Ingenier\u00eda del Agua, desarrollado en colaboraci\u00f3n con la Escuela del Agua y la Escuela de Caminos de la UPC. Este programa pionero cuenta con 25 estudiantes matriculados y est\u00e1 dirigido por Mart\u00ed S\u00e1nchez, profesor de la Escuela T\u00e9cnica Superior de Ingenier\u00eda de Caminos, Canales y Puertos de Barcelona (ETSECCPB).<\/span><\/em><\/p>\n<h4><strong><span class=\"appsElementsGenerativeaiAstAnimated\">Un hito en la formaci\u00f3n dual del sector h\u00eddrico<\/span><\/strong><\/h4>\n<p><span style=\"font-weight: 400;\">El m\u00e1ster, que representa un hito en la formaci\u00f3n especializada del sector h\u00eddrico, combina la experiencia acad\u00e9mica universitaria con la aplicaci\u00f3n pr\u00e1ctica en entornos profesionales de referencia. Los estudiantes que opten por la menci\u00f3n dual de la Escuela del Agua cursar\u00e1n 3 asignaturas espec\u00edficas impartidas por expertos de Veolia, realizar\u00e1n sus pr\u00e1cticas del m\u00e1ster en empresas del grupo Veolia Espa\u00f1a, y desarrollar\u00e1n su proyecto de fin de m\u00e1ster aplicado directamente a estas compa\u00f1\u00edas.<\/span><\/p>\n<p><span style=\"font-weight: 400;\">Esta modalidad dual permite a los estudiantes participar en proyectos reales supervisados por profesionales de la entidad, complementando as\u00ed su formaci\u00f3n te\u00f3rica con experiencia pr\u00e1ctica directa en el sector.<\/span><\/p>\n<p><span style=\"font-weight: 400;\">El programa formativo profundiza en temas de especial relevancia como la gesti\u00f3n sostenible del agua, la econom\u00eda circular, la innovaci\u00f3n en servicios ambientales y la transformaci\u00f3n digital del sector. Est\u00e1 dirigido a profesionales con perfil multidisciplinar del \u00e1mbito de la ingenier\u00eda, con el objetivo de formar expertos que puedan asesorar tanto al sector p\u00fablico como privado en la gesti\u00f3n sostenible de los recursos h\u00eddricos a nivel local, regional, nacional e internacional.<\/span><\/p>\n<p><span style=\"font-weight: 400;\">Esta iniciativa surge como respuesta a la demanda creciente de profesionales altamente especializados para afrontar los desaf\u00edos del cambio clim\u00e1tico, como los per\u00edodos extensos de sequ\u00eda o las lluvias torrenciales, fen\u00f3menos cada vez m\u00e1s frecuentes que requieren soluciones innovadoras en la gesti\u00f3n del agua.<\/span><\/p>","protected":false},"excerpt":{"rendered":"<p>Esta semana se ha iniciado la primera edici\u00f3n del M\u00e1ster Universitario Dual en Ingenier\u00eda del Agua, desarrollado en colaboraci\u00f3n con la Escuela del Agua y la Escuela de Caminos de la UPC. Este programa pionero cuenta con 25 estudiantes matriculados y est\u00e1 dirigido por Mart\u00ed S\u00e1nchez, profesor de la Escuela T\u00e9cnica Superior de Ingenier\u00eda de [&hellip;]<\/p>","protected":false},"author":6,"featured_media":4471,"comment_status":"open","ping_status":"open","sticky":false,"template":"","format":"standard","meta":{"footnotes":""},"categories":[50],"tags":[],"class_list":["post-4466","post","type-post","status-publish","format-standard","has-post-thumbnail","hentry","category-actualidad"],"yoast_head":"<!-- This site is optimized with the Yoast SEO plugin v24.5 - https:\/\/yoast.com\/wordpress\/plugins\/seo\/ -->\r\n<title>Arranca la primera edici\u00f3n del M\u00e1ster Dual en Ingenier\u00eda del Agua con 25 estudiantes - Escuela del agua<\/title>\r\n<meta name=\"robots\" content=\"index, follow, max-snippet:-1, max-image-preview:large, max-video-preview:-1\" \/>\r\n<link rel=\"canonical\" href=\"https:\/\/www.laescueladelagua.com\/ca\/arranca-la-primera-edicion-del-master-dual-en-ingenieria-del-agua-upc-veolia-con-25-estudiantes\/\" \/>\r\n<meta property=\"og:locale\" content=\"ca_ES\" \/>\r\n<meta property=\"og:type\" content=\"article\" \/>\r\n<meta property=\"og:title\" content=\"Arranca la primera edici\u00f3n del M\u00e1ster Dual en Ingenier\u00eda del Agua con 25 estudiantes - Escuela del agua\" \/>\r\n<meta property=\"og:description\" content=\"Esta semana se ha iniciado la primera edici\u00f3n del M\u00e1ster Universitario Dual en Ingenier\u00eda del Agua, desarrollado en colaboraci\u00f3n con la Escuela del Agua y la Escuela de Caminos de la UPC. Este programa pionero cuenta con 25 estudiantes matriculados y est\u00e1 dirigido por Mart\u00ed S\u00e1nchez, profesor de la Escuela T\u00e9cnica Superior de Ingenier\u00eda de [&hellip;]\" \/>\r\n<meta property=\"og:url\" content=\"https:\/\/www.laescueladelagua.com\/ca\/arranca-la-primera-edicion-del-master-dual-en-ingenieria-del-agua-upc-veolia-con-25-estudiantes\/\" \/>\r\n<meta property=\"og:site_name\" content=\"Escuela del agua\" \/>\r\n<meta property=\"article:published_time\" content=\"2025-10-09T06:02:20+00:00\" \/>\r\n<meta property=\"article:modified_time\" content=\"2025-11-12T11:53:27+00:00\" \/>\r\n<meta property=\"og:image\" content=\"https:\/\/www.laescueladelagua.com\/wp-content\/uploads\/2025\/10\/20251001_111029-scaled.jpg\" \/>\r\n\t<meta property=\"og:image:width\" content=\"2560\" \/>\r\n\t<meta property=\"og:image:height\" content=\"1920\" \/>\r\n\t<meta property=\"og:image:type\" content=\"image\/jpeg\" \/>\r\n<meta name=\"author\" content=\"emrodriguez\" \/>\r\n<meta name=\"twitter:card\" content=\"summary_large_image\" \/>\r\n<meta name=\"twitter:label1\" content=\"Escrit per\" \/>\n\t<meta name=\"twitter:data1\" content=\"emrodriguez\" \/>\n\t<meta name=\"twitter:label2\" content=\"Temps estimat de lectura\" \/>\n\t<meta name=\"twitter:data2\" content=\"2 minuts\" \/>\r\n<script type=\"application\/ld+json\" class=\"yoast-schema-graph\">{\"@context\":\"https:\/\/schema.org\",\"@graph\":[{\"@type\":\"Article\",\"@id\":\"https:\/\/www.laescueladelagua.com\/arranca-la-primera-edicion-del-master-dual-en-ingenieria-del-agua-upc-veolia-con-25-estudiantes\/#article\",\"isPartOf\":{\"@id\":\"https:\/\/www.laescueladelagua.com\/arranca-la-primera-edicion-del-master-dual-en-ingenieria-del-agua-upc-veolia-con-25-estudiantes\/\"},\"author\":{\"name\":\"emrodriguez\",\"@id\":\"https:\/\/wapwebedapro01.azurewebsites.net\/#\/schema\/person\/527f67ae18a7f9a5e4516ba82e2fff6f\"},\"headline\":\"Arranca la primera edici\u00f3n del M\u00e1ster Dual en Ingenier\u00eda del Agua con 25 estudiantes\",\"datePublished\":\"2025-10-09T06:02:20+00:00\",\"dateModified\":\"2025-11-12T11:53:27+00:00\",\"mainEntityOfPage\":{\"@id\":\"https:\/\/www.laescueladelagua.com\/arranca-la-primera-edicion-del-master-dual-en-ingenieria-del-agua-upc-veolia-con-25-estudiantes\/\"},\"wordCount\":345,\"commentCount\":0,\"publisher\":{\"@id\":\"https:\/\/wapwebedapro01.azurewebsites.net\/#organization\"},\"image\":{\"@id\":\"https:\/\/www.laescueladelagua.com\/arranca-la-primera-edicion-del-master-dual-en-ingenieria-del-agua-upc-veolia-con-25-estudiantes\/#primaryimage\"},\"thumbnailUrl\":\"\/wp-content\/uploads\/2025\/10\/20251001_111029-scaled.jpg\",\"articleSection\":[\"Actualidad\"],\"inLanguage\":\"ca\",\"potentialAction\":[{\"@type\":\"CommentAction\",\"name\":\"Comment\",\"target\":[\"https:\/\/www.laescueladelagua.com\/arranca-la-primera-edicion-del-master-dual-en-ingenieria-del-agua-upc-veolia-con-25-estudiantes\/#respond\"]}]},{\"@type\":\"WebPage\",\"@id\":\"https:\/\/www.laescueladelagua.com\/arranca-la-primera-edicion-del-master-dual-en-ingenieria-del-agua-upc-veolia-con-25-estudiantes\/\",\"url\":\"https:\/\/www.laescueladelagua.com\/arranca-la-primera-edicion-del-master-dual-en-ingenieria-del-agua-upc-veolia-con-25-estudiantes\/\",\"name\":\"Arranca la primera edici\u00f3n del M\u00e1ster Dual en Ingenier\u00eda del Agua con 25 estudiantes - Escuela del agua\",\"isPartOf\":{\"@id\":\"https:\/\/wapwebedapro01.azurewebsites.net\/#website\"},\"primaryImageOfPage\":{\"@id\":\"https:\/\/www.laescueladelagua.com\/arranca-la-primera-edicion-del-master-dual-en-ingenieria-del-agua-upc-veolia-con-25-estudiantes\/#primaryimage\"},\"image\":{\"@id\":\"https:\/\/www.laescueladelagua.com\/arranca-la-primera-edicion-del-master-dual-en-ingenieria-del-agua-upc-veolia-con-25-estudiantes\/#primaryimage\"},\"thumbnailUrl\":\"\/wp-content\/uploads\/2025\/10\/20251001_111029-scaled.jpg\",\"datePublished\":\"2025-10-09T06:02:20+00:00\",\"dateModified\":\"2025-11-12T11:53:27+00:00\",\"breadcrumb\":{\"@id\":\"https:\/\/www.laescueladelagua.com\/arranca-la-primera-edicion-del-master-dual-en-ingenieria-del-agua-upc-veolia-con-25-estudiantes\/#breadcrumb\"},\"inLanguage\":\"ca\",\"potentialAction\":[{\"@type\":\"ReadAction\",\"target\":[\"https:\/\/www.laescueladelagua.com\/arranca-la-primera-edicion-del-master-dual-en-ingenieria-del-agua-upc-veolia-con-25-estudiantes\/\"]}]},{\"@type\":\"ImageObject\",\"inLanguage\":\"ca\",\"@id\":\"https:\/\/www.laescueladelagua.com\/arranca-la-primera-edicion-del-master-dual-en-ingenieria-del-agua-upc-veolia-con-25-estudiantes\/#primaryimage\",\"url\":\"\/wp-content\/uploads\/2025\/10\/20251001_111029-scaled.jpg\",\"contentUrl\":\"\/wp-content\/uploads\/2025\/10\/20251001_111029-scaled.jpg\",\"width\":2560,\"height\":1920},{\"@type\":\"BreadcrumbList\",\"@id\":\"https:\/\/www.laescueladelagua.com\/arranca-la-primera-edicion-del-master-dual-en-ingenieria-del-agua-upc-veolia-con-25-estudiantes\/#breadcrumb\",\"itemListElement\":[{\"@type\":\"ListItem\",\"position\":1,\"name\":\"Home\",\"item\":\"https:\/\/wapwebedapro01.azurewebsites.net\/\"},{\"@type\":\"ListItem\",\"position\":2,\"name\":\"Arranca la primera edici\u00f3n del M\u00e1ster Dual en Ingenier\u00eda del Agua con 25 estudiantes\"}]},{\"@type\":\"WebSite\",\"@id\":\"https:\/\/wapwebedapro01.azurewebsites.net\/#website\",\"url\":\"https:\/\/wapwebedapro01.azurewebsites.net\/\",\"name\":\"Escuela del agua\",\"description\":\"\",\"publisher\":{\"@id\":\"https:\/\/wapwebedapro01.azurewebsites.net\/#organization\"},\"potentialAction\":[{\"@type\":\"SearchAction\",\"target\":{\"@type\":\"EntryPoint\",\"urlTemplate\":\"https:\/\/wapwebedapro01.azurewebsites.net\/?s={search_term_string}\"},\"query-input\":{\"@type\":\"PropertyValueSpecification\",\"valueRequired\":true,\"valueName\":\"search_term_string\"}}],\"inLanguage\":\"ca\"},{\"@type\":\"Organization\",\"@id\":\"https:\/\/wapwebedapro01.azurewebsites.net\/#organization\",\"name\":\"Escuela del agua\",\"url\":\"https:\/\/wapwebedapro01.azurewebsites.net\/\",\"logo\":{\"@type\":\"ImageObject\",\"inLanguage\":\"ca\",\"@id\":\"https:\/\/wapwebedapro01.azurewebsites.net\/#\/schema\/logo\/image\/\",\"url\":\"\/wp-content\/uploads\/2023\/08\/logo_EscueladelAgua_mod.1.1_150px.png\",\"contentUrl\":\"\/wp-content\/uploads\/2023\/08\/logo_EscueladelAgua_mod.1.1_150px.png\",\"width\":150,\"height\":90,\"caption\":\"Escuela del agua\"},\"image\":{\"@id\":\"https:\/\/wapwebedapro01.azurewebsites.net\/#\/schema\/logo\/image\/\"}},{\"@type\":\"Person\",\"@id\":\"https:\/\/wapwebedapro01.azurewebsites.net\/#\/schema\/person\/527f67ae18a7f9a5e4516ba82e2fff6f\",\"name\":\"emrodriguez\",\"image\":{\"@type\":\"ImageObject\",\"inLanguage\":\"ca\",\"@id\":\"https:\/\/wapwebedapro01.azurewebsites.net\/#\/schema\/person\/image\/\",\"url\":\"https:\/\/secure.gravatar.com\/avatar\/f5a7da42368190a610c3fc6e2d270294?s=96&d=mm&r=g\",\"contentUrl\":\"https:\/\/secure.gravatar.com\/avatar\/f5a7da42368190a610c3fc6e2d270294?s=96&d=mm&r=g\",\"caption\":\"emrodriguez\"},\"url\":\"https:\/\/www.laescueladelagua.com\/ca\/author\/emrodriguez\/\"}]}<\/script>\r\n<!-- \/ Yoast SEO plugin. -->","yoast_head_json":{"title":"Arranca la primera edici\u00f3n del M\u00e1ster Dual en Ingenier\u00eda del Agua con 25 estudiantes - Escuela del agua","robots":{"index":"index","follow":"follow","max-snippet":"max-snippet:-1","max-image-preview":"max-image-preview:large","max-video-preview":"max-video-preview:-1"},"canonical":"https:\/\/www.laescueladelagua.com\/ca\/arranca-la-primera-edicion-del-master-dual-en-ingenieria-del-agua-upc-veolia-con-25-estudiantes\/","og_locale":"ca_ES","og_type":"article","og_title":"Arranca la primera edici\u00f3n del M\u00e1ster Dual en Ingenier\u00eda del Agua con 25 estudiantes - Escuela del agua","og_description":"Esta semana se ha iniciado la primera edici\u00f3n del M\u00e1ster Universitario Dual en Ingenier\u00eda del Agua, desarrollado en colaboraci\u00f3n con la Escuela del Agua y la Escuela de Caminos de la UPC. Este programa pionero cuenta con 25 estudiantes matriculados y est\u00e1 dirigido por Mart\u00ed S\u00e1nchez, profesor de la Escuela T\u00e9cnica Superior de Ingenier\u00eda de [&hellip;]","og_url":"https:\/\/www.laescueladelagua.com\/ca\/arranca-la-primera-edicion-del-master-dual-en-ingenieria-del-agua-upc-veolia-con-25-estudiantes\/","og_site_name":"Escuela del agua","article_published_time":"2025-10-09T06:02:20+00:00","article_modified_time":"2025-11-12T11:53:27+00:00","og_image":[{"width":2560,"height":1920,"url":"https:\/\/www.laescueladelagua.com\/wp-content\/uploads\/2025\/10\/20251001_111029-scaled.jpg","type":"image\/jpeg"}],"author":"emrodriguez","twitter_card":"summary_large_image","twitter_misc":{"Escrit per":"emrodriguez","Temps estimat de lectura":"2 minuts"},"schema":{"@context":"https:\/\/schema.org","@graph":[{"@type":"Article","@id":"https:\/\/www.laescueladelagua.com\/arranca-la-primera-edicion-del-master-dual-en-ingenieria-del-agua-upc-veolia-con-25-estudiantes\/#article","isPartOf":{"@id":"https:\/\/www.laescueladelagua.com\/arranca-la-primera-edicion-del-master-dual-en-ingenieria-del-agua-upc-veolia-con-25-estudiantes\/"},"author":{"name":"emrodriguez","@id":"https:\/\/wapwebedapro01.azurewebsites.net\/#\/schema\/person\/527f67ae18a7f9a5e4516ba82e2fff6f"},"headline":"Arranca la primera edici\u00f3n del M\u00e1ster Dual en Ingenier\u00eda del Agua con 25 estudiantes","datePublished":"2025-10-09T06:02:20+00:00","dateModified":"2025-11-12T11:53:27+00:00","mainEntityOfPage":{"@id":"https:\/\/www.laescueladelagua.com\/arranca-la-primera-edicion-del-master-dual-en-ingenieria-del-agua-upc-veolia-con-25-estudiantes\/"},"wordCount":345,"commentCount":0,"publisher":{"@id":"https:\/\/wapwebedapro01.azurewebsites.net\/#organization"},"image":{"@id":"https:\/\/www.laescueladelagua.com\/arranca-la-primera-edicion-del-master-dual-en-ingenieria-del-agua-upc-veolia-con-25-estudiantes\/#primaryimage"},"thumbnailUrl":"\/wp-content\/uploads\/2025\/10\/20251001_111029-scaled.jpg","articleSection":["Actualidad"],"inLanguage":"ca","potentialAction":[{"@type":"CommentAction","name":"Comment","target":["https:\/\/www.laescueladelagua.com\/arranca-la-primera-edicion-del-master-dual-en-ingenieria-del-agua-upc-veolia-con-25-estudiantes\/#respond"]}]},{"@type":"WebPage","@id":"https:\/\/www.laescueladelagua.com\/arranca-la-primera-edicion-del-master-dual-en-ingenieria-del-agua-upc-veolia-con-25-estudiantes\/","url":"https:\/\/www.laescueladelagua.com\/arranca-la-primera-edicion-del-master-dual-en-ingenieria-del-agua-upc-veolia-con-25-estudiantes\/","name":"Arranca la primera edici\u00f3n del M\u00e1ster Dual en Ingenier\u00eda del Agua con 25 estudiantes - Escuela del agua","isPartOf":{"@id":"https:\/\/wapwebedapro01.azurewebsites.net\/#website"},"primaryImageOfPage":{"@id":"https:\/\/www.laescueladelagua.com\/arranca-la-primera-edicion-del-master-dual-en-ingenieria-del-agua-upc-veolia-con-25-estudiantes\/#primaryimage"},"image":{"@id":"https:\/\/www.laescueladelagua.com\/arranca-la-primera-edicion-del-master-dual-en-ingenieria-del-agua-upc-veolia-con-25-estudiantes\/#primaryimage"},"thumbnailUrl":"\/wp-content\/uploads\/2025\/10\/20251001_111029-scaled.jpg","datePublished":"2025-10-09T06:02:20+00:00","dateModified":"2025-11-12T11:53:27+00:00","breadcrumb":{"@id":"https:\/\/www.laescueladelagua.com\/arranca-la-primera-edicion-del-master-dual-en-ingenieria-del-agua-upc-veolia-con-25-estudiantes\/#breadcrumb"},"inLanguage":"ca","potentialAction":[{"@type":"ReadAction","target":["https:\/\/www.laescueladelagua.com\/arranca-la-primera-edicion-del-master-dual-en-ingenieria-del-agua-upc-veolia-con-25-estudiantes\/"]}]},{"@type":"ImageObject","inLanguage":"ca","@id":"https:\/\/www.laescueladelagua.com\/arranca-la-primera-edicion-del-master-dual-en-ingenieria-del-agua-upc-veolia-con-25-estudiantes\/#primaryimage","url":"\/wp-content\/uploads\/2025\/10\/20251001_111029-scaled.jpg","contentUrl":"\/wp-content\/uploads\/2025\/10\/20251001_111029-scaled.jpg","width":2560,"height":1920},{"@type":"BreadcrumbList","@id":"https:\/\/www.laescueladelagua.com\/arranca-la-primera-edicion-del-master-dual-en-ingenieria-del-agua-upc-veolia-con-25-estudiantes\/#breadcrumb","itemListElement":[{"@type":"ListItem","position":1,"name":"Home","item":"https:\/\/wapwebedapro01.azurewebsites.net\/"},{"@type":"ListItem","position":2,"name":"Arranca la primera edici\u00f3n del M\u00e1ster Dual en Ingenier\u00eda del Agua con 25 estudiantes"}]},{"@type":"WebSite","@id":"https:\/\/wapwebedapro01.azurewebsites.net\/#website","url":"https:\/\/wapwebedapro01.azurewebsites.net\/","name":"Escuela del agua","description":"","publisher":{"@id":"https:\/\/wapwebedapro01.azurewebsites.net\/#organization"},"potentialAction":[{"@type":"SearchAction","target":{"@type":"EntryPoint","urlTemplate":"https:\/\/wapwebedapro01.azurewebsites.net\/?s={search_term_string}"},"query-input":{"@type":"PropertyValueSpecification","valueRequired":true,"valueName":"search_term_string"}}],"inLanguage":"ca"},{"@type":"Organization","@id":"https:\/\/wapwebedapro01.azurewebsites.net\/#organization","name":"Escuela del agua","url":"https:\/\/wapwebedapro01.azurewebsites.net\/","logo":{"@type":"ImageObject","inLanguage":"ca","@id":"https:\/\/wapwebedapro01.azurewebsites.net\/#\/schema\/logo\/image\/","url":"\/wp-content\/uploads\/2023\/08\/logo_EscueladelAgua_mod.1.1_150px.png","contentUrl":"\/wp-content\/uploads\/2023\/08\/logo_EscueladelAgua_mod.1.1_150px.png","width":150,"height":90,"caption":"Escuela del agua"},"image":{"@id":"https:\/\/wapwebedapro01.azurewebsites.net\/#\/schema\/logo\/image\/"}},{"@type":"Person","@id":"https:\/\/wapwebedapro01.azurewebsites.net\/#\/schema\/person\/527f67ae18a7f9a5e4516ba82e2fff6f","name":"emrodriguez","image":{"@type":"ImageObject","inLanguage":"ca","@id":"https:\/\/wapwebedapro01.azurewebsites.net\/#\/schema\/person\/image\/","url":"https:\/\/secure.gravatar.com\/avatar\/f5a7da42368190a610c3fc6e2d270294?s=96&d=mm&r=g","contentUrl":"https:\/\/secure.gravatar.com\/avatar\/f5a7da42368190a610c3fc6e2d270294?s=96&d=mm&r=g","caption":"emrodriguez"},"url":"https:\/\/www.laescueladelagua.com\/ca\/author\/emrodriguez\/"}]}},"meta_box":[],"_links":{"self":[{"href":"https:\/\/www.laescueladelagua.com\/ca\/wp-json\/wp\/v2\/posts\/4466","targetHints":{"allow":["GET"]}}],"collection":[{"href":"https:\/\/www.laescueladelagua.com\/ca\/wp-json\/wp\/v2\/posts"}],"about":[{"href":"https:\/\/www.laescueladelagua.com\/ca\/wp-json\/wp\/v2\/types\/post"}],"author":[{"embeddable":true,"href":"https:\/\/www.laescueladelagua.com\/ca\/wp-json\/wp\/v2\/users\/6"}],"replies":[{"embeddable":true,"href":"https:\/\/www.laescueladelagua.com\/ca\/wp-json\/wp\/v2\/comments?post=4466"}],"version-history":[{"count":4,"href":"https:\/\/www.laescueladelagua.com\/ca\/wp-json\/wp\/v2\/posts\/4466\/revisions"}],"predecessor-version":[{"id":4487,"href":"https:\/\/www.laescueladelagua.com\/ca\/wp-json\/wp\/v2\/posts\/4466\/revisions\/4487"}],"wp:featuredmedia":[{"embeddable":true,"href":"https:\/\/www.laescueladelagua.com\/ca\/wp-json\/wp\/v2\/media\/4471"}],"wp:attachment":[{"href":"https:\/\/www.laescueladelagua.com\/ca\/wp-json\/wp\/v2\/media?parent=4466"}],"wp:term":[{"taxonomy":"category","embeddable":true,"href":"https:\/\/www.laescueladelagua.com\/ca\/wp-json\/wp\/v2\/categories?post=4466"},{"taxonomy":"post_tag","embeddable":true,"href":"https:\/\/www.laescueladelagua.com\/ca\/wp-json\/wp\/v2\/tags?post=4466"}],"curies":[{"name":"wp","href":"https:\/\/api.w.org\/{rel}","templated":true}]}}