{"id":4473,"date":"2025-10-17T10:20:00","date_gmt":"2025-10-17T10:20:00","guid":{"rendered":"https:\/\/www.laescueladelagua.com\/?p=4473"},"modified":"2025-11-12T11:52:02","modified_gmt":"2025-11-12T11:52:02","slug":"la-escuela-de-veolia-participa-en-la-mesa-redonda-sobre-captacion-de-talento-y-digitalizacion","status":"publish","type":"post","link":"https:\/\/www.laescueladelagua.com\/ca\/la-escuela-de-veolia-participa-en-la-mesa-redonda-sobre-captacion-de-talento-y-digitalizacion\/","title":{"rendered":"Participaci\u00f3n en la mesa redonda sobre Captaci\u00f3n de Talento y Digitalizaci\u00f3n"},"content":{"rendered":"<p><span style=\"font-weight: 400;\">El pasado 14 de octubre, el Catalan Water Partnership (CWP) celebr\u00f3 en el Centre Cultural la Merc\u00e8 la d\u00e9cima edici\u00f3n de su Inmersi\u00f3n Estrat\u00e9gica, un evento consolidado como referente para el sector del agua en Catalu\u00f1a. Este a\u00f1o, el encuentro se centr\u00f3 en dos pilares fundamentales y estrat\u00e9gicos para el futuro del sector: el talento y la digitalizaci\u00f3n.<\/span><\/p>\n<p><span style=\"font-weight: 400;\">La jornada congreg\u00f3 a una nutrida representaci\u00f3n de empresas, instituciones p\u00fablicas y centros de conocimiento, todos ellos actores clave en la cadena de valor del agua. El objetivo principal fue analizar en profundidad c\u00f3mo la incorporaci\u00f3n de nuevo talento y la implementaci\u00f3n de soluciones digitales avanzadas pueden potenciar significativamente la competitividad, la eficiencia operativa y, sobre todo, la sostenibilidad de un sector vital. En un contexto global de creciente preocupaci\u00f3n por el cambio clim\u00e1tico y la escasez de recursos, el sector del agua se posiciona como un pilar esencial en la tan necesaria transici\u00f3n verde y digital, y la Inmersi\u00f3n Estrat\u00e9gica del CWP sirvi\u00f3 como un foro crucial para debatir y explorar las v\u00edas para afrontar estos desaf\u00edos.<\/span><\/p>\n<p>&nbsp;<\/p>\n<p><b>Una nueva mirada hacia la captaci\u00f3n de talento: la digitalizaci\u00f3n como punto de inflexi\u00f3n<\/b><\/p>\n<p><span style=\"font-weight: 400;\">Una de las actividades destacadas de la jornada fue la mesa redonda \u00abUna nueva mirada hacia la captaci\u00f3n de talento: la digitalizaci\u00f3n como punto de inflexi\u00f3n\u00bb. En este debate participaron M\u00f3nica P\u00e9rez, directora acad\u00e9mica de la<\/span><a href=\"https:\/\/www.laescueladelagua.com\/ca\/\"> <b>Escuela<\/b><\/a><span style=\"font-weight: 400;\">; Esther Costa, directora de operaciones de<\/span> <b>Aig\u00fces de Manresa<\/b><span style=\"font-weight: 400;\">; Laia Llenas, subdirectora del<\/span> <b>Centro Tecnol\u00f3gico BETA<\/b><span style=\"font-weight: 400;\">; y Jorge Molinero, director general de<\/span> <b>Amphos 21<\/b><span style=\"font-weight: 400;\">. La sesi\u00f3n fue moderada por Quim Comas, coordinador del M\u00e1ster en Ciencia y Tecnolog\u00eda de los Recursos H\u00eddricos de la<\/span> <b>Universidad de Girona<\/b><span style=\"font-weight: 400;\">. Los ponentes compartieron sus experiencias y perspectivas sobre el papel crucial de la digitalizaci\u00f3n para atraer, retener y desarrollar el talento en el sector del agua.<\/span><\/p>","protected":false},"excerpt":{"rendered":"<p>El pasado 14 de octubre, el Catalan Water Partnership (CWP) celebr\u00f3 en el Centre Cultural la Merc\u00e8 la d\u00e9cima edici\u00f3n de su Inmersi\u00f3n Estrat\u00e9gica, un evento consolidado como referente para el sector del agua en Catalu\u00f1a. Este a\u00f1o, el encuentro se centr\u00f3 en dos pilares fundamentales y estrat\u00e9gicos para el futuro del sector: el talento [&hellip;]<\/p>","protected":false},"author":6,"featured_media":4476,"comment_status":"open","ping_status":"open","sticky":false,"template":"","format":"standard","meta":{"footnotes":""},"categories":[50],"tags":[],"class_list":["post-4473","post","type-post","status-publish","format-standard","has-post-thumbnail","hentry","category-actualidad"],"yoast_head":"<!-- This site is optimized with the Yoast SEO plugin v24.5 - https:\/\/yoast.com\/wordpress\/plugins\/seo\/ -->\r\n<title>Participaci\u00f3n en la mesa redonda sobre Captaci\u00f3n de Talento y Digitalizaci\u00f3n - Escuela del agua<\/title>\r\n<meta name=\"robots\" content=\"index, follow, max-snippet:-1, max-image-preview:large, max-video-preview:-1\" \/>\r\n<link rel=\"canonical\" href=\"https:\/\/www.laescueladelagua.com\/ca\/la-escuela-de-veolia-participa-en-la-mesa-redonda-sobre-captacion-de-talento-y-digitalizacion\/\" \/>\r\n<meta property=\"og:locale\" content=\"ca_ES\" \/>\r\n<meta property=\"og:type\" content=\"article\" \/>\r\n<meta property=\"og:title\" content=\"Participaci\u00f3n en la mesa redonda sobre Captaci\u00f3n de Talento y Digitalizaci\u00f3n - Escuela del agua\" \/>\r\n<meta property=\"og:description\" content=\"El pasado 14 de octubre, el Catalan Water Partnership (CWP) celebr\u00f3 en el Centre Cultural la Merc\u00e8 la d\u00e9cima edici\u00f3n de su Inmersi\u00f3n Estrat\u00e9gica, un evento consolidado como referente para el sector del agua en Catalu\u00f1a. Este a\u00f1o, el encuentro se centr\u00f3 en dos pilares fundamentales y estrat\u00e9gicos para el futuro del sector: el talento [&hellip;]\" \/>\r\n<meta property=\"og:url\" content=\"https:\/\/www.laescueladelagua.com\/ca\/la-escuela-de-veolia-participa-en-la-mesa-redonda-sobre-captacion-de-talento-y-digitalizacion\/\" \/>\r\n<meta property=\"og:site_name\" content=\"Escuela del agua\" \/>\r\n<meta property=\"article:published_time\" content=\"2025-10-17T10:20:00+00:00\" \/>\r\n<meta property=\"article:modified_time\" content=\"2025-11-12T11:52:02+00:00\" \/>\r\n<meta property=\"og:image\" content=\"https:\/\/www.laescueladelagua.com\/wp-content\/uploads\/2025\/10\/taula-rodona.jpg\" \/>\r\n\t<meta property=\"og:image:width\" content=\"1180\" \/>\r\n\t<meta property=\"og:image:height\" content=\"647\" \/>\r\n\t<meta property=\"og:image:type\" content=\"image\/jpeg\" \/>\r\n<meta name=\"author\" content=\"emrodriguez\" \/>\r\n<meta name=\"twitter:card\" content=\"summary_large_image\" \/>\r\n<meta name=\"twitter:label1\" content=\"Escrit per\" \/>\n\t<meta name=\"twitter:data1\" content=\"emrodriguez\" \/>\n\t<meta name=\"twitter:label2\" content=\"Temps estimat de lectura\" \/>\n\t<meta name=\"twitter:data2\" content=\"2 minuts\" \/>\r\n<script type=\"application\/ld+json\" class=\"yoast-schema-graph\">{\"@context\":\"https:\/\/schema.org\",\"@graph\":[{\"@type\":\"Article\",\"@id\":\"https:\/\/www.laescueladelagua.com\/la-escuela-de-veolia-participa-en-la-mesa-redonda-sobre-captacion-de-talento-y-digitalizacion\/#article\",\"isPartOf\":{\"@id\":\"https:\/\/www.laescueladelagua.com\/la-escuela-de-veolia-participa-en-la-mesa-redonda-sobre-captacion-de-talento-y-digitalizacion\/\"},\"author\":{\"name\":\"emrodriguez\",\"@id\":\"https:\/\/wapwebedapro01.azurewebsites.net\/#\/schema\/person\/527f67ae18a7f9a5e4516ba82e2fff6f\"},\"headline\":\"Participaci\u00f3n en la mesa redonda sobre Captaci\u00f3n de Talento y Digitalizaci\u00f3n\",\"datePublished\":\"2025-10-17T10:20:00+00:00\",\"dateModified\":\"2025-11-12T11:52:02+00:00\",\"mainEntityOfPage\":{\"@id\":\"https:\/\/www.laescueladelagua.com\/la-escuela-de-veolia-participa-en-la-mesa-redonda-sobre-captacion-de-talento-y-digitalizacion\/\"},\"wordCount\":349,\"commentCount\":0,\"publisher\":{\"@id\":\"https:\/\/wapwebedapro01.azurewebsites.net\/#organization\"},\"image\":{\"@id\":\"https:\/\/www.laescueladelagua.com\/la-escuela-de-veolia-participa-en-la-mesa-redonda-sobre-captacion-de-talento-y-digitalizacion\/#primaryimage\"},\"thumbnailUrl\":\"\/wp-content\/uploads\/2025\/10\/taula-rodona.jpg\",\"articleSection\":[\"Actualidad\"],\"inLanguage\":\"ca\",\"potentialAction\":[{\"@type\":\"CommentAction\",\"name\":\"Comment\",\"target\":[\"https:\/\/www.laescueladelagua.com\/la-escuela-de-veolia-participa-en-la-mesa-redonda-sobre-captacion-de-talento-y-digitalizacion\/#respond\"]}]},{\"@type\":\"WebPage\",\"@id\":\"https:\/\/www.laescueladelagua.com\/la-escuela-de-veolia-participa-en-la-mesa-redonda-sobre-captacion-de-talento-y-digitalizacion\/\",\"url\":\"https:\/\/www.laescueladelagua.com\/la-escuela-de-veolia-participa-en-la-mesa-redonda-sobre-captacion-de-talento-y-digitalizacion\/\",\"name\":\"Participaci\u00f3n en la mesa redonda sobre Captaci\u00f3n de Talento y Digitalizaci\u00f3n - Escuela del agua\",\"isPartOf\":{\"@id\":\"https:\/\/wapwebedapro01.azurewebsites.net\/#website\"},\"primaryImageOfPage\":{\"@id\":\"https:\/\/www.laescueladelagua.com\/la-escuela-de-veolia-participa-en-la-mesa-redonda-sobre-captacion-de-talento-y-digitalizacion\/#primaryimage\"},\"image\":{\"@id\":\"https:\/\/www.laescueladelagua.com\/la-escuela-de-veolia-participa-en-la-mesa-redonda-sobre-captacion-de-talento-y-digitalizacion\/#primaryimage\"},\"thumbnailUrl\":\"\/wp-content\/uploads\/2025\/10\/taula-rodona.jpg\",\"datePublished\":\"2025-10-17T10:20:00+00:00\",\"dateModified\":\"2025-11-12T11:52:02+00:00\",\"breadcrumb\":{\"@id\":\"https:\/\/www.laescueladelagua.com\/la-escuela-de-veolia-participa-en-la-mesa-redonda-sobre-captacion-de-talento-y-digitalizacion\/#breadcrumb\"},\"inLanguage\":\"ca\",\"potentialAction\":[{\"@type\":\"ReadAction\",\"target\":[\"https:\/\/www.laescueladelagua.com\/la-escuela-de-veolia-participa-en-la-mesa-redonda-sobre-captacion-de-talento-y-digitalizacion\/\"]}]},{\"@type\":\"ImageObject\",\"inLanguage\":\"ca\",\"@id\":\"https:\/\/www.laescueladelagua.com\/la-escuela-de-veolia-participa-en-la-mesa-redonda-sobre-captacion-de-talento-y-digitalizacion\/#primaryimage\",\"url\":\"\/wp-content\/uploads\/2025\/10\/taula-rodona.jpg\",\"contentUrl\":\"\/wp-content\/uploads\/2025\/10\/taula-rodona.jpg\",\"width\":1180,\"height\":647},{\"@type\":\"BreadcrumbList\",\"@id\":\"https:\/\/www.laescueladelagua.com\/la-escuela-de-veolia-participa-en-la-mesa-redonda-sobre-captacion-de-talento-y-digitalizacion\/#breadcrumb\",\"itemListElement\":[{\"@type\":\"ListItem\",\"position\":1,\"name\":\"Home\",\"item\":\"https:\/\/wapwebedapro01.azurewebsites.net\/\"},{\"@type\":\"ListItem\",\"position\":2,\"name\":\"Participaci\u00f3n en la mesa redonda sobre Captaci\u00f3n de Talento y Digitalizaci\u00f3n\"}]},{\"@type\":\"WebSite\",\"@id\":\"https:\/\/wapwebedapro01.azurewebsites.net\/#website\",\"url\":\"https:\/\/wapwebedapro01.azurewebsites.net\/\",\"name\":\"Escuela del agua\",\"description\":\"\",\"publisher\":{\"@id\":\"https:\/\/wapwebedapro01.azurewebsites.net\/#organization\"},\"potentialAction\":[{\"@type\":\"SearchAction\",\"target\":{\"@type\":\"EntryPoint\",\"urlTemplate\":\"https:\/\/wapwebedapro01.azurewebsites.net\/?s={search_term_string}\"},\"query-input\":{\"@type\":\"PropertyValueSpecification\",\"valueRequired\":true,\"valueName\":\"search_term_string\"}}],\"inLanguage\":\"ca\"},{\"@type\":\"Organization\",\"@id\":\"https:\/\/wapwebedapro01.azurewebsites.net\/#organization\",\"name\":\"Escuela del agua\",\"url\":\"https:\/\/wapwebedapro01.azurewebsites.net\/\",\"logo\":{\"@type\":\"ImageObject\",\"inLanguage\":\"ca\",\"@id\":\"https:\/\/wapwebedapro01.azurewebsites.net\/#\/schema\/logo\/image\/\",\"url\":\"\/wp-content\/uploads\/2023\/08\/logo_EscueladelAgua_mod.1.1_150px.png\",\"contentUrl\":\"\/wp-content\/uploads\/2023\/08\/logo_EscueladelAgua_mod.1.1_150px.png\",\"width\":150,\"height\":90,\"caption\":\"Escuela del agua\"},\"image\":{\"@id\":\"https:\/\/wapwebedapro01.azurewebsites.net\/#\/schema\/logo\/image\/\"}},{\"@type\":\"Person\",\"@id\":\"https:\/\/wapwebedapro01.azurewebsites.net\/#\/schema\/person\/527f67ae18a7f9a5e4516ba82e2fff6f\",\"name\":\"emrodriguez\",\"image\":{\"@type\":\"ImageObject\",\"inLanguage\":\"ca\",\"@id\":\"https:\/\/wapwebedapro01.azurewebsites.net\/#\/schema\/person\/image\/\",\"url\":\"https:\/\/secure.gravatar.com\/avatar\/f5a7da42368190a610c3fc6e2d270294?s=96&d=mm&r=g\",\"contentUrl\":\"https:\/\/secure.gravatar.com\/avatar\/f5a7da42368190a610c3fc6e2d270294?s=96&d=mm&r=g\",\"caption\":\"emrodriguez\"},\"url\":\"https:\/\/www.laescueladelagua.com\/ca\/author\/emrodriguez\/\"}]}<\/script>\r\n<!-- \/ Yoast SEO plugin. -->","yoast_head_json":{"title":"Participaci\u00f3n en la mesa redonda sobre Captaci\u00f3n de Talento y Digitalizaci\u00f3n - Escuela del agua","robots":{"index":"index","follow":"follow","max-snippet":"max-snippet:-1","max-image-preview":"max-image-preview:large","max-video-preview":"max-video-preview:-1"},"canonical":"https:\/\/www.laescueladelagua.com\/ca\/la-escuela-de-veolia-participa-en-la-mesa-redonda-sobre-captacion-de-talento-y-digitalizacion\/","og_locale":"ca_ES","og_type":"article","og_title":"Participaci\u00f3n en la mesa redonda sobre Captaci\u00f3n de Talento y Digitalizaci\u00f3n - Escuela del agua","og_description":"El pasado 14 de octubre, el Catalan Water Partnership (CWP) celebr\u00f3 en el Centre Cultural la Merc\u00e8 la d\u00e9cima edici\u00f3n de su Inmersi\u00f3n Estrat\u00e9gica, un evento consolidado como referente para el sector del agua en Catalu\u00f1a. Este a\u00f1o, el encuentro se centr\u00f3 en dos pilares fundamentales y estrat\u00e9gicos para el futuro del sector: el talento [&hellip;]","og_url":"https:\/\/www.laescueladelagua.com\/ca\/la-escuela-de-veolia-participa-en-la-mesa-redonda-sobre-captacion-de-talento-y-digitalizacion\/","og_site_name":"Escuela del agua","article_published_time":"2025-10-17T10:20:00+00:00","article_modified_time":"2025-11-12T11:52:02+00:00","og_image":[{"width":1180,"height":647,"url":"https:\/\/www.laescueladelagua.com\/wp-content\/uploads\/2025\/10\/taula-rodona.jpg","type":"image\/jpeg"}],"author":"emrodriguez","twitter_card":"summary_large_image","twitter_misc":{"Escrit per":"emrodriguez","Temps estimat de lectura":"2 minuts"},"schema":{"@context":"https:\/\/schema.org","@graph":[{"@type":"Article","@id":"https:\/\/www.laescueladelagua.com\/la-escuela-de-veolia-participa-en-la-mesa-redonda-sobre-captacion-de-talento-y-digitalizacion\/#article","isPartOf":{"@id":"https:\/\/www.laescueladelagua.com\/la-escuela-de-veolia-participa-en-la-mesa-redonda-sobre-captacion-de-talento-y-digitalizacion\/"},"author":{"name":"emrodriguez","@id":"https:\/\/wapwebedapro01.azurewebsites.net\/#\/schema\/person\/527f67ae18a7f9a5e4516ba82e2fff6f"},"headline":"Participaci\u00f3n en la mesa redonda sobre Captaci\u00f3n de Talento y Digitalizaci\u00f3n","datePublished":"2025-10-17T10:20:00+00:00","dateModified":"2025-11-12T11:52:02+00:00","mainEntityOfPage":{"@id":"https:\/\/www.laescueladelagua.com\/la-escuela-de-veolia-participa-en-la-mesa-redonda-sobre-captacion-de-talento-y-digitalizacion\/"},"wordCount":349,"commentCount":0,"publisher":{"@id":"https:\/\/wapwebedapro01.azurewebsites.net\/#organization"},"image":{"@id":"https:\/\/www.laescueladelagua.com\/la-escuela-de-veolia-participa-en-la-mesa-redonda-sobre-captacion-de-talento-y-digitalizacion\/#primaryimage"},"thumbnailUrl":"\/wp-content\/uploads\/2025\/10\/taula-rodona.jpg","articleSection":["Actualidad"],"inLanguage":"ca","potentialAction":[{"@type":"CommentAction","name":"Comment","target":["https:\/\/www.laescueladelagua.com\/la-escuela-de-veolia-participa-en-la-mesa-redonda-sobre-captacion-de-talento-y-digitalizacion\/#respond"]}]},{"@type":"WebPage","@id":"https:\/\/www.laescueladelagua.com\/la-escuela-de-veolia-participa-en-la-mesa-redonda-sobre-captacion-de-talento-y-digitalizacion\/","url":"https:\/\/www.laescueladelagua.com\/la-escuela-de-veolia-participa-en-la-mesa-redonda-sobre-captacion-de-talento-y-digitalizacion\/","name":"Participaci\u00f3n en la mesa redonda sobre Captaci\u00f3n de Talento y Digitalizaci\u00f3n - Escuela del agua","isPartOf":{"@id":"https:\/\/wapwebedapro01.azurewebsites.net\/#website"},"primaryImageOfPage":{"@id":"https:\/\/www.laescueladelagua.com\/la-escuela-de-veolia-participa-en-la-mesa-redonda-sobre-captacion-de-talento-y-digitalizacion\/#primaryimage"},"image":{"@id":"https:\/\/www.laescueladelagua.com\/la-escuela-de-veolia-participa-en-la-mesa-redonda-sobre-captacion-de-talento-y-digitalizacion\/#primaryimage"},"thumbnailUrl":"\/wp-content\/uploads\/2025\/10\/taula-rodona.jpg","datePublished":"2025-10-17T10:20:00+00:00","dateModified":"2025-11-12T11:52:02+00:00","breadcrumb":{"@id":"https:\/\/www.laescueladelagua.com\/la-escuela-de-veolia-participa-en-la-mesa-redonda-sobre-captacion-de-talento-y-digitalizacion\/#breadcrumb"},"inLanguage":"ca","potentialAction":[{"@type":"ReadAction","target":["https:\/\/www.laescueladelagua.com\/la-escuela-de-veolia-participa-en-la-mesa-redonda-sobre-captacion-de-talento-y-digitalizacion\/"]}]},{"@type":"ImageObject","inLanguage":"ca","@id":"https:\/\/www.laescueladelagua.com\/la-escuela-de-veolia-participa-en-la-mesa-redonda-sobre-captacion-de-talento-y-digitalizacion\/#primaryimage","url":"\/wp-content\/uploads\/2025\/10\/taula-rodona.jpg","contentUrl":"\/wp-content\/uploads\/2025\/10\/taula-rodona.jpg","width":1180,"height":647},{"@type":"BreadcrumbList","@id":"https:\/\/www.laescueladelagua.com\/la-escuela-de-veolia-participa-en-la-mesa-redonda-sobre-captacion-de-talento-y-digitalizacion\/#breadcrumb","itemListElement":[{"@type":"ListItem","position":1,"name":"Home","item":"https:\/\/wapwebedapro01.azurewebsites.net\/"},{"@type":"ListItem","position":2,"name":"Participaci\u00f3n en la mesa redonda sobre Captaci\u00f3n de Talento y Digitalizaci\u00f3n"}]},{"@type":"WebSite","@id":"https:\/\/wapwebedapro01.azurewebsites.net\/#website","url":"https:\/\/wapwebedapro01.azurewebsites.net\/","name":"Escuela del agua","description":"","publisher":{"@id":"https:\/\/wapwebedapro01.azurewebsites.net\/#organization"},"potentialAction":[{"@type":"SearchAction","target":{"@type":"EntryPoint","urlTemplate":"https:\/\/wapwebedapro01.azurewebsites.net\/?s={search_term_string}"},"query-input":{"@type":"PropertyValueSpecification","valueRequired":true,"valueName":"search_term_string"}}],"inLanguage":"ca"},{"@type":"Organization","@id":"https:\/\/wapwebedapro01.azurewebsites.net\/#organization","name":"Escuela del agua","url":"https:\/\/wapwebedapro01.azurewebsites.net\/","logo":{"@type":"ImageObject","inLanguage":"ca","@id":"https:\/\/wapwebedapro01.azurewebsites.net\/#\/schema\/logo\/image\/","url":"\/wp-content\/uploads\/2023\/08\/logo_EscueladelAgua_mod.1.1_150px.png","contentUrl":"\/wp-content\/uploads\/2023\/08\/logo_EscueladelAgua_mod.1.1_150px.png","width":150,"height":90,"caption":"Escuela del agua"},"image":{"@id":"https:\/\/wapwebedapro01.azurewebsites.net\/#\/schema\/logo\/image\/"}},{"@type":"Person","@id":"https:\/\/wapwebedapro01.azurewebsites.net\/#\/schema\/person\/527f67ae18a7f9a5e4516ba82e2fff6f","name":"emrodriguez","image":{"@type":"ImageObject","inLanguage":"ca","@id":"https:\/\/wapwebedapro01.azurewebsites.net\/#\/schema\/person\/image\/","url":"https:\/\/secure.gravatar.com\/avatar\/f5a7da42368190a610c3fc6e2d270294?s=96&d=mm&r=g","contentUrl":"https:\/\/secure.gravatar.com\/avatar\/f5a7da42368190a610c3fc6e2d270294?s=96&d=mm&r=g","caption":"emrodriguez"},"url":"https:\/\/www.laescueladelagua.com\/ca\/author\/emrodriguez\/"}]}},"meta_box":[],"_links":{"self":[{"href":"https:\/\/www.laescueladelagua.com\/ca\/wp-json\/wp\/v2\/posts\/4473","targetHints":{"allow":["GET"]}}],"collection":[{"href":"https:\/\/www.laescueladelagua.com\/ca\/wp-json\/wp\/v2\/posts"}],"about":[{"href":"https:\/\/www.laescueladelagua.com\/ca\/wp-json\/wp\/v2\/types\/post"}],"author":[{"embeddable":true,"href":"https:\/\/www.laescueladelagua.com\/ca\/wp-json\/wp\/v2\/users\/6"}],"replies":[{"embeddable":true,"href":"https:\/\/www.laescueladelagua.com\/ca\/wp-json\/wp\/v2\/comments?post=4473"}],"version-history":[{"count":3,"href":"https:\/\/www.laescueladelagua.com\/ca\/wp-json\/wp\/v2\/posts\/4473\/revisions"}],"predecessor-version":[{"id":4486,"href":"https:\/\/www.laescueladelagua.com\/ca\/wp-json\/wp\/v2\/posts\/4473\/revisions\/4486"}],"wp:featuredmedia":[{"embeddable":true,"href":"https:\/\/www.laescueladelagua.com\/ca\/wp-json\/wp\/v2\/media\/4476"}],"wp:attachment":[{"href":"https:\/\/www.laescueladelagua.com\/ca\/wp-json\/wp\/v2\/media?parent=4473"}],"wp:term":[{"taxonomy":"category","embeddable":true,"href":"https:\/\/www.laescueladelagua.com\/ca\/wp-json\/wp\/v2\/categories?post=4473"},{"taxonomy":"post_tag","embeddable":true,"href":"https:\/\/www.laescueladelagua.com\/ca\/wp-json\/wp\/v2\/tags?post=4473"}],"curies":[{"name":"wp","href":"https:\/\/api.w.org\/{rel}","templated":true}]}}