{"id":685,"date":"2021-04-05T11:07:14","date_gmt":"2021-04-05T11:07:14","guid":{"rendered":"https:\/\/www.laescueladelagua.com\/?p=685"},"modified":"2023-07-06T08:53:38","modified_gmt":"2023-07-06T08:53:38","slug":"vladimir-laura-alumno-del-master-en-tecnologia-y-gestion-del-agua-nos-explica-la-situacion-actual-de-la-gestion-del-agua-en-peru","status":"publish","type":"post","link":"https:\/\/www.laescueladelagua.com\/ca\/vladimir-laura-alumno-del-master-en-tecnologia-y-gestion-del-agua-nos-explica-la-situacion-actual-de-la-gestion-del-agua-en-peru\/","title":{"rendered":"Vladimir Laura, alumne del M\u00e0ster en Tecnologia i Gesti\u00f3 de l&#039;Aigua, ens explica la situaci\u00f3 actual de la gesti\u00f3 de l&#039;aigua al Per\u00fa"},"content":{"rendered":"<p>Els principals reptes que t\u00e9 el Per\u00fa pel que fa a la gesti\u00f3 de l&#039;aigua s\u00f3n ampliar la xarxa de cobertura de sanejament a zones rurals i millorar la qualitat de l&#039;aigua que arriba als habitatges. L&#039;altre gran desafiament \u00e9s potenciar les infraestructures d&#039;aigua potable i les aig\u00fces residuals, tasca que necessita grans inversions i la necess\u00e0ria aportaci\u00f3 privada.<\/p>\n<p>L&#039;expert afirma que l&#039;aigua \u00e9s un b\u00e9 essencial, que a l&#039;\u00faltim any ha guanyat en import\u00e0ncia i visibilitat a causa de la pand\u00e8mia del coronavirus. La soluci\u00f3 de la crisi sanit\u00e0ria \u00e9s justament l&#039;aigua per l&#039;\u00fas d&#039;aquesta per al rentat de mans i disposar-ne als habitatges \u00e9s clau.<\/p>\n<p>El seu pas com a alumne del <a href=\"\/ca\/programa\/masters-y-posgrados\/master\/master-ejecutivo-en-tecnologia-y-gestion-del-agua\/\" target=\"_blank\" rel=\"noopener\">m\u00e0ster de l&#039;Escola de l&#039;Aigua<\/a> encara tenir ja una dilatada experi\u00e8ncia al sector, i ser un professional consolidat, li ha servit per continuar formant-se i especialitzant-se. Actualment l&#039;est\u00e0 ajudant for\u00e7a en el proc\u00e9s d&#039;emprar i plasmar el que s&#039;ha apr\u00e8s al pla nacional de sanejament del Per\u00fa en qu\u00e8 est\u00e0 treballant ara.<\/p>\n<p>Per veure l&#039;entrevista completa feu clic <a href=\"https:\/\/www.elagoradiario.com\/en-profundidad\/artifices-del-futuro\/vladimir-laura-peru-agua\/\">aqu\u00ed<\/a>.<\/p>","protected":false},"excerpt":{"rendered":"<p>Els principals reptes que t\u00e9 el Per\u00fa pel que fa a la gesti\u00f3 de l&#039;aigua s\u00f3n ampliar la xarxa de cobertura de sanejament a zones rurals i millorar la qualitat de l&#039;aigua que arriba als habitatges. L&#039;altre gran desafiament \u00e9s potenciar les infraestructures d&#039;aigua potable i les aig\u00fces residuals, tasca que necessita grans inversions i [...]<\/p>","protected":false},"author":1,"featured_media":1180,"comment_status":"open","ping_status":"open","sticky":false,"template":"","format":"standard","meta":{"footnotes":""},"categories":[45],"tags":[],"class_list":["post-685","post","type-post","status-publish","format-standard","has-post-thumbnail","hentry","category-programas"],"yoast_head":"<!-- This site is optimized with the Yoast SEO plugin v24.5 - https:\/\/yoast.com\/wordpress\/plugins\/seo\/ -->\r\n<title>Vladimir Laura, alumno del M\u00e1ster en Tecnolog\u00eda y Gesti\u00f3n del Agua, nos explica la situaci\u00f3n actual de la gesti\u00f3n del agua en Per\u00fa - Escuela del agua<\/title>\r\n<meta name=\"robots\" content=\"index, follow, max-snippet:-1, max-image-preview:large, max-video-preview:-1\" \/>\r\n<link rel=\"canonical\" href=\"https:\/\/www.laescueladelagua.com\/ca\/vladimir-laura-alumno-del-master-en-tecnologia-y-gestion-del-agua-nos-explica-la-situacion-actual-de-la-gestion-del-agua-en-peru\/\" \/>\r\n<meta property=\"og:locale\" content=\"ca_ES\" \/>\r\n<meta property=\"og:type\" content=\"article\" \/>\r\n<meta property=\"og:title\" content=\"Vladimir Laura, alumno del M\u00e1ster en Tecnolog\u00eda y Gesti\u00f3n del Agua, nos explica la situaci\u00f3n actual de la gesti\u00f3n del agua en Per\u00fa - Escuela del agua\" \/>\r\n<meta property=\"og:description\" content=\"Los principales retos que tiene Per\u00fa en cuanto a la gesti\u00f3n del agua son ampliar la red de cobertura de saneamiento en zonas rurales y mejorar la calidad del agua que llega a las viviendas. El otro gran desaf\u00edo es potenciar las infraestructuras de agua potable y aguas residuales, tarea que necesita grandes inversiones y [&hellip;]\" \/>\r\n<meta property=\"og:url\" content=\"https:\/\/www.laescueladelagua.com\/ca\/vladimir-laura-alumno-del-master-en-tecnologia-y-gestion-del-agua-nos-explica-la-situacion-actual-de-la-gestion-del-agua-en-peru\/\" \/>\r\n<meta property=\"og:site_name\" content=\"Escuela del agua\" \/>\r\n<meta property=\"article:published_time\" content=\"2021-04-05T11:07:14+00:00\" \/>\r\n<meta property=\"article:modified_time\" content=\"2023-07-06T08:53:38+00:00\" \/>\r\n<meta property=\"og:image\" content=\"https:\/\/www.laescueladelagua.com\/wp-content\/uploads\/2023\/06\/article-2-1024x236.jpeg\" \/>\r\n\t<meta property=\"og:image:width\" content=\"1024\" \/>\r\n\t<meta property=\"og:image:height\" content=\"236\" \/>\r\n\t<meta property=\"og:image:type\" content=\"image\/jpeg\" \/>\r\n<meta name=\"author\" content=\"adminusr\" \/>\r\n<meta name=\"twitter:card\" content=\"summary_large_image\" \/>\r\n<meta name=\"twitter:label1\" content=\"Escrit per\" \/>\n\t<meta name=\"twitter:data1\" content=\"adminusr\" \/>\n\t<meta name=\"twitter:label2\" content=\"Temps estimat de lectura\" \/>\n\t<meta name=\"twitter:data2\" content=\"1 minut\" \/>\r\n<script type=\"application\/ld+json\" class=\"yoast-schema-graph\">{\"@context\":\"https:\/\/schema.org\",\"@graph\":[{\"@type\":\"Article\",\"@id\":\"https:\/\/www.laescueladelagua.com\/vladimir-laura-alumno-del-master-en-tecnologia-y-gestion-del-agua-nos-explica-la-situacion-actual-de-la-gestion-del-agua-en-peru\/#article\",\"isPartOf\":{\"@id\":\"https:\/\/www.laescueladelagua.com\/vladimir-laura-alumno-del-master-en-tecnologia-y-gestion-del-agua-nos-explica-la-situacion-actual-de-la-gestion-del-agua-en-peru\/\"},\"author\":{\"name\":\"adminusr\",\"@id\":\"https:\/\/wapwebedapro01.azurewebsites.net\/#\/schema\/person\/dd1649223e405b6f9eb82e8f6798f241\"},\"headline\":\"Vladimir Laura, alumno del M\u00e1ster en Tecnolog\u00eda y Gesti\u00f3n del Agua, nos explica la situaci\u00f3n actual de la gesti\u00f3n del agua en Per\u00fa\",\"datePublished\":\"2021-04-05T11:07:14+00:00\",\"dateModified\":\"2023-07-06T08:53:38+00:00\",\"mainEntityOfPage\":{\"@id\":\"https:\/\/www.laescueladelagua.com\/vladimir-laura-alumno-del-master-en-tecnologia-y-gestion-del-agua-nos-explica-la-situacion-actual-de-la-gestion-del-agua-en-peru\/\"},\"wordCount\":221,\"commentCount\":0,\"publisher\":{\"@id\":\"https:\/\/wapwebedapro01.azurewebsites.net\/#organization\"},\"image\":{\"@id\":\"https:\/\/www.laescueladelagua.com\/vladimir-laura-alumno-del-master-en-tecnologia-y-gestion-del-agua-nos-explica-la-situacion-actual-de-la-gestion-del-agua-en-peru\/#primaryimage\"},\"thumbnailUrl\":\"\/wp-content\/uploads\/2023\/06\/article-2-e1698069519190.jpeg\",\"articleSection\":[\"Programas\"],\"inLanguage\":\"ca\",\"potentialAction\":[{\"@type\":\"CommentAction\",\"name\":\"Comment\",\"target\":[\"https:\/\/www.laescueladelagua.com\/vladimir-laura-alumno-del-master-en-tecnologia-y-gestion-del-agua-nos-explica-la-situacion-actual-de-la-gestion-del-agua-en-peru\/#respond\"]}]},{\"@type\":\"WebPage\",\"@id\":\"https:\/\/www.laescueladelagua.com\/vladimir-laura-alumno-del-master-en-tecnologia-y-gestion-del-agua-nos-explica-la-situacion-actual-de-la-gestion-del-agua-en-peru\/\",\"url\":\"https:\/\/www.laescueladelagua.com\/vladimir-laura-alumno-del-master-en-tecnologia-y-gestion-del-agua-nos-explica-la-situacion-actual-de-la-gestion-del-agua-en-peru\/\",\"name\":\"Vladimir Laura, alumno del M\u00e1ster en Tecnolog\u00eda y Gesti\u00f3n del Agua, nos explica la situaci\u00f3n actual de la gesti\u00f3n del agua en Per\u00fa - Escuela del agua\",\"isPartOf\":{\"@id\":\"https:\/\/wapwebedapro01.azurewebsites.net\/#website\"},\"primaryImageOfPage\":{\"@id\":\"https:\/\/www.laescueladelagua.com\/vladimir-laura-alumno-del-master-en-tecnologia-y-gestion-del-agua-nos-explica-la-situacion-actual-de-la-gestion-del-agua-en-peru\/#primaryimage\"},\"image\":{\"@id\":\"https:\/\/www.laescueladelagua.com\/vladimir-laura-alumno-del-master-en-tecnologia-y-gestion-del-agua-nos-explica-la-situacion-actual-de-la-gestion-del-agua-en-peru\/#primaryimage\"},\"thumbnailUrl\":\"\/wp-content\/uploads\/2023\/06\/article-2-e1698069519190.jpeg\",\"datePublished\":\"2021-04-05T11:07:14+00:00\",\"dateModified\":\"2023-07-06T08:53:38+00:00\",\"breadcrumb\":{\"@id\":\"https:\/\/www.laescueladelagua.com\/vladimir-laura-alumno-del-master-en-tecnologia-y-gestion-del-agua-nos-explica-la-situacion-actual-de-la-gestion-del-agua-en-peru\/#breadcrumb\"},\"inLanguage\":\"ca\",\"potentialAction\":[{\"@type\":\"ReadAction\",\"target\":[\"https:\/\/www.laescueladelagua.com\/vladimir-laura-alumno-del-master-en-tecnologia-y-gestion-del-agua-nos-explica-la-situacion-actual-de-la-gestion-del-agua-en-peru\/\"]}]},{\"@type\":\"ImageObject\",\"inLanguage\":\"ca\",\"@id\":\"https:\/\/www.laescueladelagua.com\/vladimir-laura-alumno-del-master-en-tecnologia-y-gestion-del-agua-nos-explica-la-situacion-actual-de-la-gestion-del-agua-en-peru\/#primaryimage\",\"url\":\"\/wp-content\/uploads\/2023\/06\/article-2-e1698069519190.jpeg\",\"contentUrl\":\"\/wp-content\/uploads\/2023\/06\/article-2-e1698069519190.jpeg\",\"width\":800,\"height\":261},{\"@type\":\"BreadcrumbList\",\"@id\":\"https:\/\/www.laescueladelagua.com\/vladimir-laura-alumno-del-master-en-tecnologia-y-gestion-del-agua-nos-explica-la-situacion-actual-de-la-gestion-del-agua-en-peru\/#breadcrumb\",\"itemListElement\":[{\"@type\":\"ListItem\",\"position\":1,\"name\":\"Home\",\"item\":\"https:\/\/wapwebedapro01.azurewebsites.net\/\"},{\"@type\":\"ListItem\",\"position\":2,\"name\":\"Vladimir Laura, alumno del M\u00e1ster en Tecnolog\u00eda y Gesti\u00f3n del Agua, nos explica la situaci\u00f3n actual de la gesti\u00f3n del agua en Per\u00fa\"}]},{\"@type\":\"WebSite\",\"@id\":\"https:\/\/wapwebedapro01.azurewebsites.net\/#website\",\"url\":\"https:\/\/wapwebedapro01.azurewebsites.net\/\",\"name\":\"Escuela del agua\",\"description\":\"\",\"publisher\":{\"@id\":\"https:\/\/wapwebedapro01.azurewebsites.net\/#organization\"},\"potentialAction\":[{\"@type\":\"SearchAction\",\"target\":{\"@type\":\"EntryPoint\",\"urlTemplate\":\"https:\/\/wapwebedapro01.azurewebsites.net\/?s={search_term_string}\"},\"query-input\":{\"@type\":\"PropertyValueSpecification\",\"valueRequired\":true,\"valueName\":\"search_term_string\"}}],\"inLanguage\":\"ca\"},{\"@type\":\"Organization\",\"@id\":\"https:\/\/wapwebedapro01.azurewebsites.net\/#organization\",\"name\":\"Escuela del agua\",\"url\":\"https:\/\/wapwebedapro01.azurewebsites.net\/\",\"logo\":{\"@type\":\"ImageObject\",\"inLanguage\":\"ca\",\"@id\":\"https:\/\/wapwebedapro01.azurewebsites.net\/#\/schema\/logo\/image\/\",\"url\":\"\/wp-content\/uploads\/2023\/08\/logo_EscueladelAgua_mod.1.1_150px.png\",\"contentUrl\":\"\/wp-content\/uploads\/2023\/08\/logo_EscueladelAgua_mod.1.1_150px.png\",\"width\":150,\"height\":90,\"caption\":\"Escuela del agua\"},\"image\":{\"@id\":\"https:\/\/wapwebedapro01.azurewebsites.net\/#\/schema\/logo\/image\/\"}},{\"@type\":\"Person\",\"@id\":\"https:\/\/wapwebedapro01.azurewebsites.net\/#\/schema\/person\/dd1649223e405b6f9eb82e8f6798f241\",\"name\":\"adminusr\",\"image\":{\"@type\":\"ImageObject\",\"inLanguage\":\"ca\",\"@id\":\"https:\/\/wapwebedapro01.azurewebsites.net\/#\/schema\/person\/image\/\",\"url\":\"https:\/\/secure.gravatar.com\/avatar\/0faaa87907e163fd330069f117adf408?s=96&d=mm&r=g\",\"contentUrl\":\"https:\/\/secure.gravatar.com\/avatar\/0faaa87907e163fd330069f117adf408?s=96&d=mm&r=g\",\"caption\":\"adminusr\"},\"sameAs\":[\"https:\/\/www.laescueladelagua.com\"],\"url\":\"https:\/\/www.laescueladelagua.com\/ca\/author\/adminusr\/\"}]}<\/script>\r\n<!-- \/ Yoast SEO plugin. -->","yoast_head_json":{"title":"Vladimir Laura, alumno del M\u00e1ster en Tecnolog\u00eda y Gesti\u00f3n del Agua, nos explica la situaci\u00f3n actual de la gesti\u00f3n del agua en Per\u00fa - Escuela del agua","robots":{"index":"index","follow":"follow","max-snippet":"max-snippet:-1","max-image-preview":"max-image-preview:large","max-video-preview":"max-video-preview:-1"},"canonical":"https:\/\/www.laescueladelagua.com\/ca\/vladimir-laura-alumno-del-master-en-tecnologia-y-gestion-del-agua-nos-explica-la-situacion-actual-de-la-gestion-del-agua-en-peru\/","og_locale":"ca_ES","og_type":"article","og_title":"Vladimir Laura, alumno del M\u00e1ster en Tecnolog\u00eda y Gesti\u00f3n del Agua, nos explica la situaci\u00f3n actual de la gesti\u00f3n del agua en Per\u00fa - Escuela del agua","og_description":"Los principales retos que tiene Per\u00fa en cuanto a la gesti\u00f3n del agua son ampliar la red de cobertura de saneamiento en zonas rurales y mejorar la calidad del agua que llega a las viviendas. El otro gran desaf\u00edo es potenciar las infraestructuras de agua potable y aguas residuales, tarea que necesita grandes inversiones y [&hellip;]","og_url":"https:\/\/www.laescueladelagua.com\/ca\/vladimir-laura-alumno-del-master-en-tecnologia-y-gestion-del-agua-nos-explica-la-situacion-actual-de-la-gestion-del-agua-en-peru\/","og_site_name":"Escuela del agua","article_published_time":"2021-04-05T11:07:14+00:00","article_modified_time":"2023-07-06T08:53:38+00:00","og_image":[{"width":1024,"height":236,"url":"https:\/\/www.laescueladelagua.com\/wp-content\/uploads\/2023\/06\/article-2-1024x236.jpeg","type":"image\/jpeg"}],"author":"adminusr","twitter_card":"summary_large_image","twitter_misc":{"Escrit per":"adminusr","Temps estimat de lectura":"1 minut"},"schema":{"@context":"https:\/\/schema.org","@graph":[{"@type":"Article","@id":"https:\/\/www.laescueladelagua.com\/vladimir-laura-alumno-del-master-en-tecnologia-y-gestion-del-agua-nos-explica-la-situacion-actual-de-la-gestion-del-agua-en-peru\/#article","isPartOf":{"@id":"https:\/\/www.laescueladelagua.com\/vladimir-laura-alumno-del-master-en-tecnologia-y-gestion-del-agua-nos-explica-la-situacion-actual-de-la-gestion-del-agua-en-peru\/"},"author":{"name":"adminusr","@id":"https:\/\/wapwebedapro01.azurewebsites.net\/#\/schema\/person\/dd1649223e405b6f9eb82e8f6798f241"},"headline":"Vladimir Laura, alumno del M\u00e1ster en Tecnolog\u00eda y Gesti\u00f3n del Agua, nos explica la situaci\u00f3n actual de la gesti\u00f3n del agua en Per\u00fa","datePublished":"2021-04-05T11:07:14+00:00","dateModified":"2023-07-06T08:53:38+00:00","mainEntityOfPage":{"@id":"https:\/\/www.laescueladelagua.com\/vladimir-laura-alumno-del-master-en-tecnologia-y-gestion-del-agua-nos-explica-la-situacion-actual-de-la-gestion-del-agua-en-peru\/"},"wordCount":221,"commentCount":0,"publisher":{"@id":"https:\/\/wapwebedapro01.azurewebsites.net\/#organization"},"image":{"@id":"https:\/\/www.laescueladelagua.com\/vladimir-laura-alumno-del-master-en-tecnologia-y-gestion-del-agua-nos-explica-la-situacion-actual-de-la-gestion-del-agua-en-peru\/#primaryimage"},"thumbnailUrl":"\/wp-content\/uploads\/2023\/06\/article-2-e1698069519190.jpeg","articleSection":["Programas"],"inLanguage":"ca","potentialAction":[{"@type":"CommentAction","name":"Comment","target":["https:\/\/www.laescueladelagua.com\/vladimir-laura-alumno-del-master-en-tecnologia-y-gestion-del-agua-nos-explica-la-situacion-actual-de-la-gestion-del-agua-en-peru\/#respond"]}]},{"@type":"WebPage","@id":"https:\/\/www.laescueladelagua.com\/vladimir-laura-alumno-del-master-en-tecnologia-y-gestion-del-agua-nos-explica-la-situacion-actual-de-la-gestion-del-agua-en-peru\/","url":"https:\/\/www.laescueladelagua.com\/vladimir-laura-alumno-del-master-en-tecnologia-y-gestion-del-agua-nos-explica-la-situacion-actual-de-la-gestion-del-agua-en-peru\/","name":"Vladimir Laura, alumno del M\u00e1ster en Tecnolog\u00eda y Gesti\u00f3n del Agua, nos explica la situaci\u00f3n actual de la gesti\u00f3n del agua en Per\u00fa - Escuela del agua","isPartOf":{"@id":"https:\/\/wapwebedapro01.azurewebsites.net\/#website"},"primaryImageOfPage":{"@id":"https:\/\/www.laescueladelagua.com\/vladimir-laura-alumno-del-master-en-tecnologia-y-gestion-del-agua-nos-explica-la-situacion-actual-de-la-gestion-del-agua-en-peru\/#primaryimage"},"image":{"@id":"https:\/\/www.laescueladelagua.com\/vladimir-laura-alumno-del-master-en-tecnologia-y-gestion-del-agua-nos-explica-la-situacion-actual-de-la-gestion-del-agua-en-peru\/#primaryimage"},"thumbnailUrl":"\/wp-content\/uploads\/2023\/06\/article-2-e1698069519190.jpeg","datePublished":"2021-04-05T11:07:14+00:00","dateModified":"2023-07-06T08:53:38+00:00","breadcrumb":{"@id":"https:\/\/www.laescueladelagua.com\/vladimir-laura-alumno-del-master-en-tecnologia-y-gestion-del-agua-nos-explica-la-situacion-actual-de-la-gestion-del-agua-en-peru\/#breadcrumb"},"inLanguage":"ca","potentialAction":[{"@type":"ReadAction","target":["https:\/\/www.laescueladelagua.com\/vladimir-laura-alumno-del-master-en-tecnologia-y-gestion-del-agua-nos-explica-la-situacion-actual-de-la-gestion-del-agua-en-peru\/"]}]},{"@type":"ImageObject","inLanguage":"ca","@id":"https:\/\/www.laescueladelagua.com\/vladimir-laura-alumno-del-master-en-tecnologia-y-gestion-del-agua-nos-explica-la-situacion-actual-de-la-gestion-del-agua-en-peru\/#primaryimage","url":"\/wp-content\/uploads\/2023\/06\/article-2-e1698069519190.jpeg","contentUrl":"\/wp-content\/uploads\/2023\/06\/article-2-e1698069519190.jpeg","width":800,"height":261},{"@type":"BreadcrumbList","@id":"https:\/\/www.laescueladelagua.com\/vladimir-laura-alumno-del-master-en-tecnologia-y-gestion-del-agua-nos-explica-la-situacion-actual-de-la-gestion-del-agua-en-peru\/#breadcrumb","itemListElement":[{"@type":"ListItem","position":1,"name":"Home","item":"https:\/\/wapwebedapro01.azurewebsites.net\/"},{"@type":"ListItem","position":2,"name":"Vladimir Laura, alumno del M\u00e1ster en Tecnolog\u00eda y Gesti\u00f3n del Agua, nos explica la situaci\u00f3n actual de la gesti\u00f3n del agua en Per\u00fa"}]},{"@type":"WebSite","@id":"https:\/\/wapwebedapro01.azurewebsites.net\/#website","url":"https:\/\/wapwebedapro01.azurewebsites.net\/","name":"Escuela del agua","description":"","publisher":{"@id":"https:\/\/wapwebedapro01.azurewebsites.net\/#organization"},"potentialAction":[{"@type":"SearchAction","target":{"@type":"EntryPoint","urlTemplate":"https:\/\/wapwebedapro01.azurewebsites.net\/?s={search_term_string}"},"query-input":{"@type":"PropertyValueSpecification","valueRequired":true,"valueName":"search_term_string"}}],"inLanguage":"ca"},{"@type":"Organization","@id":"https:\/\/wapwebedapro01.azurewebsites.net\/#organization","name":"Escuela del agua","url":"https:\/\/wapwebedapro01.azurewebsites.net\/","logo":{"@type":"ImageObject","inLanguage":"ca","@id":"https:\/\/wapwebedapro01.azurewebsites.net\/#\/schema\/logo\/image\/","url":"\/wp-content\/uploads\/2023\/08\/logo_EscueladelAgua_mod.1.1_150px.png","contentUrl":"\/wp-content\/uploads\/2023\/08\/logo_EscueladelAgua_mod.1.1_150px.png","width":150,"height":90,"caption":"Escuela del agua"},"image":{"@id":"https:\/\/wapwebedapro01.azurewebsites.net\/#\/schema\/logo\/image\/"}},{"@type":"Person","@id":"https:\/\/wapwebedapro01.azurewebsites.net\/#\/schema\/person\/dd1649223e405b6f9eb82e8f6798f241","name":"adminusr","image":{"@type":"ImageObject","inLanguage":"ca","@id":"https:\/\/wapwebedapro01.azurewebsites.net\/#\/schema\/person\/image\/","url":"https:\/\/secure.gravatar.com\/avatar\/0faaa87907e163fd330069f117adf408?s=96&d=mm&r=g","contentUrl":"https:\/\/secure.gravatar.com\/avatar\/0faaa87907e163fd330069f117adf408?s=96&d=mm&r=g","caption":"adminusr"},"sameAs":["https:\/\/www.laescueladelagua.com"],"url":"https:\/\/www.laescueladelagua.com\/ca\/author\/adminusr\/"}]}},"meta_box":[],"_links":{"self":[{"href":"https:\/\/www.laescueladelagua.com\/ca\/wp-json\/wp\/v2\/posts\/685","targetHints":{"allow":["GET"]}}],"collection":[{"href":"https:\/\/www.laescueladelagua.com\/ca\/wp-json\/wp\/v2\/posts"}],"about":[{"href":"https:\/\/www.laescueladelagua.com\/ca\/wp-json\/wp\/v2\/types\/post"}],"author":[{"embeddable":true,"href":"https:\/\/www.laescueladelagua.com\/ca\/wp-json\/wp\/v2\/users\/1"}],"replies":[{"embeddable":true,"href":"https:\/\/www.laescueladelagua.com\/ca\/wp-json\/wp\/v2\/comments?post=685"}],"version-history":[{"count":4,"href":"https:\/\/www.laescueladelagua.com\/ca\/wp-json\/wp\/v2\/posts\/685\/revisions"}],"predecessor-version":[{"id":1181,"href":"https:\/\/www.laescueladelagua.com\/ca\/wp-json\/wp\/v2\/posts\/685\/revisions\/1181"}],"wp:featuredmedia":[{"embeddable":true,"href":"https:\/\/www.laescueladelagua.com\/ca\/wp-json\/wp\/v2\/media\/1180"}],"wp:attachment":[{"href":"https:\/\/www.laescueladelagua.com\/ca\/wp-json\/wp\/v2\/media?parent=685"}],"wp:term":[{"taxonomy":"category","embeddable":true,"href":"https:\/\/www.laescueladelagua.com\/ca\/wp-json\/wp\/v2\/categories?post=685"},{"taxonomy":"post_tag","embeddable":true,"href":"https:\/\/www.laescueladelagua.com\/ca\/wp-json\/wp\/v2\/tags?post=685"}],"curies":[{"name":"wp","href":"https:\/\/api.w.org\/{rel}","templated":true}]}}