{"id":1188,"date":"2021-05-14T08:57:54","date_gmt":"2021-05-14T08:57:54","guid":{"rendered":"https:\/\/www.laescueladelagua.com\/?p=1188"},"modified":"2023-07-06T08:59:11","modified_gmt":"2023-07-06T08:59:11","slug":"la-escuela-del-agua-premiada-en-los-fpcat-2020-por-su-compromiso-con-la-formacion-profesional","status":"publish","type":"post","link":"https:\/\/www.laescueladelagua.com\/en\/la-escuela-del-agua-premiada-en-los-fpcat-2020-por-su-compromiso-con-la-formacion-profesional\/","title":{"rendered":"The Water School, awarded at the FPCAT 2020 for its commitment to vocational training"},"content":{"rendered":"<p>Today Agbar's Water School received an award at the second edition of the FPCAT 2020 Awards, granted by the Government of Catalonia in recognition of good practices in the field of vocational training, in the category of companies and other entities. Manuel Cermer\u00f3n, CEO of Agbar, received the award at the ceremony, which was attended by Josep Bargall\u00f3, Minister of Education of the Government of Catalonia, and Chakir El Homrani, Minister of Labor, Social Affairs and Families.<\/p>\n<p>Since 2012, The Water School - an Agbar institution created to share and transfer knowledge on water and the environment - has been promoting the development of Dual Vocational Training, a successful model of public-private collaboration, with the different public administrations and educational centers, with the aim of generating quality employment and improving the employability of young people. This commitment has made Agbar a benchmark in the sector, training since the beginning, through the Water School, more than 300 people in 20 companies of the group together with centers in Catalonia, Galicia, Madrid, Region of Murcia, Andalusia and the Canary Islands.<\/p>\n<p>Manuel Cermer\u00f3n, CEO of Agbar, highlighted the company's commitment to quality training: \"The Water School is Agbar's vehicle for improving knowledge and technology in the field of water and the environment, and the aim is to make it a platform for the entire sector,\" he said.<\/p>\n<p>In addition, he stressed that already in 2012 \"the development of a specific curriculum for the water sector, which did not exist at that time, was launched\", and that this has been done by promoting Dual Vocational Training from the beginning.<\/p>\n<p>Finally, Agbar's CEO wanted to thank \"the workers in the water sector for their commitment to guaranteeing the water supply throughout the pandemic\".<\/p>\n<p>This year, the awards ceremony, which took place at the Barcelona Labor School Institute and was broadcast live on the YouTube channel of the Department of Education of the Generalitat de Catalunya, had several categories: Individual careers; Training centers -category in which two institutes with which Agbar collaborates, the Municipal School of Work of Granollers and the Esteve Terrades i Illa Institute of Cornella de Llobregat, have been awarded-; Companies and other entities -where the award to the Agbar Water School is included- and the Award to the individual career of the user of vocational training centers.<\/p>","protected":false},"excerpt":{"rendered":"<p>Today Agbar's Water School has been awarded in the second edition of the FPCAT 2020 Awards, granted by the Generalitat de Catalunya in recognition of good practices in the field of vocational training, in the category of companies and other entities. Manuel Cermer\u00f3n, CEO of Agbar, has received the award, [...]<\/p>","protected":false},"author":1,"featured_media":1189,"comment_status":"open","ping_status":"open","sticky":false,"template":"","format":"standard","meta":{"footnotes":""},"categories":[28],"tags":[],"class_list":["post-1188","post","type-post","status-publish","format-standard","has-post-thumbnail","hentry","category-fp-dual"],"yoast_head":"<!-- This site is optimized with the Yoast SEO plugin v24.5 - https:\/\/yoast.com\/wordpress\/plugins\/seo\/ -->\r\n<title>La Escuela del Agua, premiada en los FPCAT 2020 por su compromiso con la formaci\u00f3n profesional - Escuela del agua<\/title>\r\n<meta name=\"robots\" content=\"index, follow, max-snippet:-1, max-image-preview:large, max-video-preview:-1\" \/>\r\n<link rel=\"canonical\" href=\"https:\/\/www.laescueladelagua.com\/en\/la-escuela-del-agua-premiada-en-los-fpcat-2020-por-su-compromiso-con-la-formacion-profesional\/\" \/>\r\n<meta property=\"og:locale\" content=\"en_US\" \/>\r\n<meta property=\"og:type\" content=\"article\" \/>\r\n<meta property=\"og:title\" content=\"La Escuela del Agua, premiada en los FPCAT 2020 por su compromiso con la formaci\u00f3n profesional - Escuela del agua\" \/>\r\n<meta property=\"og:description\" content=\"Hoy La Escuela del Agua de Agbar ha sido galardonada en la segunda edici\u00f3n de los Premios FPCAT 2020, otorgados por la Generalitat de Catalunya en reconocimiento a las buenas pr\u00e1cticas en el campo de la formaci\u00f3n profesional, en la categor\u00eda de empresas y otras entidades. Manuel Cermer\u00f3n, CEO de Agbar, ha recibido el premio, [&hellip;]\" \/>\r\n<meta property=\"og:url\" content=\"https:\/\/www.laescueladelagua.com\/en\/la-escuela-del-agua-premiada-en-los-fpcat-2020-por-su-compromiso-con-la-formacion-profesional\/\" \/>\r\n<meta property=\"og:site_name\" content=\"Escuela del agua\" \/>\r\n<meta property=\"article:published_time\" content=\"2021-05-14T08:57:54+00:00\" \/>\r\n<meta property=\"article:modified_time\" content=\"2023-07-06T08:59:11+00:00\" \/>\r\n<meta property=\"og:image\" content=\"https:\/\/www.laescueladelagua.com\/wp-content\/uploads\/2023\/07\/article-4-e1698069515443.jpeg\" \/>\r\n\t<meta property=\"og:image:width\" content=\"800\" \/>\r\n\t<meta property=\"og:image:height\" content=\"393\" \/>\r\n\t<meta property=\"og:image:type\" content=\"image\/jpeg\" \/>\r\n<meta name=\"author\" content=\"adminusr\" \/>\r\n<meta name=\"twitter:card\" content=\"summary_large_image\" \/>\r\n<meta name=\"twitter:label1\" content=\"Written by\" \/>\n\t<meta name=\"twitter:data1\" content=\"adminusr\" \/>\n\t<meta name=\"twitter:label2\" content=\"Est. reading time\" \/>\n\t<meta name=\"twitter:data2\" content=\"2 minutes\" \/>\r\n<script type=\"application\/ld+json\" class=\"yoast-schema-graph\">{\"@context\":\"https:\/\/schema.org\",\"@graph\":[{\"@type\":\"Article\",\"@id\":\"https:\/\/www.laescueladelagua.com\/la-escuela-del-agua-premiada-en-los-fpcat-2020-por-su-compromiso-con-la-formacion-profesional\/#article\",\"isPartOf\":{\"@id\":\"https:\/\/www.laescueladelagua.com\/la-escuela-del-agua-premiada-en-los-fpcat-2020-por-su-compromiso-con-la-formacion-profesional\/\"},\"author\":{\"name\":\"adminusr\",\"@id\":\"https:\/\/wapwebedapro01.azurewebsites.net\/#\/schema\/person\/dd1649223e405b6f9eb82e8f6798f241\"},\"headline\":\"La Escuela del Agua, premiada en los FPCAT 2020 por su compromiso con la formaci\u00f3n profesional\",\"datePublished\":\"2021-05-14T08:57:54+00:00\",\"dateModified\":\"2023-07-06T08:59:11+00:00\",\"mainEntityOfPage\":{\"@id\":\"https:\/\/www.laescueladelagua.com\/la-escuela-del-agua-premiada-en-los-fpcat-2020-por-su-compromiso-con-la-formacion-profesional\/\"},\"wordCount\":469,\"commentCount\":0,\"publisher\":{\"@id\":\"https:\/\/wapwebedapro01.azurewebsites.net\/#organization\"},\"image\":{\"@id\":\"https:\/\/www.laescueladelagua.com\/la-escuela-del-agua-premiada-en-los-fpcat-2020-por-su-compromiso-con-la-formacion-profesional\/#primaryimage\"},\"thumbnailUrl\":\"\/wp-content\/uploads\/2023\/07\/article-4-e1698069515443.jpeg\",\"articleSection\":[\"FP Dual\"],\"inLanguage\":\"en-US\",\"potentialAction\":[{\"@type\":\"CommentAction\",\"name\":\"Comment\",\"target\":[\"https:\/\/www.laescueladelagua.com\/la-escuela-del-agua-premiada-en-los-fpcat-2020-por-su-compromiso-con-la-formacion-profesional\/#respond\"]}]},{\"@type\":\"WebPage\",\"@id\":\"https:\/\/www.laescueladelagua.com\/la-escuela-del-agua-premiada-en-los-fpcat-2020-por-su-compromiso-con-la-formacion-profesional\/\",\"url\":\"https:\/\/www.laescueladelagua.com\/la-escuela-del-agua-premiada-en-los-fpcat-2020-por-su-compromiso-con-la-formacion-profesional\/\",\"name\":\"La Escuela del Agua, premiada en los FPCAT 2020 por su compromiso con la formaci\u00f3n profesional - Escuela del agua\",\"isPartOf\":{\"@id\":\"https:\/\/wapwebedapro01.azurewebsites.net\/#website\"},\"primaryImageOfPage\":{\"@id\":\"https:\/\/www.laescueladelagua.com\/la-escuela-del-agua-premiada-en-los-fpcat-2020-por-su-compromiso-con-la-formacion-profesional\/#primaryimage\"},\"image\":{\"@id\":\"https:\/\/www.laescueladelagua.com\/la-escuela-del-agua-premiada-en-los-fpcat-2020-por-su-compromiso-con-la-formacion-profesional\/#primaryimage\"},\"thumbnailUrl\":\"\/wp-content\/uploads\/2023\/07\/article-4-e1698069515443.jpeg\",\"datePublished\":\"2021-05-14T08:57:54+00:00\",\"dateModified\":\"2023-07-06T08:59:11+00:00\",\"breadcrumb\":{\"@id\":\"https:\/\/www.laescueladelagua.com\/la-escuela-del-agua-premiada-en-los-fpcat-2020-por-su-compromiso-con-la-formacion-profesional\/#breadcrumb\"},\"inLanguage\":\"en-US\",\"potentialAction\":[{\"@type\":\"ReadAction\",\"target\":[\"https:\/\/www.laescueladelagua.com\/la-escuela-del-agua-premiada-en-los-fpcat-2020-por-su-compromiso-con-la-formacion-profesional\/\"]}]},{\"@type\":\"ImageObject\",\"inLanguage\":\"en-US\",\"@id\":\"https:\/\/www.laescueladelagua.com\/la-escuela-del-agua-premiada-en-los-fpcat-2020-por-su-compromiso-con-la-formacion-profesional\/#primaryimage\",\"url\":\"\/wp-content\/uploads\/2023\/07\/article-4-e1698069515443.jpeg\",\"contentUrl\":\"\/wp-content\/uploads\/2023\/07\/article-4-e1698069515443.jpeg\",\"width\":800,\"height\":393},{\"@type\":\"BreadcrumbList\",\"@id\":\"https:\/\/www.laescueladelagua.com\/la-escuela-del-agua-premiada-en-los-fpcat-2020-por-su-compromiso-con-la-formacion-profesional\/#breadcrumb\",\"itemListElement\":[{\"@type\":\"ListItem\",\"position\":1,\"name\":\"Home\",\"item\":\"https:\/\/wapwebedapro01.azurewebsites.net\/\"},{\"@type\":\"ListItem\",\"position\":2,\"name\":\"La Escuela del Agua, premiada en los FPCAT 2020 por su compromiso con la formaci\u00f3n profesional\"}]},{\"@type\":\"WebSite\",\"@id\":\"https:\/\/wapwebedapro01.azurewebsites.net\/#website\",\"url\":\"https:\/\/wapwebedapro01.azurewebsites.net\/\",\"name\":\"Escuela del agua\",\"description\":\"\",\"publisher\":{\"@id\":\"https:\/\/wapwebedapro01.azurewebsites.net\/#organization\"},\"potentialAction\":[{\"@type\":\"SearchAction\",\"target\":{\"@type\":\"EntryPoint\",\"urlTemplate\":\"https:\/\/wapwebedapro01.azurewebsites.net\/?s={search_term_string}\"},\"query-input\":{\"@type\":\"PropertyValueSpecification\",\"valueRequired\":true,\"valueName\":\"search_term_string\"}}],\"inLanguage\":\"en-US\"},{\"@type\":\"Organization\",\"@id\":\"https:\/\/wapwebedapro01.azurewebsites.net\/#organization\",\"name\":\"Escuela del agua\",\"url\":\"https:\/\/wapwebedapro01.azurewebsites.net\/\",\"logo\":{\"@type\":\"ImageObject\",\"inLanguage\":\"en-US\",\"@id\":\"https:\/\/wapwebedapro01.azurewebsites.net\/#\/schema\/logo\/image\/\",\"url\":\"\/wp-content\/uploads\/2023\/08\/logo_EscueladelAgua_mod.1.1_150px.png\",\"contentUrl\":\"\/wp-content\/uploads\/2023\/08\/logo_EscueladelAgua_mod.1.1_150px.png\",\"width\":150,\"height\":90,\"caption\":\"Escuela del agua\"},\"image\":{\"@id\":\"https:\/\/wapwebedapro01.azurewebsites.net\/#\/schema\/logo\/image\/\"}},{\"@type\":\"Person\",\"@id\":\"https:\/\/wapwebedapro01.azurewebsites.net\/#\/schema\/person\/dd1649223e405b6f9eb82e8f6798f241\",\"name\":\"adminusr\",\"image\":{\"@type\":\"ImageObject\",\"inLanguage\":\"en-US\",\"@id\":\"https:\/\/wapwebedapro01.azurewebsites.net\/#\/schema\/person\/image\/\",\"url\":\"https:\/\/secure.gravatar.com\/avatar\/0faaa87907e163fd330069f117adf408?s=96&d=mm&r=g\",\"contentUrl\":\"https:\/\/secure.gravatar.com\/avatar\/0faaa87907e163fd330069f117adf408?s=96&d=mm&r=g\",\"caption\":\"adminusr\"},\"sameAs\":[\"https:\/\/www.laescueladelagua.com\"],\"url\":\"https:\/\/www.laescueladelagua.com\/en\/author\/adminusr\/\"}]}<\/script>\r\n<!-- \/ Yoast SEO plugin. -->","yoast_head_json":{"title":"La Escuela del Agua, premiada en los FPCAT 2020 por su compromiso con la formaci\u00f3n profesional - Escuela del agua","robots":{"index":"index","follow":"follow","max-snippet":"max-snippet:-1","max-image-preview":"max-image-preview:large","max-video-preview":"max-video-preview:-1"},"canonical":"https:\/\/www.laescueladelagua.com\/en\/la-escuela-del-agua-premiada-en-los-fpcat-2020-por-su-compromiso-con-la-formacion-profesional\/","og_locale":"en_US","og_type":"article","og_title":"La Escuela del Agua, premiada en los FPCAT 2020 por su compromiso con la formaci\u00f3n profesional - Escuela del agua","og_description":"Hoy La Escuela del Agua de Agbar ha sido galardonada en la segunda edici\u00f3n de los Premios FPCAT 2020, otorgados por la Generalitat de Catalunya en reconocimiento a las buenas pr\u00e1cticas en el campo de la formaci\u00f3n profesional, en la categor\u00eda de empresas y otras entidades. Manuel Cermer\u00f3n, CEO de Agbar, ha recibido el premio, [&hellip;]","og_url":"https:\/\/www.laescueladelagua.com\/en\/la-escuela-del-agua-premiada-en-los-fpcat-2020-por-su-compromiso-con-la-formacion-profesional\/","og_site_name":"Escuela del agua","article_published_time":"2021-05-14T08:57:54+00:00","article_modified_time":"2023-07-06T08:59:11+00:00","og_image":[{"width":800,"height":393,"url":"https:\/\/www.laescueladelagua.com\/wp-content\/uploads\/2023\/07\/article-4-e1698069515443.jpeg","type":"image\/jpeg"}],"author":"adminusr","twitter_card":"summary_large_image","twitter_misc":{"Written by":"adminusr","Est. reading time":"2 minutes"},"schema":{"@context":"https:\/\/schema.org","@graph":[{"@type":"Article","@id":"https:\/\/www.laescueladelagua.com\/la-escuela-del-agua-premiada-en-los-fpcat-2020-por-su-compromiso-con-la-formacion-profesional\/#article","isPartOf":{"@id":"https:\/\/www.laescueladelagua.com\/la-escuela-del-agua-premiada-en-los-fpcat-2020-por-su-compromiso-con-la-formacion-profesional\/"},"author":{"name":"adminusr","@id":"https:\/\/wapwebedapro01.azurewebsites.net\/#\/schema\/person\/dd1649223e405b6f9eb82e8f6798f241"},"headline":"La Escuela del Agua, premiada en los FPCAT 2020 por su compromiso con la formaci\u00f3n profesional","datePublished":"2021-05-14T08:57:54+00:00","dateModified":"2023-07-06T08:59:11+00:00","mainEntityOfPage":{"@id":"https:\/\/www.laescueladelagua.com\/la-escuela-del-agua-premiada-en-los-fpcat-2020-por-su-compromiso-con-la-formacion-profesional\/"},"wordCount":469,"commentCount":0,"publisher":{"@id":"https:\/\/wapwebedapro01.azurewebsites.net\/#organization"},"image":{"@id":"https:\/\/www.laescueladelagua.com\/la-escuela-del-agua-premiada-en-los-fpcat-2020-por-su-compromiso-con-la-formacion-profesional\/#primaryimage"},"thumbnailUrl":"\/wp-content\/uploads\/2023\/07\/article-4-e1698069515443.jpeg","articleSection":["FP Dual"],"inLanguage":"en-US","potentialAction":[{"@type":"CommentAction","name":"Comment","target":["https:\/\/www.laescueladelagua.com\/la-escuela-del-agua-premiada-en-los-fpcat-2020-por-su-compromiso-con-la-formacion-profesional\/#respond"]}]},{"@type":"WebPage","@id":"https:\/\/www.laescueladelagua.com\/la-escuela-del-agua-premiada-en-los-fpcat-2020-por-su-compromiso-con-la-formacion-profesional\/","url":"https:\/\/www.laescueladelagua.com\/la-escuela-del-agua-premiada-en-los-fpcat-2020-por-su-compromiso-con-la-formacion-profesional\/","name":"La Escuela del Agua, premiada en los FPCAT 2020 por su compromiso con la formaci\u00f3n profesional - Escuela del agua","isPartOf":{"@id":"https:\/\/wapwebedapro01.azurewebsites.net\/#website"},"primaryImageOfPage":{"@id":"https:\/\/www.laescueladelagua.com\/la-escuela-del-agua-premiada-en-los-fpcat-2020-por-su-compromiso-con-la-formacion-profesional\/#primaryimage"},"image":{"@id":"https:\/\/www.laescueladelagua.com\/la-escuela-del-agua-premiada-en-los-fpcat-2020-por-su-compromiso-con-la-formacion-profesional\/#primaryimage"},"thumbnailUrl":"\/wp-content\/uploads\/2023\/07\/article-4-e1698069515443.jpeg","datePublished":"2021-05-14T08:57:54+00:00","dateModified":"2023-07-06T08:59:11+00:00","breadcrumb":{"@id":"https:\/\/www.laescueladelagua.com\/la-escuela-del-agua-premiada-en-los-fpcat-2020-por-su-compromiso-con-la-formacion-profesional\/#breadcrumb"},"inLanguage":"en-US","potentialAction":[{"@type":"ReadAction","target":["https:\/\/www.laescueladelagua.com\/la-escuela-del-agua-premiada-en-los-fpcat-2020-por-su-compromiso-con-la-formacion-profesional\/"]}]},{"@type":"ImageObject","inLanguage":"en-US","@id":"https:\/\/www.laescueladelagua.com\/la-escuela-del-agua-premiada-en-los-fpcat-2020-por-su-compromiso-con-la-formacion-profesional\/#primaryimage","url":"\/wp-content\/uploads\/2023\/07\/article-4-e1698069515443.jpeg","contentUrl":"\/wp-content\/uploads\/2023\/07\/article-4-e1698069515443.jpeg","width":800,"height":393},{"@type":"BreadcrumbList","@id":"https:\/\/www.laescueladelagua.com\/la-escuela-del-agua-premiada-en-los-fpcat-2020-por-su-compromiso-con-la-formacion-profesional\/#breadcrumb","itemListElement":[{"@type":"ListItem","position":1,"name":"Home","item":"https:\/\/wapwebedapro01.azurewebsites.net\/"},{"@type":"ListItem","position":2,"name":"La Escuela del Agua, premiada en los FPCAT 2020 por su compromiso con la formaci\u00f3n profesional"}]},{"@type":"WebSite","@id":"https:\/\/wapwebedapro01.azurewebsites.net\/#website","url":"https:\/\/wapwebedapro01.azurewebsites.net\/","name":"Escuela del agua","description":"","publisher":{"@id":"https:\/\/wapwebedapro01.azurewebsites.net\/#organization"},"potentialAction":[{"@type":"SearchAction","target":{"@type":"EntryPoint","urlTemplate":"https:\/\/wapwebedapro01.azurewebsites.net\/?s={search_term_string}"},"query-input":{"@type":"PropertyValueSpecification","valueRequired":true,"valueName":"search_term_string"}}],"inLanguage":"en-US"},{"@type":"Organization","@id":"https:\/\/wapwebedapro01.azurewebsites.net\/#organization","name":"Escuela del agua","url":"https:\/\/wapwebedapro01.azurewebsites.net\/","logo":{"@type":"ImageObject","inLanguage":"en-US","@id":"https:\/\/wapwebedapro01.azurewebsites.net\/#\/schema\/logo\/image\/","url":"\/wp-content\/uploads\/2023\/08\/logo_EscueladelAgua_mod.1.1_150px.png","contentUrl":"\/wp-content\/uploads\/2023\/08\/logo_EscueladelAgua_mod.1.1_150px.png","width":150,"height":90,"caption":"Escuela del agua"},"image":{"@id":"https:\/\/wapwebedapro01.azurewebsites.net\/#\/schema\/logo\/image\/"}},{"@type":"Person","@id":"https:\/\/wapwebedapro01.azurewebsites.net\/#\/schema\/person\/dd1649223e405b6f9eb82e8f6798f241","name":"adminusr","image":{"@type":"ImageObject","inLanguage":"en-US","@id":"https:\/\/wapwebedapro01.azurewebsites.net\/#\/schema\/person\/image\/","url":"https:\/\/secure.gravatar.com\/avatar\/0faaa87907e163fd330069f117adf408?s=96&d=mm&r=g","contentUrl":"https:\/\/secure.gravatar.com\/avatar\/0faaa87907e163fd330069f117adf408?s=96&d=mm&r=g","caption":"adminusr"},"sameAs":["https:\/\/www.laescueladelagua.com"],"url":"https:\/\/www.laescueladelagua.com\/en\/author\/adminusr\/"}]}},"meta_box":[],"_links":{"self":[{"href":"https:\/\/www.laescueladelagua.com\/en\/wp-json\/wp\/v2\/posts\/1188","targetHints":{"allow":["GET"]}}],"collection":[{"href":"https:\/\/www.laescueladelagua.com\/en\/wp-json\/wp\/v2\/posts"}],"about":[{"href":"https:\/\/www.laescueladelagua.com\/en\/wp-json\/wp\/v2\/types\/post"}],"author":[{"embeddable":true,"href":"https:\/\/www.laescueladelagua.com\/en\/wp-json\/wp\/v2\/users\/1"}],"replies":[{"embeddable":true,"href":"https:\/\/www.laescueladelagua.com\/en\/wp-json\/wp\/v2\/comments?post=1188"}],"version-history":[{"count":2,"href":"https:\/\/www.laescueladelagua.com\/en\/wp-json\/wp\/v2\/posts\/1188\/revisions"}],"predecessor-version":[{"id":1191,"href":"https:\/\/www.laescueladelagua.com\/en\/wp-json\/wp\/v2\/posts\/1188\/revisions\/1191"}],"wp:featuredmedia":[{"embeddable":true,"href":"https:\/\/www.laescueladelagua.com\/en\/wp-json\/wp\/v2\/media\/1189"}],"wp:attachment":[{"href":"https:\/\/www.laescueladelagua.com\/en\/wp-json\/wp\/v2\/media?parent=1188"}],"wp:term":[{"taxonomy":"category","embeddable":true,"href":"https:\/\/www.laescueladelagua.com\/en\/wp-json\/wp\/v2\/categories?post=1188"},{"taxonomy":"post_tag","embeddable":true,"href":"https:\/\/www.laescueladelagua.com\/en\/wp-json\/wp\/v2\/tags?post=1188"}],"curies":[{"name":"wp","href":"https:\/\/api.w.org\/{rel}","templated":true}]}}