{"id":1428,"date":"2021-10-06T12:18:38","date_gmt":"2021-10-06T12:18:38","guid":{"rendered":"https:\/\/www.laescueladelagua.com\/?p=1428"},"modified":"2023-07-12T12:19:55","modified_gmt":"2023-07-12T12:19:55","slug":"dia-mundial-del-docente-las-y-los-docentes-en-el-corazon-de-la-recuperacion-de-la-educacion","status":"publish","type":"post","link":"https:\/\/www.laescueladelagua.com\/en\/dia-mundial-del-docente-las-y-los-docentes-en-el-corazon-de-la-recuperacion-de-la-educacion\/","title":{"rendered":"World Teachers' Day: teachers at the heart of education recovery"},"content":{"rendered":"<p>On World Teachers' Day, we not only pay tribute to all educators, we call on countries to invest in them and prioritize them in global education recovery efforts so that every student has access to a qualified and supported teacher. We call on countries to invest in them and prioritize them in global education recovery efforts so that every student has access to a qualified and supported teacher. Let's support our teachers!\"<\/p>\n<p>A year and a half after the start of the COVID-19 pandemic, World Teachers' Day 2021 will emphasize the support that must be provided to teachers to fully participate in the recovery process.<\/p>\n<p>The role of teachers has been fundamental during this year 2021. The coronavirus crisis has forced all sectors of society to adapt to a pandemic context, but the challenge faced by education has been one of the most significant. And from the Water School, we also want to highlight the work of our teachers, great professionals in the sector, who are dedicated to sharing their knowledge.<\/p>\n<p>Unesco sets the celebration of World Teachers' Day, which has been held annually on October 5 since 1994. Beyond the international commemoration, there are many countries that dedicate days to the role of teachers in society. In Spain, for example, it is celebrated on November 5 in honor of Joseph Calasanz, Catholic priest, educator and patron of the first popular Christian school in Europe.<\/p>","protected":false},"excerpt":{"rendered":"<p>On World Teachers' Day, we not only pay tribute to all educators, we call on countries to invest in them and prioritize them in global education recovery efforts so that every student has access to a qualified and supported teacher. We call on countries to invest in them and prioritize them in global education recovery efforts so that every student has access to a qualified and supported teacher. Let's support our teachers!\" One year [...]<\/p>","protected":false},"author":1,"featured_media":1429,"comment_status":"open","ping_status":"open","sticky":false,"template":"","format":"standard","meta":{"footnotes":""},"categories":[51],"tags":[],"class_list":["post-1428","post","type-post","status-publish","format-standard","has-post-thumbnail","hentry","category-educacion-ambiental"],"yoast_head":"<!-- This site is optimized with the Yoast SEO plugin v24.5 - https:\/\/yoast.com\/wordpress\/plugins\/seo\/ -->\r\n<title>D\u00eda Mundial del Docente: las y los docentes en el coraz\u00f3n de la recuperaci\u00f3n de la educaci\u00f3n - Escuela del agua<\/title>\r\n<meta name=\"robots\" content=\"index, follow, max-snippet:-1, max-image-preview:large, max-video-preview:-1\" \/>\r\n<link rel=\"canonical\" href=\"https:\/\/www.laescueladelagua.com\/en\/dia-mundial-del-docente-las-y-los-docentes-en-el-corazon-de-la-recuperacion-de-la-educacion\/\" \/>\r\n<meta property=\"og:locale\" content=\"en_US\" \/>\r\n<meta property=\"og:type\" content=\"article\" \/>\r\n<meta property=\"og:title\" content=\"D\u00eda Mundial del Docente: las y los docentes en el coraz\u00f3n de la recuperaci\u00f3n de la educaci\u00f3n - Escuela del agua\" \/>\r\n<meta property=\"og:description\" content=\"En el D\u00eda Mundial de los Docentes no solo rendimos homenaje a todos los educadores. Pedimos a los pa\u00edses que inviertan en ellos y les den prioridad en los esfuerzos mundiales de recuperaci\u00f3n de la educaci\u00f3n para que todos los alumnos tengan acceso a un docente cualificado y respaldado. \u00a1Apoyemos a nuestros docentes!\u00bb Un a\u00f1o [&hellip;]\" \/>\r\n<meta property=\"og:url\" content=\"https:\/\/www.laescueladelagua.com\/en\/dia-mundial-del-docente-las-y-los-docentes-en-el-corazon-de-la-recuperacion-de-la-educacion\/\" \/>\r\n<meta property=\"og:site_name\" content=\"Escuela del agua\" \/>\r\n<meta property=\"article:published_time\" content=\"2021-10-06T12:18:38+00:00\" \/>\r\n<meta property=\"article:modified_time\" content=\"2023-07-12T12:19:55+00:00\" \/>\r\n<meta property=\"og:image\" content=\"https:\/\/www.laescueladelagua.com\/wp-content\/uploads\/2023\/07\/article-13-e1689164390710.jpeg\" \/>\r\n\t<meta property=\"og:image:width\" content=\"789\" \/>\r\n\t<meta property=\"og:image:height\" content=\"300\" \/>\r\n\t<meta property=\"og:image:type\" content=\"image\/jpeg\" \/>\r\n<meta name=\"author\" content=\"adminusr\" \/>\r\n<meta name=\"twitter:card\" content=\"summary_large_image\" \/>\r\n<meta name=\"twitter:label1\" content=\"Written by\" \/>\n\t<meta name=\"twitter:data1\" content=\"adminusr\" \/>\n\t<meta name=\"twitter:label2\" content=\"Est. reading time\" \/>\n\t<meta name=\"twitter:data2\" content=\"1 minute\" \/>\r\n<script type=\"application\/ld+json\" class=\"yoast-schema-graph\">{\"@context\":\"https:\/\/schema.org\",\"@graph\":[{\"@type\":\"Article\",\"@id\":\"https:\/\/www.laescueladelagua.com\/dia-mundial-del-docente-las-y-los-docentes-en-el-corazon-de-la-recuperacion-de-la-educacion\/#article\",\"isPartOf\":{\"@id\":\"https:\/\/www.laescueladelagua.com\/dia-mundial-del-docente-las-y-los-docentes-en-el-corazon-de-la-recuperacion-de-la-educacion\/\"},\"author\":{\"name\":\"adminusr\",\"@id\":\"https:\/\/wapwebedapro01.azurewebsites.net\/#\/schema\/person\/dd1649223e405b6f9eb82e8f6798f241\"},\"headline\":\"D\u00eda Mundial del Docente: las y los docentes en el coraz\u00f3n de la recuperaci\u00f3n de la educaci\u00f3n\",\"datePublished\":\"2021-10-06T12:18:38+00:00\",\"dateModified\":\"2023-07-12T12:19:55+00:00\",\"mainEntityOfPage\":{\"@id\":\"https:\/\/www.laescueladelagua.com\/dia-mundial-del-docente-las-y-los-docentes-en-el-corazon-de-la-recuperacion-de-la-educacion\/\"},\"wordCount\":268,\"commentCount\":0,\"publisher\":{\"@id\":\"https:\/\/wapwebedapro01.azurewebsites.net\/#organization\"},\"image\":{\"@id\":\"https:\/\/www.laescueladelagua.com\/dia-mundial-del-docente-las-y-los-docentes-en-el-corazon-de-la-recuperacion-de-la-educacion\/#primaryimage\"},\"thumbnailUrl\":\"\/wp-content\/uploads\/2023\/07\/article-13-e1689164390710.jpeg\",\"articleSection\":[\"Educaci\u00f3n ambiental\"],\"inLanguage\":\"en-US\",\"potentialAction\":[{\"@type\":\"CommentAction\",\"name\":\"Comment\",\"target\":[\"https:\/\/www.laescueladelagua.com\/dia-mundial-del-docente-las-y-los-docentes-en-el-corazon-de-la-recuperacion-de-la-educacion\/#respond\"]}]},{\"@type\":\"WebPage\",\"@id\":\"https:\/\/www.laescueladelagua.com\/dia-mundial-del-docente-las-y-los-docentes-en-el-corazon-de-la-recuperacion-de-la-educacion\/\",\"url\":\"https:\/\/www.laescueladelagua.com\/dia-mundial-del-docente-las-y-los-docentes-en-el-corazon-de-la-recuperacion-de-la-educacion\/\",\"name\":\"D\u00eda Mundial del Docente: las y los docentes en el coraz\u00f3n de la recuperaci\u00f3n de la educaci\u00f3n - Escuela del agua\",\"isPartOf\":{\"@id\":\"https:\/\/wapwebedapro01.azurewebsites.net\/#website\"},\"primaryImageOfPage\":{\"@id\":\"https:\/\/www.laescueladelagua.com\/dia-mundial-del-docente-las-y-los-docentes-en-el-corazon-de-la-recuperacion-de-la-educacion\/#primaryimage\"},\"image\":{\"@id\":\"https:\/\/www.laescueladelagua.com\/dia-mundial-del-docente-las-y-los-docentes-en-el-corazon-de-la-recuperacion-de-la-educacion\/#primaryimage\"},\"thumbnailUrl\":\"\/wp-content\/uploads\/2023\/07\/article-13-e1689164390710.jpeg\",\"datePublished\":\"2021-10-06T12:18:38+00:00\",\"dateModified\":\"2023-07-12T12:19:55+00:00\",\"breadcrumb\":{\"@id\":\"https:\/\/www.laescueladelagua.com\/dia-mundial-del-docente-las-y-los-docentes-en-el-corazon-de-la-recuperacion-de-la-educacion\/#breadcrumb\"},\"inLanguage\":\"en-US\",\"potentialAction\":[{\"@type\":\"ReadAction\",\"target\":[\"https:\/\/www.laescueladelagua.com\/dia-mundial-del-docente-las-y-los-docentes-en-el-corazon-de-la-recuperacion-de-la-educacion\/\"]}]},{\"@type\":\"ImageObject\",\"inLanguage\":\"en-US\",\"@id\":\"https:\/\/www.laescueladelagua.com\/dia-mundial-del-docente-las-y-los-docentes-en-el-corazon-de-la-recuperacion-de-la-educacion\/#primaryimage\",\"url\":\"\/wp-content\/uploads\/2023\/07\/article-13-e1689164390710.jpeg\",\"contentUrl\":\"\/wp-content\/uploads\/2023\/07\/article-13-e1689164390710.jpeg\",\"width\":789,\"height\":300},{\"@type\":\"BreadcrumbList\",\"@id\":\"https:\/\/www.laescueladelagua.com\/dia-mundial-del-docente-las-y-los-docentes-en-el-corazon-de-la-recuperacion-de-la-educacion\/#breadcrumb\",\"itemListElement\":[{\"@type\":\"ListItem\",\"position\":1,\"name\":\"Home\",\"item\":\"https:\/\/wapwebedapro01.azurewebsites.net\/\"},{\"@type\":\"ListItem\",\"position\":2,\"name\":\"D\u00eda Mundial del Docente: las y los docentes en el coraz\u00f3n de la recuperaci\u00f3n de la educaci\u00f3n\"}]},{\"@type\":\"WebSite\",\"@id\":\"https:\/\/wapwebedapro01.azurewebsites.net\/#website\",\"url\":\"https:\/\/wapwebedapro01.azurewebsites.net\/\",\"name\":\"Escuela del agua\",\"description\":\"\",\"publisher\":{\"@id\":\"https:\/\/wapwebedapro01.azurewebsites.net\/#organization\"},\"potentialAction\":[{\"@type\":\"SearchAction\",\"target\":{\"@type\":\"EntryPoint\",\"urlTemplate\":\"https:\/\/wapwebedapro01.azurewebsites.net\/?s={search_term_string}\"},\"query-input\":{\"@type\":\"PropertyValueSpecification\",\"valueRequired\":true,\"valueName\":\"search_term_string\"}}],\"inLanguage\":\"en-US\"},{\"@type\":\"Organization\",\"@id\":\"https:\/\/wapwebedapro01.azurewebsites.net\/#organization\",\"name\":\"Escuela del agua\",\"url\":\"https:\/\/wapwebedapro01.azurewebsites.net\/\",\"logo\":{\"@type\":\"ImageObject\",\"inLanguage\":\"en-US\",\"@id\":\"https:\/\/wapwebedapro01.azurewebsites.net\/#\/schema\/logo\/image\/\",\"url\":\"\/wp-content\/uploads\/2023\/08\/logo_EscueladelAgua_mod.1.1_150px.png\",\"contentUrl\":\"\/wp-content\/uploads\/2023\/08\/logo_EscueladelAgua_mod.1.1_150px.png\",\"width\":150,\"height\":90,\"caption\":\"Escuela del agua\"},\"image\":{\"@id\":\"https:\/\/wapwebedapro01.azurewebsites.net\/#\/schema\/logo\/image\/\"}},{\"@type\":\"Person\",\"@id\":\"https:\/\/wapwebedapro01.azurewebsites.net\/#\/schema\/person\/dd1649223e405b6f9eb82e8f6798f241\",\"name\":\"adminusr\",\"image\":{\"@type\":\"ImageObject\",\"inLanguage\":\"en-US\",\"@id\":\"https:\/\/wapwebedapro01.azurewebsites.net\/#\/schema\/person\/image\/\",\"url\":\"https:\/\/secure.gravatar.com\/avatar\/0faaa87907e163fd330069f117adf408?s=96&d=mm&r=g\",\"contentUrl\":\"https:\/\/secure.gravatar.com\/avatar\/0faaa87907e163fd330069f117adf408?s=96&d=mm&r=g\",\"caption\":\"adminusr\"},\"sameAs\":[\"https:\/\/www.laescueladelagua.com\"],\"url\":\"https:\/\/www.laescueladelagua.com\/en\/author\/adminusr\/\"}]}<\/script>\r\n<!-- \/ Yoast SEO plugin. -->","yoast_head_json":{"title":"D\u00eda Mundial del Docente: las y los docentes en el coraz\u00f3n de la recuperaci\u00f3n de la educaci\u00f3n - Escuela del agua","robots":{"index":"index","follow":"follow","max-snippet":"max-snippet:-1","max-image-preview":"max-image-preview:large","max-video-preview":"max-video-preview:-1"},"canonical":"https:\/\/www.laescueladelagua.com\/en\/dia-mundial-del-docente-las-y-los-docentes-en-el-corazon-de-la-recuperacion-de-la-educacion\/","og_locale":"en_US","og_type":"article","og_title":"D\u00eda Mundial del Docente: las y los docentes en el coraz\u00f3n de la recuperaci\u00f3n de la educaci\u00f3n - Escuela del agua","og_description":"En el D\u00eda Mundial de los Docentes no solo rendimos homenaje a todos los educadores. Pedimos a los pa\u00edses que inviertan en ellos y les den prioridad en los esfuerzos mundiales de recuperaci\u00f3n de la educaci\u00f3n para que todos los alumnos tengan acceso a un docente cualificado y respaldado. \u00a1Apoyemos a nuestros docentes!\u00bb Un a\u00f1o [&hellip;]","og_url":"https:\/\/www.laescueladelagua.com\/en\/dia-mundial-del-docente-las-y-los-docentes-en-el-corazon-de-la-recuperacion-de-la-educacion\/","og_site_name":"Escuela del agua","article_published_time":"2021-10-06T12:18:38+00:00","article_modified_time":"2023-07-12T12:19:55+00:00","og_image":[{"width":789,"height":300,"url":"https:\/\/www.laescueladelagua.com\/wp-content\/uploads\/2023\/07\/article-13-e1689164390710.jpeg","type":"image\/jpeg"}],"author":"adminusr","twitter_card":"summary_large_image","twitter_misc":{"Written by":"adminusr","Est. reading time":"1 minute"},"schema":{"@context":"https:\/\/schema.org","@graph":[{"@type":"Article","@id":"https:\/\/www.laescueladelagua.com\/dia-mundial-del-docente-las-y-los-docentes-en-el-corazon-de-la-recuperacion-de-la-educacion\/#article","isPartOf":{"@id":"https:\/\/www.laescueladelagua.com\/dia-mundial-del-docente-las-y-los-docentes-en-el-corazon-de-la-recuperacion-de-la-educacion\/"},"author":{"name":"adminusr","@id":"https:\/\/wapwebedapro01.azurewebsites.net\/#\/schema\/person\/dd1649223e405b6f9eb82e8f6798f241"},"headline":"D\u00eda Mundial del Docente: las y los docentes en el coraz\u00f3n de la recuperaci\u00f3n de la educaci\u00f3n","datePublished":"2021-10-06T12:18:38+00:00","dateModified":"2023-07-12T12:19:55+00:00","mainEntityOfPage":{"@id":"https:\/\/www.laescueladelagua.com\/dia-mundial-del-docente-las-y-los-docentes-en-el-corazon-de-la-recuperacion-de-la-educacion\/"},"wordCount":268,"commentCount":0,"publisher":{"@id":"https:\/\/wapwebedapro01.azurewebsites.net\/#organization"},"image":{"@id":"https:\/\/www.laescueladelagua.com\/dia-mundial-del-docente-las-y-los-docentes-en-el-corazon-de-la-recuperacion-de-la-educacion\/#primaryimage"},"thumbnailUrl":"\/wp-content\/uploads\/2023\/07\/article-13-e1689164390710.jpeg","articleSection":["Educaci\u00f3n ambiental"],"inLanguage":"en-US","potentialAction":[{"@type":"CommentAction","name":"Comment","target":["https:\/\/www.laescueladelagua.com\/dia-mundial-del-docente-las-y-los-docentes-en-el-corazon-de-la-recuperacion-de-la-educacion\/#respond"]}]},{"@type":"WebPage","@id":"https:\/\/www.laescueladelagua.com\/dia-mundial-del-docente-las-y-los-docentes-en-el-corazon-de-la-recuperacion-de-la-educacion\/","url":"https:\/\/www.laescueladelagua.com\/dia-mundial-del-docente-las-y-los-docentes-en-el-corazon-de-la-recuperacion-de-la-educacion\/","name":"D\u00eda Mundial del Docente: las y los docentes en el coraz\u00f3n de la recuperaci\u00f3n de la educaci\u00f3n - Escuela del agua","isPartOf":{"@id":"https:\/\/wapwebedapro01.azurewebsites.net\/#website"},"primaryImageOfPage":{"@id":"https:\/\/www.laescueladelagua.com\/dia-mundial-del-docente-las-y-los-docentes-en-el-corazon-de-la-recuperacion-de-la-educacion\/#primaryimage"},"image":{"@id":"https:\/\/www.laescueladelagua.com\/dia-mundial-del-docente-las-y-los-docentes-en-el-corazon-de-la-recuperacion-de-la-educacion\/#primaryimage"},"thumbnailUrl":"\/wp-content\/uploads\/2023\/07\/article-13-e1689164390710.jpeg","datePublished":"2021-10-06T12:18:38+00:00","dateModified":"2023-07-12T12:19:55+00:00","breadcrumb":{"@id":"https:\/\/www.laescueladelagua.com\/dia-mundial-del-docente-las-y-los-docentes-en-el-corazon-de-la-recuperacion-de-la-educacion\/#breadcrumb"},"inLanguage":"en-US","potentialAction":[{"@type":"ReadAction","target":["https:\/\/www.laescueladelagua.com\/dia-mundial-del-docente-las-y-los-docentes-en-el-corazon-de-la-recuperacion-de-la-educacion\/"]}]},{"@type":"ImageObject","inLanguage":"en-US","@id":"https:\/\/www.laescueladelagua.com\/dia-mundial-del-docente-las-y-los-docentes-en-el-corazon-de-la-recuperacion-de-la-educacion\/#primaryimage","url":"\/wp-content\/uploads\/2023\/07\/article-13-e1689164390710.jpeg","contentUrl":"\/wp-content\/uploads\/2023\/07\/article-13-e1689164390710.jpeg","width":789,"height":300},{"@type":"BreadcrumbList","@id":"https:\/\/www.laescueladelagua.com\/dia-mundial-del-docente-las-y-los-docentes-en-el-corazon-de-la-recuperacion-de-la-educacion\/#breadcrumb","itemListElement":[{"@type":"ListItem","position":1,"name":"Home","item":"https:\/\/wapwebedapro01.azurewebsites.net\/"},{"@type":"ListItem","position":2,"name":"D\u00eda Mundial del Docente: las y los docentes en el coraz\u00f3n de la recuperaci\u00f3n de la educaci\u00f3n"}]},{"@type":"WebSite","@id":"https:\/\/wapwebedapro01.azurewebsites.net\/#website","url":"https:\/\/wapwebedapro01.azurewebsites.net\/","name":"Escuela del agua","description":"","publisher":{"@id":"https:\/\/wapwebedapro01.azurewebsites.net\/#organization"},"potentialAction":[{"@type":"SearchAction","target":{"@type":"EntryPoint","urlTemplate":"https:\/\/wapwebedapro01.azurewebsites.net\/?s={search_term_string}"},"query-input":{"@type":"PropertyValueSpecification","valueRequired":true,"valueName":"search_term_string"}}],"inLanguage":"en-US"},{"@type":"Organization","@id":"https:\/\/wapwebedapro01.azurewebsites.net\/#organization","name":"Escuela del agua","url":"https:\/\/wapwebedapro01.azurewebsites.net\/","logo":{"@type":"ImageObject","inLanguage":"en-US","@id":"https:\/\/wapwebedapro01.azurewebsites.net\/#\/schema\/logo\/image\/","url":"\/wp-content\/uploads\/2023\/08\/logo_EscueladelAgua_mod.1.1_150px.png","contentUrl":"\/wp-content\/uploads\/2023\/08\/logo_EscueladelAgua_mod.1.1_150px.png","width":150,"height":90,"caption":"Escuela del agua"},"image":{"@id":"https:\/\/wapwebedapro01.azurewebsites.net\/#\/schema\/logo\/image\/"}},{"@type":"Person","@id":"https:\/\/wapwebedapro01.azurewebsites.net\/#\/schema\/person\/dd1649223e405b6f9eb82e8f6798f241","name":"adminusr","image":{"@type":"ImageObject","inLanguage":"en-US","@id":"https:\/\/wapwebedapro01.azurewebsites.net\/#\/schema\/person\/image\/","url":"https:\/\/secure.gravatar.com\/avatar\/0faaa87907e163fd330069f117adf408?s=96&d=mm&r=g","contentUrl":"https:\/\/secure.gravatar.com\/avatar\/0faaa87907e163fd330069f117adf408?s=96&d=mm&r=g","caption":"adminusr"},"sameAs":["https:\/\/www.laescueladelagua.com"],"url":"https:\/\/www.laescueladelagua.com\/en\/author\/adminusr\/"}]}},"meta_box":[],"_links":{"self":[{"href":"https:\/\/www.laescueladelagua.com\/en\/wp-json\/wp\/v2\/posts\/1428","targetHints":{"allow":["GET"]}}],"collection":[{"href":"https:\/\/www.laescueladelagua.com\/en\/wp-json\/wp\/v2\/posts"}],"about":[{"href":"https:\/\/www.laescueladelagua.com\/en\/wp-json\/wp\/v2\/types\/post"}],"author":[{"embeddable":true,"href":"https:\/\/www.laescueladelagua.com\/en\/wp-json\/wp\/v2\/users\/1"}],"replies":[{"embeddable":true,"href":"https:\/\/www.laescueladelagua.com\/en\/wp-json\/wp\/v2\/comments?post=1428"}],"version-history":[{"count":2,"href":"https:\/\/www.laescueladelagua.com\/en\/wp-json\/wp\/v2\/posts\/1428\/revisions"}],"predecessor-version":[{"id":1431,"href":"https:\/\/www.laescueladelagua.com\/en\/wp-json\/wp\/v2\/posts\/1428\/revisions\/1431"}],"wp:featuredmedia":[{"embeddable":true,"href":"https:\/\/www.laescueladelagua.com\/en\/wp-json\/wp\/v2\/media\/1429"}],"wp:attachment":[{"href":"https:\/\/www.laescueladelagua.com\/en\/wp-json\/wp\/v2\/media?parent=1428"}],"wp:term":[{"taxonomy":"category","embeddable":true,"href":"https:\/\/www.laescueladelagua.com\/en\/wp-json\/wp\/v2\/categories?post=1428"},{"taxonomy":"post_tag","embeddable":true,"href":"https:\/\/www.laescueladelagua.com\/en\/wp-json\/wp\/v2\/tags?post=1428"}],"curies":[{"name":"wp","href":"https:\/\/api.w.org\/{rel}","templated":true}]}}