{"id":1432,"date":"2021-10-17T12:20:43","date_gmt":"2021-10-17T12:20:43","guid":{"rendered":"https:\/\/www.laescueladelagua.com\/?p=1432"},"modified":"2023-07-12T12:21:53","modified_gmt":"2023-07-12T12:21:53","slug":"la-escuela-del-agua-participa-en-el-seminario-internacional-sobre-competencias-verdes-para-la-formacion-profesional","status":"publish","type":"post","link":"https:\/\/www.laescueladelagua.com\/en\/la-escuela-del-agua-participa-en-el-seminario-internacional-sobre-competencias-verdes-para-la-formacion-profesional\/","title":{"rendered":"Water School participates in international seminar on green skills for vocational training"},"content":{"rendered":"<p>The Water School has participated in the European Conference \"Green Skills in Vocational Education and Training (VET)\" which was held at the headquarters of Ematsa (Empresa Municipal Mixta de Aguas de Tarragona). This European project focuses on establishing professional skills in the context of the green economy in three key public services: water, transport and energy.<\/p>\n<p>The meeting, inaugurated by the President of EMATSA, Jordi Fortuny and the Mayor of Tarragona, Pau Ricom\u00e0, began with a round table on professional water training in Spain, with the presence of the Director General of Vocational Training of the Generalitat de Catalunya, \u00c0ngel Miquel, the Director of the National Reference Center of Electricity, Water and Gas of Guadalajara, Felipe L\u00f3pez Sol\u00e1 and Lluc Pej\u00f3, Director of Talent of Agbar and the Water School. Pej\u00f3 pointed out as a challenge the need to define specific competencies and redesign qualifications in line with the needs of the sector, taking into account three levels: operational, functional and digital competencies.<\/p>\n<p>For her part, M\u00f3nica P\u00e9rez Clausen, Academic Director of the Water School, highlighted Agbar's commitment to Dual Vocational Training, which began in 2012 and already has more than 450 students in different training cycles and more than 20 companies involved, at a table dedicated to sharing best practices and experiences at European level in vocational training in the water sector.<\/p>\n<p>Green Skills in VET is an initiative driven by SGI Europe and the European Federation of Education Employers (EFEE), two entities that have joined forces to pool the contents of the education sector and the future needs of three key public services such as transport, water and energy. The aim of the project is to generate synergies that will enable the promotion and training of qualified manpower for these services and to materialize the green transition. The project is being carried out over the period 2021-2023 in six member states (the Netherlands, Portugal, Belgium, France, Germany and Spain).<\/p>","protected":false},"excerpt":{"rendered":"<p>The Water School has participated in the European Conference \"Green Skills in Vocational Education and Training (VET)\" which was held at the headquarters of Ematsa (Empresa Municipal Mixta de Aguas de Tarragona). This European project is focused on establishing professional skills in the context of the green economy in three public utilities [...]<\/p>","protected":false},"author":1,"featured_media":1433,"comment_status":"open","ping_status":"open","sticky":false,"template":"","format":"standard","meta":{"footnotes":""},"categories":[28],"tags":[],"class_list":["post-1432","post","type-post","status-publish","format-standard","has-post-thumbnail","hentry","category-fp-dual"],"yoast_head":"<!-- This site is optimized with the Yoast SEO plugin v24.5 - https:\/\/yoast.com\/wordpress\/plugins\/seo\/ -->\r\n<title>La Escuela del Agua participa en el seminario internacional sobre competencias verdes para la formaci\u00f3n profesional - Escuela del agua<\/title>\r\n<meta name=\"robots\" content=\"index, follow, max-snippet:-1, max-image-preview:large, max-video-preview:-1\" \/>\r\n<link rel=\"canonical\" href=\"https:\/\/www.laescueladelagua.com\/en\/la-escuela-del-agua-participa-en-el-seminario-internacional-sobre-competencias-verdes-para-la-formacion-profesional\/\" \/>\r\n<meta property=\"og:locale\" content=\"en_US\" \/>\r\n<meta property=\"og:type\" content=\"article\" \/>\r\n<meta property=\"og:title\" content=\"La Escuela del Agua participa en el seminario internacional sobre competencias verdes para la formaci\u00f3n profesional - Escuela del agua\" \/>\r\n<meta property=\"og:description\" content=\"La Escuela del Agua ha participado en la Jornada Europea \u201cGreen Skills in Vocational Education and Training (VET)\u201d que se ha celebrado en la sede de Ematsa (Empresa Municipal Mixta de Aguas de Tarragona). Este proyecto europeo se centra en establecer las competencias profesionales en el contexto de la econcom\u00eda verde en tres servicios p\u00fablicos [&hellip;]\" \/>\r\n<meta property=\"og:url\" content=\"https:\/\/www.laescueladelagua.com\/en\/la-escuela-del-agua-participa-en-el-seminario-internacional-sobre-competencias-verdes-para-la-formacion-profesional\/\" \/>\r\n<meta property=\"og:site_name\" content=\"Escuela del agua\" \/>\r\n<meta property=\"article:published_time\" content=\"2021-10-17T12:20:43+00:00\" \/>\r\n<meta property=\"article:modified_time\" content=\"2023-07-12T12:21:53+00:00\" \/>\r\n<meta property=\"og:image\" content=\"https:\/\/www.laescueladelagua.com\/wp-content\/uploads\/2023\/07\/article-14-e1698069685656.jpeg\" \/>\r\n\t<meta property=\"og:image:width\" content=\"800\" \/>\r\n\t<meta property=\"og:image:height\" content=\"215\" \/>\r\n\t<meta property=\"og:image:type\" content=\"image\/jpeg\" \/>\r\n<meta name=\"author\" content=\"adminusr\" \/>\r\n<meta name=\"twitter:card\" content=\"summary_large_image\" \/>\r\n<meta name=\"twitter:label1\" content=\"Written by\" \/>\n\t<meta name=\"twitter:data1\" content=\"adminusr\" \/>\n\t<meta name=\"twitter:label2\" content=\"Est. reading time\" \/>\n\t<meta name=\"twitter:data2\" content=\"2 minutes\" \/>\r\n<script type=\"application\/ld+json\" class=\"yoast-schema-graph\">{\"@context\":\"https:\/\/schema.org\",\"@graph\":[{\"@type\":\"Article\",\"@id\":\"https:\/\/www.laescueladelagua.com\/ca\/la-escuela-del-agua-participa-en-el-seminario-internacional-sobre-competencias-verdes-para-la-formacion-profesional\/#article\",\"isPartOf\":{\"@id\":\"https:\/\/www.laescueladelagua.com\/ca\/la-escuela-del-agua-participa-en-el-seminario-internacional-sobre-competencias-verdes-para-la-formacion-profesional\/\"},\"author\":{\"name\":\"adminusr\",\"@id\":\"https:\/\/wapwebedapro01.azurewebsites.net\/#\/schema\/person\/dd1649223e405b6f9eb82e8f6798f241\"},\"headline\":\"La Escuela del Agua participa en el seminario internacional sobre competencias verdes para la formaci\u00f3n profesional\",\"datePublished\":\"2021-10-17T12:20:43+00:00\",\"dateModified\":\"2023-07-12T12:21:53+00:00\",\"mainEntityOfPage\":{\"@id\":\"https:\/\/www.laescueladelagua.com\/ca\/la-escuela-del-agua-participa-en-el-seminario-internacional-sobre-competencias-verdes-para-la-formacion-profesional\/\"},\"wordCount\":385,\"commentCount\":0,\"publisher\":{\"@id\":\"https:\/\/wapwebedapro01.azurewebsites.net\/#organization\"},\"image\":{\"@id\":\"https:\/\/www.laescueladelagua.com\/ca\/la-escuela-del-agua-participa-en-el-seminario-internacional-sobre-competencias-verdes-para-la-formacion-profesional\/#primaryimage\"},\"thumbnailUrl\":\"\/wp-content\/uploads\/2023\/07\/article-14-e1698069685656.jpeg\",\"articleSection\":[\"FP Dual\"],\"inLanguage\":\"en-US\",\"potentialAction\":[{\"@type\":\"CommentAction\",\"name\":\"Comment\",\"target\":[\"https:\/\/www.laescueladelagua.com\/ca\/la-escuela-del-agua-participa-en-el-seminario-internacional-sobre-competencias-verdes-para-la-formacion-profesional\/#respond\"]}]},{\"@type\":\"WebPage\",\"@id\":\"https:\/\/www.laescueladelagua.com\/ca\/la-escuela-del-agua-participa-en-el-seminario-internacional-sobre-competencias-verdes-para-la-formacion-profesional\/\",\"url\":\"https:\/\/www.laescueladelagua.com\/ca\/la-escuela-del-agua-participa-en-el-seminario-internacional-sobre-competencias-verdes-para-la-formacion-profesional\/\",\"name\":\"La Escuela del Agua participa en el seminario internacional sobre competencias verdes para la formaci\u00f3n profesional - Escuela del agua\",\"isPartOf\":{\"@id\":\"https:\/\/wapwebedapro01.azurewebsites.net\/#website\"},\"primaryImageOfPage\":{\"@id\":\"https:\/\/www.laescueladelagua.com\/ca\/la-escuela-del-agua-participa-en-el-seminario-internacional-sobre-competencias-verdes-para-la-formacion-profesional\/#primaryimage\"},\"image\":{\"@id\":\"https:\/\/www.laescueladelagua.com\/ca\/la-escuela-del-agua-participa-en-el-seminario-internacional-sobre-competencias-verdes-para-la-formacion-profesional\/#primaryimage\"},\"thumbnailUrl\":\"\/wp-content\/uploads\/2023\/07\/article-14-e1698069685656.jpeg\",\"datePublished\":\"2021-10-17T12:20:43+00:00\",\"dateModified\":\"2023-07-12T12:21:53+00:00\",\"breadcrumb\":{\"@id\":\"https:\/\/www.laescueladelagua.com\/ca\/la-escuela-del-agua-participa-en-el-seminario-internacional-sobre-competencias-verdes-para-la-formacion-profesional\/#breadcrumb\"},\"inLanguage\":\"en-US\",\"potentialAction\":[{\"@type\":\"ReadAction\",\"target\":[\"https:\/\/www.laescueladelagua.com\/ca\/la-escuela-del-agua-participa-en-el-seminario-internacional-sobre-competencias-verdes-para-la-formacion-profesional\/\"]}]},{\"@type\":\"ImageObject\",\"inLanguage\":\"en-US\",\"@id\":\"https:\/\/www.laescueladelagua.com\/ca\/la-escuela-del-agua-participa-en-el-seminario-internacional-sobre-competencias-verdes-para-la-formacion-profesional\/#primaryimage\",\"url\":\"\/wp-content\/uploads\/2023\/07\/article-14-e1698069685656.jpeg\",\"contentUrl\":\"\/wp-content\/uploads\/2023\/07\/article-14-e1698069685656.jpeg\",\"width\":800,\"height\":215},{\"@type\":\"BreadcrumbList\",\"@id\":\"https:\/\/www.laescueladelagua.com\/ca\/la-escuela-del-agua-participa-en-el-seminario-internacional-sobre-competencias-verdes-para-la-formacion-profesional\/#breadcrumb\",\"itemListElement\":[{\"@type\":\"ListItem\",\"position\":1,\"name\":\"Home\",\"item\":\"https:\/\/wapwebedapro01.azurewebsites.net\/\"},{\"@type\":\"ListItem\",\"position\":2,\"name\":\"La Escuela del Agua participa en el seminario internacional sobre competencias verdes para la formaci\u00f3n profesional\"}]},{\"@type\":\"WebSite\",\"@id\":\"https:\/\/wapwebedapro01.azurewebsites.net\/#website\",\"url\":\"https:\/\/wapwebedapro01.azurewebsites.net\/\",\"name\":\"Escuela del agua\",\"description\":\"\",\"publisher\":{\"@id\":\"https:\/\/wapwebedapro01.azurewebsites.net\/#organization\"},\"potentialAction\":[{\"@type\":\"SearchAction\",\"target\":{\"@type\":\"EntryPoint\",\"urlTemplate\":\"https:\/\/wapwebedapro01.azurewebsites.net\/?s={search_term_string}\"},\"query-input\":{\"@type\":\"PropertyValueSpecification\",\"valueRequired\":true,\"valueName\":\"search_term_string\"}}],\"inLanguage\":\"en-US\"},{\"@type\":\"Organization\",\"@id\":\"https:\/\/wapwebedapro01.azurewebsites.net\/#organization\",\"name\":\"Escuela del agua\",\"url\":\"https:\/\/wapwebedapro01.azurewebsites.net\/\",\"logo\":{\"@type\":\"ImageObject\",\"inLanguage\":\"en-US\",\"@id\":\"https:\/\/wapwebedapro01.azurewebsites.net\/#\/schema\/logo\/image\/\",\"url\":\"\/wp-content\/uploads\/2023\/08\/logo_EscueladelAgua_mod.1.1_150px.png\",\"contentUrl\":\"\/wp-content\/uploads\/2023\/08\/logo_EscueladelAgua_mod.1.1_150px.png\",\"width\":150,\"height\":90,\"caption\":\"Escuela del agua\"},\"image\":{\"@id\":\"https:\/\/wapwebedapro01.azurewebsites.net\/#\/schema\/logo\/image\/\"}},{\"@type\":\"Person\",\"@id\":\"https:\/\/wapwebedapro01.azurewebsites.net\/#\/schema\/person\/dd1649223e405b6f9eb82e8f6798f241\",\"name\":\"adminusr\",\"image\":{\"@type\":\"ImageObject\",\"inLanguage\":\"en-US\",\"@id\":\"https:\/\/wapwebedapro01.azurewebsites.net\/#\/schema\/person\/image\/\",\"url\":\"https:\/\/secure.gravatar.com\/avatar\/0faaa87907e163fd330069f117adf408?s=96&d=mm&r=g\",\"contentUrl\":\"https:\/\/secure.gravatar.com\/avatar\/0faaa87907e163fd330069f117adf408?s=96&d=mm&r=g\",\"caption\":\"adminusr\"},\"sameAs\":[\"https:\/\/www.laescueladelagua.com\"],\"url\":\"https:\/\/www.laescueladelagua.com\/en\/author\/adminusr\/\"}]}<\/script>\r\n<!-- \/ Yoast SEO plugin. -->","yoast_head_json":{"title":"La Escuela del Agua participa en el seminario internacional sobre competencias verdes para la formaci\u00f3n profesional - Escuela del agua","robots":{"index":"index","follow":"follow","max-snippet":"max-snippet:-1","max-image-preview":"max-image-preview:large","max-video-preview":"max-video-preview:-1"},"canonical":"https:\/\/www.laescueladelagua.com\/en\/la-escuela-del-agua-participa-en-el-seminario-internacional-sobre-competencias-verdes-para-la-formacion-profesional\/","og_locale":"en_US","og_type":"article","og_title":"La Escuela del Agua participa en el seminario internacional sobre competencias verdes para la formaci\u00f3n profesional - Escuela del agua","og_description":"La Escuela del Agua ha participado en la Jornada Europea \u201cGreen Skills in Vocational Education and Training (VET)\u201d que se ha celebrado en la sede de Ematsa (Empresa Municipal Mixta de Aguas de Tarragona). Este proyecto europeo se centra en establecer las competencias profesionales en el contexto de la econcom\u00eda verde en tres servicios p\u00fablicos [&hellip;]","og_url":"https:\/\/www.laescueladelagua.com\/en\/la-escuela-del-agua-participa-en-el-seminario-internacional-sobre-competencias-verdes-para-la-formacion-profesional\/","og_site_name":"Escuela del agua","article_published_time":"2021-10-17T12:20:43+00:00","article_modified_time":"2023-07-12T12:21:53+00:00","og_image":[{"width":800,"height":215,"url":"https:\/\/www.laescueladelagua.com\/wp-content\/uploads\/2023\/07\/article-14-e1698069685656.jpeg","type":"image\/jpeg"}],"author":"adminusr","twitter_card":"summary_large_image","twitter_misc":{"Written by":"adminusr","Est. reading time":"2 minutes"},"schema":{"@context":"https:\/\/schema.org","@graph":[{"@type":"Article","@id":"https:\/\/www.laescueladelagua.com\/ca\/la-escuela-del-agua-participa-en-el-seminario-internacional-sobre-competencias-verdes-para-la-formacion-profesional\/#article","isPartOf":{"@id":"https:\/\/www.laescueladelagua.com\/ca\/la-escuela-del-agua-participa-en-el-seminario-internacional-sobre-competencias-verdes-para-la-formacion-profesional\/"},"author":{"name":"adminusr","@id":"https:\/\/wapwebedapro01.azurewebsites.net\/#\/schema\/person\/dd1649223e405b6f9eb82e8f6798f241"},"headline":"La Escuela del Agua participa en el seminario internacional sobre competencias verdes para la formaci\u00f3n profesional","datePublished":"2021-10-17T12:20:43+00:00","dateModified":"2023-07-12T12:21:53+00:00","mainEntityOfPage":{"@id":"https:\/\/www.laescueladelagua.com\/ca\/la-escuela-del-agua-participa-en-el-seminario-internacional-sobre-competencias-verdes-para-la-formacion-profesional\/"},"wordCount":385,"commentCount":0,"publisher":{"@id":"https:\/\/wapwebedapro01.azurewebsites.net\/#organization"},"image":{"@id":"https:\/\/www.laescueladelagua.com\/ca\/la-escuela-del-agua-participa-en-el-seminario-internacional-sobre-competencias-verdes-para-la-formacion-profesional\/#primaryimage"},"thumbnailUrl":"\/wp-content\/uploads\/2023\/07\/article-14-e1698069685656.jpeg","articleSection":["FP Dual"],"inLanguage":"en-US","potentialAction":[{"@type":"CommentAction","name":"Comment","target":["https:\/\/www.laescueladelagua.com\/ca\/la-escuela-del-agua-participa-en-el-seminario-internacional-sobre-competencias-verdes-para-la-formacion-profesional\/#respond"]}]},{"@type":"WebPage","@id":"https:\/\/www.laescueladelagua.com\/ca\/la-escuela-del-agua-participa-en-el-seminario-internacional-sobre-competencias-verdes-para-la-formacion-profesional\/","url":"https:\/\/www.laescueladelagua.com\/ca\/la-escuela-del-agua-participa-en-el-seminario-internacional-sobre-competencias-verdes-para-la-formacion-profesional\/","name":"La Escuela del Agua participa en el seminario internacional sobre competencias verdes para la formaci\u00f3n profesional - Escuela del agua","isPartOf":{"@id":"https:\/\/wapwebedapro01.azurewebsites.net\/#website"},"primaryImageOfPage":{"@id":"https:\/\/www.laescueladelagua.com\/ca\/la-escuela-del-agua-participa-en-el-seminario-internacional-sobre-competencias-verdes-para-la-formacion-profesional\/#primaryimage"},"image":{"@id":"https:\/\/www.laescueladelagua.com\/ca\/la-escuela-del-agua-participa-en-el-seminario-internacional-sobre-competencias-verdes-para-la-formacion-profesional\/#primaryimage"},"thumbnailUrl":"\/wp-content\/uploads\/2023\/07\/article-14-e1698069685656.jpeg","datePublished":"2021-10-17T12:20:43+00:00","dateModified":"2023-07-12T12:21:53+00:00","breadcrumb":{"@id":"https:\/\/www.laescueladelagua.com\/ca\/la-escuela-del-agua-participa-en-el-seminario-internacional-sobre-competencias-verdes-para-la-formacion-profesional\/#breadcrumb"},"inLanguage":"en-US","potentialAction":[{"@type":"ReadAction","target":["https:\/\/www.laescueladelagua.com\/ca\/la-escuela-del-agua-participa-en-el-seminario-internacional-sobre-competencias-verdes-para-la-formacion-profesional\/"]}]},{"@type":"ImageObject","inLanguage":"en-US","@id":"https:\/\/www.laescueladelagua.com\/ca\/la-escuela-del-agua-participa-en-el-seminario-internacional-sobre-competencias-verdes-para-la-formacion-profesional\/#primaryimage","url":"\/wp-content\/uploads\/2023\/07\/article-14-e1698069685656.jpeg","contentUrl":"\/wp-content\/uploads\/2023\/07\/article-14-e1698069685656.jpeg","width":800,"height":215},{"@type":"BreadcrumbList","@id":"https:\/\/www.laescueladelagua.com\/ca\/la-escuela-del-agua-participa-en-el-seminario-internacional-sobre-competencias-verdes-para-la-formacion-profesional\/#breadcrumb","itemListElement":[{"@type":"ListItem","position":1,"name":"Home","item":"https:\/\/wapwebedapro01.azurewebsites.net\/"},{"@type":"ListItem","position":2,"name":"La Escuela del Agua participa en el seminario internacional sobre competencias verdes para la formaci\u00f3n profesional"}]},{"@type":"WebSite","@id":"https:\/\/wapwebedapro01.azurewebsites.net\/#website","url":"https:\/\/wapwebedapro01.azurewebsites.net\/","name":"Escuela del agua","description":"","publisher":{"@id":"https:\/\/wapwebedapro01.azurewebsites.net\/#organization"},"potentialAction":[{"@type":"SearchAction","target":{"@type":"EntryPoint","urlTemplate":"https:\/\/wapwebedapro01.azurewebsites.net\/?s={search_term_string}"},"query-input":{"@type":"PropertyValueSpecification","valueRequired":true,"valueName":"search_term_string"}}],"inLanguage":"en-US"},{"@type":"Organization","@id":"https:\/\/wapwebedapro01.azurewebsites.net\/#organization","name":"Escuela del agua","url":"https:\/\/wapwebedapro01.azurewebsites.net\/","logo":{"@type":"ImageObject","inLanguage":"en-US","@id":"https:\/\/wapwebedapro01.azurewebsites.net\/#\/schema\/logo\/image\/","url":"\/wp-content\/uploads\/2023\/08\/logo_EscueladelAgua_mod.1.1_150px.png","contentUrl":"\/wp-content\/uploads\/2023\/08\/logo_EscueladelAgua_mod.1.1_150px.png","width":150,"height":90,"caption":"Escuela del agua"},"image":{"@id":"https:\/\/wapwebedapro01.azurewebsites.net\/#\/schema\/logo\/image\/"}},{"@type":"Person","@id":"https:\/\/wapwebedapro01.azurewebsites.net\/#\/schema\/person\/dd1649223e405b6f9eb82e8f6798f241","name":"adminusr","image":{"@type":"ImageObject","inLanguage":"en-US","@id":"https:\/\/wapwebedapro01.azurewebsites.net\/#\/schema\/person\/image\/","url":"https:\/\/secure.gravatar.com\/avatar\/0faaa87907e163fd330069f117adf408?s=96&d=mm&r=g","contentUrl":"https:\/\/secure.gravatar.com\/avatar\/0faaa87907e163fd330069f117adf408?s=96&d=mm&r=g","caption":"adminusr"},"sameAs":["https:\/\/www.laescueladelagua.com"],"url":"https:\/\/www.laescueladelagua.com\/en\/author\/adminusr\/"}]}},"meta_box":[],"_links":{"self":[{"href":"https:\/\/www.laescueladelagua.com\/en\/wp-json\/wp\/v2\/posts\/1432","targetHints":{"allow":["GET"]}}],"collection":[{"href":"https:\/\/www.laescueladelagua.com\/en\/wp-json\/wp\/v2\/posts"}],"about":[{"href":"https:\/\/www.laescueladelagua.com\/en\/wp-json\/wp\/v2\/types\/post"}],"author":[{"embeddable":true,"href":"https:\/\/www.laescueladelagua.com\/en\/wp-json\/wp\/v2\/users\/1"}],"replies":[{"embeddable":true,"href":"https:\/\/www.laescueladelagua.com\/en\/wp-json\/wp\/v2\/comments?post=1432"}],"version-history":[{"count":2,"href":"https:\/\/www.laescueladelagua.com\/en\/wp-json\/wp\/v2\/posts\/1432\/revisions"}],"predecessor-version":[{"id":1435,"href":"https:\/\/www.laescueladelagua.com\/en\/wp-json\/wp\/v2\/posts\/1432\/revisions\/1435"}],"wp:featuredmedia":[{"embeddable":true,"href":"https:\/\/www.laescueladelagua.com\/en\/wp-json\/wp\/v2\/media\/1433"}],"wp:attachment":[{"href":"https:\/\/www.laescueladelagua.com\/en\/wp-json\/wp\/v2\/media?parent=1432"}],"wp:term":[{"taxonomy":"category","embeddable":true,"href":"https:\/\/www.laescueladelagua.com\/en\/wp-json\/wp\/v2\/categories?post=1432"},{"taxonomy":"post_tag","embeddable":true,"href":"https:\/\/www.laescueladelagua.com\/en\/wp-json\/wp\/v2\/tags?post=1432"}],"curies":[{"name":"wp","href":"https:\/\/api.w.org\/{rel}","templated":true}]}}