{"id":1462,"date":"2022-02-07T12:37:28","date_gmt":"2022-02-07T12:37:28","guid":{"rendered":"https:\/\/www.laescueladelagua.com\/?p=1462"},"modified":"2023-07-12T12:40:10","modified_gmt":"2023-07-12T12:40:10","slug":"la-educacion-ambiental-y-la-didactica-de-la-geografia-se-entrecruzan-en-la-universitat-dalacant","status":"publish","type":"post","link":"https:\/\/www.laescueladelagua.com\/en\/la-educacion-ambiental-y-la-didactica-de-la-geografia-se-entrecruzan-en-la-universitat-dalacant\/","title":{"rendered":"Environmental education and geography didactics are intertwined at the Universitat d'Alacant"},"content":{"rendered":"<p>The conference \"Experiences and educational resources in the era of global change\" brought together experts in education to discuss the challenges and success stories in this area.<\/p>\n<p>Lluc Pej\u00f3, Director of Talent at Agbar and of the Water School, explained the <a href=\"\/en\/educacion-ambiental\/\" target=\"_blank\" rel=\"noopener\">didactic model of environmental education of the Water School<\/a> which allows the design of impactful, meaningful and transforming activities by focusing on 5 aspects: the audience, the context, the objective, the substrate and the action.<\/p>\n<p>Eire Ruiz, coordinator of environmental activities at the School, presented three examples of activities that are compatible in both face-to-face and virtual environments: the school program <a href=\"\/en\/educacion-ambiental\/\" target=\"_blank\" rel=\"noopener\">Aqualogy<\/a>The gamified FRESCO workshop on the cause-effect links of climate change, and visits to wastewater treatment plants (WWTP) using augmented reality as a resource to show the operation of the plant.<\/p>\n<p>Amelia Navarro, director of Sustainable Development in Hidraqua and Aguas de Alicante, has presented the environmental education activities carried out in the Valencian Community through Aguas de Alicante, Hidraqua and various joint ventures. He has exposed data implementation of Aqualog\u00eda in the community, the AQUASTEM program to promote techno-scientific skills among girls currently in 9 schools in the community. He also highlighted the awareness activities carried out with visits to the Museum of Aguas de Alicante and the cultural agenda offered by the same.<\/p>\n<p>Ana Pons, from the Environmental Education Center of the Generalitat Valenciana and Reyes Gomis Barber\u00e1, director of CEIP Bec de l'\u00c0guila, in Sant Vicent del Raspeig, also participated in the conference.<\/p>","protected":false},"excerpt":{"rendered":"<p>The conference \"Experiences and educational resources in the era of global change\" brought together experts in education to discuss the challenges and success stories in this area. Lluc Pej\u00f3, Director of Talent at Agbar and the Water School, explained the didactic model of environmental education of the School [...]<\/p>","protected":false},"author":1,"featured_media":1463,"comment_status":"open","ping_status":"open","sticky":false,"template":"","format":"standard","meta":{"footnotes":""},"categories":[51],"tags":[],"class_list":["post-1462","post","type-post","status-publish","format-standard","has-post-thumbnail","hentry","category-educacion-ambiental"],"yoast_head":"<!-- This site is optimized with the Yoast SEO plugin v24.5 - https:\/\/yoast.com\/wordpress\/plugins\/seo\/ -->\r\n<title>La educaci\u00f3n ambiental y la did\u00e1ctica de la geograf\u00eda se entrecruzan en la Universitat d\u2019Alacant - Escuela del agua<\/title>\r\n<meta name=\"robots\" content=\"index, follow, max-snippet:-1, max-image-preview:large, max-video-preview:-1\" \/>\r\n<link rel=\"canonical\" href=\"https:\/\/www.laescueladelagua.com\/en\/la-educacion-ambiental-y-la-didactica-de-la-geografia-se-entrecruzan-en-la-universitat-dalacant\/\" \/>\r\n<meta property=\"og:locale\" content=\"en_US\" \/>\r\n<meta property=\"og:type\" content=\"article\" \/>\r\n<meta property=\"og:title\" content=\"La educaci\u00f3n ambiental y la did\u00e1ctica de la geograf\u00eda se entrecruzan en la Universitat d\u2019Alacant - Escuela del agua\" \/>\r\n<meta property=\"og:description\" content=\"La Jornada \u201cExperiencias y recursos educativos en la era del cambio global\u201d ha dado cita a expertos en educaci\u00f3n para hablar de los retos y casos de \u00e9xito referentes a esta materia. Lluc Pej\u00f3, Director de Talento de Agbar y de la Escuela del Agua, explic\u00f3 el modelo did\u00e1ctico de educaci\u00f3n ambiental de la Escuela [&hellip;]\" \/>\r\n<meta property=\"og:url\" content=\"https:\/\/www.laescueladelagua.com\/en\/la-educacion-ambiental-y-la-didactica-de-la-geografia-se-entrecruzan-en-la-universitat-dalacant\/\" \/>\r\n<meta property=\"og:site_name\" content=\"Escuela del agua\" \/>\r\n<meta property=\"article:published_time\" content=\"2022-02-07T12:37:28+00:00\" \/>\r\n<meta property=\"article:modified_time\" content=\"2023-07-12T12:40:10+00:00\" \/>\r\n<meta property=\"og:image\" content=\"https:\/\/www.laescueladelagua.com\/wp-content\/uploads\/2023\/07\/article-21-e1689165605719.jpeg\" \/>\r\n\t<meta property=\"og:image:width\" content=\"953\" \/>\r\n\t<meta property=\"og:image:height\" content=\"300\" \/>\r\n\t<meta property=\"og:image:type\" content=\"image\/jpeg\" \/>\r\n<meta name=\"author\" content=\"adminusr\" \/>\r\n<meta name=\"twitter:card\" content=\"summary_large_image\" \/>\r\n<meta name=\"twitter:label1\" content=\"Written by\" \/>\n\t<meta name=\"twitter:data1\" content=\"adminusr\" \/>\n\t<meta name=\"twitter:label2\" content=\"Est. reading time\" \/>\n\t<meta name=\"twitter:data2\" content=\"1 minute\" \/>\r\n<script type=\"application\/ld+json\" class=\"yoast-schema-graph\">{\"@context\":\"https:\/\/schema.org\",\"@graph\":[{\"@type\":\"Article\",\"@id\":\"https:\/\/www.laescueladelagua.com\/la-educacion-ambiental-y-la-didactica-de-la-geografia-se-entrecruzan-en-la-universitat-dalacant\/#article\",\"isPartOf\":{\"@id\":\"https:\/\/www.laescueladelagua.com\/la-educacion-ambiental-y-la-didactica-de-la-geografia-se-entrecruzan-en-la-universitat-dalacant\/\"},\"author\":{\"name\":\"adminusr\",\"@id\":\"https:\/\/wapwebedapro01.azurewebsites.net\/#\/schema\/person\/dd1649223e405b6f9eb82e8f6798f241\"},\"headline\":\"La educaci\u00f3n ambiental y la did\u00e1ctica de la geograf\u00eda se entrecruzan en la Universitat d\u2019Alacant\",\"datePublished\":\"2022-02-07T12:37:28+00:00\",\"dateModified\":\"2023-07-12T12:40:10+00:00\",\"mainEntityOfPage\":{\"@id\":\"https:\/\/www.laescueladelagua.com\/la-educacion-ambiental-y-la-didactica-de-la-geografia-se-entrecruzan-en-la-universitat-dalacant\/\"},\"wordCount\":306,\"commentCount\":0,\"publisher\":{\"@id\":\"https:\/\/wapwebedapro01.azurewebsites.net\/#organization\"},\"image\":{\"@id\":\"https:\/\/www.laescueladelagua.com\/la-educacion-ambiental-y-la-didactica-de-la-geografia-se-entrecruzan-en-la-universitat-dalacant\/#primaryimage\"},\"thumbnailUrl\":\"\/wp-content\/uploads\/2023\/07\/article-21-e1689165605719.jpeg\",\"articleSection\":[\"Educaci\u00f3n ambiental\"],\"inLanguage\":\"en-US\",\"potentialAction\":[{\"@type\":\"CommentAction\",\"name\":\"Comment\",\"target\":[\"https:\/\/www.laescueladelagua.com\/la-educacion-ambiental-y-la-didactica-de-la-geografia-se-entrecruzan-en-la-universitat-dalacant\/#respond\"]}]},{\"@type\":\"WebPage\",\"@id\":\"https:\/\/www.laescueladelagua.com\/la-educacion-ambiental-y-la-didactica-de-la-geografia-se-entrecruzan-en-la-universitat-dalacant\/\",\"url\":\"https:\/\/www.laescueladelagua.com\/la-educacion-ambiental-y-la-didactica-de-la-geografia-se-entrecruzan-en-la-universitat-dalacant\/\",\"name\":\"La educaci\u00f3n ambiental y la did\u00e1ctica de la geograf\u00eda se entrecruzan en la Universitat d\u2019Alacant - Escuela del agua\",\"isPartOf\":{\"@id\":\"https:\/\/wapwebedapro01.azurewebsites.net\/#website\"},\"primaryImageOfPage\":{\"@id\":\"https:\/\/www.laescueladelagua.com\/la-educacion-ambiental-y-la-didactica-de-la-geografia-se-entrecruzan-en-la-universitat-dalacant\/#primaryimage\"},\"image\":{\"@id\":\"https:\/\/www.laescueladelagua.com\/la-educacion-ambiental-y-la-didactica-de-la-geografia-se-entrecruzan-en-la-universitat-dalacant\/#primaryimage\"},\"thumbnailUrl\":\"\/wp-content\/uploads\/2023\/07\/article-21-e1689165605719.jpeg\",\"datePublished\":\"2022-02-07T12:37:28+00:00\",\"dateModified\":\"2023-07-12T12:40:10+00:00\",\"breadcrumb\":{\"@id\":\"https:\/\/www.laescueladelagua.com\/la-educacion-ambiental-y-la-didactica-de-la-geografia-se-entrecruzan-en-la-universitat-dalacant\/#breadcrumb\"},\"inLanguage\":\"en-US\",\"potentialAction\":[{\"@type\":\"ReadAction\",\"target\":[\"https:\/\/www.laescueladelagua.com\/la-educacion-ambiental-y-la-didactica-de-la-geografia-se-entrecruzan-en-la-universitat-dalacant\/\"]}]},{\"@type\":\"ImageObject\",\"inLanguage\":\"en-US\",\"@id\":\"https:\/\/www.laescueladelagua.com\/la-educacion-ambiental-y-la-didactica-de-la-geografia-se-entrecruzan-en-la-universitat-dalacant\/#primaryimage\",\"url\":\"\/wp-content\/uploads\/2023\/07\/article-21-e1689165605719.jpeg\",\"contentUrl\":\"\/wp-content\/uploads\/2023\/07\/article-21-e1689165605719.jpeg\",\"width\":953,\"height\":300},{\"@type\":\"BreadcrumbList\",\"@id\":\"https:\/\/www.laescueladelagua.com\/la-educacion-ambiental-y-la-didactica-de-la-geografia-se-entrecruzan-en-la-universitat-dalacant\/#breadcrumb\",\"itemListElement\":[{\"@type\":\"ListItem\",\"position\":1,\"name\":\"Home\",\"item\":\"https:\/\/wapwebedapro01.azurewebsites.net\/\"},{\"@type\":\"ListItem\",\"position\":2,\"name\":\"La educaci\u00f3n ambiental y la did\u00e1ctica de la geograf\u00eda se entrecruzan en la Universitat d\u2019Alacant\"}]},{\"@type\":\"WebSite\",\"@id\":\"https:\/\/wapwebedapro01.azurewebsites.net\/#website\",\"url\":\"https:\/\/wapwebedapro01.azurewebsites.net\/\",\"name\":\"Escuela del agua\",\"description\":\"\",\"publisher\":{\"@id\":\"https:\/\/wapwebedapro01.azurewebsites.net\/#organization\"},\"potentialAction\":[{\"@type\":\"SearchAction\",\"target\":{\"@type\":\"EntryPoint\",\"urlTemplate\":\"https:\/\/wapwebedapro01.azurewebsites.net\/?s={search_term_string}\"},\"query-input\":{\"@type\":\"PropertyValueSpecification\",\"valueRequired\":true,\"valueName\":\"search_term_string\"}}],\"inLanguage\":\"en-US\"},{\"@type\":\"Organization\",\"@id\":\"https:\/\/wapwebedapro01.azurewebsites.net\/#organization\",\"name\":\"Escuela del agua\",\"url\":\"https:\/\/wapwebedapro01.azurewebsites.net\/\",\"logo\":{\"@type\":\"ImageObject\",\"inLanguage\":\"en-US\",\"@id\":\"https:\/\/wapwebedapro01.azurewebsites.net\/#\/schema\/logo\/image\/\",\"url\":\"\/wp-content\/uploads\/2023\/08\/logo_EscueladelAgua_mod.1.1_150px.png\",\"contentUrl\":\"\/wp-content\/uploads\/2023\/08\/logo_EscueladelAgua_mod.1.1_150px.png\",\"width\":150,\"height\":90,\"caption\":\"Escuela del agua\"},\"image\":{\"@id\":\"https:\/\/wapwebedapro01.azurewebsites.net\/#\/schema\/logo\/image\/\"}},{\"@type\":\"Person\",\"@id\":\"https:\/\/wapwebedapro01.azurewebsites.net\/#\/schema\/person\/dd1649223e405b6f9eb82e8f6798f241\",\"name\":\"adminusr\",\"image\":{\"@type\":\"ImageObject\",\"inLanguage\":\"en-US\",\"@id\":\"https:\/\/wapwebedapro01.azurewebsites.net\/#\/schema\/person\/image\/\",\"url\":\"https:\/\/secure.gravatar.com\/avatar\/0faaa87907e163fd330069f117adf408?s=96&d=mm&r=g\",\"contentUrl\":\"https:\/\/secure.gravatar.com\/avatar\/0faaa87907e163fd330069f117adf408?s=96&d=mm&r=g\",\"caption\":\"adminusr\"},\"sameAs\":[\"https:\/\/www.laescueladelagua.com\"],\"url\":\"https:\/\/www.laescueladelagua.com\/en\/author\/adminusr\/\"}]}<\/script>\r\n<!-- \/ Yoast SEO plugin. -->","yoast_head_json":{"title":"La educaci\u00f3n ambiental y la did\u00e1ctica de la geograf\u00eda se entrecruzan en la Universitat d\u2019Alacant - Escuela del agua","robots":{"index":"index","follow":"follow","max-snippet":"max-snippet:-1","max-image-preview":"max-image-preview:large","max-video-preview":"max-video-preview:-1"},"canonical":"https:\/\/www.laescueladelagua.com\/en\/la-educacion-ambiental-y-la-didactica-de-la-geografia-se-entrecruzan-en-la-universitat-dalacant\/","og_locale":"en_US","og_type":"article","og_title":"La educaci\u00f3n ambiental y la did\u00e1ctica de la geograf\u00eda se entrecruzan en la Universitat d\u2019Alacant - Escuela del agua","og_description":"La Jornada \u201cExperiencias y recursos educativos en la era del cambio global\u201d ha dado cita a expertos en educaci\u00f3n para hablar de los retos y casos de \u00e9xito referentes a esta materia. Lluc Pej\u00f3, Director de Talento de Agbar y de la Escuela del Agua, explic\u00f3 el modelo did\u00e1ctico de educaci\u00f3n ambiental de la Escuela [&hellip;]","og_url":"https:\/\/www.laescueladelagua.com\/en\/la-educacion-ambiental-y-la-didactica-de-la-geografia-se-entrecruzan-en-la-universitat-dalacant\/","og_site_name":"Escuela del agua","article_published_time":"2022-02-07T12:37:28+00:00","article_modified_time":"2023-07-12T12:40:10+00:00","og_image":[{"width":953,"height":300,"url":"https:\/\/www.laescueladelagua.com\/wp-content\/uploads\/2023\/07\/article-21-e1689165605719.jpeg","type":"image\/jpeg"}],"author":"adminusr","twitter_card":"summary_large_image","twitter_misc":{"Written by":"adminusr","Est. reading time":"1 minute"},"schema":{"@context":"https:\/\/schema.org","@graph":[{"@type":"Article","@id":"https:\/\/www.laescueladelagua.com\/la-educacion-ambiental-y-la-didactica-de-la-geografia-se-entrecruzan-en-la-universitat-dalacant\/#article","isPartOf":{"@id":"https:\/\/www.laescueladelagua.com\/la-educacion-ambiental-y-la-didactica-de-la-geografia-se-entrecruzan-en-la-universitat-dalacant\/"},"author":{"name":"adminusr","@id":"https:\/\/wapwebedapro01.azurewebsites.net\/#\/schema\/person\/dd1649223e405b6f9eb82e8f6798f241"},"headline":"La educaci\u00f3n ambiental y la did\u00e1ctica de la geograf\u00eda se entrecruzan en la Universitat d\u2019Alacant","datePublished":"2022-02-07T12:37:28+00:00","dateModified":"2023-07-12T12:40:10+00:00","mainEntityOfPage":{"@id":"https:\/\/www.laescueladelagua.com\/la-educacion-ambiental-y-la-didactica-de-la-geografia-se-entrecruzan-en-la-universitat-dalacant\/"},"wordCount":306,"commentCount":0,"publisher":{"@id":"https:\/\/wapwebedapro01.azurewebsites.net\/#organization"},"image":{"@id":"https:\/\/www.laescueladelagua.com\/la-educacion-ambiental-y-la-didactica-de-la-geografia-se-entrecruzan-en-la-universitat-dalacant\/#primaryimage"},"thumbnailUrl":"\/wp-content\/uploads\/2023\/07\/article-21-e1689165605719.jpeg","articleSection":["Educaci\u00f3n ambiental"],"inLanguage":"en-US","potentialAction":[{"@type":"CommentAction","name":"Comment","target":["https:\/\/www.laescueladelagua.com\/la-educacion-ambiental-y-la-didactica-de-la-geografia-se-entrecruzan-en-la-universitat-dalacant\/#respond"]}]},{"@type":"WebPage","@id":"https:\/\/www.laescueladelagua.com\/la-educacion-ambiental-y-la-didactica-de-la-geografia-se-entrecruzan-en-la-universitat-dalacant\/","url":"https:\/\/www.laescueladelagua.com\/la-educacion-ambiental-y-la-didactica-de-la-geografia-se-entrecruzan-en-la-universitat-dalacant\/","name":"La educaci\u00f3n ambiental y la did\u00e1ctica de la geograf\u00eda se entrecruzan en la Universitat d\u2019Alacant - Escuela del agua","isPartOf":{"@id":"https:\/\/wapwebedapro01.azurewebsites.net\/#website"},"primaryImageOfPage":{"@id":"https:\/\/www.laescueladelagua.com\/la-educacion-ambiental-y-la-didactica-de-la-geografia-se-entrecruzan-en-la-universitat-dalacant\/#primaryimage"},"image":{"@id":"https:\/\/www.laescueladelagua.com\/la-educacion-ambiental-y-la-didactica-de-la-geografia-se-entrecruzan-en-la-universitat-dalacant\/#primaryimage"},"thumbnailUrl":"\/wp-content\/uploads\/2023\/07\/article-21-e1689165605719.jpeg","datePublished":"2022-02-07T12:37:28+00:00","dateModified":"2023-07-12T12:40:10+00:00","breadcrumb":{"@id":"https:\/\/www.laescueladelagua.com\/la-educacion-ambiental-y-la-didactica-de-la-geografia-se-entrecruzan-en-la-universitat-dalacant\/#breadcrumb"},"inLanguage":"en-US","potentialAction":[{"@type":"ReadAction","target":["https:\/\/www.laescueladelagua.com\/la-educacion-ambiental-y-la-didactica-de-la-geografia-se-entrecruzan-en-la-universitat-dalacant\/"]}]},{"@type":"ImageObject","inLanguage":"en-US","@id":"https:\/\/www.laescueladelagua.com\/la-educacion-ambiental-y-la-didactica-de-la-geografia-se-entrecruzan-en-la-universitat-dalacant\/#primaryimage","url":"\/wp-content\/uploads\/2023\/07\/article-21-e1689165605719.jpeg","contentUrl":"\/wp-content\/uploads\/2023\/07\/article-21-e1689165605719.jpeg","width":953,"height":300},{"@type":"BreadcrumbList","@id":"https:\/\/www.laescueladelagua.com\/la-educacion-ambiental-y-la-didactica-de-la-geografia-se-entrecruzan-en-la-universitat-dalacant\/#breadcrumb","itemListElement":[{"@type":"ListItem","position":1,"name":"Home","item":"https:\/\/wapwebedapro01.azurewebsites.net\/"},{"@type":"ListItem","position":2,"name":"La educaci\u00f3n ambiental y la did\u00e1ctica de la geograf\u00eda se entrecruzan en la Universitat d\u2019Alacant"}]},{"@type":"WebSite","@id":"https:\/\/wapwebedapro01.azurewebsites.net\/#website","url":"https:\/\/wapwebedapro01.azurewebsites.net\/","name":"Escuela del agua","description":"","publisher":{"@id":"https:\/\/wapwebedapro01.azurewebsites.net\/#organization"},"potentialAction":[{"@type":"SearchAction","target":{"@type":"EntryPoint","urlTemplate":"https:\/\/wapwebedapro01.azurewebsites.net\/?s={search_term_string}"},"query-input":{"@type":"PropertyValueSpecification","valueRequired":true,"valueName":"search_term_string"}}],"inLanguage":"en-US"},{"@type":"Organization","@id":"https:\/\/wapwebedapro01.azurewebsites.net\/#organization","name":"Escuela del agua","url":"https:\/\/wapwebedapro01.azurewebsites.net\/","logo":{"@type":"ImageObject","inLanguage":"en-US","@id":"https:\/\/wapwebedapro01.azurewebsites.net\/#\/schema\/logo\/image\/","url":"\/wp-content\/uploads\/2023\/08\/logo_EscueladelAgua_mod.1.1_150px.png","contentUrl":"\/wp-content\/uploads\/2023\/08\/logo_EscueladelAgua_mod.1.1_150px.png","width":150,"height":90,"caption":"Escuela del agua"},"image":{"@id":"https:\/\/wapwebedapro01.azurewebsites.net\/#\/schema\/logo\/image\/"}},{"@type":"Person","@id":"https:\/\/wapwebedapro01.azurewebsites.net\/#\/schema\/person\/dd1649223e405b6f9eb82e8f6798f241","name":"adminusr","image":{"@type":"ImageObject","inLanguage":"en-US","@id":"https:\/\/wapwebedapro01.azurewebsites.net\/#\/schema\/person\/image\/","url":"https:\/\/secure.gravatar.com\/avatar\/0faaa87907e163fd330069f117adf408?s=96&d=mm&r=g","contentUrl":"https:\/\/secure.gravatar.com\/avatar\/0faaa87907e163fd330069f117adf408?s=96&d=mm&r=g","caption":"adminusr"},"sameAs":["https:\/\/www.laescueladelagua.com"],"url":"https:\/\/www.laescueladelagua.com\/en\/author\/adminusr\/"}]}},"meta_box":[],"_links":{"self":[{"href":"https:\/\/www.laescueladelagua.com\/en\/wp-json\/wp\/v2\/posts\/1462","targetHints":{"allow":["GET"]}}],"collection":[{"href":"https:\/\/www.laescueladelagua.com\/en\/wp-json\/wp\/v2\/posts"}],"about":[{"href":"https:\/\/www.laescueladelagua.com\/en\/wp-json\/wp\/v2\/types\/post"}],"author":[{"embeddable":true,"href":"https:\/\/www.laescueladelagua.com\/en\/wp-json\/wp\/v2\/users\/1"}],"replies":[{"embeddable":true,"href":"https:\/\/www.laescueladelagua.com\/en\/wp-json\/wp\/v2\/comments?post=1462"}],"version-history":[{"count":2,"href":"https:\/\/www.laescueladelagua.com\/en\/wp-json\/wp\/v2\/posts\/1462\/revisions"}],"predecessor-version":[{"id":1465,"href":"https:\/\/www.laescueladelagua.com\/en\/wp-json\/wp\/v2\/posts\/1462\/revisions\/1465"}],"wp:featuredmedia":[{"embeddable":true,"href":"https:\/\/www.laescueladelagua.com\/en\/wp-json\/wp\/v2\/media\/1463"}],"wp:attachment":[{"href":"https:\/\/www.laescueladelagua.com\/en\/wp-json\/wp\/v2\/media?parent=1462"}],"wp:term":[{"taxonomy":"category","embeddable":true,"href":"https:\/\/www.laescueladelagua.com\/en\/wp-json\/wp\/v2\/categories?post=1462"},{"taxonomy":"post_tag","embeddable":true,"href":"https:\/\/www.laescueladelagua.com\/en\/wp-json\/wp\/v2\/tags?post=1462"}],"curies":[{"name":"wp","href":"https:\/\/api.w.org\/{rel}","templated":true}]}}