{"id":1489,"date":"2022-06-06T07:58:40","date_gmt":"2022-06-06T07:58:40","guid":{"rendered":"https:\/\/www.laescueladelagua.com\/?p=1489"},"modified":"2023-07-13T08:02:09","modified_gmt":"2023-07-13T08:02:09","slug":"te-animas-a-visitar-las-instalaciones-mas-punteras-para-la-gestion-del-ciclo-integral-del-agua","status":"publish","type":"post","link":"https:\/\/www.laescueladelagua.com\/en\/te-animas-a-visitar-las-instalaciones-mas-punteras-para-la-gestion-del-ciclo-integral-del-agua\/","title":{"rendered":"Would you like to visit the most advanced facilities for the management of the integral water cycle?"},"content":{"rendered":"<p>The Water School offers the possibility of two-day on-site intensifications visiting leading facilities of the urban water cycle with the accompaniment of the managers and experts of each facility in reference hubs.<\/p>\n<p>Visits to the different facilities planned (DWTP, WWTP, ITAM, water reservoir, operational control center, laboratory, etc.) will highlight the technical characteristics that make them attractive to professionals due to their modern, efficient and environmentally friendly designs and operating models.<\/p>\n<p>At the moment the offer available for 2022 is focused on Levante (Alicante and Murcia - September 21 and 22, 2022) and Barcelona (November 8 and 9, 2022). These are two intense days of visits to the best facilities in each of the areas.<\/p>\n<p>In the <a href=\"\/en\/programa\/formacion-tecnica\/aquatours\/visitas-tecnicas-levante\/\" target=\"_blank\" rel=\"noopener\">Levante Tour<\/a> visit the DINAPSIS Benidorm \"Urban Water Management and Green and Blue Infrastructures\", LABAQUA, environmental consultancy and analysis laboratory for industry and administration, where they apply the latest technological advances, the San Gabriel Anti-pollution reservoir, a powerful infrastructure with a maximum storage capacity of 60.60,000 cubic meters, which has significantly improved the overflow problems in the area, the Marjal Flood Park, a benchmark in circular water economy and green infrastructure, the Contraparada DWTP, a facility that supplies 25% of the volume demanded, the Murcia-East WWTP, a pioneering wastewater treatment plant in projects linked to the recovery of nutrients from wastewater and their use as fertilizers, and in projects for the regeneration of water free of compounds related to the coronavirus and its use for irrigation of experimental crops, and the ITAM Valdelentisco, one of the largest desalination plants in Europe (annual production of 70 hm3\/year): 70 hm3\/year).<\/p>\n<p>In the <a href=\"\/en\/programa\/formacion-tecnica\/aquatours\/visitas-tecnicas-barcelona\/\" target=\"_blank\" rel=\"noopener\">Tour of Barcelona<\/a> you can also visit the DINAPSIS \"Resilient Water and IoT 4 Climate Change\", from which intelligence on municipal assets is provided remotely and efficiently, the ETAP St Joan Desp\u00ed, one of the most technologically advanced water treatment plants in Europe, the Operational Control Center d'Aig\u00fces de Barcelona, the nerve center of the drinking water supply to 3 million people, the laboratory d'Aig\u00fces de Barcelona, an international benchmark in the analysis of drinking water and the only one in Spain with a team dedicated to water tasting, the Aig\u00fces de Barcelona laboratory, an international benchmark in the analysis of water for human consumption and the only one in Spain with a team dedicated to water tasting, and the IDAM Barcelona (ATLL), one of the largest desalination plants in Europe, with an annual production of 60 hm3\/year.<\/p>\n<p>The program is also a meeting point for industry professionals interested in sharing best practices based on professional experience.<\/p>","protected":false},"excerpt":{"rendered":"<p>The Water School offers the possibility of two-day on-site intensification visits to leading facilities of the urban water cycle, accompanied by the managers and experts of each facility in reference hubs. The visits to the different facilities planned (DWTP, WWTP, ITAM, water reservoir, control center, etc.) will [...]<\/p>","protected":false},"author":1,"featured_media":1490,"comment_status":"open","ping_status":"open","sticky":false,"template":"","format":"standard","meta":{"footnotes":""},"categories":[45],"tags":[],"class_list":["post-1489","post","type-post","status-publish","format-standard","has-post-thumbnail","hentry","category-programas"],"yoast_head":"<!-- This site is optimized with the Yoast SEO plugin v24.5 - https:\/\/yoast.com\/wordpress\/plugins\/seo\/ -->\r\n<title>\u00bfTe animas a visitar las instalaciones m\u00e1s punteras para la gesti\u00f3n del ciclo integral del agua? - Escuela del agua<\/title>\r\n<meta name=\"robots\" content=\"index, follow, max-snippet:-1, max-image-preview:large, max-video-preview:-1\" \/>\r\n<link rel=\"canonical\" href=\"https:\/\/www.laescueladelagua.com\/en\/te-animas-a-visitar-las-instalaciones-mas-punteras-para-la-gestion-del-ciclo-integral-del-agua\/\" \/>\r\n<meta property=\"og:locale\" content=\"en_US\" \/>\r\n<meta property=\"og:type\" content=\"article\" \/>\r\n<meta property=\"og:title\" content=\"\u00bfTe animas a visitar las instalaciones m\u00e1s punteras para la gesti\u00f3n del ciclo integral del agua? - Escuela del agua\" \/>\r\n<meta property=\"og:description\" content=\"La Escuela del Agua pone a disposici\u00f3n la posibilidad de realizar intensificaciones presenciales de dos d\u00edas visitando instalaciones punteras del ciclo urbano del agua con el acompa\u00f1amiento de los responsables y expertos de cada instalaci\u00f3n en hubs de referencia. Las visitas a las diferentes instalaciones previstas (ETAP, EDAR, ITAM, dep\u00f3sito de aguas, centro de control [&hellip;]\" \/>\r\n<meta property=\"og:url\" content=\"https:\/\/www.laescueladelagua.com\/en\/te-animas-a-visitar-las-instalaciones-mas-punteras-para-la-gestion-del-ciclo-integral-del-agua\/\" \/>\r\n<meta property=\"og:site_name\" content=\"Escuela del agua\" \/>\r\n<meta property=\"article:published_time\" content=\"2022-06-06T07:58:40+00:00\" \/>\r\n<meta property=\"article:modified_time\" content=\"2023-07-13T08:02:09+00:00\" \/>\r\n<meta property=\"og:image\" content=\"https:\/\/www.laescueladelagua.com\/wp-content\/uploads\/2023\/07\/article-27-e1698069929172.jpeg\" \/>\r\n\t<meta property=\"og:image:width\" content=\"800\" \/>\r\n\t<meta property=\"og:image:height\" content=\"396\" \/>\r\n\t<meta property=\"og:image:type\" content=\"image\/jpeg\" \/>\r\n<meta name=\"author\" content=\"adminusr\" \/>\r\n<meta name=\"twitter:card\" content=\"summary_large_image\" \/>\r\n<meta name=\"twitter:label1\" content=\"Written by\" \/>\n\t<meta name=\"twitter:data1\" content=\"adminusr\" \/>\n\t<meta name=\"twitter:label2\" content=\"Est. reading time\" \/>\n\t<meta name=\"twitter:data2\" content=\"2 minutes\" \/>\r\n<script type=\"application\/ld+json\" class=\"yoast-schema-graph\">{\"@context\":\"https:\/\/schema.org\",\"@graph\":[{\"@type\":\"Article\",\"@id\":\"https:\/\/www.laescueladelagua.com\/en\/te-animas-a-visitar-las-instalaciones-mas-punteras-para-la-gestion-del-ciclo-integral-del-agua\/#article\",\"isPartOf\":{\"@id\":\"https:\/\/www.laescueladelagua.com\/en\/te-animas-a-visitar-las-instalaciones-mas-punteras-para-la-gestion-del-ciclo-integral-del-agua\/\"},\"author\":{\"name\":\"adminusr\",\"@id\":\"https:\/\/wapwebedapro01.azurewebsites.net\/#\/schema\/person\/dd1649223e405b6f9eb82e8f6798f241\"},\"headline\":\"\u00bfTe animas a visitar las instalaciones m\u00e1s punteras para la gesti\u00f3n del ciclo integral del agua?\",\"datePublished\":\"2022-06-06T07:58:40+00:00\",\"dateModified\":\"2023-07-13T08:02:09+00:00\",\"mainEntityOfPage\":{\"@id\":\"https:\/\/www.laescueladelagua.com\/en\/te-animas-a-visitar-las-instalaciones-mas-punteras-para-la-gestion-del-ciclo-integral-del-agua\/\"},\"wordCount\":477,\"commentCount\":0,\"publisher\":{\"@id\":\"https:\/\/wapwebedapro01.azurewebsites.net\/#organization\"},\"image\":{\"@id\":\"https:\/\/www.laescueladelagua.com\/en\/te-animas-a-visitar-las-instalaciones-mas-punteras-para-la-gestion-del-ciclo-integral-del-agua\/#primaryimage\"},\"thumbnailUrl\":\"\/wp-content\/uploads\/2023\/07\/article-27-e1698069929172.jpeg\",\"articleSection\":[\"Programas\"],\"inLanguage\":\"en-US\",\"potentialAction\":[{\"@type\":\"CommentAction\",\"name\":\"Comment\",\"target\":[\"https:\/\/www.laescueladelagua.com\/en\/te-animas-a-visitar-las-instalaciones-mas-punteras-para-la-gestion-del-ciclo-integral-del-agua\/#respond\"]}]},{\"@type\":\"WebPage\",\"@id\":\"https:\/\/www.laescueladelagua.com\/en\/te-animas-a-visitar-las-instalaciones-mas-punteras-para-la-gestion-del-ciclo-integral-del-agua\/\",\"url\":\"https:\/\/www.laescueladelagua.com\/en\/te-animas-a-visitar-las-instalaciones-mas-punteras-para-la-gestion-del-ciclo-integral-del-agua\/\",\"name\":\"\u00bfTe animas a visitar las instalaciones m\u00e1s punteras para la gesti\u00f3n del ciclo integral del agua? - Escuela del agua\",\"isPartOf\":{\"@id\":\"https:\/\/wapwebedapro01.azurewebsites.net\/#website\"},\"primaryImageOfPage\":{\"@id\":\"https:\/\/www.laescueladelagua.com\/en\/te-animas-a-visitar-las-instalaciones-mas-punteras-para-la-gestion-del-ciclo-integral-del-agua\/#primaryimage\"},\"image\":{\"@id\":\"https:\/\/www.laescueladelagua.com\/en\/te-animas-a-visitar-las-instalaciones-mas-punteras-para-la-gestion-del-ciclo-integral-del-agua\/#primaryimage\"},\"thumbnailUrl\":\"\/wp-content\/uploads\/2023\/07\/article-27-e1698069929172.jpeg\",\"datePublished\":\"2022-06-06T07:58:40+00:00\",\"dateModified\":\"2023-07-13T08:02:09+00:00\",\"breadcrumb\":{\"@id\":\"https:\/\/www.laescueladelagua.com\/en\/te-animas-a-visitar-las-instalaciones-mas-punteras-para-la-gestion-del-ciclo-integral-del-agua\/#breadcrumb\"},\"inLanguage\":\"en-US\",\"potentialAction\":[{\"@type\":\"ReadAction\",\"target\":[\"https:\/\/www.laescueladelagua.com\/en\/te-animas-a-visitar-las-instalaciones-mas-punteras-para-la-gestion-del-ciclo-integral-del-agua\/\"]}]},{\"@type\":\"ImageObject\",\"inLanguage\":\"en-US\",\"@id\":\"https:\/\/www.laescueladelagua.com\/en\/te-animas-a-visitar-las-instalaciones-mas-punteras-para-la-gestion-del-ciclo-integral-del-agua\/#primaryimage\",\"url\":\"\/wp-content\/uploads\/2023\/07\/article-27-e1698069929172.jpeg\",\"contentUrl\":\"\/wp-content\/uploads\/2023\/07\/article-27-e1698069929172.jpeg\",\"width\":800,\"height\":396},{\"@type\":\"BreadcrumbList\",\"@id\":\"https:\/\/www.laescueladelagua.com\/en\/te-animas-a-visitar-las-instalaciones-mas-punteras-para-la-gestion-del-ciclo-integral-del-agua\/#breadcrumb\",\"itemListElement\":[{\"@type\":\"ListItem\",\"position\":1,\"name\":\"Home\",\"item\":\"https:\/\/wapwebedapro01.azurewebsites.net\/\"},{\"@type\":\"ListItem\",\"position\":2,\"name\":\"\u00bfTe animas a visitar las instalaciones m\u00e1s punteras para la gesti\u00f3n del ciclo integral del agua?\"}]},{\"@type\":\"WebSite\",\"@id\":\"https:\/\/wapwebedapro01.azurewebsites.net\/#website\",\"url\":\"https:\/\/wapwebedapro01.azurewebsites.net\/\",\"name\":\"Escuela del agua\",\"description\":\"\",\"publisher\":{\"@id\":\"https:\/\/wapwebedapro01.azurewebsites.net\/#organization\"},\"potentialAction\":[{\"@type\":\"SearchAction\",\"target\":{\"@type\":\"EntryPoint\",\"urlTemplate\":\"https:\/\/wapwebedapro01.azurewebsites.net\/?s={search_term_string}\"},\"query-input\":{\"@type\":\"PropertyValueSpecification\",\"valueRequired\":true,\"valueName\":\"search_term_string\"}}],\"inLanguage\":\"en-US\"},{\"@type\":\"Organization\",\"@id\":\"https:\/\/wapwebedapro01.azurewebsites.net\/#organization\",\"name\":\"Escuela del agua\",\"url\":\"https:\/\/wapwebedapro01.azurewebsites.net\/\",\"logo\":{\"@type\":\"ImageObject\",\"inLanguage\":\"en-US\",\"@id\":\"https:\/\/wapwebedapro01.azurewebsites.net\/#\/schema\/logo\/image\/\",\"url\":\"\/wp-content\/uploads\/2023\/08\/logo_EscueladelAgua_mod.1.1_150px.png\",\"contentUrl\":\"\/wp-content\/uploads\/2023\/08\/logo_EscueladelAgua_mod.1.1_150px.png\",\"width\":150,\"height\":90,\"caption\":\"Escuela del agua\"},\"image\":{\"@id\":\"https:\/\/wapwebedapro01.azurewebsites.net\/#\/schema\/logo\/image\/\"}},{\"@type\":\"Person\",\"@id\":\"https:\/\/wapwebedapro01.azurewebsites.net\/#\/schema\/person\/dd1649223e405b6f9eb82e8f6798f241\",\"name\":\"adminusr\",\"image\":{\"@type\":\"ImageObject\",\"inLanguage\":\"en-US\",\"@id\":\"https:\/\/wapwebedapro01.azurewebsites.net\/#\/schema\/person\/image\/\",\"url\":\"https:\/\/secure.gravatar.com\/avatar\/0faaa87907e163fd330069f117adf408?s=96&d=mm&r=g\",\"contentUrl\":\"https:\/\/secure.gravatar.com\/avatar\/0faaa87907e163fd330069f117adf408?s=96&d=mm&r=g\",\"caption\":\"adminusr\"},\"sameAs\":[\"https:\/\/www.laescueladelagua.com\"],\"url\":\"https:\/\/www.laescueladelagua.com\/en\/author\/adminusr\/\"}]}<\/script>\r\n<!-- \/ Yoast SEO plugin. -->","yoast_head_json":{"title":"\u00bfTe animas a visitar las instalaciones m\u00e1s punteras para la gesti\u00f3n del ciclo integral del agua? - Escuela del agua","robots":{"index":"index","follow":"follow","max-snippet":"max-snippet:-1","max-image-preview":"max-image-preview:large","max-video-preview":"max-video-preview:-1"},"canonical":"https:\/\/www.laescueladelagua.com\/en\/te-animas-a-visitar-las-instalaciones-mas-punteras-para-la-gestion-del-ciclo-integral-del-agua\/","og_locale":"en_US","og_type":"article","og_title":"\u00bfTe animas a visitar las instalaciones m\u00e1s punteras para la gesti\u00f3n del ciclo integral del agua? - Escuela del agua","og_description":"La Escuela del Agua pone a disposici\u00f3n la posibilidad de realizar intensificaciones presenciales de dos d\u00edas visitando instalaciones punteras del ciclo urbano del agua con el acompa\u00f1amiento de los responsables y expertos de cada instalaci\u00f3n en hubs de referencia. Las visitas a las diferentes instalaciones previstas (ETAP, EDAR, ITAM, dep\u00f3sito de aguas, centro de control [&hellip;]","og_url":"https:\/\/www.laescueladelagua.com\/en\/te-animas-a-visitar-las-instalaciones-mas-punteras-para-la-gestion-del-ciclo-integral-del-agua\/","og_site_name":"Escuela del agua","article_published_time":"2022-06-06T07:58:40+00:00","article_modified_time":"2023-07-13T08:02:09+00:00","og_image":[{"width":800,"height":396,"url":"https:\/\/www.laescueladelagua.com\/wp-content\/uploads\/2023\/07\/article-27-e1698069929172.jpeg","type":"image\/jpeg"}],"author":"adminusr","twitter_card":"summary_large_image","twitter_misc":{"Written by":"adminusr","Est. reading time":"2 minutes"},"schema":{"@context":"https:\/\/schema.org","@graph":[{"@type":"Article","@id":"https:\/\/www.laescueladelagua.com\/en\/te-animas-a-visitar-las-instalaciones-mas-punteras-para-la-gestion-del-ciclo-integral-del-agua\/#article","isPartOf":{"@id":"https:\/\/www.laescueladelagua.com\/en\/te-animas-a-visitar-las-instalaciones-mas-punteras-para-la-gestion-del-ciclo-integral-del-agua\/"},"author":{"name":"adminusr","@id":"https:\/\/wapwebedapro01.azurewebsites.net\/#\/schema\/person\/dd1649223e405b6f9eb82e8f6798f241"},"headline":"\u00bfTe animas a visitar las instalaciones m\u00e1s punteras para la gesti\u00f3n del ciclo integral del agua?","datePublished":"2022-06-06T07:58:40+00:00","dateModified":"2023-07-13T08:02:09+00:00","mainEntityOfPage":{"@id":"https:\/\/www.laescueladelagua.com\/en\/te-animas-a-visitar-las-instalaciones-mas-punteras-para-la-gestion-del-ciclo-integral-del-agua\/"},"wordCount":477,"commentCount":0,"publisher":{"@id":"https:\/\/wapwebedapro01.azurewebsites.net\/#organization"},"image":{"@id":"https:\/\/www.laescueladelagua.com\/en\/te-animas-a-visitar-las-instalaciones-mas-punteras-para-la-gestion-del-ciclo-integral-del-agua\/#primaryimage"},"thumbnailUrl":"\/wp-content\/uploads\/2023\/07\/article-27-e1698069929172.jpeg","articleSection":["Programas"],"inLanguage":"en-US","potentialAction":[{"@type":"CommentAction","name":"Comment","target":["https:\/\/www.laescueladelagua.com\/en\/te-animas-a-visitar-las-instalaciones-mas-punteras-para-la-gestion-del-ciclo-integral-del-agua\/#respond"]}]},{"@type":"WebPage","@id":"https:\/\/www.laescueladelagua.com\/en\/te-animas-a-visitar-las-instalaciones-mas-punteras-para-la-gestion-del-ciclo-integral-del-agua\/","url":"https:\/\/www.laescueladelagua.com\/en\/te-animas-a-visitar-las-instalaciones-mas-punteras-para-la-gestion-del-ciclo-integral-del-agua\/","name":"\u00bfTe animas a visitar las instalaciones m\u00e1s punteras para la gesti\u00f3n del ciclo integral del agua? - Escuela del agua","isPartOf":{"@id":"https:\/\/wapwebedapro01.azurewebsites.net\/#website"},"primaryImageOfPage":{"@id":"https:\/\/www.laescueladelagua.com\/en\/te-animas-a-visitar-las-instalaciones-mas-punteras-para-la-gestion-del-ciclo-integral-del-agua\/#primaryimage"},"image":{"@id":"https:\/\/www.laescueladelagua.com\/en\/te-animas-a-visitar-las-instalaciones-mas-punteras-para-la-gestion-del-ciclo-integral-del-agua\/#primaryimage"},"thumbnailUrl":"\/wp-content\/uploads\/2023\/07\/article-27-e1698069929172.jpeg","datePublished":"2022-06-06T07:58:40+00:00","dateModified":"2023-07-13T08:02:09+00:00","breadcrumb":{"@id":"https:\/\/www.laescueladelagua.com\/en\/te-animas-a-visitar-las-instalaciones-mas-punteras-para-la-gestion-del-ciclo-integral-del-agua\/#breadcrumb"},"inLanguage":"en-US","potentialAction":[{"@type":"ReadAction","target":["https:\/\/www.laescueladelagua.com\/en\/te-animas-a-visitar-las-instalaciones-mas-punteras-para-la-gestion-del-ciclo-integral-del-agua\/"]}]},{"@type":"ImageObject","inLanguage":"en-US","@id":"https:\/\/www.laescueladelagua.com\/en\/te-animas-a-visitar-las-instalaciones-mas-punteras-para-la-gestion-del-ciclo-integral-del-agua\/#primaryimage","url":"\/wp-content\/uploads\/2023\/07\/article-27-e1698069929172.jpeg","contentUrl":"\/wp-content\/uploads\/2023\/07\/article-27-e1698069929172.jpeg","width":800,"height":396},{"@type":"BreadcrumbList","@id":"https:\/\/www.laescueladelagua.com\/en\/te-animas-a-visitar-las-instalaciones-mas-punteras-para-la-gestion-del-ciclo-integral-del-agua\/#breadcrumb","itemListElement":[{"@type":"ListItem","position":1,"name":"Home","item":"https:\/\/wapwebedapro01.azurewebsites.net\/"},{"@type":"ListItem","position":2,"name":"\u00bfTe animas a visitar las instalaciones m\u00e1s punteras para la gesti\u00f3n del ciclo integral del agua?"}]},{"@type":"WebSite","@id":"https:\/\/wapwebedapro01.azurewebsites.net\/#website","url":"https:\/\/wapwebedapro01.azurewebsites.net\/","name":"Escuela del agua","description":"","publisher":{"@id":"https:\/\/wapwebedapro01.azurewebsites.net\/#organization"},"potentialAction":[{"@type":"SearchAction","target":{"@type":"EntryPoint","urlTemplate":"https:\/\/wapwebedapro01.azurewebsites.net\/?s={search_term_string}"},"query-input":{"@type":"PropertyValueSpecification","valueRequired":true,"valueName":"search_term_string"}}],"inLanguage":"en-US"},{"@type":"Organization","@id":"https:\/\/wapwebedapro01.azurewebsites.net\/#organization","name":"Escuela del agua","url":"https:\/\/wapwebedapro01.azurewebsites.net\/","logo":{"@type":"ImageObject","inLanguage":"en-US","@id":"https:\/\/wapwebedapro01.azurewebsites.net\/#\/schema\/logo\/image\/","url":"\/wp-content\/uploads\/2023\/08\/logo_EscueladelAgua_mod.1.1_150px.png","contentUrl":"\/wp-content\/uploads\/2023\/08\/logo_EscueladelAgua_mod.1.1_150px.png","width":150,"height":90,"caption":"Escuela del agua"},"image":{"@id":"https:\/\/wapwebedapro01.azurewebsites.net\/#\/schema\/logo\/image\/"}},{"@type":"Person","@id":"https:\/\/wapwebedapro01.azurewebsites.net\/#\/schema\/person\/dd1649223e405b6f9eb82e8f6798f241","name":"adminusr","image":{"@type":"ImageObject","inLanguage":"en-US","@id":"https:\/\/wapwebedapro01.azurewebsites.net\/#\/schema\/person\/image\/","url":"https:\/\/secure.gravatar.com\/avatar\/0faaa87907e163fd330069f117adf408?s=96&d=mm&r=g","contentUrl":"https:\/\/secure.gravatar.com\/avatar\/0faaa87907e163fd330069f117adf408?s=96&d=mm&r=g","caption":"adminusr"},"sameAs":["https:\/\/www.laescueladelagua.com"],"url":"https:\/\/www.laescueladelagua.com\/en\/author\/adminusr\/"}]}},"meta_box":[],"_links":{"self":[{"href":"https:\/\/www.laescueladelagua.com\/en\/wp-json\/wp\/v2\/posts\/1489","targetHints":{"allow":["GET"]}}],"collection":[{"href":"https:\/\/www.laescueladelagua.com\/en\/wp-json\/wp\/v2\/posts"}],"about":[{"href":"https:\/\/www.laescueladelagua.com\/en\/wp-json\/wp\/v2\/types\/post"}],"author":[{"embeddable":true,"href":"https:\/\/www.laescueladelagua.com\/en\/wp-json\/wp\/v2\/users\/1"}],"replies":[{"embeddable":true,"href":"https:\/\/www.laescueladelagua.com\/en\/wp-json\/wp\/v2\/comments?post=1489"}],"version-history":[{"count":2,"href":"https:\/\/www.laescueladelagua.com\/en\/wp-json\/wp\/v2\/posts\/1489\/revisions"}],"predecessor-version":[{"id":1492,"href":"https:\/\/www.laescueladelagua.com\/en\/wp-json\/wp\/v2\/posts\/1489\/revisions\/1492"}],"wp:featuredmedia":[{"embeddable":true,"href":"https:\/\/www.laescueladelagua.com\/en\/wp-json\/wp\/v2\/media\/1490"}],"wp:attachment":[{"href":"https:\/\/www.laescueladelagua.com\/en\/wp-json\/wp\/v2\/media?parent=1489"}],"wp:term":[{"taxonomy":"category","embeddable":true,"href":"https:\/\/www.laescueladelagua.com\/en\/wp-json\/wp\/v2\/categories?post=1489"},{"taxonomy":"post_tag","embeddable":true,"href":"https:\/\/www.laescueladelagua.com\/en\/wp-json\/wp\/v2\/tags?post=1489"}],"curies":[{"name":"wp","href":"https:\/\/api.w.org\/{rel}","templated":true}]}}