{"id":1526,"date":"2022-11-30T11:24:51","date_gmt":"2022-11-30T11:24:51","guid":{"rendered":"https:\/\/www.laescueladelagua.com\/?p=1526"},"modified":"2023-10-16T11:39:56","modified_gmt":"2023-10-16T11:39:56","slug":"jobs-2030-futuro-del-trabajo","status":"publish","type":"post","link":"https:\/\/www.laescueladelagua.com\/en\/jobs-2030-futuro-del-trabajo\/","title":{"rendered":"JOBS 2030. Future of work"},"content":{"rendered":"<div data-elementor-type=\"wp-post\" data-elementor-id=\"1526\" class=\"elementor elementor-1526\" data-elementor-post-type=\"post\">\n\t\t\t\t\t\t<section class=\"elementor-section elementor-top-section elementor-element elementor-element-7bc33fc8 elementor-section-boxed elementor-section-height-default elementor-section-height-default\" data-id=\"7bc33fc8\" data-element_type=\"section\">\n\t\t\t\t\t\t<div class=\"elementor-container elementor-column-gap-default\">\n\t\t\t\t\t<div class=\"elementor-column elementor-col-100 elementor-top-column elementor-element elementor-element-49088977\" data-id=\"49088977\" data-element_type=\"column\">\n\t\t\t<div class=\"elementor-widget-wrap elementor-element-populated\">\n\t\t\t\t\t\t<div class=\"elementor-element elementor-element-53d37df3 elementor-widget elementor-widget-text-editor\" data-id=\"53d37df3\" data-element_type=\"widget\" data-widget_type=\"text-editor.default\">\n\t\t\t\t<div class=\"elementor-widget-container\">\n\t\t\t\t\t\t\t<p>Agbar's Water School recognized at the For\u00e9tica Business Forum for its initiatives for a just and green transition. at the For\u00e9tica Business Forum for its initiatives for a just and green transition.<\/p><p>Last Tuesday 29th, the Green Jobs and Just Transition Business Forum was held as part of our Jobs2030 initiative, which brings together numerous institutions and companies working hand in hand for a more sustainable and ethical future of work.<\/p><p>For\u00e9tica has recognized a total of 28 companies and organizations that have promoted the initiatives selected within the framework of the project, which are included in the document 'Roadmap for a green and just transition'.<\/p><p>Among them is \"10 years promoting an integrated model of professional qualification in the water sector\" in which Escuela del Agua presents its strategy based on three axes: Dual Vocational Training, accreditation of competences, and continuous training.<\/p><p>The Forum was opened by Juan Manuel S\u00e1nchez-Ter\u00e1n, Deputy Director General for the Social Economy and Corporate Social Responsibility of the Ministry of Labor and Social Economy. The opening ceremony was also attended by the Director of Sustainability of ManpowerGroup, Montse Moliner, the Director of Institutional Relations and Sustainability of ONCE Social Group, Fernando Ria\u00f1o, and the Director General of For\u00e9tica, Germ\u00e1n Granda.<\/p><p>Bego\u00f1a Mar\u00eda-Tom\u00e9, Coordinator of the Just Transition Agreements of the Institute for Just Transition of the Ministry for Ecological Transition and the Demographic Challenge, also participated in the event. The international vision was provided by Emanuela Pisano, Project Manager of CSR Europe, who explained the most important global trends at a business level in the field of the Future of Work.<\/p><p>This vision has been complemented by business experiences in green employment and just transition, addressed by Blanca Urtasun, Talent and Global Training at Iberdrola; Borja Vallesp\u00edn, Director of Ecologistic Coordination and Development of Recycling4All at ILUNION; Julia Rodr\u00edguez, Development Director of the Human Age Institute at ManpowerGroup; and \u00c1ngel Bartolom\u00e9, Vice Rector of Students and University Life at San Pablo CEU University.<\/p>\t\t\t\t\t\t<\/div>\n\t\t\t\t<\/div>\n\t\t\t\t\t<\/div>\n\t\t<\/div>\n\t\t\t\t\t<\/div>\n\t\t<\/section>\n\t\t\t\t<\/div>","protected":false},"excerpt":{"rendered":"<p>Agbar's Water School, recognized at the For\u00e9tica Business Forum for its initiatives for a just and green transition. at the For\u00e9tica Business Forum for its initiatives for a just and green transition. Last Tuesday 29th, the Business Forum on green employment and just transition was held within the framework of [...]<\/p>","protected":false},"author":1,"featured_media":1527,"comment_status":"open","ping_status":"open","sticky":false,"template":"","format":"standard","meta":{"footnotes":""},"categories":[64],"tags":[],"class_list":["post-1526","post","type-post","status-publish","format-standard","has-post-thumbnail","hentry","category-alumni"],"yoast_head":"<!-- This site is optimized with the Yoast SEO plugin v24.5 - https:\/\/yoast.com\/wordpress\/plugins\/seo\/ -->\r\n<title>JOBS 2030. Futuro del trabajo - Escuela del agua<\/title>\r\n<meta name=\"robots\" content=\"index, follow, max-snippet:-1, max-image-preview:large, max-video-preview:-1\" \/>\r\n<link rel=\"canonical\" href=\"https:\/\/www.laescueladelagua.com\/en\/jobs-2030-futuro-del-trabajo\/\" \/>\r\n<meta property=\"og:locale\" content=\"en_US\" \/>\r\n<meta property=\"og:type\" content=\"article\" \/>\r\n<meta property=\"og:title\" content=\"JOBS 2030. Futuro del trabajo - Escuela del agua\" \/>\r\n<meta property=\"og:description\" content=\"La Escuela del Agua de Agbar, reconocida en el Foro Empresarial de For\u00e9tica por sus iniciativas para una transici\u00f3n justa y verde. en el Foro Empresarial de For\u00e9tica por sus iniciativas para una transici\u00f3n justa y verde. El pasado Martes 29 se celebr\u00f3 el Foro Empresarial de empleo verde y transici\u00f3n justa en el marco [&hellip;]\" \/>\r\n<meta property=\"og:url\" content=\"https:\/\/www.laescueladelagua.com\/en\/jobs-2030-futuro-del-trabajo\/\" \/>\r\n<meta property=\"og:site_name\" content=\"Escuela del agua\" \/>\r\n<meta property=\"article:published_time\" content=\"2022-11-30T11:24:51+00:00\" \/>\r\n<meta property=\"article:modified_time\" content=\"2023-10-16T11:39:56+00:00\" \/>\r\n<meta property=\"og:image\" content=\"https:\/\/www.laescueladelagua.com\/wp-content\/uploads\/2023\/07\/article-33-e1698069912868.jpeg\" \/>\r\n\t<meta property=\"og:image:width\" content=\"800\" \/>\r\n\t<meta property=\"og:image:height\" content=\"215\" \/>\r\n\t<meta property=\"og:image:type\" content=\"image\/jpeg\" \/>\r\n<meta name=\"author\" content=\"adminusr\" \/>\r\n<meta name=\"twitter:card\" content=\"summary_large_image\" \/>\r\n<meta name=\"twitter:label1\" content=\"Written by\" \/>\n\t<meta name=\"twitter:data1\" content=\"adminusr\" \/>\n\t<meta name=\"twitter:label2\" content=\"Est. reading time\" \/>\n\t<meta name=\"twitter:data2\" content=\"2 minutes\" \/>\r\n<script type=\"application\/ld+json\" class=\"yoast-schema-graph\">{\"@context\":\"https:\/\/schema.org\",\"@graph\":[{\"@type\":\"Article\",\"@id\":\"https:\/\/www.laescueladelagua.com\/ca\/jobs-2030-futuro-del-trabajo\/#article\",\"isPartOf\":{\"@id\":\"https:\/\/www.laescueladelagua.com\/ca\/jobs-2030-futuro-del-trabajo\/\"},\"author\":{\"name\":\"adminusr\",\"@id\":\"https:\/\/wapwebedapro01.azurewebsites.net\/#\/schema\/person\/dd1649223e405b6f9eb82e8f6798f241\"},\"headline\":\"JOBS 2030. Futuro del trabajo\",\"datePublished\":\"2022-11-30T11:24:51+00:00\",\"dateModified\":\"2023-10-16T11:39:56+00:00\",\"mainEntityOfPage\":{\"@id\":\"https:\/\/www.laescueladelagua.com\/ca\/jobs-2030-futuro-del-trabajo\/\"},\"wordCount\":396,\"commentCount\":0,\"publisher\":{\"@id\":\"https:\/\/wapwebedapro01.azurewebsites.net\/#organization\"},\"image\":{\"@id\":\"https:\/\/www.laescueladelagua.com\/ca\/jobs-2030-futuro-del-trabajo\/#primaryimage\"},\"thumbnailUrl\":\"\/wp-content\/uploads\/2023\/07\/article-33-e1698069912868.jpeg\",\"articleSection\":[\"Alumni\"],\"inLanguage\":\"en-US\",\"potentialAction\":[{\"@type\":\"CommentAction\",\"name\":\"Comment\",\"target\":[\"https:\/\/www.laescueladelagua.com\/ca\/jobs-2030-futuro-del-trabajo\/#respond\"]}]},{\"@type\":\"WebPage\",\"@id\":\"https:\/\/www.laescueladelagua.com\/ca\/jobs-2030-futuro-del-trabajo\/\",\"url\":\"https:\/\/www.laescueladelagua.com\/ca\/jobs-2030-futuro-del-trabajo\/\",\"name\":\"JOBS 2030. Futuro del trabajo - Escuela del agua\",\"isPartOf\":{\"@id\":\"https:\/\/wapwebedapro01.azurewebsites.net\/#website\"},\"primaryImageOfPage\":{\"@id\":\"https:\/\/www.laescueladelagua.com\/ca\/jobs-2030-futuro-del-trabajo\/#primaryimage\"},\"image\":{\"@id\":\"https:\/\/www.laescueladelagua.com\/ca\/jobs-2030-futuro-del-trabajo\/#primaryimage\"},\"thumbnailUrl\":\"\/wp-content\/uploads\/2023\/07\/article-33-e1698069912868.jpeg\",\"datePublished\":\"2022-11-30T11:24:51+00:00\",\"dateModified\":\"2023-10-16T11:39:56+00:00\",\"breadcrumb\":{\"@id\":\"https:\/\/www.laescueladelagua.com\/ca\/jobs-2030-futuro-del-trabajo\/#breadcrumb\"},\"inLanguage\":\"en-US\",\"potentialAction\":[{\"@type\":\"ReadAction\",\"target\":[\"https:\/\/www.laescueladelagua.com\/ca\/jobs-2030-futuro-del-trabajo\/\"]}]},{\"@type\":\"ImageObject\",\"inLanguage\":\"en-US\",\"@id\":\"https:\/\/www.laescueladelagua.com\/ca\/jobs-2030-futuro-del-trabajo\/#primaryimage\",\"url\":\"\/wp-content\/uploads\/2023\/07\/article-33-e1698069912868.jpeg\",\"contentUrl\":\"\/wp-content\/uploads\/2023\/07\/article-33-e1698069912868.jpeg\",\"width\":800,\"height\":215},{\"@type\":\"BreadcrumbList\",\"@id\":\"https:\/\/www.laescueladelagua.com\/ca\/jobs-2030-futuro-del-trabajo\/#breadcrumb\",\"itemListElement\":[{\"@type\":\"ListItem\",\"position\":1,\"name\":\"Home\",\"item\":\"https:\/\/wapwebedapro01.azurewebsites.net\/\"},{\"@type\":\"ListItem\",\"position\":2,\"name\":\"JOBS 2030. Futuro del trabajo\"}]},{\"@type\":\"WebSite\",\"@id\":\"https:\/\/wapwebedapro01.azurewebsites.net\/#website\",\"url\":\"https:\/\/wapwebedapro01.azurewebsites.net\/\",\"name\":\"Escuela del agua\",\"description\":\"\",\"publisher\":{\"@id\":\"https:\/\/wapwebedapro01.azurewebsites.net\/#organization\"},\"potentialAction\":[{\"@type\":\"SearchAction\",\"target\":{\"@type\":\"EntryPoint\",\"urlTemplate\":\"https:\/\/wapwebedapro01.azurewebsites.net\/?s={search_term_string}\"},\"query-input\":{\"@type\":\"PropertyValueSpecification\",\"valueRequired\":true,\"valueName\":\"search_term_string\"}}],\"inLanguage\":\"en-US\"},{\"@type\":\"Organization\",\"@id\":\"https:\/\/wapwebedapro01.azurewebsites.net\/#organization\",\"name\":\"Escuela del agua\",\"url\":\"https:\/\/wapwebedapro01.azurewebsites.net\/\",\"logo\":{\"@type\":\"ImageObject\",\"inLanguage\":\"en-US\",\"@id\":\"https:\/\/wapwebedapro01.azurewebsites.net\/#\/schema\/logo\/image\/\",\"url\":\"\/wp-content\/uploads\/2023\/08\/logo_EscueladelAgua_mod.1.1_150px.png\",\"contentUrl\":\"\/wp-content\/uploads\/2023\/08\/logo_EscueladelAgua_mod.1.1_150px.png\",\"width\":150,\"height\":90,\"caption\":\"Escuela del agua\"},\"image\":{\"@id\":\"https:\/\/wapwebedapro01.azurewebsites.net\/#\/schema\/logo\/image\/\"}},{\"@type\":\"Person\",\"@id\":\"https:\/\/wapwebedapro01.azurewebsites.net\/#\/schema\/person\/dd1649223e405b6f9eb82e8f6798f241\",\"name\":\"adminusr\",\"image\":{\"@type\":\"ImageObject\",\"inLanguage\":\"en-US\",\"@id\":\"https:\/\/wapwebedapro01.azurewebsites.net\/#\/schema\/person\/image\/\",\"url\":\"https:\/\/secure.gravatar.com\/avatar\/0faaa87907e163fd330069f117adf408?s=96&d=mm&r=g\",\"contentUrl\":\"https:\/\/secure.gravatar.com\/avatar\/0faaa87907e163fd330069f117adf408?s=96&d=mm&r=g\",\"caption\":\"adminusr\"},\"sameAs\":[\"https:\/\/www.laescueladelagua.com\"],\"url\":\"https:\/\/www.laescueladelagua.com\/en\/author\/adminusr\/\"}]}<\/script>\r\n<!-- \/ Yoast SEO plugin. -->","yoast_head_json":{"title":"JOBS 2030. Futuro del trabajo - Escuela del agua","robots":{"index":"index","follow":"follow","max-snippet":"max-snippet:-1","max-image-preview":"max-image-preview:large","max-video-preview":"max-video-preview:-1"},"canonical":"https:\/\/www.laescueladelagua.com\/en\/jobs-2030-futuro-del-trabajo\/","og_locale":"en_US","og_type":"article","og_title":"JOBS 2030. Futuro del trabajo - Escuela del agua","og_description":"La Escuela del Agua de Agbar, reconocida en el Foro Empresarial de For\u00e9tica por sus iniciativas para una transici\u00f3n justa y verde. en el Foro Empresarial de For\u00e9tica por sus iniciativas para una transici\u00f3n justa y verde. El pasado Martes 29 se celebr\u00f3 el Foro Empresarial de empleo verde y transici\u00f3n justa en el marco [&hellip;]","og_url":"https:\/\/www.laescueladelagua.com\/en\/jobs-2030-futuro-del-trabajo\/","og_site_name":"Escuela del agua","article_published_time":"2022-11-30T11:24:51+00:00","article_modified_time":"2023-10-16T11:39:56+00:00","og_image":[{"width":800,"height":215,"url":"https:\/\/www.laescueladelagua.com\/wp-content\/uploads\/2023\/07\/article-33-e1698069912868.jpeg","type":"image\/jpeg"}],"author":"adminusr","twitter_card":"summary_large_image","twitter_misc":{"Written by":"adminusr","Est. reading time":"2 minutes"},"schema":{"@context":"https:\/\/schema.org","@graph":[{"@type":"Article","@id":"https:\/\/www.laescueladelagua.com\/ca\/jobs-2030-futuro-del-trabajo\/#article","isPartOf":{"@id":"https:\/\/www.laescueladelagua.com\/ca\/jobs-2030-futuro-del-trabajo\/"},"author":{"name":"adminusr","@id":"https:\/\/wapwebedapro01.azurewebsites.net\/#\/schema\/person\/dd1649223e405b6f9eb82e8f6798f241"},"headline":"JOBS 2030. Futuro del trabajo","datePublished":"2022-11-30T11:24:51+00:00","dateModified":"2023-10-16T11:39:56+00:00","mainEntityOfPage":{"@id":"https:\/\/www.laescueladelagua.com\/ca\/jobs-2030-futuro-del-trabajo\/"},"wordCount":396,"commentCount":0,"publisher":{"@id":"https:\/\/wapwebedapro01.azurewebsites.net\/#organization"},"image":{"@id":"https:\/\/www.laescueladelagua.com\/ca\/jobs-2030-futuro-del-trabajo\/#primaryimage"},"thumbnailUrl":"\/wp-content\/uploads\/2023\/07\/article-33-e1698069912868.jpeg","articleSection":["Alumni"],"inLanguage":"en-US","potentialAction":[{"@type":"CommentAction","name":"Comment","target":["https:\/\/www.laescueladelagua.com\/ca\/jobs-2030-futuro-del-trabajo\/#respond"]}]},{"@type":"WebPage","@id":"https:\/\/www.laescueladelagua.com\/ca\/jobs-2030-futuro-del-trabajo\/","url":"https:\/\/www.laescueladelagua.com\/ca\/jobs-2030-futuro-del-trabajo\/","name":"JOBS 2030. Futuro del trabajo - Escuela del agua","isPartOf":{"@id":"https:\/\/wapwebedapro01.azurewebsites.net\/#website"},"primaryImageOfPage":{"@id":"https:\/\/www.laescueladelagua.com\/ca\/jobs-2030-futuro-del-trabajo\/#primaryimage"},"image":{"@id":"https:\/\/www.laescueladelagua.com\/ca\/jobs-2030-futuro-del-trabajo\/#primaryimage"},"thumbnailUrl":"\/wp-content\/uploads\/2023\/07\/article-33-e1698069912868.jpeg","datePublished":"2022-11-30T11:24:51+00:00","dateModified":"2023-10-16T11:39:56+00:00","breadcrumb":{"@id":"https:\/\/www.laescueladelagua.com\/ca\/jobs-2030-futuro-del-trabajo\/#breadcrumb"},"inLanguage":"en-US","potentialAction":[{"@type":"ReadAction","target":["https:\/\/www.laescueladelagua.com\/ca\/jobs-2030-futuro-del-trabajo\/"]}]},{"@type":"ImageObject","inLanguage":"en-US","@id":"https:\/\/www.laescueladelagua.com\/ca\/jobs-2030-futuro-del-trabajo\/#primaryimage","url":"\/wp-content\/uploads\/2023\/07\/article-33-e1698069912868.jpeg","contentUrl":"\/wp-content\/uploads\/2023\/07\/article-33-e1698069912868.jpeg","width":800,"height":215},{"@type":"BreadcrumbList","@id":"https:\/\/www.laescueladelagua.com\/ca\/jobs-2030-futuro-del-trabajo\/#breadcrumb","itemListElement":[{"@type":"ListItem","position":1,"name":"Home","item":"https:\/\/wapwebedapro01.azurewebsites.net\/"},{"@type":"ListItem","position":2,"name":"JOBS 2030. Futuro del trabajo"}]},{"@type":"WebSite","@id":"https:\/\/wapwebedapro01.azurewebsites.net\/#website","url":"https:\/\/wapwebedapro01.azurewebsites.net\/","name":"Escuela del agua","description":"","publisher":{"@id":"https:\/\/wapwebedapro01.azurewebsites.net\/#organization"},"potentialAction":[{"@type":"SearchAction","target":{"@type":"EntryPoint","urlTemplate":"https:\/\/wapwebedapro01.azurewebsites.net\/?s={search_term_string}"},"query-input":{"@type":"PropertyValueSpecification","valueRequired":true,"valueName":"search_term_string"}}],"inLanguage":"en-US"},{"@type":"Organization","@id":"https:\/\/wapwebedapro01.azurewebsites.net\/#organization","name":"Escuela del agua","url":"https:\/\/wapwebedapro01.azurewebsites.net\/","logo":{"@type":"ImageObject","inLanguage":"en-US","@id":"https:\/\/wapwebedapro01.azurewebsites.net\/#\/schema\/logo\/image\/","url":"\/wp-content\/uploads\/2023\/08\/logo_EscueladelAgua_mod.1.1_150px.png","contentUrl":"\/wp-content\/uploads\/2023\/08\/logo_EscueladelAgua_mod.1.1_150px.png","width":150,"height":90,"caption":"Escuela del agua"},"image":{"@id":"https:\/\/wapwebedapro01.azurewebsites.net\/#\/schema\/logo\/image\/"}},{"@type":"Person","@id":"https:\/\/wapwebedapro01.azurewebsites.net\/#\/schema\/person\/dd1649223e405b6f9eb82e8f6798f241","name":"adminusr","image":{"@type":"ImageObject","inLanguage":"en-US","@id":"https:\/\/wapwebedapro01.azurewebsites.net\/#\/schema\/person\/image\/","url":"https:\/\/secure.gravatar.com\/avatar\/0faaa87907e163fd330069f117adf408?s=96&d=mm&r=g","contentUrl":"https:\/\/secure.gravatar.com\/avatar\/0faaa87907e163fd330069f117adf408?s=96&d=mm&r=g","caption":"adminusr"},"sameAs":["https:\/\/www.laescueladelagua.com"],"url":"https:\/\/www.laescueladelagua.com\/en\/author\/adminusr\/"}]}},"meta_box":[],"_links":{"self":[{"href":"https:\/\/www.laescueladelagua.com\/en\/wp-json\/wp\/v2\/posts\/1526","targetHints":{"allow":["GET"]}}],"collection":[{"href":"https:\/\/www.laescueladelagua.com\/en\/wp-json\/wp\/v2\/posts"}],"about":[{"href":"https:\/\/www.laescueladelagua.com\/en\/wp-json\/wp\/v2\/types\/post"}],"author":[{"embeddable":true,"href":"https:\/\/www.laescueladelagua.com\/en\/wp-json\/wp\/v2\/users\/1"}],"replies":[{"embeddable":true,"href":"https:\/\/www.laescueladelagua.com\/en\/wp-json\/wp\/v2\/comments?post=1526"}],"version-history":[{"count":17,"href":"https:\/\/www.laescueladelagua.com\/en\/wp-json\/wp\/v2\/posts\/1526\/revisions"}],"predecessor-version":[{"id":2274,"href":"https:\/\/www.laescueladelagua.com\/en\/wp-json\/wp\/v2\/posts\/1526\/revisions\/2274"}],"wp:featuredmedia":[{"embeddable":true,"href":"https:\/\/www.laescueladelagua.com\/en\/wp-json\/wp\/v2\/media\/1527"}],"wp:attachment":[{"href":"https:\/\/www.laescueladelagua.com\/en\/wp-json\/wp\/v2\/media?parent=1526"}],"wp:term":[{"taxonomy":"category","embeddable":true,"href":"https:\/\/www.laescueladelagua.com\/en\/wp-json\/wp\/v2\/categories?post=1526"},{"taxonomy":"post_tag","embeddable":true,"href":"https:\/\/www.laescueladelagua.com\/en\/wp-json\/wp\/v2\/tags?post=1526"}],"curies":[{"name":"wp","href":"https:\/\/api.w.org\/{rel}","templated":true}]}}