{"id":1552,"date":"2023-03-05T11:46:32","date_gmt":"2023-03-05T11:46:32","guid":{"rendered":"https:\/\/www.laescueladelagua.com\/?p=1552"},"modified":"2023-07-13T11:47:33","modified_gmt":"2023-07-13T11:47:33","slug":"el-agua-del-futuro-en-formaocupa","status":"publish","type":"post","link":"https:\/\/www.laescueladelagua.com\/en\/el-agua-del-futuro-en-formaocupa\/","title":{"rendered":"The Water of the Future at FormaOcupa"},"content":{"rendered":"<p>With the knowledge of the incorporation of the Middle Level Vocational Training Cycle of Networks and Water Treatment Stations by the Alfons Costafreda Institute of T\u00e1rraga, both companies, organizations and public administrations, all of them received it with good vibrations due to the needs that the province has of professional profiles in this sector. The Institute incorporates within its offer, the professional training of water, with dual mode, half of the training is spent in companies, with a full knowledge of what is done in the sector and the other half in the classroom acquiring the necessary knowledge to understand its management.<\/p>\n<p>The incorporation of new profiles of distribution or water treatment, laboratories, swimming pools, manufacturers of water materials, experts in irrigation and in the fruit and vegetable sector, there are endless job opportunities that exist and companies linked to water. There are also many possible professional opportunities that can be obtained at the end of the cycle, assemblers and maintainers of water networks, installers and maintainers of irrigation and fire-fighting systems, installers of water installations in buildings, sewage networks, plant operators and maintenance in water collection plants or water purification plants. They will be the future managers and managers of water management teams.<\/p>\n<p>On February 23rd took place in Lleida, within the FormaOcupa Exhibition, a round table entitled \"The Water of the future\", a bet by the Alfons Costafreda Institute of T\u00e0rrega where the cycle takes place. Mr. Francesc Alvia, professor of the Institute, Mr. Lluc Pej\u00f3, Director of talent of Agbar and director of the Water School together with Jon P\u00e9rez, student of the cycle and worker of Agbar, Mr. Miquel Sacrest, General Director of the canal segarra garrigues and Mr. Xavier Diaz Vendrell, director of the community of regants of the Canal D'Urgell, participated in the presentation.<\/p>","protected":false},"excerpt":{"rendered":"<p>With the knowledge of the incorporation of the Middle Level Vocational Training Cycle of Networks and Water Treatment Stations by the Alfons Costafreda Institute of T\u00e1rraga, both companies, organizations and public administrations, all of them received it with good vibes because of the needs that the province has of professional profiles of such [...]<\/p>","protected":false},"author":1,"featured_media":1553,"comment_status":"open","ping_status":"open","sticky":false,"template":"","format":"standard","meta":{"footnotes":""},"categories":[28],"tags":[],"class_list":["post-1552","post","type-post","status-publish","format-standard","has-post-thumbnail","hentry","category-fp-dual"],"yoast_head":"<!-- This site is optimized with the Yoast SEO plugin v24.5 - https:\/\/yoast.com\/wordpress\/plugins\/seo\/ -->\r\n<title>El Agua del futuro en FormaOcupa - Escuela del agua<\/title>\r\n<meta name=\"robots\" content=\"index, follow, max-snippet:-1, max-image-preview:large, max-video-preview:-1\" \/>\r\n<link rel=\"canonical\" href=\"https:\/\/www.laescueladelagua.com\/en\/el-agua-del-futuro-en-formaocupa\/\" \/>\r\n<meta property=\"og:locale\" content=\"en_US\" \/>\r\n<meta property=\"og:type\" content=\"article\" \/>\r\n<meta property=\"og:title\" content=\"El Agua del futuro en FormaOcupa - Escuela del agua\" \/>\r\n<meta property=\"og:description\" content=\"Con el conocimiento de la incorporaci\u00f3n del Ciclo de Formaci\u00f3n Profesional de Grado Medio de Redes y Estaciones de tratamiento de agua por parte del Instituto Alfons Costafreda de T\u00e1rraga, tanto empresas, organismos y administraciones p\u00fablicas, todos ellos lo recibieron con buenas vibraciones por las necesidades que tiene la provincia de perfiles profesionales de dicho [&hellip;]\" \/>\r\n<meta property=\"og:url\" content=\"https:\/\/www.laescueladelagua.com\/en\/el-agua-del-futuro-en-formaocupa\/\" \/>\r\n<meta property=\"og:site_name\" content=\"Escuela del agua\" \/>\r\n<meta property=\"article:published_time\" content=\"2023-03-05T11:46:32+00:00\" \/>\r\n<meta property=\"article:modified_time\" content=\"2023-07-13T11:47:33+00:00\" \/>\r\n<meta property=\"og:image\" content=\"https:\/\/www.laescueladelagua.com\/wp-content\/uploads\/2023\/07\/article-39-e1698070278255.jpeg\" \/>\r\n\t<meta property=\"og:image:width\" content=\"800\" \/>\r\n\t<meta property=\"og:image:height\" content=\"281\" \/>\r\n\t<meta property=\"og:image:type\" content=\"image\/jpeg\" \/>\r\n<meta name=\"author\" content=\"adminusr\" \/>\r\n<meta name=\"twitter:card\" content=\"summary_large_image\" \/>\r\n<meta name=\"twitter:label1\" content=\"Written by\" \/>\n\t<meta name=\"twitter:data1\" content=\"adminusr\" \/>\n\t<meta name=\"twitter:label2\" content=\"Est. reading time\" \/>\n\t<meta name=\"twitter:data2\" content=\"2 minutes\" \/>\r\n<script type=\"application\/ld+json\" class=\"yoast-schema-graph\">{\"@context\":\"https:\/\/schema.org\",\"@graph\":[{\"@type\":\"Article\",\"@id\":\"https:\/\/www.laescueladelagua.com\/el-agua-del-futuro-en-formaocupa\/#article\",\"isPartOf\":{\"@id\":\"https:\/\/www.laescueladelagua.com\/el-agua-del-futuro-en-formaocupa\/\"},\"author\":{\"name\":\"adminusr\",\"@id\":\"https:\/\/wapwebedapro01.azurewebsites.net\/#\/schema\/person\/dd1649223e405b6f9eb82e8f6798f241\"},\"headline\":\"El Agua del futuro en FormaOcupa\",\"datePublished\":\"2023-03-05T11:46:32+00:00\",\"dateModified\":\"2023-07-13T11:47:33+00:00\",\"mainEntityOfPage\":{\"@id\":\"https:\/\/www.laescueladelagua.com\/el-agua-del-futuro-en-formaocupa\/\"},\"wordCount\":351,\"commentCount\":0,\"publisher\":{\"@id\":\"https:\/\/wapwebedapro01.azurewebsites.net\/#organization\"},\"image\":{\"@id\":\"https:\/\/www.laescueladelagua.com\/el-agua-del-futuro-en-formaocupa\/#primaryimage\"},\"thumbnailUrl\":\"\/wp-content\/uploads\/2023\/07\/article-39-e1698070278255.jpeg\",\"articleSection\":[\"FP Dual\"],\"inLanguage\":\"en-US\",\"potentialAction\":[{\"@type\":\"CommentAction\",\"name\":\"Comment\",\"target\":[\"https:\/\/www.laescueladelagua.com\/el-agua-del-futuro-en-formaocupa\/#respond\"]}]},{\"@type\":\"WebPage\",\"@id\":\"https:\/\/www.laescueladelagua.com\/el-agua-del-futuro-en-formaocupa\/\",\"url\":\"https:\/\/www.laescueladelagua.com\/el-agua-del-futuro-en-formaocupa\/\",\"name\":\"El Agua del futuro en FormaOcupa - Escuela del agua\",\"isPartOf\":{\"@id\":\"https:\/\/wapwebedapro01.azurewebsites.net\/#website\"},\"primaryImageOfPage\":{\"@id\":\"https:\/\/www.laescueladelagua.com\/el-agua-del-futuro-en-formaocupa\/#primaryimage\"},\"image\":{\"@id\":\"https:\/\/www.laescueladelagua.com\/el-agua-del-futuro-en-formaocupa\/#primaryimage\"},\"thumbnailUrl\":\"\/wp-content\/uploads\/2023\/07\/article-39-e1698070278255.jpeg\",\"datePublished\":\"2023-03-05T11:46:32+00:00\",\"dateModified\":\"2023-07-13T11:47:33+00:00\",\"breadcrumb\":{\"@id\":\"https:\/\/www.laescueladelagua.com\/el-agua-del-futuro-en-formaocupa\/#breadcrumb\"},\"inLanguage\":\"en-US\",\"potentialAction\":[{\"@type\":\"ReadAction\",\"target\":[\"https:\/\/www.laescueladelagua.com\/el-agua-del-futuro-en-formaocupa\/\"]}]},{\"@type\":\"ImageObject\",\"inLanguage\":\"en-US\",\"@id\":\"https:\/\/www.laescueladelagua.com\/el-agua-del-futuro-en-formaocupa\/#primaryimage\",\"url\":\"\/wp-content\/uploads\/2023\/07\/article-39-e1698070278255.jpeg\",\"contentUrl\":\"\/wp-content\/uploads\/2023\/07\/article-39-e1698070278255.jpeg\",\"width\":800,\"height\":281},{\"@type\":\"BreadcrumbList\",\"@id\":\"https:\/\/www.laescueladelagua.com\/el-agua-del-futuro-en-formaocupa\/#breadcrumb\",\"itemListElement\":[{\"@type\":\"ListItem\",\"position\":1,\"name\":\"Home\",\"item\":\"https:\/\/wapwebedapro01.azurewebsites.net\/\"},{\"@type\":\"ListItem\",\"position\":2,\"name\":\"El Agua del futuro en FormaOcupa\"}]},{\"@type\":\"WebSite\",\"@id\":\"https:\/\/wapwebedapro01.azurewebsites.net\/#website\",\"url\":\"https:\/\/wapwebedapro01.azurewebsites.net\/\",\"name\":\"Escuela del agua\",\"description\":\"\",\"publisher\":{\"@id\":\"https:\/\/wapwebedapro01.azurewebsites.net\/#organization\"},\"potentialAction\":[{\"@type\":\"SearchAction\",\"target\":{\"@type\":\"EntryPoint\",\"urlTemplate\":\"https:\/\/wapwebedapro01.azurewebsites.net\/?s={search_term_string}\"},\"query-input\":{\"@type\":\"PropertyValueSpecification\",\"valueRequired\":true,\"valueName\":\"search_term_string\"}}],\"inLanguage\":\"en-US\"},{\"@type\":\"Organization\",\"@id\":\"https:\/\/wapwebedapro01.azurewebsites.net\/#organization\",\"name\":\"Escuela del agua\",\"url\":\"https:\/\/wapwebedapro01.azurewebsites.net\/\",\"logo\":{\"@type\":\"ImageObject\",\"inLanguage\":\"en-US\",\"@id\":\"https:\/\/wapwebedapro01.azurewebsites.net\/#\/schema\/logo\/image\/\",\"url\":\"\/wp-content\/uploads\/2023\/08\/logo_EscueladelAgua_mod.1.1_150px.png\",\"contentUrl\":\"\/wp-content\/uploads\/2023\/08\/logo_EscueladelAgua_mod.1.1_150px.png\",\"width\":150,\"height\":90,\"caption\":\"Escuela del agua\"},\"image\":{\"@id\":\"https:\/\/wapwebedapro01.azurewebsites.net\/#\/schema\/logo\/image\/\"}},{\"@type\":\"Person\",\"@id\":\"https:\/\/wapwebedapro01.azurewebsites.net\/#\/schema\/person\/dd1649223e405b6f9eb82e8f6798f241\",\"name\":\"adminusr\",\"image\":{\"@type\":\"ImageObject\",\"inLanguage\":\"en-US\",\"@id\":\"https:\/\/wapwebedapro01.azurewebsites.net\/#\/schema\/person\/image\/\",\"url\":\"https:\/\/secure.gravatar.com\/avatar\/0faaa87907e163fd330069f117adf408?s=96&d=mm&r=g\",\"contentUrl\":\"https:\/\/secure.gravatar.com\/avatar\/0faaa87907e163fd330069f117adf408?s=96&d=mm&r=g\",\"caption\":\"adminusr\"},\"sameAs\":[\"https:\/\/www.laescueladelagua.com\"],\"url\":\"https:\/\/www.laescueladelagua.com\/en\/author\/adminusr\/\"}]}<\/script>\r\n<!-- \/ Yoast SEO plugin. -->","yoast_head_json":{"title":"El Agua del futuro en FormaOcupa - Escuela del agua","robots":{"index":"index","follow":"follow","max-snippet":"max-snippet:-1","max-image-preview":"max-image-preview:large","max-video-preview":"max-video-preview:-1"},"canonical":"https:\/\/www.laescueladelagua.com\/en\/el-agua-del-futuro-en-formaocupa\/","og_locale":"en_US","og_type":"article","og_title":"El Agua del futuro en FormaOcupa - Escuela del agua","og_description":"Con el conocimiento de la incorporaci\u00f3n del Ciclo de Formaci\u00f3n Profesional de Grado Medio de Redes y Estaciones de tratamiento de agua por parte del Instituto Alfons Costafreda de T\u00e1rraga, tanto empresas, organismos y administraciones p\u00fablicas, todos ellos lo recibieron con buenas vibraciones por las necesidades que tiene la provincia de perfiles profesionales de dicho [&hellip;]","og_url":"https:\/\/www.laescueladelagua.com\/en\/el-agua-del-futuro-en-formaocupa\/","og_site_name":"Escuela del agua","article_published_time":"2023-03-05T11:46:32+00:00","article_modified_time":"2023-07-13T11:47:33+00:00","og_image":[{"width":800,"height":281,"url":"https:\/\/www.laescueladelagua.com\/wp-content\/uploads\/2023\/07\/article-39-e1698070278255.jpeg","type":"image\/jpeg"}],"author":"adminusr","twitter_card":"summary_large_image","twitter_misc":{"Written by":"adminusr","Est. reading time":"2 minutes"},"schema":{"@context":"https:\/\/schema.org","@graph":[{"@type":"Article","@id":"https:\/\/www.laescueladelagua.com\/el-agua-del-futuro-en-formaocupa\/#article","isPartOf":{"@id":"https:\/\/www.laescueladelagua.com\/el-agua-del-futuro-en-formaocupa\/"},"author":{"name":"adminusr","@id":"https:\/\/wapwebedapro01.azurewebsites.net\/#\/schema\/person\/dd1649223e405b6f9eb82e8f6798f241"},"headline":"El Agua del futuro en FormaOcupa","datePublished":"2023-03-05T11:46:32+00:00","dateModified":"2023-07-13T11:47:33+00:00","mainEntityOfPage":{"@id":"https:\/\/www.laescueladelagua.com\/el-agua-del-futuro-en-formaocupa\/"},"wordCount":351,"commentCount":0,"publisher":{"@id":"https:\/\/wapwebedapro01.azurewebsites.net\/#organization"},"image":{"@id":"https:\/\/www.laescueladelagua.com\/el-agua-del-futuro-en-formaocupa\/#primaryimage"},"thumbnailUrl":"\/wp-content\/uploads\/2023\/07\/article-39-e1698070278255.jpeg","articleSection":["FP Dual"],"inLanguage":"en-US","potentialAction":[{"@type":"CommentAction","name":"Comment","target":["https:\/\/www.laescueladelagua.com\/el-agua-del-futuro-en-formaocupa\/#respond"]}]},{"@type":"WebPage","@id":"https:\/\/www.laescueladelagua.com\/el-agua-del-futuro-en-formaocupa\/","url":"https:\/\/www.laescueladelagua.com\/el-agua-del-futuro-en-formaocupa\/","name":"El Agua del futuro en FormaOcupa - Escuela del agua","isPartOf":{"@id":"https:\/\/wapwebedapro01.azurewebsites.net\/#website"},"primaryImageOfPage":{"@id":"https:\/\/www.laescueladelagua.com\/el-agua-del-futuro-en-formaocupa\/#primaryimage"},"image":{"@id":"https:\/\/www.laescueladelagua.com\/el-agua-del-futuro-en-formaocupa\/#primaryimage"},"thumbnailUrl":"\/wp-content\/uploads\/2023\/07\/article-39-e1698070278255.jpeg","datePublished":"2023-03-05T11:46:32+00:00","dateModified":"2023-07-13T11:47:33+00:00","breadcrumb":{"@id":"https:\/\/www.laescueladelagua.com\/el-agua-del-futuro-en-formaocupa\/#breadcrumb"},"inLanguage":"en-US","potentialAction":[{"@type":"ReadAction","target":["https:\/\/www.laescueladelagua.com\/el-agua-del-futuro-en-formaocupa\/"]}]},{"@type":"ImageObject","inLanguage":"en-US","@id":"https:\/\/www.laescueladelagua.com\/el-agua-del-futuro-en-formaocupa\/#primaryimage","url":"\/wp-content\/uploads\/2023\/07\/article-39-e1698070278255.jpeg","contentUrl":"\/wp-content\/uploads\/2023\/07\/article-39-e1698070278255.jpeg","width":800,"height":281},{"@type":"BreadcrumbList","@id":"https:\/\/www.laescueladelagua.com\/el-agua-del-futuro-en-formaocupa\/#breadcrumb","itemListElement":[{"@type":"ListItem","position":1,"name":"Home","item":"https:\/\/wapwebedapro01.azurewebsites.net\/"},{"@type":"ListItem","position":2,"name":"El Agua del futuro en FormaOcupa"}]},{"@type":"WebSite","@id":"https:\/\/wapwebedapro01.azurewebsites.net\/#website","url":"https:\/\/wapwebedapro01.azurewebsites.net\/","name":"Escuela del agua","description":"","publisher":{"@id":"https:\/\/wapwebedapro01.azurewebsites.net\/#organization"},"potentialAction":[{"@type":"SearchAction","target":{"@type":"EntryPoint","urlTemplate":"https:\/\/wapwebedapro01.azurewebsites.net\/?s={search_term_string}"},"query-input":{"@type":"PropertyValueSpecification","valueRequired":true,"valueName":"search_term_string"}}],"inLanguage":"en-US"},{"@type":"Organization","@id":"https:\/\/wapwebedapro01.azurewebsites.net\/#organization","name":"Escuela del agua","url":"https:\/\/wapwebedapro01.azurewebsites.net\/","logo":{"@type":"ImageObject","inLanguage":"en-US","@id":"https:\/\/wapwebedapro01.azurewebsites.net\/#\/schema\/logo\/image\/","url":"\/wp-content\/uploads\/2023\/08\/logo_EscueladelAgua_mod.1.1_150px.png","contentUrl":"\/wp-content\/uploads\/2023\/08\/logo_EscueladelAgua_mod.1.1_150px.png","width":150,"height":90,"caption":"Escuela del agua"},"image":{"@id":"https:\/\/wapwebedapro01.azurewebsites.net\/#\/schema\/logo\/image\/"}},{"@type":"Person","@id":"https:\/\/wapwebedapro01.azurewebsites.net\/#\/schema\/person\/dd1649223e405b6f9eb82e8f6798f241","name":"adminusr","image":{"@type":"ImageObject","inLanguage":"en-US","@id":"https:\/\/wapwebedapro01.azurewebsites.net\/#\/schema\/person\/image\/","url":"https:\/\/secure.gravatar.com\/avatar\/0faaa87907e163fd330069f117adf408?s=96&d=mm&r=g","contentUrl":"https:\/\/secure.gravatar.com\/avatar\/0faaa87907e163fd330069f117adf408?s=96&d=mm&r=g","caption":"adminusr"},"sameAs":["https:\/\/www.laescueladelagua.com"],"url":"https:\/\/www.laescueladelagua.com\/en\/author\/adminusr\/"}]}},"meta_box":[],"_links":{"self":[{"href":"https:\/\/www.laescueladelagua.com\/en\/wp-json\/wp\/v2\/posts\/1552","targetHints":{"allow":["GET"]}}],"collection":[{"href":"https:\/\/www.laescueladelagua.com\/en\/wp-json\/wp\/v2\/posts"}],"about":[{"href":"https:\/\/www.laescueladelagua.com\/en\/wp-json\/wp\/v2\/types\/post"}],"author":[{"embeddable":true,"href":"https:\/\/www.laescueladelagua.com\/en\/wp-json\/wp\/v2\/users\/1"}],"replies":[{"embeddable":true,"href":"https:\/\/www.laescueladelagua.com\/en\/wp-json\/wp\/v2\/comments?post=1552"}],"version-history":[{"count":2,"href":"https:\/\/www.laescueladelagua.com\/en\/wp-json\/wp\/v2\/posts\/1552\/revisions"}],"predecessor-version":[{"id":1555,"href":"https:\/\/www.laescueladelagua.com\/en\/wp-json\/wp\/v2\/posts\/1552\/revisions\/1555"}],"wp:featuredmedia":[{"embeddable":true,"href":"https:\/\/www.laescueladelagua.com\/en\/wp-json\/wp\/v2\/media\/1553"}],"wp:attachment":[{"href":"https:\/\/www.laescueladelagua.com\/en\/wp-json\/wp\/v2\/media?parent=1552"}],"wp:term":[{"taxonomy":"category","embeddable":true,"href":"https:\/\/www.laescueladelagua.com\/en\/wp-json\/wp\/v2\/categories?post=1552"},{"taxonomy":"post_tag","embeddable":true,"href":"https:\/\/www.laescueladelagua.com\/en\/wp-json\/wp\/v2\/tags?post=1552"}],"curies":[{"name":"wp","href":"https:\/\/api.w.org\/{rel}","templated":true}]}}