{"id":1570,"date":"2023-03-19T12:00:11","date_gmt":"2023-03-19T12:00:11","guid":{"rendered":"https:\/\/www.laescueladelagua.com\/?p=1570"},"modified":"2023-10-16T11:38:34","modified_gmt":"2023-10-16T11:38:34","slug":"formar-el-talento-verde-del-futuro","status":"publish","type":"post","link":"https:\/\/www.laescueladelagua.com\/en\/formar-el-talento-verde-del-futuro\/","title":{"rendered":"Developing the green talent of the future"},"content":{"rendered":"<p><strong>Within the framework of the European Year of Skills, Agbar's Water School offers a wide range of training courses to prepare today's and tomorrow's professionals to respond to the major challenges of our society.<\/strong>.<\/p>\n<p>The transition to a green and digital economy requires adequate training and skills to be able to meet today's challenges, such as climate change, the energy crisis and environmental protection. For this reason, 2023 has been declared the European Year of Skills, with the aim of empowering people and ensuring that the green and digital transition is socially just.<\/p>\n<p>In this context, Agbar's Water School joins the initiative and offers a wide range of training to prepare the professionals of today and tomorrow, so that they can respond to the great challenges of our society.<\/p>\n<p>The institution, created to share and transfer knowledge on water and the environment, extends to all citizens of the European Union a set of actions that will be developed throughout the year, such as the publication of articles, organization of lectures and new support in the form of special rates for its higher education programs, among other initiatives.<\/p>\n<p>In a constantly changing world with growing awareness, the implementation of education and training measures related to the green economy, digitalization and entrepreneurship are essential to have the qualified talent to meet today's challenges. In this way, the knowledge and skills of professionals can be improved and developed in a sustainable way, the employability of young professionals can be ensured, and the competitiveness of companies in the green economy can be strengthened.<\/p>","protected":false},"excerpt":{"rendered":"<p>Within the framework of the European Year of Skills, Agbar's Water School offers a wide range of training, preparing today's and tomorrow's professionals to respond to the major challenges of our society. The transition to a green and digital economy requires adequate training and qualification [...]<\/p>","protected":false},"author":1,"featured_media":1571,"comment_status":"open","ping_status":"open","sticky":false,"template":"","format":"standard","meta":{"footnotes":""},"categories":[64],"tags":[],"class_list":["post-1570","post","type-post","status-publish","format-standard","has-post-thumbnail","hentry","category-alumni"],"yoast_head":"<!-- This site is optimized with the Yoast SEO plugin v24.5 - https:\/\/yoast.com\/wordpress\/plugins\/seo\/ -->\r\n<title>Formar el talento verde del futuro - Escuela del agua<\/title>\r\n<meta name=\"robots\" content=\"index, follow, max-snippet:-1, max-image-preview:large, max-video-preview:-1\" \/>\r\n<link rel=\"canonical\" href=\"https:\/\/www.laescueladelagua.com\/en\/formar-el-talento-verde-del-futuro\/\" \/>\r\n<meta property=\"og:locale\" content=\"en_US\" \/>\r\n<meta property=\"og:type\" content=\"article\" \/>\r\n<meta property=\"og:title\" content=\"Formar el talento verde del futuro - Escuela del agua\" \/>\r\n<meta property=\"og:description\" content=\"En el marco del A\u00f1o Europeo de las Capacidades, la Escuela del Agua de Agbar ofrece una amplia oferta formativa, que prepara a los profesionales de hoy y del ma\u00f1ana para dar respuesta a los mayores retos de nuestra sociedad. La transici\u00f3n hacia una econom\u00eda verde y digital requiere de una formaci\u00f3n y cualificaci\u00f3n adecuada [&hellip;]\" \/>\r\n<meta property=\"og:url\" content=\"https:\/\/www.laescueladelagua.com\/en\/formar-el-talento-verde-del-futuro\/\" \/>\r\n<meta property=\"og:site_name\" content=\"Escuela del agua\" \/>\r\n<meta property=\"article:published_time\" content=\"2023-03-19T12:00:11+00:00\" \/>\r\n<meta property=\"article:modified_time\" content=\"2023-10-16T11:38:34+00:00\" \/>\r\n<meta property=\"og:image\" content=\"https:\/\/www.laescueladelagua.com\/wp-content\/uploads\/2023\/07\/article-41-e1698070268204.jpeg\" \/>\r\n\t<meta property=\"og:image:width\" content=\"800\" \/>\r\n\t<meta property=\"og:image:height\" content=\"304\" \/>\r\n\t<meta property=\"og:image:type\" content=\"image\/jpeg\" \/>\r\n<meta name=\"author\" content=\"adminusr\" \/>\r\n<meta name=\"twitter:card\" content=\"summary_large_image\" \/>\r\n<meta name=\"twitter:label1\" content=\"Written by\" \/>\n\t<meta name=\"twitter:data1\" content=\"adminusr\" \/>\n\t<meta name=\"twitter:label2\" content=\"Est. reading time\" \/>\n\t<meta name=\"twitter:data2\" content=\"2 minutes\" \/>\r\n<script type=\"application\/ld+json\" class=\"yoast-schema-graph\">{\"@context\":\"https:\/\/schema.org\",\"@graph\":[{\"@type\":\"Article\",\"@id\":\"https:\/\/www.laescueladelagua.com\/ca\/formar-el-talento-verde-del-futuro\/#article\",\"isPartOf\":{\"@id\":\"https:\/\/www.laescueladelagua.com\/ca\/formar-el-talento-verde-del-futuro\/\"},\"author\":{\"name\":\"adminusr\",\"@id\":\"https:\/\/wapwebedapro01.azurewebsites.net\/#\/schema\/person\/dd1649223e405b6f9eb82e8f6798f241\"},\"headline\":\"Formar el talento verde del futuro\",\"datePublished\":\"2023-03-19T12:00:11+00:00\",\"dateModified\":\"2023-10-16T11:38:34+00:00\",\"mainEntityOfPage\":{\"@id\":\"https:\/\/www.laescueladelagua.com\/ca\/formar-el-talento-verde-del-futuro\/\"},\"wordCount\":330,\"commentCount\":0,\"publisher\":{\"@id\":\"https:\/\/wapwebedapro01.azurewebsites.net\/#organization\"},\"image\":{\"@id\":\"https:\/\/www.laescueladelagua.com\/ca\/formar-el-talento-verde-del-futuro\/#primaryimage\"},\"thumbnailUrl\":\"\/wp-content\/uploads\/2023\/07\/article-41-e1698070268204.jpeg\",\"articleSection\":[\"Alumni\"],\"inLanguage\":\"en-US\",\"potentialAction\":[{\"@type\":\"CommentAction\",\"name\":\"Comment\",\"target\":[\"https:\/\/www.laescueladelagua.com\/ca\/formar-el-talento-verde-del-futuro\/#respond\"]}]},{\"@type\":\"WebPage\",\"@id\":\"https:\/\/www.laescueladelagua.com\/ca\/formar-el-talento-verde-del-futuro\/\",\"url\":\"https:\/\/www.laescueladelagua.com\/ca\/formar-el-talento-verde-del-futuro\/\",\"name\":\"Formar el talento verde del futuro - Escuela del agua\",\"isPartOf\":{\"@id\":\"https:\/\/wapwebedapro01.azurewebsites.net\/#website\"},\"primaryImageOfPage\":{\"@id\":\"https:\/\/www.laescueladelagua.com\/ca\/formar-el-talento-verde-del-futuro\/#primaryimage\"},\"image\":{\"@id\":\"https:\/\/www.laescueladelagua.com\/ca\/formar-el-talento-verde-del-futuro\/#primaryimage\"},\"thumbnailUrl\":\"\/wp-content\/uploads\/2023\/07\/article-41-e1698070268204.jpeg\",\"datePublished\":\"2023-03-19T12:00:11+00:00\",\"dateModified\":\"2023-10-16T11:38:34+00:00\",\"breadcrumb\":{\"@id\":\"https:\/\/www.laescueladelagua.com\/ca\/formar-el-talento-verde-del-futuro\/#breadcrumb\"},\"inLanguage\":\"en-US\",\"potentialAction\":[{\"@type\":\"ReadAction\",\"target\":[\"https:\/\/www.laescueladelagua.com\/ca\/formar-el-talento-verde-del-futuro\/\"]}]},{\"@type\":\"ImageObject\",\"inLanguage\":\"en-US\",\"@id\":\"https:\/\/www.laescueladelagua.com\/ca\/formar-el-talento-verde-del-futuro\/#primaryimage\",\"url\":\"\/wp-content\/uploads\/2023\/07\/article-41-e1698070268204.jpeg\",\"contentUrl\":\"\/wp-content\/uploads\/2023\/07\/article-41-e1698070268204.jpeg\",\"width\":800,\"height\":304},{\"@type\":\"BreadcrumbList\",\"@id\":\"https:\/\/www.laescueladelagua.com\/ca\/formar-el-talento-verde-del-futuro\/#breadcrumb\",\"itemListElement\":[{\"@type\":\"ListItem\",\"position\":1,\"name\":\"Home\",\"item\":\"https:\/\/wapwebedapro01.azurewebsites.net\/\"},{\"@type\":\"ListItem\",\"position\":2,\"name\":\"Formar el talento verde del futuro\"}]},{\"@type\":\"WebSite\",\"@id\":\"https:\/\/wapwebedapro01.azurewebsites.net\/#website\",\"url\":\"https:\/\/wapwebedapro01.azurewebsites.net\/\",\"name\":\"Escuela del agua\",\"description\":\"\",\"publisher\":{\"@id\":\"https:\/\/wapwebedapro01.azurewebsites.net\/#organization\"},\"potentialAction\":[{\"@type\":\"SearchAction\",\"target\":{\"@type\":\"EntryPoint\",\"urlTemplate\":\"https:\/\/wapwebedapro01.azurewebsites.net\/?s={search_term_string}\"},\"query-input\":{\"@type\":\"PropertyValueSpecification\",\"valueRequired\":true,\"valueName\":\"search_term_string\"}}],\"inLanguage\":\"en-US\"},{\"@type\":\"Organization\",\"@id\":\"https:\/\/wapwebedapro01.azurewebsites.net\/#organization\",\"name\":\"Escuela del agua\",\"url\":\"https:\/\/wapwebedapro01.azurewebsites.net\/\",\"logo\":{\"@type\":\"ImageObject\",\"inLanguage\":\"en-US\",\"@id\":\"https:\/\/wapwebedapro01.azurewebsites.net\/#\/schema\/logo\/image\/\",\"url\":\"\/wp-content\/uploads\/2023\/08\/logo_EscueladelAgua_mod.1.1_150px.png\",\"contentUrl\":\"\/wp-content\/uploads\/2023\/08\/logo_EscueladelAgua_mod.1.1_150px.png\",\"width\":150,\"height\":90,\"caption\":\"Escuela del agua\"},\"image\":{\"@id\":\"https:\/\/wapwebedapro01.azurewebsites.net\/#\/schema\/logo\/image\/\"}},{\"@type\":\"Person\",\"@id\":\"https:\/\/wapwebedapro01.azurewebsites.net\/#\/schema\/person\/dd1649223e405b6f9eb82e8f6798f241\",\"name\":\"adminusr\",\"image\":{\"@type\":\"ImageObject\",\"inLanguage\":\"en-US\",\"@id\":\"https:\/\/wapwebedapro01.azurewebsites.net\/#\/schema\/person\/image\/\",\"url\":\"https:\/\/secure.gravatar.com\/avatar\/0faaa87907e163fd330069f117adf408?s=96&d=mm&r=g\",\"contentUrl\":\"https:\/\/secure.gravatar.com\/avatar\/0faaa87907e163fd330069f117adf408?s=96&d=mm&r=g\",\"caption\":\"adminusr\"},\"sameAs\":[\"https:\/\/www.laescueladelagua.com\"],\"url\":\"https:\/\/www.laescueladelagua.com\/en\/author\/adminusr\/\"}]}<\/script>\r\n<!-- \/ Yoast SEO plugin. -->","yoast_head_json":{"title":"Formar el talento verde del futuro - Escuela del agua","robots":{"index":"index","follow":"follow","max-snippet":"max-snippet:-1","max-image-preview":"max-image-preview:large","max-video-preview":"max-video-preview:-1"},"canonical":"https:\/\/www.laescueladelagua.com\/en\/formar-el-talento-verde-del-futuro\/","og_locale":"en_US","og_type":"article","og_title":"Formar el talento verde del futuro - Escuela del agua","og_description":"En el marco del A\u00f1o Europeo de las Capacidades, la Escuela del Agua de Agbar ofrece una amplia oferta formativa, que prepara a los profesionales de hoy y del ma\u00f1ana para dar respuesta a los mayores retos de nuestra sociedad. La transici\u00f3n hacia una econom\u00eda verde y digital requiere de una formaci\u00f3n y cualificaci\u00f3n adecuada [&hellip;]","og_url":"https:\/\/www.laescueladelagua.com\/en\/formar-el-talento-verde-del-futuro\/","og_site_name":"Escuela del agua","article_published_time":"2023-03-19T12:00:11+00:00","article_modified_time":"2023-10-16T11:38:34+00:00","og_image":[{"width":800,"height":304,"url":"https:\/\/www.laescueladelagua.com\/wp-content\/uploads\/2023\/07\/article-41-e1698070268204.jpeg","type":"image\/jpeg"}],"author":"adminusr","twitter_card":"summary_large_image","twitter_misc":{"Written by":"adminusr","Est. reading time":"2 minutes"},"schema":{"@context":"https:\/\/schema.org","@graph":[{"@type":"Article","@id":"https:\/\/www.laescueladelagua.com\/ca\/formar-el-talento-verde-del-futuro\/#article","isPartOf":{"@id":"https:\/\/www.laescueladelagua.com\/ca\/formar-el-talento-verde-del-futuro\/"},"author":{"name":"adminusr","@id":"https:\/\/wapwebedapro01.azurewebsites.net\/#\/schema\/person\/dd1649223e405b6f9eb82e8f6798f241"},"headline":"Formar el talento verde del futuro","datePublished":"2023-03-19T12:00:11+00:00","dateModified":"2023-10-16T11:38:34+00:00","mainEntityOfPage":{"@id":"https:\/\/www.laescueladelagua.com\/ca\/formar-el-talento-verde-del-futuro\/"},"wordCount":330,"commentCount":0,"publisher":{"@id":"https:\/\/wapwebedapro01.azurewebsites.net\/#organization"},"image":{"@id":"https:\/\/www.laescueladelagua.com\/ca\/formar-el-talento-verde-del-futuro\/#primaryimage"},"thumbnailUrl":"\/wp-content\/uploads\/2023\/07\/article-41-e1698070268204.jpeg","articleSection":["Alumni"],"inLanguage":"en-US","potentialAction":[{"@type":"CommentAction","name":"Comment","target":["https:\/\/www.laescueladelagua.com\/ca\/formar-el-talento-verde-del-futuro\/#respond"]}]},{"@type":"WebPage","@id":"https:\/\/www.laescueladelagua.com\/ca\/formar-el-talento-verde-del-futuro\/","url":"https:\/\/www.laescueladelagua.com\/ca\/formar-el-talento-verde-del-futuro\/","name":"Formar el talento verde del futuro - Escuela del agua","isPartOf":{"@id":"https:\/\/wapwebedapro01.azurewebsites.net\/#website"},"primaryImageOfPage":{"@id":"https:\/\/www.laescueladelagua.com\/ca\/formar-el-talento-verde-del-futuro\/#primaryimage"},"image":{"@id":"https:\/\/www.laescueladelagua.com\/ca\/formar-el-talento-verde-del-futuro\/#primaryimage"},"thumbnailUrl":"\/wp-content\/uploads\/2023\/07\/article-41-e1698070268204.jpeg","datePublished":"2023-03-19T12:00:11+00:00","dateModified":"2023-10-16T11:38:34+00:00","breadcrumb":{"@id":"https:\/\/www.laescueladelagua.com\/ca\/formar-el-talento-verde-del-futuro\/#breadcrumb"},"inLanguage":"en-US","potentialAction":[{"@type":"ReadAction","target":["https:\/\/www.laescueladelagua.com\/ca\/formar-el-talento-verde-del-futuro\/"]}]},{"@type":"ImageObject","inLanguage":"en-US","@id":"https:\/\/www.laescueladelagua.com\/ca\/formar-el-talento-verde-del-futuro\/#primaryimage","url":"\/wp-content\/uploads\/2023\/07\/article-41-e1698070268204.jpeg","contentUrl":"\/wp-content\/uploads\/2023\/07\/article-41-e1698070268204.jpeg","width":800,"height":304},{"@type":"BreadcrumbList","@id":"https:\/\/www.laescueladelagua.com\/ca\/formar-el-talento-verde-del-futuro\/#breadcrumb","itemListElement":[{"@type":"ListItem","position":1,"name":"Home","item":"https:\/\/wapwebedapro01.azurewebsites.net\/"},{"@type":"ListItem","position":2,"name":"Formar el talento verde del futuro"}]},{"@type":"WebSite","@id":"https:\/\/wapwebedapro01.azurewebsites.net\/#website","url":"https:\/\/wapwebedapro01.azurewebsites.net\/","name":"Escuela del agua","description":"","publisher":{"@id":"https:\/\/wapwebedapro01.azurewebsites.net\/#organization"},"potentialAction":[{"@type":"SearchAction","target":{"@type":"EntryPoint","urlTemplate":"https:\/\/wapwebedapro01.azurewebsites.net\/?s={search_term_string}"},"query-input":{"@type":"PropertyValueSpecification","valueRequired":true,"valueName":"search_term_string"}}],"inLanguage":"en-US"},{"@type":"Organization","@id":"https:\/\/wapwebedapro01.azurewebsites.net\/#organization","name":"Escuela del agua","url":"https:\/\/wapwebedapro01.azurewebsites.net\/","logo":{"@type":"ImageObject","inLanguage":"en-US","@id":"https:\/\/wapwebedapro01.azurewebsites.net\/#\/schema\/logo\/image\/","url":"\/wp-content\/uploads\/2023\/08\/logo_EscueladelAgua_mod.1.1_150px.png","contentUrl":"\/wp-content\/uploads\/2023\/08\/logo_EscueladelAgua_mod.1.1_150px.png","width":150,"height":90,"caption":"Escuela del agua"},"image":{"@id":"https:\/\/wapwebedapro01.azurewebsites.net\/#\/schema\/logo\/image\/"}},{"@type":"Person","@id":"https:\/\/wapwebedapro01.azurewebsites.net\/#\/schema\/person\/dd1649223e405b6f9eb82e8f6798f241","name":"adminusr","image":{"@type":"ImageObject","inLanguage":"en-US","@id":"https:\/\/wapwebedapro01.azurewebsites.net\/#\/schema\/person\/image\/","url":"https:\/\/secure.gravatar.com\/avatar\/0faaa87907e163fd330069f117adf408?s=96&d=mm&r=g","contentUrl":"https:\/\/secure.gravatar.com\/avatar\/0faaa87907e163fd330069f117adf408?s=96&d=mm&r=g","caption":"adminusr"},"sameAs":["https:\/\/www.laescueladelagua.com"],"url":"https:\/\/www.laescueladelagua.com\/en\/author\/adminusr\/"}]}},"meta_box":[],"_links":{"self":[{"href":"https:\/\/www.laescueladelagua.com\/en\/wp-json\/wp\/v2\/posts\/1570","targetHints":{"allow":["GET"]}}],"collection":[{"href":"https:\/\/www.laescueladelagua.com\/en\/wp-json\/wp\/v2\/posts"}],"about":[{"href":"https:\/\/www.laescueladelagua.com\/en\/wp-json\/wp\/v2\/types\/post"}],"author":[{"embeddable":true,"href":"https:\/\/www.laescueladelagua.com\/en\/wp-json\/wp\/v2\/users\/1"}],"replies":[{"embeddable":true,"href":"https:\/\/www.laescueladelagua.com\/en\/wp-json\/wp\/v2\/comments?post=1570"}],"version-history":[{"count":1,"href":"https:\/\/www.laescueladelagua.com\/en\/wp-json\/wp\/v2\/posts\/1570\/revisions"}],"predecessor-version":[{"id":1572,"href":"https:\/\/www.laescueladelagua.com\/en\/wp-json\/wp\/v2\/posts\/1570\/revisions\/1572"}],"wp:featuredmedia":[{"embeddable":true,"href":"https:\/\/www.laescueladelagua.com\/en\/wp-json\/wp\/v2\/media\/1571"}],"wp:attachment":[{"href":"https:\/\/www.laescueladelagua.com\/en\/wp-json\/wp\/v2\/media?parent=1570"}],"wp:term":[{"taxonomy":"category","embeddable":true,"href":"https:\/\/www.laescueladelagua.com\/en\/wp-json\/wp\/v2\/categories?post=1570"},{"taxonomy":"post_tag","embeddable":true,"href":"https:\/\/www.laescueladelagua.com\/en\/wp-json\/wp\/v2\/tags?post=1570"}],"curies":[{"name":"wp","href":"https:\/\/api.w.org\/{rel}","templated":true}]}}