{"id":1966,"date":"2023-06-01T07:29:36","date_gmt":"2023-06-01T07:29:36","guid":{"rendered":"https:\/\/www.laescueladelagua.com\/?p=1966"},"modified":"2023-10-16T11:34:44","modified_gmt":"2023-10-16T11:34:44","slug":"los-centros-de-excelencia-en-formacion-profesionalizadora-se-reunen-en-barcelona","status":"publish","type":"post","link":"https:\/\/www.laescueladelagua.com\/en\/los-centros-de-excelencia-en-formacion-profesionalizadora-se-reunen-en-barcelona\/","title":{"rendered":"Centers of excellence in vocational training meet in Barcelona"},"content":{"rendered":"<p>On May 10 and 11, the first edition of the <strong>annual conference of the <a href=\"https:\/\/3-loe.eu\/\" target=\"_blank\" rel=\"noopener\">European 3LoE project<\/a><\/strong>which aims to create centers of excellence in vocational training (CoVEs) in 7 different countries.<\/p>\n<p>During the two-day meeting, the partners shared the current status of their development and received training on topics such as evaluation and dissemination of results, and the policy strategy program.<\/p>\n<p>This four-year project focuses on the creation of CoVEs on Green Economy, Digitalization and Entrepreneurship, and specifically in the case of Catalonia focuses on the field of water. A total of twenty-one direct European partners and more than sixty companies are involved, including the partnership formed by the Directorate General of Vocational Training (Generalitat of Catalonia), the Pere Martell Institute of Tarragona and Agbar-School of Water.<\/p>\n<p>The overall objectives of the project are to establish VET centers of professional excellence at three educational levels (intermediate VET, higher VET and university studies), to sustainably and substantially improve studies, thus ensuring the demand for young professionals, managers and entrepreneurs and strengthening the competitiveness of enterprises in the green economy.<\/p>\n<p><img decoding=\"async\" class=\"alignnone wp-image-1326\" src=\"\/wp-content\/uploads\/2023\/07\/3loe-e1690443128219-300x216.jpg\" alt=\"\" width=\"238\" height=\"171\" srcset=\"\/wp-content\/uploads\/2023\/07\/3loe-e1690443128219-300x216.jpg 300w, \/wp-content\/uploads\/2023\/07\/3loe-e1690443128219-18x12.jpg 18w, \/wp-content\/uploads\/2023\/07\/3loe-e1690443128219.jpg 538w\" sizes=\"(max-width: 238px) 100vw, 238px\" \/><\/p>","protected":false},"excerpt":{"rendered":"<p>The annual conference of the European 3LoE project, which aims to create centers of excellence in vocational training (CoVEs) in 7 different countries, was held in Barcelona on May 10 and 11. During the two working days of the meeting, the partners shared the current state of their work and the [...]<\/p>","protected":false},"author":1,"featured_media":1955,"comment_status":"open","ping_status":"open","sticky":false,"template":"","format":"standard","meta":{"footnotes":""},"categories":[60],"tags":[],"class_list":["post-1966","post","type-post","status-publish","format-standard","has-post-thumbnail","hentry","category-proyectos-europeos"],"yoast_head":"<!-- This site is optimized with the Yoast SEO plugin v24.5 - https:\/\/yoast.com\/wordpress\/plugins\/seo\/ -->\r\n<title>Los centros de excelencia en formaci\u00f3n profesionalizadora se re\u00fanen en Barcelona - Escuela del agua<\/title>\r\n<meta name=\"robots\" content=\"index, follow, max-snippet:-1, max-image-preview:large, max-video-preview:-1\" \/>\r\n<link rel=\"canonical\" href=\"https:\/\/www.laescueladelagua.com\/en\/los-centros-de-excelencia-en-formacion-profesionalizadora-se-reunen-en-barcelona\/\" \/>\r\n<meta property=\"og:locale\" content=\"en_US\" \/>\r\n<meta property=\"og:type\" content=\"article\" \/>\r\n<meta property=\"og:title\" content=\"Los centros de excelencia en formaci\u00f3n profesionalizadora se re\u00fanen en Barcelona - Escuela del agua\" \/>\r\n<meta property=\"og:description\" content=\"Los d\u00edas 10 y 11 de mayo tuvo lugar en Barcelona la conferencia anual del proyecto europeo 3LoE, el cual tiene como objetivo la creaci\u00f3n de centros de excelencia en formaci\u00f3n profesionalizadora (CoVEs) en 7 pa\u00edses diferentes. Durante las dos jornadas de trabajo del encuentro, los socios pusieron en com\u00fan el estado actual de su [&hellip;]\" \/>\r\n<meta property=\"og:url\" content=\"https:\/\/www.laescueladelagua.com\/en\/los-centros-de-excelencia-en-formacion-profesionalizadora-se-reunen-en-barcelona\/\" \/>\r\n<meta property=\"og:site_name\" content=\"Escuela del agua\" \/>\r\n<meta property=\"article:published_time\" content=\"2023-06-01T07:29:36+00:00\" \/>\r\n<meta property=\"article:modified_time\" content=\"2023-10-16T11:34:44+00:00\" \/>\r\n<meta property=\"og:image\" content=\"https:\/\/www.laescueladelagua.com\/wp-content\/uploads\/2023\/07\/article-46-e1698070655512.jpeg\" \/>\r\n\t<meta property=\"og:image:width\" content=\"800\" \/>\r\n\t<meta property=\"og:image:height\" content=\"215\" \/>\r\n\t<meta property=\"og:image:type\" content=\"image\/jpeg\" \/>\r\n<meta name=\"author\" content=\"adminusr\" \/>\r\n<meta name=\"twitter:card\" content=\"summary_large_image\" \/>\r\n<meta name=\"twitter:label1\" content=\"Written by\" \/>\n\t<meta name=\"twitter:data1\" content=\"adminusr\" \/>\n\t<meta name=\"twitter:label2\" content=\"Est. reading time\" \/>\n\t<meta name=\"twitter:data2\" content=\"1 minute\" \/>\r\n<script type=\"application\/ld+json\" class=\"yoast-schema-graph\">{\"@context\":\"https:\/\/schema.org\",\"@graph\":[{\"@type\":\"Article\",\"@id\":\"https:\/\/www.laescueladelagua.com\/los-centros-de-excelencia-en-formacion-profesionalizadora-se-reunen-en-barcelona\/#article\",\"isPartOf\":{\"@id\":\"https:\/\/www.laescueladelagua.com\/los-centros-de-excelencia-en-formacion-profesionalizadora-se-reunen-en-barcelona\/\"},\"author\":{\"name\":\"adminusr\",\"@id\":\"https:\/\/wapwebedapro01.azurewebsites.net\/#\/schema\/person\/dd1649223e405b6f9eb82e8f6798f241\"},\"headline\":\"Los centros de excelencia en formaci\u00f3n profesionalizadora se re\u00fanen en Barcelona\",\"datePublished\":\"2023-06-01T07:29:36+00:00\",\"dateModified\":\"2023-10-16T11:34:44+00:00\",\"mainEntityOfPage\":{\"@id\":\"https:\/\/www.laescueladelagua.com\/los-centros-de-excelencia-en-formacion-profesionalizadora-se-reunen-en-barcelona\/\"},\"wordCount\":234,\"commentCount\":0,\"publisher\":{\"@id\":\"https:\/\/wapwebedapro01.azurewebsites.net\/#organization\"},\"image\":{\"@id\":\"https:\/\/www.laescueladelagua.com\/los-centros-de-excelencia-en-formacion-profesionalizadora-se-reunen-en-barcelona\/#primaryimage\"},\"thumbnailUrl\":\"\/wp-content\/uploads\/2023\/07\/article-46-e1698070655512.jpeg\",\"articleSection\":[\"Proyectos Europeos\"],\"inLanguage\":\"en-US\",\"potentialAction\":[{\"@type\":\"CommentAction\",\"name\":\"Comment\",\"target\":[\"https:\/\/www.laescueladelagua.com\/los-centros-de-excelencia-en-formacion-profesionalizadora-se-reunen-en-barcelona\/#respond\"]}]},{\"@type\":\"WebPage\",\"@id\":\"https:\/\/www.laescueladelagua.com\/los-centros-de-excelencia-en-formacion-profesionalizadora-se-reunen-en-barcelona\/\",\"url\":\"https:\/\/www.laescueladelagua.com\/los-centros-de-excelencia-en-formacion-profesionalizadora-se-reunen-en-barcelona\/\",\"name\":\"Los centros de excelencia en formaci\u00f3n profesionalizadora se re\u00fanen en Barcelona - Escuela del agua\",\"isPartOf\":{\"@id\":\"https:\/\/wapwebedapro01.azurewebsites.net\/#website\"},\"primaryImageOfPage\":{\"@id\":\"https:\/\/www.laescueladelagua.com\/los-centros-de-excelencia-en-formacion-profesionalizadora-se-reunen-en-barcelona\/#primaryimage\"},\"image\":{\"@id\":\"https:\/\/www.laescueladelagua.com\/los-centros-de-excelencia-en-formacion-profesionalizadora-se-reunen-en-barcelona\/#primaryimage\"},\"thumbnailUrl\":\"\/wp-content\/uploads\/2023\/07\/article-46-e1698070655512.jpeg\",\"datePublished\":\"2023-06-01T07:29:36+00:00\",\"dateModified\":\"2023-10-16T11:34:44+00:00\",\"breadcrumb\":{\"@id\":\"https:\/\/www.laescueladelagua.com\/los-centros-de-excelencia-en-formacion-profesionalizadora-se-reunen-en-barcelona\/#breadcrumb\"},\"inLanguage\":\"en-US\",\"potentialAction\":[{\"@type\":\"ReadAction\",\"target\":[\"https:\/\/www.laescueladelagua.com\/los-centros-de-excelencia-en-formacion-profesionalizadora-se-reunen-en-barcelona\/\"]}]},{\"@type\":\"ImageObject\",\"inLanguage\":\"en-US\",\"@id\":\"https:\/\/www.laescueladelagua.com\/los-centros-de-excelencia-en-formacion-profesionalizadora-se-reunen-en-barcelona\/#primaryimage\",\"url\":\"\/wp-content\/uploads\/2023\/07\/article-46-e1698070655512.jpeg\",\"contentUrl\":\"\/wp-content\/uploads\/2023\/07\/article-46-e1698070655512.jpeg\",\"width\":800,\"height\":215},{\"@type\":\"BreadcrumbList\",\"@id\":\"https:\/\/www.laescueladelagua.com\/los-centros-de-excelencia-en-formacion-profesionalizadora-se-reunen-en-barcelona\/#breadcrumb\",\"itemListElement\":[{\"@type\":\"ListItem\",\"position\":1,\"name\":\"Home\",\"item\":\"https:\/\/wapwebedapro01.azurewebsites.net\/\"},{\"@type\":\"ListItem\",\"position\":2,\"name\":\"Los centros de excelencia en formaci\u00f3n profesionalizadora se re\u00fanen en Barcelona\"}]},{\"@type\":\"WebSite\",\"@id\":\"https:\/\/wapwebedapro01.azurewebsites.net\/#website\",\"url\":\"https:\/\/wapwebedapro01.azurewebsites.net\/\",\"name\":\"Escuela del agua\",\"description\":\"\",\"publisher\":{\"@id\":\"https:\/\/wapwebedapro01.azurewebsites.net\/#organization\"},\"potentialAction\":[{\"@type\":\"SearchAction\",\"target\":{\"@type\":\"EntryPoint\",\"urlTemplate\":\"https:\/\/wapwebedapro01.azurewebsites.net\/?s={search_term_string}\"},\"query-input\":{\"@type\":\"PropertyValueSpecification\",\"valueRequired\":true,\"valueName\":\"search_term_string\"}}],\"inLanguage\":\"en-US\"},{\"@type\":\"Organization\",\"@id\":\"https:\/\/wapwebedapro01.azurewebsites.net\/#organization\",\"name\":\"Escuela del agua\",\"url\":\"https:\/\/wapwebedapro01.azurewebsites.net\/\",\"logo\":{\"@type\":\"ImageObject\",\"inLanguage\":\"en-US\",\"@id\":\"https:\/\/wapwebedapro01.azurewebsites.net\/#\/schema\/logo\/image\/\",\"url\":\"\/wp-content\/uploads\/2023\/08\/logo_EscueladelAgua_mod.1.1_150px.png\",\"contentUrl\":\"\/wp-content\/uploads\/2023\/08\/logo_EscueladelAgua_mod.1.1_150px.png\",\"width\":150,\"height\":90,\"caption\":\"Escuela del agua\"},\"image\":{\"@id\":\"https:\/\/wapwebedapro01.azurewebsites.net\/#\/schema\/logo\/image\/\"}},{\"@type\":\"Person\",\"@id\":\"https:\/\/wapwebedapro01.azurewebsites.net\/#\/schema\/person\/dd1649223e405b6f9eb82e8f6798f241\",\"name\":\"adminusr\",\"image\":{\"@type\":\"ImageObject\",\"inLanguage\":\"en-US\",\"@id\":\"https:\/\/wapwebedapro01.azurewebsites.net\/#\/schema\/person\/image\/\",\"url\":\"https:\/\/secure.gravatar.com\/avatar\/0faaa87907e163fd330069f117adf408?s=96&d=mm&r=g\",\"contentUrl\":\"https:\/\/secure.gravatar.com\/avatar\/0faaa87907e163fd330069f117adf408?s=96&d=mm&r=g\",\"caption\":\"adminusr\"},\"sameAs\":[\"https:\/\/www.laescueladelagua.com\"],\"url\":\"https:\/\/www.laescueladelagua.com\/en\/author\/adminusr\/\"}]}<\/script>\r\n<!-- \/ Yoast SEO plugin. -->","yoast_head_json":{"title":"Los centros de excelencia en formaci\u00f3n profesionalizadora se re\u00fanen en Barcelona - Escuela del agua","robots":{"index":"index","follow":"follow","max-snippet":"max-snippet:-1","max-image-preview":"max-image-preview:large","max-video-preview":"max-video-preview:-1"},"canonical":"https:\/\/www.laescueladelagua.com\/en\/los-centros-de-excelencia-en-formacion-profesionalizadora-se-reunen-en-barcelona\/","og_locale":"en_US","og_type":"article","og_title":"Los centros de excelencia en formaci\u00f3n profesionalizadora se re\u00fanen en Barcelona - Escuela del agua","og_description":"Los d\u00edas 10 y 11 de mayo tuvo lugar en Barcelona la conferencia anual del proyecto europeo 3LoE, el cual tiene como objetivo la creaci\u00f3n de centros de excelencia en formaci\u00f3n profesionalizadora (CoVEs) en 7 pa\u00edses diferentes. Durante las dos jornadas de trabajo del encuentro, los socios pusieron en com\u00fan el estado actual de su [&hellip;]","og_url":"https:\/\/www.laescueladelagua.com\/en\/los-centros-de-excelencia-en-formacion-profesionalizadora-se-reunen-en-barcelona\/","og_site_name":"Escuela del agua","article_published_time":"2023-06-01T07:29:36+00:00","article_modified_time":"2023-10-16T11:34:44+00:00","og_image":[{"width":800,"height":215,"url":"https:\/\/www.laescueladelagua.com\/wp-content\/uploads\/2023\/07\/article-46-e1698070655512.jpeg","type":"image\/jpeg"}],"author":"adminusr","twitter_card":"summary_large_image","twitter_misc":{"Written by":"adminusr","Est. reading time":"1 minute"},"schema":{"@context":"https:\/\/schema.org","@graph":[{"@type":"Article","@id":"https:\/\/www.laescueladelagua.com\/los-centros-de-excelencia-en-formacion-profesionalizadora-se-reunen-en-barcelona\/#article","isPartOf":{"@id":"https:\/\/www.laescueladelagua.com\/los-centros-de-excelencia-en-formacion-profesionalizadora-se-reunen-en-barcelona\/"},"author":{"name":"adminusr","@id":"https:\/\/wapwebedapro01.azurewebsites.net\/#\/schema\/person\/dd1649223e405b6f9eb82e8f6798f241"},"headline":"Los centros de excelencia en formaci\u00f3n profesionalizadora se re\u00fanen en Barcelona","datePublished":"2023-06-01T07:29:36+00:00","dateModified":"2023-10-16T11:34:44+00:00","mainEntityOfPage":{"@id":"https:\/\/www.laescueladelagua.com\/los-centros-de-excelencia-en-formacion-profesionalizadora-se-reunen-en-barcelona\/"},"wordCount":234,"commentCount":0,"publisher":{"@id":"https:\/\/wapwebedapro01.azurewebsites.net\/#organization"},"image":{"@id":"https:\/\/www.laescueladelagua.com\/los-centros-de-excelencia-en-formacion-profesionalizadora-se-reunen-en-barcelona\/#primaryimage"},"thumbnailUrl":"\/wp-content\/uploads\/2023\/07\/article-46-e1698070655512.jpeg","articleSection":["Proyectos Europeos"],"inLanguage":"en-US","potentialAction":[{"@type":"CommentAction","name":"Comment","target":["https:\/\/www.laescueladelagua.com\/los-centros-de-excelencia-en-formacion-profesionalizadora-se-reunen-en-barcelona\/#respond"]}]},{"@type":"WebPage","@id":"https:\/\/www.laescueladelagua.com\/los-centros-de-excelencia-en-formacion-profesionalizadora-se-reunen-en-barcelona\/","url":"https:\/\/www.laescueladelagua.com\/los-centros-de-excelencia-en-formacion-profesionalizadora-se-reunen-en-barcelona\/","name":"Los centros de excelencia en formaci\u00f3n profesionalizadora se re\u00fanen en Barcelona - Escuela del agua","isPartOf":{"@id":"https:\/\/wapwebedapro01.azurewebsites.net\/#website"},"primaryImageOfPage":{"@id":"https:\/\/www.laescueladelagua.com\/los-centros-de-excelencia-en-formacion-profesionalizadora-se-reunen-en-barcelona\/#primaryimage"},"image":{"@id":"https:\/\/www.laescueladelagua.com\/los-centros-de-excelencia-en-formacion-profesionalizadora-se-reunen-en-barcelona\/#primaryimage"},"thumbnailUrl":"\/wp-content\/uploads\/2023\/07\/article-46-e1698070655512.jpeg","datePublished":"2023-06-01T07:29:36+00:00","dateModified":"2023-10-16T11:34:44+00:00","breadcrumb":{"@id":"https:\/\/www.laescueladelagua.com\/los-centros-de-excelencia-en-formacion-profesionalizadora-se-reunen-en-barcelona\/#breadcrumb"},"inLanguage":"en-US","potentialAction":[{"@type":"ReadAction","target":["https:\/\/www.laescueladelagua.com\/los-centros-de-excelencia-en-formacion-profesionalizadora-se-reunen-en-barcelona\/"]}]},{"@type":"ImageObject","inLanguage":"en-US","@id":"https:\/\/www.laescueladelagua.com\/los-centros-de-excelencia-en-formacion-profesionalizadora-se-reunen-en-barcelona\/#primaryimage","url":"\/wp-content\/uploads\/2023\/07\/article-46-e1698070655512.jpeg","contentUrl":"\/wp-content\/uploads\/2023\/07\/article-46-e1698070655512.jpeg","width":800,"height":215},{"@type":"BreadcrumbList","@id":"https:\/\/www.laescueladelagua.com\/los-centros-de-excelencia-en-formacion-profesionalizadora-se-reunen-en-barcelona\/#breadcrumb","itemListElement":[{"@type":"ListItem","position":1,"name":"Home","item":"https:\/\/wapwebedapro01.azurewebsites.net\/"},{"@type":"ListItem","position":2,"name":"Los centros de excelencia en formaci\u00f3n profesionalizadora se re\u00fanen en Barcelona"}]},{"@type":"WebSite","@id":"https:\/\/wapwebedapro01.azurewebsites.net\/#website","url":"https:\/\/wapwebedapro01.azurewebsites.net\/","name":"Escuela del agua","description":"","publisher":{"@id":"https:\/\/wapwebedapro01.azurewebsites.net\/#organization"},"potentialAction":[{"@type":"SearchAction","target":{"@type":"EntryPoint","urlTemplate":"https:\/\/wapwebedapro01.azurewebsites.net\/?s={search_term_string}"},"query-input":{"@type":"PropertyValueSpecification","valueRequired":true,"valueName":"search_term_string"}}],"inLanguage":"en-US"},{"@type":"Organization","@id":"https:\/\/wapwebedapro01.azurewebsites.net\/#organization","name":"Escuela del agua","url":"https:\/\/wapwebedapro01.azurewebsites.net\/","logo":{"@type":"ImageObject","inLanguage":"en-US","@id":"https:\/\/wapwebedapro01.azurewebsites.net\/#\/schema\/logo\/image\/","url":"\/wp-content\/uploads\/2023\/08\/logo_EscueladelAgua_mod.1.1_150px.png","contentUrl":"\/wp-content\/uploads\/2023\/08\/logo_EscueladelAgua_mod.1.1_150px.png","width":150,"height":90,"caption":"Escuela del agua"},"image":{"@id":"https:\/\/wapwebedapro01.azurewebsites.net\/#\/schema\/logo\/image\/"}},{"@type":"Person","@id":"https:\/\/wapwebedapro01.azurewebsites.net\/#\/schema\/person\/dd1649223e405b6f9eb82e8f6798f241","name":"adminusr","image":{"@type":"ImageObject","inLanguage":"en-US","@id":"https:\/\/wapwebedapro01.azurewebsites.net\/#\/schema\/person\/image\/","url":"https:\/\/secure.gravatar.com\/avatar\/0faaa87907e163fd330069f117adf408?s=96&d=mm&r=g","contentUrl":"https:\/\/secure.gravatar.com\/avatar\/0faaa87907e163fd330069f117adf408?s=96&d=mm&r=g","caption":"adminusr"},"sameAs":["https:\/\/www.laescueladelagua.com"],"url":"https:\/\/www.laescueladelagua.com\/en\/author\/adminusr\/"}]}},"meta_box":[],"_links":{"self":[{"href":"https:\/\/www.laescueladelagua.com\/en\/wp-json\/wp\/v2\/posts\/1966","targetHints":{"allow":["GET"]}}],"collection":[{"href":"https:\/\/www.laescueladelagua.com\/en\/wp-json\/wp\/v2\/posts"}],"about":[{"href":"https:\/\/www.laescueladelagua.com\/en\/wp-json\/wp\/v2\/types\/post"}],"author":[{"embeddable":true,"href":"https:\/\/www.laescueladelagua.com\/en\/wp-json\/wp\/v2\/users\/1"}],"replies":[{"embeddable":true,"href":"https:\/\/www.laescueladelagua.com\/en\/wp-json\/wp\/v2\/comments?post=1966"}],"version-history":[{"count":4,"href":"https:\/\/www.laescueladelagua.com\/en\/wp-json\/wp\/v2\/posts\/1966\/revisions"}],"predecessor-version":[{"id":1970,"href":"https:\/\/www.laescueladelagua.com\/en\/wp-json\/wp\/v2\/posts\/1966\/revisions\/1970"}],"wp:featuredmedia":[{"embeddable":true,"href":"https:\/\/www.laescueladelagua.com\/en\/wp-json\/wp\/v2\/media\/1955"}],"wp:attachment":[{"href":"https:\/\/www.laescueladelagua.com\/en\/wp-json\/wp\/v2\/media?parent=1966"}],"wp:term":[{"taxonomy":"category","embeddable":true,"href":"https:\/\/www.laescueladelagua.com\/en\/wp-json\/wp\/v2\/categories?post=1966"},{"taxonomy":"post_tag","embeddable":true,"href":"https:\/\/www.laescueladelagua.com\/en\/wp-json\/wp\/v2\/tags?post=1966"}],"curies":[{"name":"wp","href":"https:\/\/api.w.org\/{rel}","templated":true}]}}