{"id":1975,"date":"2023-07-07T07:37:34","date_gmt":"2023-07-07T07:37:34","guid":{"rendered":"https:\/\/www.laescueladelagua.com\/?p=1975"},"modified":"2023-10-16T11:34:19","modified_gmt":"2023-10-16T11:34:19","slug":"la-comunidad-de-docentes-de-escuela-del-agua-con-el-ano-europeo-de-las-competencias","status":"publish","type":"post","link":"https:\/\/www.laescueladelagua.com\/en\/la-comunidad-de-docentes-de-escuela-del-agua-con-el-ano-europeo-de-las-competencias\/","title":{"rendered":"The Escuela del Agua community of teachers, with the European Year of Competencies"},"content":{"rendered":"<p>Last Thursday, July 6th, Escuela del Agua held the Docentum 2023 Conference, focused on the <a href=\"https:\/\/year-of-skills.europa.eu\/index_es\" target=\"_blank\" rel=\"noopener\"><strong>European Year of Skills<\/strong><\/a>. This seminar, which brings together all the teachers and collaborators of the Water School, took place at the headquarters of the Municipal Water Company of Tarragona (EMATSA).<\/p>\n<p>The day was inaugurated by the Mayor of Tarragona and EMATSA's top representative, Mr. Rub\u00e9n Vi\u00f1uales and Mr. Narciso Berberana, the General Manager of Agbar in Catalonia. Both highlighted the importance of the city as a pioneer in Dual Vocational Training in Water, as well as the promotion of armed projects on public-private partnerships to strengthen the commitment to talent at the industrial level.<\/p>\n<p>Laura Rahola, Head of Communication of the European Commission Representation, explained the strategic sense that the Year of Skills has for the European Union: \"in a world in constant evolution, where technological advances and economic changes are rapidly transforming industrial sectors, it is crucial that people acquire and develop new specific skills\". For his part, Lluc Pej\u00f3, director of the Water School, presented the 2030 vision of the Water School, based on four axes: the 10-year trajectory of the School, the purpose of the institution, the macro trends in talent and professional learning, and the changes in the legal framework for both training and regulation of the water sector.<\/p>\n<p>The first panel of the day, entitled <strong>\"Defining sectoral competencies\"<\/strong>In addition, initiatives focused on the creation of operational skills maps for water professionals were presented. \u00c0ngels Ordu\u00f1a, director of the European association of energy intensive companies (A.SPIRE) explained the European project SPIRE-SAIS aimed at drawing the competency map for these companies. Jordi Vallv\u00e9, responsible for Sustainable Development at EMATSA, presented the results of the project. <strong>Greenskills in VET<\/strong>a project focused on the water, energy and transportation sectors. Finally, Eva Marina Rodriguez, Development Director of the Escuela del Agua, presented <strong>NEREXA<\/strong> as the platform for personalized learning and upskilling of water professionals.<\/p>\n<p>The second panel, <strong>\"Educational Practices for Excellence.\"<\/strong> allowed to contrast collaborations between companies and educational institutions with competency-based learning at the center. \u00d3scar Palaz\u00f3n and Eduard Fern\u00e1ndez, representatives of the Department of Education of the Generalitat de Catalunya and Agbar, respectively, presented the project. <strong>3LoE<\/strong> for the creation of the first Center of Professional Excellence (CoVEs) for Water in Spain. Sol Bermejo and Joaquim Minguella presented practical case studies of <strong>challenge-based learning with an international dimension<\/strong>at different educational levels. Bermejo, project coordinator of Fundaci\u00f3 Barcelona FP, presented the <strong>European Water Challenge VET Lab<\/strong> which allows students from Belgium, Denmark and Spain to innovate in sustainable drainage solutions, while <strong>Minguella<\/strong>Director of the Inter-University Degree in Industrial Technologies and Economic Analysis (UPC-UPF), presented the <strong>Enterprise Challenges<\/strong> included in this program, which is conducted entirely in English and has an unusually high proportion of women among its cohort.<\/p>\n<p>Cristina Galvan, principal investigator of the Consolidated Group in Virtual Teaching and Learning and coordinator of the Master in Teaching and Learning Environments with digital technologies of the University of Barcelona made a formative epilogue on the <strong>impact of Artificial Intelligence on learning processes<\/strong>.<\/p>\n<p>The Water School has fulfilled the objective of raising awareness of the European Year of Competences and explaining the reasons for joining based on its purpose and vision, as well as sharing the main initiatives it is involved in both at European and internal level from a multilevel learning perspective.<\/p>","protected":false},"excerpt":{"rendered":"<p>Last Thursday, July 6th, Water School held the Docentum 2023 Seminar, focused on this occasion on the European Year of Competences. This seminar, which brings together all the teachers and collaborators of the Water School, took place at the headquarters of the Municipal Water Company of Tarragona (EMATSA). The [...]<\/p>","protected":false},"author":1,"featured_media":1958,"comment_status":"open","ping_status":"open","sticky":false,"template":"","format":"standard","meta":{"footnotes":""},"categories":[61],"tags":[],"class_list":["post-1975","post","type-post","status-publish","format-standard","has-post-thumbnail","hentry","category-docentum"],"yoast_head":"<!-- This site is optimized with the Yoast SEO plugin v24.5 - https:\/\/yoast.com\/wordpress\/plugins\/seo\/ -->\r\n<title>La comunidad de docentes de Escuela del Agua, con El a\u00f1o Europeo de las Competencias - Escuela del agua<\/title>\r\n<meta name=\"robots\" content=\"index, follow, max-snippet:-1, max-image-preview:large, max-video-preview:-1\" \/>\r\n<link rel=\"canonical\" href=\"https:\/\/www.laescueladelagua.com\/en\/la-comunidad-de-docentes-de-escuela-del-agua-con-el-ano-europeo-de-las-competencias\/\" \/>\r\n<meta property=\"og:locale\" content=\"en_US\" \/>\r\n<meta property=\"og:type\" content=\"article\" \/>\r\n<meta property=\"og:title\" content=\"La comunidad de docentes de Escuela del Agua, con El a\u00f1o Europeo de las Competencias - Escuela del agua\" \/>\r\n<meta property=\"og:description\" content=\"El pasado Jueves 6 de Julio, Escuela del Agua celebr\u00f3 la Jornada Docentum 2023, centrada en esta ocasi\u00f3n en el A\u00f1o Europeo de las Competencias. Este seminario, que concentra el conjunto de profesorado y colaboradores de la Escuela del Agua, tuvo lugar en la sede de la Empresa Municipal de Agua de Tarragona (EMATSA). La [&hellip;]\" \/>\r\n<meta property=\"og:url\" content=\"https:\/\/www.laescueladelagua.com\/en\/la-comunidad-de-docentes-de-escuela-del-agua-con-el-ano-europeo-de-las-competencias\/\" \/>\r\n<meta property=\"og:site_name\" content=\"Escuela del agua\" \/>\r\n<meta property=\"article:published_time\" content=\"2023-07-07T07:37:34+00:00\" \/>\r\n<meta property=\"article:modified_time\" content=\"2023-10-16T11:34:19+00:00\" \/>\r\n<meta property=\"og:image\" content=\"https:\/\/www.laescueladelagua.com\/wp-content\/uploads\/2023\/07\/article-49-e1698071456452.jpeg\" \/>\r\n\t<meta property=\"og:image:width\" content=\"800\" \/>\r\n\t<meta property=\"og:image:height\" content=\"200\" \/>\r\n\t<meta property=\"og:image:type\" content=\"image\/jpeg\" \/>\r\n<meta name=\"author\" content=\"adminusr\" \/>\r\n<meta name=\"twitter:card\" content=\"summary_large_image\" \/>\r\n<meta name=\"twitter:label1\" content=\"Written by\" \/>\n\t<meta name=\"twitter:data1\" content=\"adminusr\" \/>\n\t<meta name=\"twitter:label2\" content=\"Est. reading time\" \/>\n\t<meta name=\"twitter:data2\" content=\"3 minutes\" \/>\r\n<script type=\"application\/ld+json\" class=\"yoast-schema-graph\">{\"@context\":\"https:\/\/schema.org\",\"@graph\":[{\"@type\":\"Article\",\"@id\":\"https:\/\/www.laescueladelagua.com\/la-comunidad-de-docentes-de-escuela-del-agua-con-el-ano-europeo-de-las-competencias\/#article\",\"isPartOf\":{\"@id\":\"https:\/\/www.laescueladelagua.com\/la-comunidad-de-docentes-de-escuela-del-agua-con-el-ano-europeo-de-las-competencias\/\"},\"author\":{\"name\":\"adminusr\",\"@id\":\"https:\/\/wapwebedapro01.azurewebsites.net\/#\/schema\/person\/dd1649223e405b6f9eb82e8f6798f241\"},\"headline\":\"La comunidad de docentes de Escuela del Agua, con El a\u00f1o Europeo de las Competencias\",\"datePublished\":\"2023-07-07T07:37:34+00:00\",\"dateModified\":\"2023-10-16T11:34:19+00:00\",\"mainEntityOfPage\":{\"@id\":\"https:\/\/www.laescueladelagua.com\/la-comunidad-de-docentes-de-escuela-del-agua-con-el-ano-europeo-de-las-competencias\/\"},\"wordCount\":691,\"commentCount\":0,\"publisher\":{\"@id\":\"https:\/\/wapwebedapro01.azurewebsites.net\/#organization\"},\"image\":{\"@id\":\"https:\/\/www.laescueladelagua.com\/la-comunidad-de-docentes-de-escuela-del-agua-con-el-ano-europeo-de-las-competencias\/#primaryimage\"},\"thumbnailUrl\":\"\/wp-content\/uploads\/2023\/07\/article-49-e1698071456452.jpeg\",\"articleSection\":[\"Docentum\"],\"inLanguage\":\"en-US\",\"potentialAction\":[{\"@type\":\"CommentAction\",\"name\":\"Comment\",\"target\":[\"https:\/\/www.laescueladelagua.com\/la-comunidad-de-docentes-de-escuela-del-agua-con-el-ano-europeo-de-las-competencias\/#respond\"]}]},{\"@type\":\"WebPage\",\"@id\":\"https:\/\/www.laescueladelagua.com\/la-comunidad-de-docentes-de-escuela-del-agua-con-el-ano-europeo-de-las-competencias\/\",\"url\":\"https:\/\/www.laescueladelagua.com\/la-comunidad-de-docentes-de-escuela-del-agua-con-el-ano-europeo-de-las-competencias\/\",\"name\":\"La comunidad de docentes de Escuela del Agua, con El a\u00f1o Europeo de las Competencias - Escuela del agua\",\"isPartOf\":{\"@id\":\"https:\/\/wapwebedapro01.azurewebsites.net\/#website\"},\"primaryImageOfPage\":{\"@id\":\"https:\/\/www.laescueladelagua.com\/la-comunidad-de-docentes-de-escuela-del-agua-con-el-ano-europeo-de-las-competencias\/#primaryimage\"},\"image\":{\"@id\":\"https:\/\/www.laescueladelagua.com\/la-comunidad-de-docentes-de-escuela-del-agua-con-el-ano-europeo-de-las-competencias\/#primaryimage\"},\"thumbnailUrl\":\"\/wp-content\/uploads\/2023\/07\/article-49-e1698071456452.jpeg\",\"datePublished\":\"2023-07-07T07:37:34+00:00\",\"dateModified\":\"2023-10-16T11:34:19+00:00\",\"breadcrumb\":{\"@id\":\"https:\/\/www.laescueladelagua.com\/la-comunidad-de-docentes-de-escuela-del-agua-con-el-ano-europeo-de-las-competencias\/#breadcrumb\"},\"inLanguage\":\"en-US\",\"potentialAction\":[{\"@type\":\"ReadAction\",\"target\":[\"https:\/\/www.laescueladelagua.com\/la-comunidad-de-docentes-de-escuela-del-agua-con-el-ano-europeo-de-las-competencias\/\"]}]},{\"@type\":\"ImageObject\",\"inLanguage\":\"en-US\",\"@id\":\"https:\/\/www.laescueladelagua.com\/la-comunidad-de-docentes-de-escuela-del-agua-con-el-ano-europeo-de-las-competencias\/#primaryimage\",\"url\":\"\/wp-content\/uploads\/2023\/07\/article-49-e1698071456452.jpeg\",\"contentUrl\":\"\/wp-content\/uploads\/2023\/07\/article-49-e1698071456452.jpeg\",\"width\":800,\"height\":200},{\"@type\":\"BreadcrumbList\",\"@id\":\"https:\/\/www.laescueladelagua.com\/la-comunidad-de-docentes-de-escuela-del-agua-con-el-ano-europeo-de-las-competencias\/#breadcrumb\",\"itemListElement\":[{\"@type\":\"ListItem\",\"position\":1,\"name\":\"Home\",\"item\":\"https:\/\/wapwebedapro01.azurewebsites.net\/\"},{\"@type\":\"ListItem\",\"position\":2,\"name\":\"La comunidad de docentes de Escuela del Agua, con El a\u00f1o Europeo de las Competencias\"}]},{\"@type\":\"WebSite\",\"@id\":\"https:\/\/wapwebedapro01.azurewebsites.net\/#website\",\"url\":\"https:\/\/wapwebedapro01.azurewebsites.net\/\",\"name\":\"Escuela del agua\",\"description\":\"\",\"publisher\":{\"@id\":\"https:\/\/wapwebedapro01.azurewebsites.net\/#organization\"},\"potentialAction\":[{\"@type\":\"SearchAction\",\"target\":{\"@type\":\"EntryPoint\",\"urlTemplate\":\"https:\/\/wapwebedapro01.azurewebsites.net\/?s={search_term_string}\"},\"query-input\":{\"@type\":\"PropertyValueSpecification\",\"valueRequired\":true,\"valueName\":\"search_term_string\"}}],\"inLanguage\":\"en-US\"},{\"@type\":\"Organization\",\"@id\":\"https:\/\/wapwebedapro01.azurewebsites.net\/#organization\",\"name\":\"Escuela del agua\",\"url\":\"https:\/\/wapwebedapro01.azurewebsites.net\/\",\"logo\":{\"@type\":\"ImageObject\",\"inLanguage\":\"en-US\",\"@id\":\"https:\/\/wapwebedapro01.azurewebsites.net\/#\/schema\/logo\/image\/\",\"url\":\"\/wp-content\/uploads\/2023\/08\/logo_EscueladelAgua_mod.1.1_150px.png\",\"contentUrl\":\"\/wp-content\/uploads\/2023\/08\/logo_EscueladelAgua_mod.1.1_150px.png\",\"width\":150,\"height\":90,\"caption\":\"Escuela del agua\"},\"image\":{\"@id\":\"https:\/\/wapwebedapro01.azurewebsites.net\/#\/schema\/logo\/image\/\"}},{\"@type\":\"Person\",\"@id\":\"https:\/\/wapwebedapro01.azurewebsites.net\/#\/schema\/person\/dd1649223e405b6f9eb82e8f6798f241\",\"name\":\"adminusr\",\"image\":{\"@type\":\"ImageObject\",\"inLanguage\":\"en-US\",\"@id\":\"https:\/\/wapwebedapro01.azurewebsites.net\/#\/schema\/person\/image\/\",\"url\":\"https:\/\/secure.gravatar.com\/avatar\/0faaa87907e163fd330069f117adf408?s=96&d=mm&r=g\",\"contentUrl\":\"https:\/\/secure.gravatar.com\/avatar\/0faaa87907e163fd330069f117adf408?s=96&d=mm&r=g\",\"caption\":\"adminusr\"},\"sameAs\":[\"https:\/\/www.laescueladelagua.com\"],\"url\":\"https:\/\/www.laescueladelagua.com\/en\/author\/adminusr\/\"}]}<\/script>\r\n<!-- \/ Yoast SEO plugin. -->","yoast_head_json":{"title":"La comunidad de docentes de Escuela del Agua, con El a\u00f1o Europeo de las Competencias - Escuela del agua","robots":{"index":"index","follow":"follow","max-snippet":"max-snippet:-1","max-image-preview":"max-image-preview:large","max-video-preview":"max-video-preview:-1"},"canonical":"https:\/\/www.laescueladelagua.com\/en\/la-comunidad-de-docentes-de-escuela-del-agua-con-el-ano-europeo-de-las-competencias\/","og_locale":"en_US","og_type":"article","og_title":"La comunidad de docentes de Escuela del Agua, con El a\u00f1o Europeo de las Competencias - Escuela del agua","og_description":"El pasado Jueves 6 de Julio, Escuela del Agua celebr\u00f3 la Jornada Docentum 2023, centrada en esta ocasi\u00f3n en el A\u00f1o Europeo de las Competencias. Este seminario, que concentra el conjunto de profesorado y colaboradores de la Escuela del Agua, tuvo lugar en la sede de la Empresa Municipal de Agua de Tarragona (EMATSA). La [&hellip;]","og_url":"https:\/\/www.laescueladelagua.com\/en\/la-comunidad-de-docentes-de-escuela-del-agua-con-el-ano-europeo-de-las-competencias\/","og_site_name":"Escuela del agua","article_published_time":"2023-07-07T07:37:34+00:00","article_modified_time":"2023-10-16T11:34:19+00:00","og_image":[{"width":800,"height":200,"url":"https:\/\/www.laescueladelagua.com\/wp-content\/uploads\/2023\/07\/article-49-e1698071456452.jpeg","type":"image\/jpeg"}],"author":"adminusr","twitter_card":"summary_large_image","twitter_misc":{"Written by":"adminusr","Est. reading time":"3 minutes"},"schema":{"@context":"https:\/\/schema.org","@graph":[{"@type":"Article","@id":"https:\/\/www.laescueladelagua.com\/la-comunidad-de-docentes-de-escuela-del-agua-con-el-ano-europeo-de-las-competencias\/#article","isPartOf":{"@id":"https:\/\/www.laescueladelagua.com\/la-comunidad-de-docentes-de-escuela-del-agua-con-el-ano-europeo-de-las-competencias\/"},"author":{"name":"adminusr","@id":"https:\/\/wapwebedapro01.azurewebsites.net\/#\/schema\/person\/dd1649223e405b6f9eb82e8f6798f241"},"headline":"La comunidad de docentes de Escuela del Agua, con El a\u00f1o Europeo de las Competencias","datePublished":"2023-07-07T07:37:34+00:00","dateModified":"2023-10-16T11:34:19+00:00","mainEntityOfPage":{"@id":"https:\/\/www.laescueladelagua.com\/la-comunidad-de-docentes-de-escuela-del-agua-con-el-ano-europeo-de-las-competencias\/"},"wordCount":691,"commentCount":0,"publisher":{"@id":"https:\/\/wapwebedapro01.azurewebsites.net\/#organization"},"image":{"@id":"https:\/\/www.laescueladelagua.com\/la-comunidad-de-docentes-de-escuela-del-agua-con-el-ano-europeo-de-las-competencias\/#primaryimage"},"thumbnailUrl":"\/wp-content\/uploads\/2023\/07\/article-49-e1698071456452.jpeg","articleSection":["Docentum"],"inLanguage":"en-US","potentialAction":[{"@type":"CommentAction","name":"Comment","target":["https:\/\/www.laescueladelagua.com\/la-comunidad-de-docentes-de-escuela-del-agua-con-el-ano-europeo-de-las-competencias\/#respond"]}]},{"@type":"WebPage","@id":"https:\/\/www.laescueladelagua.com\/la-comunidad-de-docentes-de-escuela-del-agua-con-el-ano-europeo-de-las-competencias\/","url":"https:\/\/www.laescueladelagua.com\/la-comunidad-de-docentes-de-escuela-del-agua-con-el-ano-europeo-de-las-competencias\/","name":"La comunidad de docentes de Escuela del Agua, con El a\u00f1o Europeo de las Competencias - Escuela del agua","isPartOf":{"@id":"https:\/\/wapwebedapro01.azurewebsites.net\/#website"},"primaryImageOfPage":{"@id":"https:\/\/www.laescueladelagua.com\/la-comunidad-de-docentes-de-escuela-del-agua-con-el-ano-europeo-de-las-competencias\/#primaryimage"},"image":{"@id":"https:\/\/www.laescueladelagua.com\/la-comunidad-de-docentes-de-escuela-del-agua-con-el-ano-europeo-de-las-competencias\/#primaryimage"},"thumbnailUrl":"\/wp-content\/uploads\/2023\/07\/article-49-e1698071456452.jpeg","datePublished":"2023-07-07T07:37:34+00:00","dateModified":"2023-10-16T11:34:19+00:00","breadcrumb":{"@id":"https:\/\/www.laescueladelagua.com\/la-comunidad-de-docentes-de-escuela-del-agua-con-el-ano-europeo-de-las-competencias\/#breadcrumb"},"inLanguage":"en-US","potentialAction":[{"@type":"ReadAction","target":["https:\/\/www.laescueladelagua.com\/la-comunidad-de-docentes-de-escuela-del-agua-con-el-ano-europeo-de-las-competencias\/"]}]},{"@type":"ImageObject","inLanguage":"en-US","@id":"https:\/\/www.laescueladelagua.com\/la-comunidad-de-docentes-de-escuela-del-agua-con-el-ano-europeo-de-las-competencias\/#primaryimage","url":"\/wp-content\/uploads\/2023\/07\/article-49-e1698071456452.jpeg","contentUrl":"\/wp-content\/uploads\/2023\/07\/article-49-e1698071456452.jpeg","width":800,"height":200},{"@type":"BreadcrumbList","@id":"https:\/\/www.laescueladelagua.com\/la-comunidad-de-docentes-de-escuela-del-agua-con-el-ano-europeo-de-las-competencias\/#breadcrumb","itemListElement":[{"@type":"ListItem","position":1,"name":"Home","item":"https:\/\/wapwebedapro01.azurewebsites.net\/"},{"@type":"ListItem","position":2,"name":"La comunidad de docentes de Escuela del Agua, con El a\u00f1o Europeo de las Competencias"}]},{"@type":"WebSite","@id":"https:\/\/wapwebedapro01.azurewebsites.net\/#website","url":"https:\/\/wapwebedapro01.azurewebsites.net\/","name":"Escuela del agua","description":"","publisher":{"@id":"https:\/\/wapwebedapro01.azurewebsites.net\/#organization"},"potentialAction":[{"@type":"SearchAction","target":{"@type":"EntryPoint","urlTemplate":"https:\/\/wapwebedapro01.azurewebsites.net\/?s={search_term_string}"},"query-input":{"@type":"PropertyValueSpecification","valueRequired":true,"valueName":"search_term_string"}}],"inLanguage":"en-US"},{"@type":"Organization","@id":"https:\/\/wapwebedapro01.azurewebsites.net\/#organization","name":"Escuela del agua","url":"https:\/\/wapwebedapro01.azurewebsites.net\/","logo":{"@type":"ImageObject","inLanguage":"en-US","@id":"https:\/\/wapwebedapro01.azurewebsites.net\/#\/schema\/logo\/image\/","url":"\/wp-content\/uploads\/2023\/08\/logo_EscueladelAgua_mod.1.1_150px.png","contentUrl":"\/wp-content\/uploads\/2023\/08\/logo_EscueladelAgua_mod.1.1_150px.png","width":150,"height":90,"caption":"Escuela del agua"},"image":{"@id":"https:\/\/wapwebedapro01.azurewebsites.net\/#\/schema\/logo\/image\/"}},{"@type":"Person","@id":"https:\/\/wapwebedapro01.azurewebsites.net\/#\/schema\/person\/dd1649223e405b6f9eb82e8f6798f241","name":"adminusr","image":{"@type":"ImageObject","inLanguage":"en-US","@id":"https:\/\/wapwebedapro01.azurewebsites.net\/#\/schema\/person\/image\/","url":"https:\/\/secure.gravatar.com\/avatar\/0faaa87907e163fd330069f117adf408?s=96&d=mm&r=g","contentUrl":"https:\/\/secure.gravatar.com\/avatar\/0faaa87907e163fd330069f117adf408?s=96&d=mm&r=g","caption":"adminusr"},"sameAs":["https:\/\/www.laescueladelagua.com"],"url":"https:\/\/www.laescueladelagua.com\/en\/author\/adminusr\/"}]}},"meta_box":[],"_links":{"self":[{"href":"https:\/\/www.laescueladelagua.com\/en\/wp-json\/wp\/v2\/posts\/1975","targetHints":{"allow":["GET"]}}],"collection":[{"href":"https:\/\/www.laescueladelagua.com\/en\/wp-json\/wp\/v2\/posts"}],"about":[{"href":"https:\/\/www.laescueladelagua.com\/en\/wp-json\/wp\/v2\/types\/post"}],"author":[{"embeddable":true,"href":"https:\/\/www.laescueladelagua.com\/en\/wp-json\/wp\/v2\/users\/1"}],"replies":[{"embeddable":true,"href":"https:\/\/www.laescueladelagua.com\/en\/wp-json\/wp\/v2\/comments?post=1975"}],"version-history":[{"count":1,"href":"https:\/\/www.laescueladelagua.com\/en\/wp-json\/wp\/v2\/posts\/1975\/revisions"}],"predecessor-version":[{"id":1976,"href":"https:\/\/www.laescueladelagua.com\/en\/wp-json\/wp\/v2\/posts\/1975\/revisions\/1976"}],"wp:featuredmedia":[{"embeddable":true,"href":"https:\/\/www.laescueladelagua.com\/en\/wp-json\/wp\/v2\/media\/1958"}],"wp:attachment":[{"href":"https:\/\/www.laescueladelagua.com\/en\/wp-json\/wp\/v2\/media?parent=1975"}],"wp:term":[{"taxonomy":"category","embeddable":true,"href":"https:\/\/www.laescueladelagua.com\/en\/wp-json\/wp\/v2\/categories?post=1975"},{"taxonomy":"post_tag","embeddable":true,"href":"https:\/\/www.laescueladelagua.com\/en\/wp-json\/wp\/v2\/tags?post=1975"}],"curies":[{"name":"wp","href":"https:\/\/api.w.org\/{rel}","templated":true}]}}