{"id":1979,"date":"2023-07-15T07:45:10","date_gmt":"2023-07-15T07:45:10","guid":{"rendered":"https:\/\/www.laescueladelagua.com\/?p=1979"},"modified":"2023-07-27T07:47:11","modified_gmt":"2023-07-27T07:47:11","slug":"la-educacion-ambiental-todo-el-ano-tambien-en-verano","status":"publish","type":"post","link":"https:\/\/www.laescueladelagua.com\/en\/la-educacion-ambiental-todo-el-ano-tambien-en-verano\/","title":{"rendered":"Environmental education all year round... even in summer!"},"content":{"rendered":"<p>With the end of the school year, environmental education activities often change audience and even context: they leave the classroom and formal correspondence with academic curricula for a few months, and more than ever are put at the service of summer camps, families and people looking for an enriching leisure time in contact with nature.<\/p>\n<p>While this is happening, it is also a good time to compile the work done and take a breath of fresh air and momentum for the next course. We share with you the highlights of this first semester of 2023 in terms of environmental education.<\/p>\n<p>More than 14,000 schoolchildren from all over Spain have received the <a href=\"\/en\/educacion-ambiental\/\" target=\"_blank\" rel=\"noopener\">Aqualogy program<\/a> o various activities in classrooms by the Agbar Group's educational services on the urban cycle, waste and climate change, with the aim of raising awareness among young people and awakening a critical sense towards the preservation of natural resources.<\/p>\n<p>Among the activities for the adult public, the FRESCO workshop sessions on climate change stand out, which aims to raise awareness of the environmental crisis and its consequences on the living world, and to promote the positive impact of each professional in achieving global commitments, setting an example and deploying ecological and transformative solutions.<\/p>\n<p><strong>Between waters, rivers and forests<\/strong><\/p>\n<p>The various environmental education programs managed by Escuela del Agua in natural and open-air sites also continue their course with the arrival of summer.<\/p>\n<p>ARTIKUTZAKO NATURA, promoted by the San Sebastian City Council, offers the general public the opportunity to get to know this privileged landscape located at the headwaters of the A\u00f1arbe River, through its natural values and historical heritage. So far in 2023 more than 120 people have visited the park with a proposal of more than 10 different itineraries and some outings with specialists such as historians, mycologists, ornithologists and herpetologists.<\/p>\n<p>The Aula Did\u00e1ctica de La Grajera, in Logro\u00f1o, Logro\u00f1o, is at the service of all citizens and aims to facilitate knowledge and highlight the environmental value of this lagoon converted into a park accessible to everyone through dynamic itineraries, as well as offering a wide variety of fun and practical workshops to raise awareness among the population about environmental habits and values.<\/p>\n<p><a href=\"https:\/\/www.nilsa.com\/es\/como-educamos\/oferta-educativa\/\" target=\"_blank\" rel=\"noopener\">Nilsa, Navarre of Local Infrastructures<\/a>The workshops, where more than 293 visits have been made to more than 5620 participants with workshops mainly for schoolchildren, tools that allow combining environmental awareness and learning of curricular content. All the workshops develop the theme of water, working on the concepts of the water cycle, responsible use, sustainable management, pollution, purification... The aim is to involve the students by carrying out activities that will make them see the capacity we have to influence the water cycle.<\/p>","protected":false},"excerpt":{"rendered":"<p>With the end of the school year, environmental education activities often change audience and even context: they leave the classroom and formal correspondence with academic curricula for a few months, and more than ever are put at the service of summer camps, families and people looking for an enriching leisure and [...]<\/p>","protected":false},"author":1,"featured_media":1960,"comment_status":"open","ping_status":"open","sticky":false,"template":"","format":"standard","meta":{"footnotes":""},"categories":[51],"tags":[],"class_list":["post-1979","post","type-post","status-publish","format-standard","has-post-thumbnail","hentry","category-educacion-ambiental"],"yoast_head":"<!-- This site is optimized with the Yoast SEO plugin v24.5 - https:\/\/yoast.com\/wordpress\/plugins\/seo\/ -->\r\n<title>La educaci\u00f3n ambiental todo el a\u00f1o\u2026 \u00a1tambi\u00e9n en verano! - Escuela del agua<\/title>\r\n<meta name=\"robots\" content=\"index, follow, max-snippet:-1, max-image-preview:large, max-video-preview:-1\" \/>\r\n<link rel=\"canonical\" href=\"https:\/\/www.laescueladelagua.com\/en\/la-educacion-ambiental-todo-el-ano-tambien-en-verano\/\" \/>\r\n<meta property=\"og:locale\" content=\"en_US\" \/>\r\n<meta property=\"og:type\" content=\"article\" \/>\r\n<meta property=\"og:title\" content=\"La educaci\u00f3n ambiental todo el a\u00f1o\u2026 \u00a1tambi\u00e9n en verano! - Escuela del agua\" \/>\r\n<meta property=\"og:description\" content=\"Con el fin del curso escolar, las actividades de educaci\u00f3n ambiental suelen cambiar de p\u00fablico e incluso de contexto: abandonan las aulas y la correspondencia formal con los curr\u00edculos acad\u00e9micos por unos meses, y m\u00e1s que nunca se ponen al servicio de casales de verano, familias y personas en busca de un ocio enriquecedor y [&hellip;]\" \/>\r\n<meta property=\"og:url\" content=\"https:\/\/www.laescueladelagua.com\/en\/la-educacion-ambiental-todo-el-ano-tambien-en-verano\/\" \/>\r\n<meta property=\"og:site_name\" content=\"Escuela del agua\" \/>\r\n<meta property=\"article:published_time\" content=\"2023-07-15T07:45:10+00:00\" \/>\r\n<meta property=\"article:modified_time\" content=\"2023-07-27T07:47:11+00:00\" \/>\r\n<meta property=\"og:image\" content=\"https:\/\/www.laescueladelagua.com\/wp-content\/uploads\/2023\/07\/article-51-e1698071396345.png\" \/>\r\n\t<meta property=\"og:image:width\" content=\"800\" \/>\r\n\t<meta property=\"og:image:height\" content=\"339\" \/>\r\n\t<meta property=\"og:image:type\" content=\"image\/png\" \/>\r\n<meta name=\"author\" content=\"adminusr\" \/>\r\n<meta name=\"twitter:card\" content=\"summary_large_image\" \/>\r\n<meta name=\"twitter:label1\" content=\"Written by\" \/>\n\t<meta name=\"twitter:data1\" content=\"adminusr\" \/>\n\t<meta name=\"twitter:label2\" content=\"Est. reading time\" \/>\n\t<meta name=\"twitter:data2\" content=\"3 minutes\" \/>\r\n<script type=\"application\/ld+json\" class=\"yoast-schema-graph\">{\"@context\":\"https:\/\/schema.org\",\"@graph\":[{\"@type\":\"Article\",\"@id\":\"https:\/\/www.laescueladelagua.com\/la-educacion-ambiental-todo-el-ano-tambien-en-verano\/#article\",\"isPartOf\":{\"@id\":\"https:\/\/www.laescueladelagua.com\/la-educacion-ambiental-todo-el-ano-tambien-en-verano\/\"},\"author\":{\"name\":\"adminusr\",\"@id\":\"https:\/\/wapwebedapro01.azurewebsites.net\/#\/schema\/person\/dd1649223e405b6f9eb82e8f6798f241\"},\"headline\":\"La educaci\u00f3n ambiental todo el a\u00f1o\u2026 \u00a1tambi\u00e9n en verano!\",\"datePublished\":\"2023-07-15T07:45:10+00:00\",\"dateModified\":\"2023-07-27T07:47:11+00:00\",\"mainEntityOfPage\":{\"@id\":\"https:\/\/www.laescueladelagua.com\/la-educacion-ambiental-todo-el-ano-tambien-en-verano\/\"},\"wordCount\":524,\"commentCount\":0,\"publisher\":{\"@id\":\"https:\/\/wapwebedapro01.azurewebsites.net\/#organization\"},\"image\":{\"@id\":\"https:\/\/www.laescueladelagua.com\/la-educacion-ambiental-todo-el-ano-tambien-en-verano\/#primaryimage\"},\"thumbnailUrl\":\"\/wp-content\/uploads\/2023\/07\/article-51-e1698071396345.png\",\"articleSection\":[\"Educaci\u00f3n ambiental\"],\"inLanguage\":\"en-US\",\"potentialAction\":[{\"@type\":\"CommentAction\",\"name\":\"Comment\",\"target\":[\"https:\/\/www.laescueladelagua.com\/la-educacion-ambiental-todo-el-ano-tambien-en-verano\/#respond\"]}]},{\"@type\":\"WebPage\",\"@id\":\"https:\/\/www.laescueladelagua.com\/la-educacion-ambiental-todo-el-ano-tambien-en-verano\/\",\"url\":\"https:\/\/www.laescueladelagua.com\/la-educacion-ambiental-todo-el-ano-tambien-en-verano\/\",\"name\":\"La educaci\u00f3n ambiental todo el a\u00f1o\u2026 \u00a1tambi\u00e9n en verano! - Escuela del agua\",\"isPartOf\":{\"@id\":\"https:\/\/wapwebedapro01.azurewebsites.net\/#website\"},\"primaryImageOfPage\":{\"@id\":\"https:\/\/www.laescueladelagua.com\/la-educacion-ambiental-todo-el-ano-tambien-en-verano\/#primaryimage\"},\"image\":{\"@id\":\"https:\/\/www.laescueladelagua.com\/la-educacion-ambiental-todo-el-ano-tambien-en-verano\/#primaryimage\"},\"thumbnailUrl\":\"\/wp-content\/uploads\/2023\/07\/article-51-e1698071396345.png\",\"datePublished\":\"2023-07-15T07:45:10+00:00\",\"dateModified\":\"2023-07-27T07:47:11+00:00\",\"breadcrumb\":{\"@id\":\"https:\/\/www.laescueladelagua.com\/la-educacion-ambiental-todo-el-ano-tambien-en-verano\/#breadcrumb\"},\"inLanguage\":\"en-US\",\"potentialAction\":[{\"@type\":\"ReadAction\",\"target\":[\"https:\/\/www.laescueladelagua.com\/la-educacion-ambiental-todo-el-ano-tambien-en-verano\/\"]}]},{\"@type\":\"ImageObject\",\"inLanguage\":\"en-US\",\"@id\":\"https:\/\/www.laescueladelagua.com\/la-educacion-ambiental-todo-el-ano-tambien-en-verano\/#primaryimage\",\"url\":\"\/wp-content\/uploads\/2023\/07\/article-51-e1698071396345.png\",\"contentUrl\":\"\/wp-content\/uploads\/2023\/07\/article-51-e1698071396345.png\",\"width\":800,\"height\":339},{\"@type\":\"BreadcrumbList\",\"@id\":\"https:\/\/www.laescueladelagua.com\/la-educacion-ambiental-todo-el-ano-tambien-en-verano\/#breadcrumb\",\"itemListElement\":[{\"@type\":\"ListItem\",\"position\":1,\"name\":\"Home\",\"item\":\"https:\/\/wapwebedapro01.azurewebsites.net\/\"},{\"@type\":\"ListItem\",\"position\":2,\"name\":\"La educaci\u00f3n ambiental todo el a\u00f1o\u2026 \u00a1tambi\u00e9n en verano!\"}]},{\"@type\":\"WebSite\",\"@id\":\"https:\/\/wapwebedapro01.azurewebsites.net\/#website\",\"url\":\"https:\/\/wapwebedapro01.azurewebsites.net\/\",\"name\":\"Escuela del agua\",\"description\":\"\",\"publisher\":{\"@id\":\"https:\/\/wapwebedapro01.azurewebsites.net\/#organization\"},\"potentialAction\":[{\"@type\":\"SearchAction\",\"target\":{\"@type\":\"EntryPoint\",\"urlTemplate\":\"https:\/\/wapwebedapro01.azurewebsites.net\/?s={search_term_string}\"},\"query-input\":{\"@type\":\"PropertyValueSpecification\",\"valueRequired\":true,\"valueName\":\"search_term_string\"}}],\"inLanguage\":\"en-US\"},{\"@type\":\"Organization\",\"@id\":\"https:\/\/wapwebedapro01.azurewebsites.net\/#organization\",\"name\":\"Escuela del agua\",\"url\":\"https:\/\/wapwebedapro01.azurewebsites.net\/\",\"logo\":{\"@type\":\"ImageObject\",\"inLanguage\":\"en-US\",\"@id\":\"https:\/\/wapwebedapro01.azurewebsites.net\/#\/schema\/logo\/image\/\",\"url\":\"\/wp-content\/uploads\/2023\/08\/logo_EscueladelAgua_mod.1.1_150px.png\",\"contentUrl\":\"\/wp-content\/uploads\/2023\/08\/logo_EscueladelAgua_mod.1.1_150px.png\",\"width\":150,\"height\":90,\"caption\":\"Escuela del agua\"},\"image\":{\"@id\":\"https:\/\/wapwebedapro01.azurewebsites.net\/#\/schema\/logo\/image\/\"}},{\"@type\":\"Person\",\"@id\":\"https:\/\/wapwebedapro01.azurewebsites.net\/#\/schema\/person\/dd1649223e405b6f9eb82e8f6798f241\",\"name\":\"adminusr\",\"image\":{\"@type\":\"ImageObject\",\"inLanguage\":\"en-US\",\"@id\":\"https:\/\/wapwebedapro01.azurewebsites.net\/#\/schema\/person\/image\/\",\"url\":\"https:\/\/secure.gravatar.com\/avatar\/0faaa87907e163fd330069f117adf408?s=96&d=mm&r=g\",\"contentUrl\":\"https:\/\/secure.gravatar.com\/avatar\/0faaa87907e163fd330069f117adf408?s=96&d=mm&r=g\",\"caption\":\"adminusr\"},\"sameAs\":[\"https:\/\/www.laescueladelagua.com\"],\"url\":\"https:\/\/www.laescueladelagua.com\/en\/author\/adminusr\/\"}]}<\/script>\r\n<!-- \/ Yoast SEO plugin. -->","yoast_head_json":{"title":"La educaci\u00f3n ambiental todo el a\u00f1o\u2026 \u00a1tambi\u00e9n en verano! - Escuela del agua","robots":{"index":"index","follow":"follow","max-snippet":"max-snippet:-1","max-image-preview":"max-image-preview:large","max-video-preview":"max-video-preview:-1"},"canonical":"https:\/\/www.laescueladelagua.com\/en\/la-educacion-ambiental-todo-el-ano-tambien-en-verano\/","og_locale":"en_US","og_type":"article","og_title":"La educaci\u00f3n ambiental todo el a\u00f1o\u2026 \u00a1tambi\u00e9n en verano! - Escuela del agua","og_description":"Con el fin del curso escolar, las actividades de educaci\u00f3n ambiental suelen cambiar de p\u00fablico e incluso de contexto: abandonan las aulas y la correspondencia formal con los curr\u00edculos acad\u00e9micos por unos meses, y m\u00e1s que nunca se ponen al servicio de casales de verano, familias y personas en busca de un ocio enriquecedor y [&hellip;]","og_url":"https:\/\/www.laescueladelagua.com\/en\/la-educacion-ambiental-todo-el-ano-tambien-en-verano\/","og_site_name":"Escuela del agua","article_published_time":"2023-07-15T07:45:10+00:00","article_modified_time":"2023-07-27T07:47:11+00:00","og_image":[{"width":800,"height":339,"url":"https:\/\/www.laescueladelagua.com\/wp-content\/uploads\/2023\/07\/article-51-e1698071396345.png","type":"image\/png"}],"author":"adminusr","twitter_card":"summary_large_image","twitter_misc":{"Written by":"adminusr","Est. reading time":"3 minutes"},"schema":{"@context":"https:\/\/schema.org","@graph":[{"@type":"Article","@id":"https:\/\/www.laescueladelagua.com\/la-educacion-ambiental-todo-el-ano-tambien-en-verano\/#article","isPartOf":{"@id":"https:\/\/www.laescueladelagua.com\/la-educacion-ambiental-todo-el-ano-tambien-en-verano\/"},"author":{"name":"adminusr","@id":"https:\/\/wapwebedapro01.azurewebsites.net\/#\/schema\/person\/dd1649223e405b6f9eb82e8f6798f241"},"headline":"La educaci\u00f3n ambiental todo el a\u00f1o\u2026 \u00a1tambi\u00e9n en verano!","datePublished":"2023-07-15T07:45:10+00:00","dateModified":"2023-07-27T07:47:11+00:00","mainEntityOfPage":{"@id":"https:\/\/www.laescueladelagua.com\/la-educacion-ambiental-todo-el-ano-tambien-en-verano\/"},"wordCount":524,"commentCount":0,"publisher":{"@id":"https:\/\/wapwebedapro01.azurewebsites.net\/#organization"},"image":{"@id":"https:\/\/www.laescueladelagua.com\/la-educacion-ambiental-todo-el-ano-tambien-en-verano\/#primaryimage"},"thumbnailUrl":"\/wp-content\/uploads\/2023\/07\/article-51-e1698071396345.png","articleSection":["Educaci\u00f3n ambiental"],"inLanguage":"en-US","potentialAction":[{"@type":"CommentAction","name":"Comment","target":["https:\/\/www.laescueladelagua.com\/la-educacion-ambiental-todo-el-ano-tambien-en-verano\/#respond"]}]},{"@type":"WebPage","@id":"https:\/\/www.laescueladelagua.com\/la-educacion-ambiental-todo-el-ano-tambien-en-verano\/","url":"https:\/\/www.laescueladelagua.com\/la-educacion-ambiental-todo-el-ano-tambien-en-verano\/","name":"La educaci\u00f3n ambiental todo el a\u00f1o\u2026 \u00a1tambi\u00e9n en verano! - Escuela del agua","isPartOf":{"@id":"https:\/\/wapwebedapro01.azurewebsites.net\/#website"},"primaryImageOfPage":{"@id":"https:\/\/www.laescueladelagua.com\/la-educacion-ambiental-todo-el-ano-tambien-en-verano\/#primaryimage"},"image":{"@id":"https:\/\/www.laescueladelagua.com\/la-educacion-ambiental-todo-el-ano-tambien-en-verano\/#primaryimage"},"thumbnailUrl":"\/wp-content\/uploads\/2023\/07\/article-51-e1698071396345.png","datePublished":"2023-07-15T07:45:10+00:00","dateModified":"2023-07-27T07:47:11+00:00","breadcrumb":{"@id":"https:\/\/www.laescueladelagua.com\/la-educacion-ambiental-todo-el-ano-tambien-en-verano\/#breadcrumb"},"inLanguage":"en-US","potentialAction":[{"@type":"ReadAction","target":["https:\/\/www.laescueladelagua.com\/la-educacion-ambiental-todo-el-ano-tambien-en-verano\/"]}]},{"@type":"ImageObject","inLanguage":"en-US","@id":"https:\/\/www.laescueladelagua.com\/la-educacion-ambiental-todo-el-ano-tambien-en-verano\/#primaryimage","url":"\/wp-content\/uploads\/2023\/07\/article-51-e1698071396345.png","contentUrl":"\/wp-content\/uploads\/2023\/07\/article-51-e1698071396345.png","width":800,"height":339},{"@type":"BreadcrumbList","@id":"https:\/\/www.laescueladelagua.com\/la-educacion-ambiental-todo-el-ano-tambien-en-verano\/#breadcrumb","itemListElement":[{"@type":"ListItem","position":1,"name":"Home","item":"https:\/\/wapwebedapro01.azurewebsites.net\/"},{"@type":"ListItem","position":2,"name":"La educaci\u00f3n ambiental todo el a\u00f1o\u2026 \u00a1tambi\u00e9n en verano!"}]},{"@type":"WebSite","@id":"https:\/\/wapwebedapro01.azurewebsites.net\/#website","url":"https:\/\/wapwebedapro01.azurewebsites.net\/","name":"Escuela del agua","description":"","publisher":{"@id":"https:\/\/wapwebedapro01.azurewebsites.net\/#organization"},"potentialAction":[{"@type":"SearchAction","target":{"@type":"EntryPoint","urlTemplate":"https:\/\/wapwebedapro01.azurewebsites.net\/?s={search_term_string}"},"query-input":{"@type":"PropertyValueSpecification","valueRequired":true,"valueName":"search_term_string"}}],"inLanguage":"en-US"},{"@type":"Organization","@id":"https:\/\/wapwebedapro01.azurewebsites.net\/#organization","name":"Escuela del agua","url":"https:\/\/wapwebedapro01.azurewebsites.net\/","logo":{"@type":"ImageObject","inLanguage":"en-US","@id":"https:\/\/wapwebedapro01.azurewebsites.net\/#\/schema\/logo\/image\/","url":"\/wp-content\/uploads\/2023\/08\/logo_EscueladelAgua_mod.1.1_150px.png","contentUrl":"\/wp-content\/uploads\/2023\/08\/logo_EscueladelAgua_mod.1.1_150px.png","width":150,"height":90,"caption":"Escuela del agua"},"image":{"@id":"https:\/\/wapwebedapro01.azurewebsites.net\/#\/schema\/logo\/image\/"}},{"@type":"Person","@id":"https:\/\/wapwebedapro01.azurewebsites.net\/#\/schema\/person\/dd1649223e405b6f9eb82e8f6798f241","name":"adminusr","image":{"@type":"ImageObject","inLanguage":"en-US","@id":"https:\/\/wapwebedapro01.azurewebsites.net\/#\/schema\/person\/image\/","url":"https:\/\/secure.gravatar.com\/avatar\/0faaa87907e163fd330069f117adf408?s=96&d=mm&r=g","contentUrl":"https:\/\/secure.gravatar.com\/avatar\/0faaa87907e163fd330069f117adf408?s=96&d=mm&r=g","caption":"adminusr"},"sameAs":["https:\/\/www.laescueladelagua.com"],"url":"https:\/\/www.laescueladelagua.com\/en\/author\/adminusr\/"}]}},"meta_box":[],"_links":{"self":[{"href":"https:\/\/www.laescueladelagua.com\/en\/wp-json\/wp\/v2\/posts\/1979","targetHints":{"allow":["GET"]}}],"collection":[{"href":"https:\/\/www.laescueladelagua.com\/en\/wp-json\/wp\/v2\/posts"}],"about":[{"href":"https:\/\/www.laescueladelagua.com\/en\/wp-json\/wp\/v2\/types\/post"}],"author":[{"embeddable":true,"href":"https:\/\/www.laescueladelagua.com\/en\/wp-json\/wp\/v2\/users\/1"}],"replies":[{"embeddable":true,"href":"https:\/\/www.laescueladelagua.com\/en\/wp-json\/wp\/v2\/comments?post=1979"}],"version-history":[{"count":1,"href":"https:\/\/www.laescueladelagua.com\/en\/wp-json\/wp\/v2\/posts\/1979\/revisions"}],"predecessor-version":[{"id":1980,"href":"https:\/\/www.laescueladelagua.com\/en\/wp-json\/wp\/v2\/posts\/1979\/revisions\/1980"}],"wp:featuredmedia":[{"embeddable":true,"href":"https:\/\/www.laescueladelagua.com\/en\/wp-json\/wp\/v2\/media\/1960"}],"wp:attachment":[{"href":"https:\/\/www.laescueladelagua.com\/en\/wp-json\/wp\/v2\/media?parent=1979"}],"wp:term":[{"taxonomy":"category","embeddable":true,"href":"https:\/\/www.laescueladelagua.com\/en\/wp-json\/wp\/v2\/categories?post=1979"},{"taxonomy":"post_tag","embeddable":true,"href":"https:\/\/www.laescueladelagua.com\/en\/wp-json\/wp\/v2\/tags?post=1979"}],"curies":[{"name":"wp","href":"https:\/\/api.w.org\/{rel}","templated":true}]}}