{"id":2569,"date":"2024-01-26T10:28:27","date_gmt":"2024-01-26T10:28:27","guid":{"rendered":"https:\/\/www.laescueladelagua.com\/?p=2569"},"modified":"2024-01-26T11:11:33","modified_gmt":"2024-01-26T11:11:33","slug":"construyendo-juntos-un-futuro-verde","status":"publish","type":"post","link":"https:\/\/www.laescueladelagua.com\/en\/construyendo-juntos-un-futuro-verde\/","title":{"rendered":"Building a green future together!"},"content":{"rendered":"<p><span style=\"font-weight: 400;\">Today, January 26, we join the celebration of World Environmental Education Day. <\/span><span style=\"font-weight: 400;\">At the Water School, we believe in the importance of environmental education to build a better future, and on this significant day we want to reflect with Eire Ruiz, environmental education coordinator, about our commitment to the well-being of the environment through education environmental.<\/span><\/p>\n<p>&nbsp;<\/p>\n<p><span style=\"color: #3366ff;\"><b><i>Eire, How would you describe the importance of environmental education in the mission of the Water School?<\/i><\/b><\/span><\/p>\n<p><span style=\"font-weight: 400;\">Environmental education is essential for <\/span><b>accompany and guide people in the challenges that climate change and pollution<\/b><span style=\"font-weight: 400;\"> they are presenting. Furthermore, it is part of our purpose, promoting the group&#039;s commitment to become a benchmark in ecological transformation. At Escuela del Agua, we not only seek to transmit knowledge, but also <\/span><b>inspire people to know and connect with their environment<\/b><span style=\"font-weight: 400;\">. It is an essential tool for<\/span><b> form conscious and responsible citizens with their environment and its preservation<\/b><span style=\"font-weight: 400;\">. In general, we carry out pedagogical work with impactful, significant and transformative experiences.<\/span><\/p>\n<p><img fetchpriority=\"high\" decoding=\"async\" class=\"size-medium wp-image-2576 alignleft\" src=\"\/wp-content\/uploads\/2024\/01\/agbar221017_118-scaled-e1706264999109-300x246.jpg\" alt=\"\" width=\"300\" height=\"246\" srcset=\"\/wp-content\/uploads\/2024\/01\/agbar221017_118-scaled-e1706264999109-300x246.jpg 300w, \/wp-content\/uploads\/2024\/01\/agbar221017_118-scaled-e1706264999109-1024x839.jpg 1024w, \/wp-content\/uploads\/2024\/01\/agbar221017_118-scaled-e1706264999109-768x629.jpg 768w, \/wp-content\/uploads\/2024\/01\/agbar221017_118-scaled-e1706264999109-15x12.jpg 15w, \/wp-content\/uploads\/2024\/01\/agbar221017_118-scaled-e1706264999109-600x492.jpg 600w, \/wp-content\/uploads\/2024\/01\/agbar221017_118-scaled-e1706264999109.jpg 1510w\" sizes=\"(max-width: 300px) 100vw, 300px\" \/><\/p>\n<p><b style=\"color: #3366ff;\"><i>As you mention, the Water School actively participates in various environmental education programs. What are they and in what different contexts do they intervene?<\/i><\/b><\/p>\n<p><span style=\"font-weight: 400;\">Diversity is the key. The Water School actively participates in different environmental education programs that cover a wide variety of contexts, with programs, activities, informative campaigns and museum projects that we carry out in facilities, treatment plants, educational centers, in nature or from the other. side of the screen we raise awareness and sensitize citizens. Currently, we have programs in place for different audiences (schoolchildren, general citizens, professionals...), in different places, with different themes (comprehensive water cycle, biodiversity, protection of natural resources and climate change) and methodologies but Our objective remains the same, to serve as a tool for change in the current environmental situation.<\/span><\/p>\n<p><span style=\"font-weight: 400;\">Since 2014 through <\/span><b>Aqualogy program<\/b><span style=\"font-weight: 400;\">, which we update with the latest trends, AGBAR makes a teaching tool available to the educational community with activities that bring the water cycle and awareness of environmental problems closer. We carry it out throughout the territory and every year more than 7,000 schoolchildren participate.<\/span><\/p>\n<p><span style=\"font-weight: 400;\">In Logro\u00f1o every weekend you can find us in La Grajera, managing the teaching classroom of the <\/span><b>Logro\u00f1o City Council<\/b><span style=\"font-weight: 400;\">, where we carry out environmental education workshops with guided tours to learn more about biodiversity, the challenges and the solutions we can provide.\u00a0<\/span><\/p>\n<p><span style=\"font-weight: 400;\">A little further north in Artikutza within the <\/span><b>Artikutza Natura program of the San Sebasti\u00e1n City Council<\/b><span style=\"font-weight: 400;\"> We tour the forests and valleys and cross the rivers and regattas to better understand the importance of conserving natural spaces. We also tour the rest of Navarra with the NILSA educational program, visiting water treatment plants, ideal places to convey to schoolchildren the importance of protecting water, a resource that increasingly presents more challenges.\u00a0<\/span><\/p>\n<p><span style=\"font-weight: 400;\">We also carry out other programs, master&#039;s and postgraduate degrees, activities, informative campaigns and museum projects for environmental education, as well as sessions with professionals in the sector. In the last 10 years, more than 230,000 people have participated in one of the programs!<\/span><\/p>\n<p><span style=\"color: #3366ff;\"><b><i>Eire, How would you encourage people to take those small steps towards a more sustainable lifestyle?<\/i><\/b><\/span><\/p>\n<p><span style=\"font-weight: 400;\">The first thing is <\/span><b>finding the motivation, the reason why we must reduce our impact, that is what will make the difference<\/b><span style=\"font-weight: 400;\">. From there, setting goals and achieving objectives is easier. Start with small daily actions and gradually include sustainability criteria in all fields. From reducing daily water consumption to supporting local initiatives. Every small gesture adds up and helps build a more sustainable future for our planet. It&#039;s about adopting conscious habits that, over time, become powerful tools.<\/span><\/p>\n<p><span style=\"font-weight: 400;\">In summary, the Water School is proud of its commitment to environmental education, reflected in programs such as Aqualogy, the Grajera Didactic Classroom, Artikutza Natura and the NILSA educational program. These initiatives aim to inspire thousands of people each year to understand and value the importance of preserving our environment.\u00a0<\/span><\/p>\n<p><span style=\"font-weight: 400;\">So now you know, join the green wave with the Water School and let&#039;s celebrate this special day together!\u00a0<\/span><\/p>\n<p><img decoding=\"async\" class=\"wp-image-2572 alignleft\" src=\"\/wp-content\/uploads\/2024\/01\/IMG-20190531-WA0025-300x225.jpg\" alt=\"\" width=\"297\" height=\"223\" srcset=\"\/wp-content\/uploads\/2024\/01\/IMG-20190531-WA0025-300x225.jpg 300w, \/wp-content\/uploads\/2024\/01\/IMG-20190531-WA0025-1024x768.jpg 1024w, \/wp-content\/uploads\/2024\/01\/IMG-20190531-WA0025-768x576.jpg 768w, \/wp-content\/uploads\/2024\/01\/IMG-20190531-WA0025-1536x1152.jpg 1536w, \/wp-content\/uploads\/2024\/01\/IMG-20190531-WA0025-16x12.jpg 16w, \/wp-content\/uploads\/2024\/01\/IMG-20190531-WA0025-600x450.jpg 600w, \/wp-content\/uploads\/2024\/01\/IMG-20190531-WA0025.jpg 1600w\" sizes=\"(max-width: 297px) 100vw, 297px\" \/><\/p>","protected":false},"excerpt":{"rendered":"<p>Today, January 26, we join the celebration of World Environmental Education Day. At the Water School, we believe in the importance of environmental education to build a better future, and on this significant day we want to reflect with Eire Ruiz, environmental education coordinator, on our commitment to the well-being of the [\u2026]<\/p>","protected":false},"author":4,"featured_media":2570,"comment_status":"open","ping_status":"open","sticky":false,"template":"","format":"standard","meta":{"footnotes":""},"categories":[51],"tags":[],"class_list":["post-2569","post","type-post","status-publish","format-standard","has-post-thumbnail","hentry","category-educacion-ambiental"],"yoast_head":"<!-- This site is optimized with the Yoast SEO plugin v24.5 - https:\/\/yoast.com\/wordpress\/plugins\/seo\/ -->\r\n<title>\u00a1Construyendo juntos un futuro verde! - Escuela del agua<\/title>\r\n<meta name=\"robots\" content=\"index, follow, max-snippet:-1, max-image-preview:large, max-video-preview:-1\" \/>\r\n<link rel=\"canonical\" href=\"https:\/\/www.laescueladelagua.com\/en\/construyendo-juntos-un-futuro-verde\/\" \/>\r\n<meta property=\"og:locale\" content=\"en_US\" \/>\r\n<meta property=\"og:type\" content=\"article\" \/>\r\n<meta property=\"og:title\" content=\"\u00a1Construyendo juntos un futuro verde! - Escuela del agua\" \/>\r\n<meta property=\"og:description\" content=\"Hoy, 26 de enero, nos unimos a la celebraci\u00f3n del D\u00eda Mundial de la Educaci\u00f3n Ambiental. En la Escuela del Agua, creemos en la importancia de la educaci\u00f3n ambiental para construir un futuro mejor, y en este d\u00eda tan significativo queremos reflexionar con Eire Ruiz, coordinadora educaci\u00f3n ambiental, sobre nuestro compromiso con el bienestar del [&hellip;]\" \/>\r\n<meta property=\"og:url\" content=\"https:\/\/www.laescueladelagua.com\/en\/construyendo-juntos-un-futuro-verde\/\" \/>\r\n<meta property=\"og:site_name\" content=\"Escuela del agua\" \/>\r\n<meta property=\"article:published_time\" content=\"2024-01-26T10:28:27+00:00\" \/>\r\n<meta property=\"article:modified_time\" content=\"2024-01-26T11:11:33+00:00\" \/>\r\n<meta property=\"og:image\" content=\"https:\/\/www.laescueladelagua.com\/wp-content\/uploads\/2024\/01\/IMG-20200126-WA0037-e1706187366153.jpg\" \/>\r\n\t<meta property=\"og:image:width\" content=\"1405\" \/>\r\n\t<meta property=\"og:image:height\" content=\"765\" \/>\r\n\t<meta property=\"og:image:type\" content=\"image\/jpeg\" \/>\r\n<meta name=\"author\" content=\"Montserrat Llonch\" \/>\r\n<meta name=\"twitter:card\" content=\"summary_large_image\" \/>\r\n<meta name=\"twitter:label1\" content=\"Written by\" \/>\n\t<meta name=\"twitter:data1\" content=\"Montserrat Llonch\" \/>\n\t<meta name=\"twitter:label2\" content=\"Est. reading time\" \/>\n\t<meta name=\"twitter:data2\" content=\"4 minutes\" \/>\r\n<script type=\"application\/ld+json\" class=\"yoast-schema-graph\">{\"@context\":\"https:\/\/schema.org\",\"@graph\":[{\"@type\":\"Article\",\"@id\":\"https:\/\/www.laescueladelagua.com\/en\/construyendo-juntos-un-futuro-verde\/#article\",\"isPartOf\":{\"@id\":\"https:\/\/www.laescueladelagua.com\/en\/construyendo-juntos-un-futuro-verde\/\"},\"author\":{\"name\":\"Montserrat Llonch\",\"@id\":\"https:\/\/wapwebedapro01.azurewebsites.net\/#\/schema\/person\/286c08b1e29fd42fbbc73e82bc423a0b\"},\"headline\":\"\u00a1Construyendo juntos un futuro verde!\",\"datePublished\":\"2024-01-26T10:28:27+00:00\",\"dateModified\":\"2024-01-26T11:11:33+00:00\",\"mainEntityOfPage\":{\"@id\":\"https:\/\/www.laescueladelagua.com\/en\/construyendo-juntos-un-futuro-verde\/\"},\"wordCount\":797,\"commentCount\":0,\"publisher\":{\"@id\":\"https:\/\/wapwebedapro01.azurewebsites.net\/#organization\"},\"image\":{\"@id\":\"https:\/\/www.laescueladelagua.com\/en\/construyendo-juntos-un-futuro-verde\/#primaryimage\"},\"thumbnailUrl\":\"\/wp-content\/uploads\/2024\/01\/IMG-20200126-WA0037-e1706187366153.jpg\",\"articleSection\":[\"Educaci\u00f3n ambiental\"],\"inLanguage\":\"en-US\",\"potentialAction\":[{\"@type\":\"CommentAction\",\"name\":\"Comment\",\"target\":[\"https:\/\/www.laescueladelagua.com\/en\/construyendo-juntos-un-futuro-verde\/#respond\"]}]},{\"@type\":\"WebPage\",\"@id\":\"https:\/\/www.laescueladelagua.com\/en\/construyendo-juntos-un-futuro-verde\/\",\"url\":\"https:\/\/www.laescueladelagua.com\/en\/construyendo-juntos-un-futuro-verde\/\",\"name\":\"\u00a1Construyendo juntos un futuro verde! - Escuela del agua\",\"isPartOf\":{\"@id\":\"https:\/\/wapwebedapro01.azurewebsites.net\/#website\"},\"primaryImageOfPage\":{\"@id\":\"https:\/\/www.laescueladelagua.com\/en\/construyendo-juntos-un-futuro-verde\/#primaryimage\"},\"image\":{\"@id\":\"https:\/\/www.laescueladelagua.com\/en\/construyendo-juntos-un-futuro-verde\/#primaryimage\"},\"thumbnailUrl\":\"\/wp-content\/uploads\/2024\/01\/IMG-20200126-WA0037-e1706187366153.jpg\",\"datePublished\":\"2024-01-26T10:28:27+00:00\",\"dateModified\":\"2024-01-26T11:11:33+00:00\",\"breadcrumb\":{\"@id\":\"https:\/\/www.laescueladelagua.com\/en\/construyendo-juntos-un-futuro-verde\/#breadcrumb\"},\"inLanguage\":\"en-US\",\"potentialAction\":[{\"@type\":\"ReadAction\",\"target\":[\"https:\/\/www.laescueladelagua.com\/en\/construyendo-juntos-un-futuro-verde\/\"]}]},{\"@type\":\"ImageObject\",\"inLanguage\":\"en-US\",\"@id\":\"https:\/\/www.laescueladelagua.com\/en\/construyendo-juntos-un-futuro-verde\/#primaryimage\",\"url\":\"\/wp-content\/uploads\/2024\/01\/IMG-20200126-WA0037-e1706187366153.jpg\",\"contentUrl\":\"\/wp-content\/uploads\/2024\/01\/IMG-20200126-WA0037-e1706187366153.jpg\",\"width\":1405,\"height\":765},{\"@type\":\"BreadcrumbList\",\"@id\":\"https:\/\/www.laescueladelagua.com\/en\/construyendo-juntos-un-futuro-verde\/#breadcrumb\",\"itemListElement\":[{\"@type\":\"ListItem\",\"position\":1,\"name\":\"Home\",\"item\":\"https:\/\/wapwebedapro01.azurewebsites.net\/\"},{\"@type\":\"ListItem\",\"position\":2,\"name\":\"\u00a1Construyendo juntos un futuro verde!\"}]},{\"@type\":\"WebSite\",\"@id\":\"https:\/\/wapwebedapro01.azurewebsites.net\/#website\",\"url\":\"https:\/\/wapwebedapro01.azurewebsites.net\/\",\"name\":\"Escuela del agua\",\"description\":\"\",\"publisher\":{\"@id\":\"https:\/\/wapwebedapro01.azurewebsites.net\/#organization\"},\"potentialAction\":[{\"@type\":\"SearchAction\",\"target\":{\"@type\":\"EntryPoint\",\"urlTemplate\":\"https:\/\/wapwebedapro01.azurewebsites.net\/?s={search_term_string}\"},\"query-input\":{\"@type\":\"PropertyValueSpecification\",\"valueRequired\":true,\"valueName\":\"search_term_string\"}}],\"inLanguage\":\"en-US\"},{\"@type\":\"Organization\",\"@id\":\"https:\/\/wapwebedapro01.azurewebsites.net\/#organization\",\"name\":\"Escuela del agua\",\"url\":\"https:\/\/wapwebedapro01.azurewebsites.net\/\",\"logo\":{\"@type\":\"ImageObject\",\"inLanguage\":\"en-US\",\"@id\":\"https:\/\/wapwebedapro01.azurewebsites.net\/#\/schema\/logo\/image\/\",\"url\":\"\/wp-content\/uploads\/2023\/08\/logo_EscueladelAgua_mod.1.1_150px.png\",\"contentUrl\":\"\/wp-content\/uploads\/2023\/08\/logo_EscueladelAgua_mod.1.1_150px.png\",\"width\":150,\"height\":90,\"caption\":\"Escuela del agua\"},\"image\":{\"@id\":\"https:\/\/wapwebedapro01.azurewebsites.net\/#\/schema\/logo\/image\/\"}},{\"@type\":\"Person\",\"@id\":\"https:\/\/wapwebedapro01.azurewebsites.net\/#\/schema\/person\/286c08b1e29fd42fbbc73e82bc423a0b\",\"name\":\"Montserrat Llonch\",\"image\":{\"@type\":\"ImageObject\",\"inLanguage\":\"en-US\",\"@id\":\"https:\/\/wapwebedapro01.azurewebsites.net\/#\/schema\/person\/image\/\",\"url\":\"https:\/\/secure.gravatar.com\/avatar\/241350018ba1baa8f2ad2c0f25b8dd2e?s=96&d=mm&r=g\",\"contentUrl\":\"https:\/\/secure.gravatar.com\/avatar\/241350018ba1baa8f2ad2c0f25b8dd2e?s=96&d=mm&r=g\",\"caption\":\"Montserrat Llonch\"},\"url\":\"https:\/\/www.laescueladelagua.com\/en\/author\/montse-llonch\/\"}]}<\/script>\r\n<!-- \/ Yoast SEO plugin. -->","yoast_head_json":{"title":"\u00a1Construyendo juntos un futuro verde! - Escuela del agua","robots":{"index":"index","follow":"follow","max-snippet":"max-snippet:-1","max-image-preview":"max-image-preview:large","max-video-preview":"max-video-preview:-1"},"canonical":"https:\/\/www.laescueladelagua.com\/en\/construyendo-juntos-un-futuro-verde\/","og_locale":"en_US","og_type":"article","og_title":"\u00a1Construyendo juntos un futuro verde! - Escuela del agua","og_description":"Hoy, 26 de enero, nos unimos a la celebraci\u00f3n del D\u00eda Mundial de la Educaci\u00f3n Ambiental. En la Escuela del Agua, creemos en la importancia de la educaci\u00f3n ambiental para construir un futuro mejor, y en este d\u00eda tan significativo queremos reflexionar con Eire Ruiz, coordinadora educaci\u00f3n ambiental, sobre nuestro compromiso con el bienestar del [&hellip;]","og_url":"https:\/\/www.laescueladelagua.com\/en\/construyendo-juntos-un-futuro-verde\/","og_site_name":"Escuela del agua","article_published_time":"2024-01-26T10:28:27+00:00","article_modified_time":"2024-01-26T11:11:33+00:00","og_image":[{"width":1405,"height":765,"url":"https:\/\/www.laescueladelagua.com\/wp-content\/uploads\/2024\/01\/IMG-20200126-WA0037-e1706187366153.jpg","type":"image\/jpeg"}],"author":"Montserrat Llonch","twitter_card":"summary_large_image","twitter_misc":{"Written by":"Montserrat Llonch","Est. reading time":"4 minutes"},"schema":{"@context":"https:\/\/schema.org","@graph":[{"@type":"Article","@id":"https:\/\/www.laescueladelagua.com\/en\/construyendo-juntos-un-futuro-verde\/#article","isPartOf":{"@id":"https:\/\/www.laescueladelagua.com\/en\/construyendo-juntos-un-futuro-verde\/"},"author":{"name":"Montserrat Llonch","@id":"https:\/\/wapwebedapro01.azurewebsites.net\/#\/schema\/person\/286c08b1e29fd42fbbc73e82bc423a0b"},"headline":"\u00a1Construyendo juntos un futuro verde!","datePublished":"2024-01-26T10:28:27+00:00","dateModified":"2024-01-26T11:11:33+00:00","mainEntityOfPage":{"@id":"https:\/\/www.laescueladelagua.com\/en\/construyendo-juntos-un-futuro-verde\/"},"wordCount":797,"commentCount":0,"publisher":{"@id":"https:\/\/wapwebedapro01.azurewebsites.net\/#organization"},"image":{"@id":"https:\/\/www.laescueladelagua.com\/en\/construyendo-juntos-un-futuro-verde\/#primaryimage"},"thumbnailUrl":"\/wp-content\/uploads\/2024\/01\/IMG-20200126-WA0037-e1706187366153.jpg","articleSection":["Educaci\u00f3n ambiental"],"inLanguage":"en-US","potentialAction":[{"@type":"CommentAction","name":"Comment","target":["https:\/\/www.laescueladelagua.com\/en\/construyendo-juntos-un-futuro-verde\/#respond"]}]},{"@type":"WebPage","@id":"https:\/\/www.laescueladelagua.com\/en\/construyendo-juntos-un-futuro-verde\/","url":"https:\/\/www.laescueladelagua.com\/en\/construyendo-juntos-un-futuro-verde\/","name":"\u00a1Construyendo juntos un futuro verde! - Escuela del agua","isPartOf":{"@id":"https:\/\/wapwebedapro01.azurewebsites.net\/#website"},"primaryImageOfPage":{"@id":"https:\/\/www.laescueladelagua.com\/en\/construyendo-juntos-un-futuro-verde\/#primaryimage"},"image":{"@id":"https:\/\/www.laescueladelagua.com\/en\/construyendo-juntos-un-futuro-verde\/#primaryimage"},"thumbnailUrl":"\/wp-content\/uploads\/2024\/01\/IMG-20200126-WA0037-e1706187366153.jpg","datePublished":"2024-01-26T10:28:27+00:00","dateModified":"2024-01-26T11:11:33+00:00","breadcrumb":{"@id":"https:\/\/www.laescueladelagua.com\/en\/construyendo-juntos-un-futuro-verde\/#breadcrumb"},"inLanguage":"en-US","potentialAction":[{"@type":"ReadAction","target":["https:\/\/www.laescueladelagua.com\/en\/construyendo-juntos-un-futuro-verde\/"]}]},{"@type":"ImageObject","inLanguage":"en-US","@id":"https:\/\/www.laescueladelagua.com\/en\/construyendo-juntos-un-futuro-verde\/#primaryimage","url":"\/wp-content\/uploads\/2024\/01\/IMG-20200126-WA0037-e1706187366153.jpg","contentUrl":"\/wp-content\/uploads\/2024\/01\/IMG-20200126-WA0037-e1706187366153.jpg","width":1405,"height":765},{"@type":"BreadcrumbList","@id":"https:\/\/www.laescueladelagua.com\/en\/construyendo-juntos-un-futuro-verde\/#breadcrumb","itemListElement":[{"@type":"ListItem","position":1,"name":"Home","item":"https:\/\/wapwebedapro01.azurewebsites.net\/"},{"@type":"ListItem","position":2,"name":"\u00a1Construyendo juntos un futuro verde!"}]},{"@type":"WebSite","@id":"https:\/\/wapwebedapro01.azurewebsites.net\/#website","url":"https:\/\/wapwebedapro01.azurewebsites.net\/","name":"Escuela del agua","description":"","publisher":{"@id":"https:\/\/wapwebedapro01.azurewebsites.net\/#organization"},"potentialAction":[{"@type":"SearchAction","target":{"@type":"EntryPoint","urlTemplate":"https:\/\/wapwebedapro01.azurewebsites.net\/?s={search_term_string}"},"query-input":{"@type":"PropertyValueSpecification","valueRequired":true,"valueName":"search_term_string"}}],"inLanguage":"en-US"},{"@type":"Organization","@id":"https:\/\/wapwebedapro01.azurewebsites.net\/#organization","name":"Escuela del agua","url":"https:\/\/wapwebedapro01.azurewebsites.net\/","logo":{"@type":"ImageObject","inLanguage":"en-US","@id":"https:\/\/wapwebedapro01.azurewebsites.net\/#\/schema\/logo\/image\/","url":"\/wp-content\/uploads\/2023\/08\/logo_EscueladelAgua_mod.1.1_150px.png","contentUrl":"\/wp-content\/uploads\/2023\/08\/logo_EscueladelAgua_mod.1.1_150px.png","width":150,"height":90,"caption":"Escuela del agua"},"image":{"@id":"https:\/\/wapwebedapro01.azurewebsites.net\/#\/schema\/logo\/image\/"}},{"@type":"Person","@id":"https:\/\/wapwebedapro01.azurewebsites.net\/#\/schema\/person\/286c08b1e29fd42fbbc73e82bc423a0b","name":"Montserrat Llonch","image":{"@type":"ImageObject","inLanguage":"en-US","@id":"https:\/\/wapwebedapro01.azurewebsites.net\/#\/schema\/person\/image\/","url":"https:\/\/secure.gravatar.com\/avatar\/241350018ba1baa8f2ad2c0f25b8dd2e?s=96&d=mm&r=g","contentUrl":"https:\/\/secure.gravatar.com\/avatar\/241350018ba1baa8f2ad2c0f25b8dd2e?s=96&d=mm&r=g","caption":"Montserrat Llonch"},"url":"https:\/\/www.laescueladelagua.com\/en\/author\/montse-llonch\/"}]}},"meta_box":[],"_links":{"self":[{"href":"https:\/\/www.laescueladelagua.com\/en\/wp-json\/wp\/v2\/posts\/2569","targetHints":{"allow":["GET"]}}],"collection":[{"href":"https:\/\/www.laescueladelagua.com\/en\/wp-json\/wp\/v2\/posts"}],"about":[{"href":"https:\/\/www.laescueladelagua.com\/en\/wp-json\/wp\/v2\/types\/post"}],"author":[{"embeddable":true,"href":"https:\/\/www.laescueladelagua.com\/en\/wp-json\/wp\/v2\/users\/4"}],"replies":[{"embeddable":true,"href":"https:\/\/www.laescueladelagua.com\/en\/wp-json\/wp\/v2\/comments?post=2569"}],"version-history":[{"count":7,"href":"https:\/\/www.laescueladelagua.com\/en\/wp-json\/wp\/v2\/posts\/2569\/revisions"}],"predecessor-version":[{"id":2581,"href":"https:\/\/www.laescueladelagua.com\/en\/wp-json\/wp\/v2\/posts\/2569\/revisions\/2581"}],"wp:featuredmedia":[{"embeddable":true,"href":"https:\/\/www.laescueladelagua.com\/en\/wp-json\/wp\/v2\/media\/2570"}],"wp:attachment":[{"href":"https:\/\/www.laescueladelagua.com\/en\/wp-json\/wp\/v2\/media?parent=2569"}],"wp:term":[{"taxonomy":"category","embeddable":true,"href":"https:\/\/www.laescueladelagua.com\/en\/wp-json\/wp\/v2\/categories?post=2569"},{"taxonomy":"post_tag","embeddable":true,"href":"https:\/\/www.laescueladelagua.com\/en\/wp-json\/wp\/v2\/tags?post=2569"}],"curies":[{"name":"wp","href":"https:\/\/api.w.org\/{rel}","templated":true}]}}