{"id":2760,"date":"2024-03-22T08:00:05","date_gmt":"2024-03-22T08:00:05","guid":{"rendered":"https:\/\/www.laescueladelagua.com\/?p=2760"},"modified":"2024-03-21T16:08:53","modified_gmt":"2024-03-21T16:08:53","slug":"ahora-mas-que-nunca-es-el-momento-de-cuidar-el-agua","status":"publish","type":"post","link":"https:\/\/www.laescueladelagua.com\/en\/ahora-mas-que-nunca-es-el-momento-de-cuidar-el-agua\/","title":{"rendered":"Now, more than ever, is the time to take care of water!"},"content":{"rendered":"<p><span style=\"font-weight: 400;\">Today is March 22, World Water Day, we want to take advantage of the occasion to value the importance of this fundamental resource for life and to publicize ways to protect water for everyone.<\/span><\/p>\n<p><span style=\"font-weight: 400;\">Have you ever stopped to think about how many liters of water you use in a day? Surely this figure is higher than you thought. In Catalonia, for example, it is estimated that 117 liters of water per person are consumed every day. The Spanish average, in fact, is 132 liters per person per day.\u00a0<\/span><\/p>\n<p><span style=\"font-weight: 400;\">Ensuring that all the world's population has safe drinking water and access to sanitation by 2030, as set out in the sixth Sustainable Development Goal (SDG), is a challenge that is as ambitious as it is a priority. The United Nations considers that, in order to achieve this goal, we need to move four times faster than we are currently doing.\u00a0<\/span><\/p>\n<p><span style=\"font-weight: 400;\">Water is a scarce commodity, but essential for cities, agriculture and industry; and for the different species that live on Earth. Furthermore, the increase in population and demand for food will cause the need for water resources to grow between 20 % and 30 % between now and 2050. Spain is, precisely, one of the European Union countries most affected by climate change and some territories suffer extreme droughts or floods.<\/span><\/p>\n<p><span style=\"font-weight: 400;\">What can we do? The solution involves regeneration, a method that consists of applying additional treatment to the water from the treatment plants that allows it to be reused with all health guarantees and returned to nature or used for new uses such as irrigation of green areas or agriculture. Among other benefits are energy savings in the integral water cycle, reduction of the contribution of pollutants to the environment or optimization of purification processes.<\/span><\/p>\n<p><span style=\"font-weight: 400;\">Although regeneration brings many benefits, there is a previous step that each of us can take, and that is responsible consumption of water. Following the motto used for garbage of \u201cThe best waste is the one that is not generated\u201d, the same can be applied with water.\u00a0<\/span><\/p>\n<p><span style=\"font-weight: 400;\">To conserve and protect water, it is essential to promote good practices in its use. The responsibility does not fall solely on the administrations, we citizens play a crucial role. If we apply simple methods to our daily habits we can contribute significantly to reducing spending on this natural resource. For this reason, on World Water Day, we want to offer some good practices that we can all implement in our daily lives:<\/span><\/p>\n<ul>\n<li style=\"font-weight: 400;\" aria-level=\"1\"><span style=\"font-weight: 400;\">Reduce waste: Take a few minutes to check faucets, pipes or anywhere else to see if there are any leaks, make sure to repair them as soon as possible.<\/span><\/li>\n<li style=\"font-weight: 400;\" aria-level=\"1\"><span style=\"font-weight: 400;\">Reuse water. Collect water from places such as the air conditioner or shower for other uses in the home.<\/span><\/li>\n<li style=\"font-weight: 400;\" aria-level=\"1\"><span style=\"font-weight: 400;\">Adapt daily habits to minimize water consumption: turn off the tap while brushing your teeth, use the washing machine and dishwasher only when they are full, opt for showers instead of long baths, etc.<\/span><\/li>\n<li style=\"font-weight: 400;\" aria-level=\"1\"><span style=\"font-weight: 400;\">Implement rainwater collection systems for subsequent reuse.<\/span><\/li>\n<li style=\"font-weight: 400;\" aria-level=\"1\"><span style=\"font-weight: 400;\">Extend these practices outside the home. Whether inside or outside the home, the amount of water consumed is the same, so it is important to maintain constant awareness about its responsible use.<\/span><\/li>\n<\/ul>\n<p><span style=\"font-weight: 400;\">Now, more than ever, is the time to take care of water, to ensure a future where it continues to be a source of life and well-being for all! ? ?<\/span><\/p>\n<p><span style=\"font-weight: 400;\">#WorldWaterDay #DMA24 #Water<\/span><\/p>","protected":false},"excerpt":{"rendered":"<p>Today is March 22, World Water Day, we want to take advantage of the occasion to value the importance of this fundamental resource for life and to publicize ways to protect water for everyone. Have you ever stopped to think about how many liters of water you use in a day? Surely this [\u2026]<\/p>","protected":false},"author":4,"featured_media":2764,"comment_status":"open","ping_status":"open","sticky":false,"template":"","format":"standard","meta":{"footnotes":""},"categories":[50],"tags":[81],"class_list":["post-2760","post","type-post","status-publish","format-standard","has-post-thumbnail","hentry","category-actualidad","tag-dma24"],"yoast_head":"<!-- This site is optimized with the Yoast SEO plugin v24.5 - https:\/\/yoast.com\/wordpress\/plugins\/seo\/ -->\r\n<title>\u00a1Ahora, m\u00e1s que nunca, es el momento de cuidar el agua! - Escuela del agua<\/title>\r\n<meta name=\"robots\" content=\"index, follow, max-snippet:-1, max-image-preview:large, max-video-preview:-1\" \/>\r\n<link rel=\"canonical\" href=\"https:\/\/www.laescueladelagua.com\/en\/ahora-mas-que-nunca-es-el-momento-de-cuidar-el-agua\/\" \/>\r\n<meta property=\"og:locale\" content=\"en_US\" \/>\r\n<meta property=\"og:type\" content=\"article\" \/>\r\n<meta property=\"og:title\" content=\"\u00a1Ahora, m\u00e1s que nunca, es el momento de cuidar el agua! - Escuela del agua\" \/>\r\n<meta property=\"og:description\" content=\"Hoy es 22 de marzo, D\u00eda Mundial del Agua, queremos aprovechar la ocasi\u00f3n para valorar la importancia de este recurso fundamental para la vida y dar a conocer formas de proteger el agua para todos y todas. \u00bfAlguna vez te has detenido a pensar cuantos litros de agua utilizas en un d\u00eda? Seguro que esta [&hellip;]\" \/>\r\n<meta property=\"og:url\" content=\"https:\/\/www.laescueladelagua.com\/en\/ahora-mas-que-nunca-es-el-momento-de-cuidar-el-agua\/\" \/>\r\n<meta property=\"og:site_name\" content=\"Escuela del agua\" \/>\r\n<meta property=\"article:published_time\" content=\"2024-03-22T08:00:05+00:00\" \/>\r\n<meta property=\"og:image\" content=\"https:\/\/www.laescueladelagua.com\/wp-content\/uploads\/2024\/03\/WhatsApp-Image-2024-03-18-at-11.16.33-1.jpeg\" \/>\r\n\t<meta property=\"og:image:width\" content=\"1600\" \/>\r\n\t<meta property=\"og:image:height\" content=\"1200\" \/>\r\n\t<meta property=\"og:image:type\" content=\"image\/jpeg\" \/>\r\n<meta name=\"author\" content=\"Montserrat Llonch\" \/>\r\n<meta name=\"twitter:card\" content=\"summary_large_image\" \/>\r\n<meta name=\"twitter:label1\" content=\"Written by\" \/>\n\t<meta name=\"twitter:data1\" content=\"Montserrat Llonch\" \/>\n\t<meta name=\"twitter:label2\" content=\"Est. reading time\" \/>\n\t<meta name=\"twitter:data2\" content=\"3 minutes\" \/>\r\n<script type=\"application\/ld+json\" class=\"yoast-schema-graph\">{\"@context\":\"https:\/\/schema.org\",\"@graph\":[{\"@type\":\"Article\",\"@id\":\"https:\/\/www.laescueladelagua.com\/en\/ahora-mas-que-nunca-es-el-momento-de-cuidar-el-agua\/#article\",\"isPartOf\":{\"@id\":\"https:\/\/www.laescueladelagua.com\/en\/ahora-mas-que-nunca-es-el-momento-de-cuidar-el-agua\/\"},\"author\":{\"name\":\"Montserrat Llonch\",\"@id\":\"https:\/\/wapwebedapro01.azurewebsites.net\/#\/schema\/person\/286c08b1e29fd42fbbc73e82bc423a0b\"},\"headline\":\"\u00a1Ahora, m\u00e1s que nunca, es el momento de cuidar el agua!\",\"datePublished\":\"2024-03-22T08:00:05+00:00\",\"mainEntityOfPage\":{\"@id\":\"https:\/\/www.laescueladelagua.com\/en\/ahora-mas-que-nunca-es-el-momento-de-cuidar-el-agua\/\"},\"wordCount\":646,\"commentCount\":0,\"publisher\":{\"@id\":\"https:\/\/wapwebedapro01.azurewebsites.net\/#organization\"},\"image\":{\"@id\":\"https:\/\/www.laescueladelagua.com\/en\/ahora-mas-que-nunca-es-el-momento-de-cuidar-el-agua\/#primaryimage\"},\"thumbnailUrl\":\"\/wp-content\/uploads\/2024\/03\/WhatsApp-Image-2024-03-18-at-11.16.33-1.jpeg\",\"keywords\":[\"#DMA24\"],\"articleSection\":[\"Actualidad\"],\"inLanguage\":\"en-US\",\"potentialAction\":[{\"@type\":\"CommentAction\",\"name\":\"Comment\",\"target\":[\"https:\/\/www.laescueladelagua.com\/en\/ahora-mas-que-nunca-es-el-momento-de-cuidar-el-agua\/#respond\"]}]},{\"@type\":\"WebPage\",\"@id\":\"https:\/\/www.laescueladelagua.com\/en\/ahora-mas-que-nunca-es-el-momento-de-cuidar-el-agua\/\",\"url\":\"https:\/\/www.laescueladelagua.com\/en\/ahora-mas-que-nunca-es-el-momento-de-cuidar-el-agua\/\",\"name\":\"\u00a1Ahora, m\u00e1s que nunca, es el momento de cuidar el agua! - Escuela del agua\",\"isPartOf\":{\"@id\":\"https:\/\/wapwebedapro01.azurewebsites.net\/#website\"},\"primaryImageOfPage\":{\"@id\":\"https:\/\/www.laescueladelagua.com\/en\/ahora-mas-que-nunca-es-el-momento-de-cuidar-el-agua\/#primaryimage\"},\"image\":{\"@id\":\"https:\/\/www.laescueladelagua.com\/en\/ahora-mas-que-nunca-es-el-momento-de-cuidar-el-agua\/#primaryimage\"},\"thumbnailUrl\":\"\/wp-content\/uploads\/2024\/03\/WhatsApp-Image-2024-03-18-at-11.16.33-1.jpeg\",\"datePublished\":\"2024-03-22T08:00:05+00:00\",\"breadcrumb\":{\"@id\":\"https:\/\/www.laescueladelagua.com\/en\/ahora-mas-que-nunca-es-el-momento-de-cuidar-el-agua\/#breadcrumb\"},\"inLanguage\":\"en-US\",\"potentialAction\":[{\"@type\":\"ReadAction\",\"target\":[\"https:\/\/www.laescueladelagua.com\/en\/ahora-mas-que-nunca-es-el-momento-de-cuidar-el-agua\/\"]}]},{\"@type\":\"ImageObject\",\"inLanguage\":\"en-US\",\"@id\":\"https:\/\/www.laescueladelagua.com\/en\/ahora-mas-que-nunca-es-el-momento-de-cuidar-el-agua\/#primaryimage\",\"url\":\"\/wp-content\/uploads\/2024\/03\/WhatsApp-Image-2024-03-18-at-11.16.33-1.jpeg\",\"contentUrl\":\"\/wp-content\/uploads\/2024\/03\/WhatsApp-Image-2024-03-18-at-11.16.33-1.jpeg\",\"width\":1600,\"height\":1200},{\"@type\":\"BreadcrumbList\",\"@id\":\"https:\/\/www.laescueladelagua.com\/en\/ahora-mas-que-nunca-es-el-momento-de-cuidar-el-agua\/#breadcrumb\",\"itemListElement\":[{\"@type\":\"ListItem\",\"position\":1,\"name\":\"Home\",\"item\":\"https:\/\/wapwebedapro01.azurewebsites.net\/\"},{\"@type\":\"ListItem\",\"position\":2,\"name\":\"\u00a1Ahora, m\u00e1s que nunca, es el momento de cuidar el agua!\"}]},{\"@type\":\"WebSite\",\"@id\":\"https:\/\/wapwebedapro01.azurewebsites.net\/#website\",\"url\":\"https:\/\/wapwebedapro01.azurewebsites.net\/\",\"name\":\"Escuela del agua\",\"description\":\"\",\"publisher\":{\"@id\":\"https:\/\/wapwebedapro01.azurewebsites.net\/#organization\"},\"potentialAction\":[{\"@type\":\"SearchAction\",\"target\":{\"@type\":\"EntryPoint\",\"urlTemplate\":\"https:\/\/wapwebedapro01.azurewebsites.net\/?s={search_term_string}\"},\"query-input\":{\"@type\":\"PropertyValueSpecification\",\"valueRequired\":true,\"valueName\":\"search_term_string\"}}],\"inLanguage\":\"en-US\"},{\"@type\":\"Organization\",\"@id\":\"https:\/\/wapwebedapro01.azurewebsites.net\/#organization\",\"name\":\"Escuela del agua\",\"url\":\"https:\/\/wapwebedapro01.azurewebsites.net\/\",\"logo\":{\"@type\":\"ImageObject\",\"inLanguage\":\"en-US\",\"@id\":\"https:\/\/wapwebedapro01.azurewebsites.net\/#\/schema\/logo\/image\/\",\"url\":\"\/wp-content\/uploads\/2023\/08\/logo_EscueladelAgua_mod.1.1_150px.png\",\"contentUrl\":\"\/wp-content\/uploads\/2023\/08\/logo_EscueladelAgua_mod.1.1_150px.png\",\"width\":150,\"height\":90,\"caption\":\"Escuela del agua\"},\"image\":{\"@id\":\"https:\/\/wapwebedapro01.azurewebsites.net\/#\/schema\/logo\/image\/\"}},{\"@type\":\"Person\",\"@id\":\"https:\/\/wapwebedapro01.azurewebsites.net\/#\/schema\/person\/286c08b1e29fd42fbbc73e82bc423a0b\",\"name\":\"Montserrat Llonch\",\"image\":{\"@type\":\"ImageObject\",\"inLanguage\":\"en-US\",\"@id\":\"https:\/\/wapwebedapro01.azurewebsites.net\/#\/schema\/person\/image\/\",\"url\":\"https:\/\/secure.gravatar.com\/avatar\/241350018ba1baa8f2ad2c0f25b8dd2e?s=96&d=mm&r=g\",\"contentUrl\":\"https:\/\/secure.gravatar.com\/avatar\/241350018ba1baa8f2ad2c0f25b8dd2e?s=96&d=mm&r=g\",\"caption\":\"Montserrat Llonch\"},\"url\":\"https:\/\/www.laescueladelagua.com\/en\/author\/montse-llonch\/\"}]}<\/script>\r\n<!-- \/ Yoast SEO plugin. -->","yoast_head_json":{"title":"\u00a1Ahora, m\u00e1s que nunca, es el momento de cuidar el agua! - Escuela del agua","robots":{"index":"index","follow":"follow","max-snippet":"max-snippet:-1","max-image-preview":"max-image-preview:large","max-video-preview":"max-video-preview:-1"},"canonical":"https:\/\/www.laescueladelagua.com\/en\/ahora-mas-que-nunca-es-el-momento-de-cuidar-el-agua\/","og_locale":"en_US","og_type":"article","og_title":"\u00a1Ahora, m\u00e1s que nunca, es el momento de cuidar el agua! - Escuela del agua","og_description":"Hoy es 22 de marzo, D\u00eda Mundial del Agua, queremos aprovechar la ocasi\u00f3n para valorar la importancia de este recurso fundamental para la vida y dar a conocer formas de proteger el agua para todos y todas. \u00bfAlguna vez te has detenido a pensar cuantos litros de agua utilizas en un d\u00eda? Seguro que esta [&hellip;]","og_url":"https:\/\/www.laescueladelagua.com\/en\/ahora-mas-que-nunca-es-el-momento-de-cuidar-el-agua\/","og_site_name":"Escuela del agua","article_published_time":"2024-03-22T08:00:05+00:00","og_image":[{"width":1600,"height":1200,"url":"https:\/\/www.laescueladelagua.com\/wp-content\/uploads\/2024\/03\/WhatsApp-Image-2024-03-18-at-11.16.33-1.jpeg","type":"image\/jpeg"}],"author":"Montserrat Llonch","twitter_card":"summary_large_image","twitter_misc":{"Written by":"Montserrat Llonch","Est. reading time":"3 minutes"},"schema":{"@context":"https:\/\/schema.org","@graph":[{"@type":"Article","@id":"https:\/\/www.laescueladelagua.com\/en\/ahora-mas-que-nunca-es-el-momento-de-cuidar-el-agua\/#article","isPartOf":{"@id":"https:\/\/www.laescueladelagua.com\/en\/ahora-mas-que-nunca-es-el-momento-de-cuidar-el-agua\/"},"author":{"name":"Montserrat Llonch","@id":"https:\/\/wapwebedapro01.azurewebsites.net\/#\/schema\/person\/286c08b1e29fd42fbbc73e82bc423a0b"},"headline":"\u00a1Ahora, m\u00e1s que nunca, es el momento de cuidar el agua!","datePublished":"2024-03-22T08:00:05+00:00","mainEntityOfPage":{"@id":"https:\/\/www.laescueladelagua.com\/en\/ahora-mas-que-nunca-es-el-momento-de-cuidar-el-agua\/"},"wordCount":646,"commentCount":0,"publisher":{"@id":"https:\/\/wapwebedapro01.azurewebsites.net\/#organization"},"image":{"@id":"https:\/\/www.laescueladelagua.com\/en\/ahora-mas-que-nunca-es-el-momento-de-cuidar-el-agua\/#primaryimage"},"thumbnailUrl":"\/wp-content\/uploads\/2024\/03\/WhatsApp-Image-2024-03-18-at-11.16.33-1.jpeg","keywords":["#DMA24"],"articleSection":["Actualidad"],"inLanguage":"en-US","potentialAction":[{"@type":"CommentAction","name":"Comment","target":["https:\/\/www.laescueladelagua.com\/en\/ahora-mas-que-nunca-es-el-momento-de-cuidar-el-agua\/#respond"]}]},{"@type":"WebPage","@id":"https:\/\/www.laescueladelagua.com\/en\/ahora-mas-que-nunca-es-el-momento-de-cuidar-el-agua\/","url":"https:\/\/www.laescueladelagua.com\/en\/ahora-mas-que-nunca-es-el-momento-de-cuidar-el-agua\/","name":"\u00a1Ahora, m\u00e1s que nunca, es el momento de cuidar el agua! - Escuela del agua","isPartOf":{"@id":"https:\/\/wapwebedapro01.azurewebsites.net\/#website"},"primaryImageOfPage":{"@id":"https:\/\/www.laescueladelagua.com\/en\/ahora-mas-que-nunca-es-el-momento-de-cuidar-el-agua\/#primaryimage"},"image":{"@id":"https:\/\/www.laescueladelagua.com\/en\/ahora-mas-que-nunca-es-el-momento-de-cuidar-el-agua\/#primaryimage"},"thumbnailUrl":"\/wp-content\/uploads\/2024\/03\/WhatsApp-Image-2024-03-18-at-11.16.33-1.jpeg","datePublished":"2024-03-22T08:00:05+00:00","breadcrumb":{"@id":"https:\/\/www.laescueladelagua.com\/en\/ahora-mas-que-nunca-es-el-momento-de-cuidar-el-agua\/#breadcrumb"},"inLanguage":"en-US","potentialAction":[{"@type":"ReadAction","target":["https:\/\/www.laescueladelagua.com\/en\/ahora-mas-que-nunca-es-el-momento-de-cuidar-el-agua\/"]}]},{"@type":"ImageObject","inLanguage":"en-US","@id":"https:\/\/www.laescueladelagua.com\/en\/ahora-mas-que-nunca-es-el-momento-de-cuidar-el-agua\/#primaryimage","url":"\/wp-content\/uploads\/2024\/03\/WhatsApp-Image-2024-03-18-at-11.16.33-1.jpeg","contentUrl":"\/wp-content\/uploads\/2024\/03\/WhatsApp-Image-2024-03-18-at-11.16.33-1.jpeg","width":1600,"height":1200},{"@type":"BreadcrumbList","@id":"https:\/\/www.laescueladelagua.com\/en\/ahora-mas-que-nunca-es-el-momento-de-cuidar-el-agua\/#breadcrumb","itemListElement":[{"@type":"ListItem","position":1,"name":"Home","item":"https:\/\/wapwebedapro01.azurewebsites.net\/"},{"@type":"ListItem","position":2,"name":"\u00a1Ahora, m\u00e1s que nunca, es el momento de cuidar el agua!"}]},{"@type":"WebSite","@id":"https:\/\/wapwebedapro01.azurewebsites.net\/#website","url":"https:\/\/wapwebedapro01.azurewebsites.net\/","name":"Escuela del agua","description":"","publisher":{"@id":"https:\/\/wapwebedapro01.azurewebsites.net\/#organization"},"potentialAction":[{"@type":"SearchAction","target":{"@type":"EntryPoint","urlTemplate":"https:\/\/wapwebedapro01.azurewebsites.net\/?s={search_term_string}"},"query-input":{"@type":"PropertyValueSpecification","valueRequired":true,"valueName":"search_term_string"}}],"inLanguage":"en-US"},{"@type":"Organization","@id":"https:\/\/wapwebedapro01.azurewebsites.net\/#organization","name":"Escuela del agua","url":"https:\/\/wapwebedapro01.azurewebsites.net\/","logo":{"@type":"ImageObject","inLanguage":"en-US","@id":"https:\/\/wapwebedapro01.azurewebsites.net\/#\/schema\/logo\/image\/","url":"\/wp-content\/uploads\/2023\/08\/logo_EscueladelAgua_mod.1.1_150px.png","contentUrl":"\/wp-content\/uploads\/2023\/08\/logo_EscueladelAgua_mod.1.1_150px.png","width":150,"height":90,"caption":"Escuela del agua"},"image":{"@id":"https:\/\/wapwebedapro01.azurewebsites.net\/#\/schema\/logo\/image\/"}},{"@type":"Person","@id":"https:\/\/wapwebedapro01.azurewebsites.net\/#\/schema\/person\/286c08b1e29fd42fbbc73e82bc423a0b","name":"Montserrat Llonch","image":{"@type":"ImageObject","inLanguage":"en-US","@id":"https:\/\/wapwebedapro01.azurewebsites.net\/#\/schema\/person\/image\/","url":"https:\/\/secure.gravatar.com\/avatar\/241350018ba1baa8f2ad2c0f25b8dd2e?s=96&d=mm&r=g","contentUrl":"https:\/\/secure.gravatar.com\/avatar\/241350018ba1baa8f2ad2c0f25b8dd2e?s=96&d=mm&r=g","caption":"Montserrat Llonch"},"url":"https:\/\/www.laescueladelagua.com\/en\/author\/montse-llonch\/"}]}},"meta_box":[],"_links":{"self":[{"href":"https:\/\/www.laescueladelagua.com\/en\/wp-json\/wp\/v2\/posts\/2760","targetHints":{"allow":["GET"]}}],"collection":[{"href":"https:\/\/www.laescueladelagua.com\/en\/wp-json\/wp\/v2\/posts"}],"about":[{"href":"https:\/\/www.laescueladelagua.com\/en\/wp-json\/wp\/v2\/types\/post"}],"author":[{"embeddable":true,"href":"https:\/\/www.laescueladelagua.com\/en\/wp-json\/wp\/v2\/users\/4"}],"replies":[{"embeddable":true,"href":"https:\/\/www.laescueladelagua.com\/en\/wp-json\/wp\/v2\/comments?post=2760"}],"version-history":[{"count":2,"href":"https:\/\/www.laescueladelagua.com\/en\/wp-json\/wp\/v2\/posts\/2760\/revisions"}],"predecessor-version":[{"id":2763,"href":"https:\/\/www.laescueladelagua.com\/en\/wp-json\/wp\/v2\/posts\/2760\/revisions\/2763"}],"wp:featuredmedia":[{"embeddable":true,"href":"https:\/\/www.laescueladelagua.com\/en\/wp-json\/wp\/v2\/media\/2764"}],"wp:attachment":[{"href":"https:\/\/www.laescueladelagua.com\/en\/wp-json\/wp\/v2\/media?parent=2760"}],"wp:term":[{"taxonomy":"category","embeddable":true,"href":"https:\/\/www.laescueladelagua.com\/en\/wp-json\/wp\/v2\/categories?post=2760"},{"taxonomy":"post_tag","embeddable":true,"href":"https:\/\/www.laescueladelagua.com\/en\/wp-json\/wp\/v2\/tags?post=2760"}],"curies":[{"name":"wp","href":"https:\/\/api.w.org\/{rel}","templated":true}]}}