{"id":3057,"date":"2024-04-26T06:53:35","date_gmt":"2024-04-26T06:53:35","guid":{"rendered":"https:\/\/www.laescueladelagua.com\/?p=3057"},"modified":"2024-04-26T06:53:35","modified_gmt":"2024-04-26T06:53:35","slug":"encuentro-del-proyecto-europeo-vet-labs-en-dinamarca","status":"publish","type":"post","link":"https:\/\/www.laescueladelagua.com\/en\/encuentro-del-proyecto-europeo-vet-labs-en-dinamarca\/","title":{"rendered":"Meeting of the European VET Labs Project in Denmark"},"content":{"rendered":"<p><span style=\"font-weight: 400;\">On April 18 and 19, the meeting of the coordinators of the Water Challenge VET Labs project took place in Denmark.\u00a0<\/span><\/p>\n<p><span style=\"font-weight: 400;\">The coordination of the project, the Fundaci\u00f3 BCN Formaci\u00f3 Professional and the partners, the Mercantec Centers (Viborg), De Wijnpers (Leuven) INS Esteve Terradas (Cornell\u00e0 de Llobregat) together with the company that launches the challenge, AGBAR with the Water School .<\/span><\/p>\n<p><span style=\"font-weight: 400;\">The meetings are control points for the evolution of the project and the planning and coordination of the parties to continue moving forward. This project has a duration of a year and a half and will be completed next May.<\/span><\/p>\n<p><span style=\"font-weight: 400;\">The objective of the project is to involve European Vocational Training students in solving the challenge of innovating innovative nature-based solutions for urban drainage. Mitigate the problem of flooding and improve water retention within an imaginary European city, \u201cMetropolis\u201d.<\/span><span style=\"font-weight: 400;\"><br \/>\n<\/span><span style=\"font-weight: 400;\">Both students and trainers participate in the international awards with the jury that will evaluate the best idea proposed by international participants with the social challenge in the water management sector.\u00a0<\/span><\/p>","protected":false},"excerpt":{"rendered":"<p>On April 18 and 19, the meeting of the coordinators of the Water Challenge VET Labs project took place in Denmark. The coordination of the project, the Fundaci\u00f3 BCN Formaci\u00f3 Professional and the partners, the Mercantec Centers (Viborg), De Wijnpers (Leuven) INS Esteve Terradas (Cornell\u00e0 de Llobregat) together with the company that launches the [\u2026]<\/p>","protected":false},"author":6,"featured_media":3058,"comment_status":"open","ping_status":"open","sticky":false,"template":"","format":"standard","meta":{"footnotes":""},"categories":[28,60],"tags":[],"class_list":["post-3057","post","type-post","status-publish","format-standard","has-post-thumbnail","hentry","category-fp-dual","category-proyectos-europeos"],"yoast_head":"<!-- This site is optimized with the Yoast SEO plugin v24.5 - https:\/\/yoast.com\/wordpress\/plugins\/seo\/ -->\r\n<title>Encuentro del Proyecto Europeo VET Labs en Dinamarca - Escuela del agua<\/title>\r\n<meta name=\"robots\" content=\"index, follow, max-snippet:-1, max-image-preview:large, max-video-preview:-1\" \/>\r\n<link rel=\"canonical\" href=\"https:\/\/www.laescueladelagua.com\/en\/encuentro-del-proyecto-europeo-vet-labs-en-dinamarca\/\" \/>\r\n<meta property=\"og:locale\" content=\"en_US\" \/>\r\n<meta property=\"og:type\" content=\"article\" \/>\r\n<meta property=\"og:title\" content=\"Encuentro del Proyecto Europeo VET Labs en Dinamarca - Escuela del agua\" \/>\r\n<meta property=\"og:description\" content=\"Los d\u00edas 18 y 19 de Abril tuvo lugar en Dinamarca el encuentro de los coordinadores del proyecto Water Challenge VET Labs.\u00a0 La coordinaci\u00f3n del proyecto, la Fundaci\u00f3 BCN Formaci\u00f3 Professional y los socios, los Centros Mercantec (Viborg), De Wijnpers (Lovaina) INS Esteve Terradas (Cornell\u00e0 de Llobregat) junto con la empresa que les lanza el [&hellip;]\" \/>\r\n<meta property=\"og:url\" content=\"https:\/\/www.laescueladelagua.com\/en\/encuentro-del-proyecto-europeo-vet-labs-en-dinamarca\/\" \/>\r\n<meta property=\"og:site_name\" content=\"Escuela del agua\" \/>\r\n<meta property=\"article:published_time\" content=\"2024-04-26T06:53:35+00:00\" \/>\r\n<meta property=\"og:image\" content=\"https:\/\/www.laescueladelagua.com\/wp-content\/uploads\/2024\/04\/IMG-20240418-WA0014.jpg\" \/>\r\n\t<meta property=\"og:image:width\" content=\"2048\" \/>\r\n\t<meta property=\"og:image:height\" content=\"1536\" \/>\r\n\t<meta property=\"og:image:type\" content=\"image\/jpeg\" \/>\r\n<meta name=\"author\" content=\"emrodriguez\" \/>\r\n<meta name=\"twitter:card\" content=\"summary_large_image\" \/>\r\n<meta name=\"twitter:label1\" content=\"Written by\" \/>\n\t<meta name=\"twitter:data1\" content=\"emrodriguez\" \/>\n\t<meta name=\"twitter:label2\" content=\"Est. reading time\" \/>\n\t<meta name=\"twitter:data2\" content=\"1 minute\" \/>\r\n<script type=\"application\/ld+json\" class=\"yoast-schema-graph\">{\"@context\":\"https:\/\/schema.org\",\"@graph\":[{\"@type\":\"Article\",\"@id\":\"https:\/\/www.laescueladelagua.com\/en\/encuentro-del-proyecto-europeo-vet-labs-en-dinamarca\/#article\",\"isPartOf\":{\"@id\":\"https:\/\/www.laescueladelagua.com\/en\/encuentro-del-proyecto-europeo-vet-labs-en-dinamarca\/\"},\"author\":{\"name\":\"emrodriguez\",\"@id\":\"https:\/\/wapwebedapro01.azurewebsites.net\/#\/schema\/person\/527f67ae18a7f9a5e4516ba82e2fff6f\"},\"headline\":\"Encuentro del Proyecto Europeo VET Labs en Dinamarca\",\"datePublished\":\"2024-04-26T06:53:35+00:00\",\"mainEntityOfPage\":{\"@id\":\"https:\/\/www.laescueladelagua.com\/en\/encuentro-del-proyecto-europeo-vet-labs-en-dinamarca\/\"},\"wordCount\":210,\"commentCount\":0,\"publisher\":{\"@id\":\"https:\/\/wapwebedapro01.azurewebsites.net\/#organization\"},\"image\":{\"@id\":\"https:\/\/www.laescueladelagua.com\/en\/encuentro-del-proyecto-europeo-vet-labs-en-dinamarca\/#primaryimage\"},\"thumbnailUrl\":\"\/wp-content\/uploads\/2024\/04\/IMG-20240418-WA0014.jpg\",\"articleSection\":[\"FP Dual\",\"Proyectos Europeos\"],\"inLanguage\":\"en-US\",\"potentialAction\":[{\"@type\":\"CommentAction\",\"name\":\"Comment\",\"target\":[\"https:\/\/www.laescueladelagua.com\/en\/encuentro-del-proyecto-europeo-vet-labs-en-dinamarca\/#respond\"]}]},{\"@type\":\"WebPage\",\"@id\":\"https:\/\/www.laescueladelagua.com\/en\/encuentro-del-proyecto-europeo-vet-labs-en-dinamarca\/\",\"url\":\"https:\/\/www.laescueladelagua.com\/en\/encuentro-del-proyecto-europeo-vet-labs-en-dinamarca\/\",\"name\":\"Encuentro del Proyecto Europeo VET Labs en Dinamarca - Escuela del agua\",\"isPartOf\":{\"@id\":\"https:\/\/wapwebedapro01.azurewebsites.net\/#website\"},\"primaryImageOfPage\":{\"@id\":\"https:\/\/www.laescueladelagua.com\/en\/encuentro-del-proyecto-europeo-vet-labs-en-dinamarca\/#primaryimage\"},\"image\":{\"@id\":\"https:\/\/www.laescueladelagua.com\/en\/encuentro-del-proyecto-europeo-vet-labs-en-dinamarca\/#primaryimage\"},\"thumbnailUrl\":\"\/wp-content\/uploads\/2024\/04\/IMG-20240418-WA0014.jpg\",\"datePublished\":\"2024-04-26T06:53:35+00:00\",\"breadcrumb\":{\"@id\":\"https:\/\/www.laescueladelagua.com\/en\/encuentro-del-proyecto-europeo-vet-labs-en-dinamarca\/#breadcrumb\"},\"inLanguage\":\"en-US\",\"potentialAction\":[{\"@type\":\"ReadAction\",\"target\":[\"https:\/\/www.laescueladelagua.com\/en\/encuentro-del-proyecto-europeo-vet-labs-en-dinamarca\/\"]}]},{\"@type\":\"ImageObject\",\"inLanguage\":\"en-US\",\"@id\":\"https:\/\/www.laescueladelagua.com\/en\/encuentro-del-proyecto-europeo-vet-labs-en-dinamarca\/#primaryimage\",\"url\":\"\/wp-content\/uploads\/2024\/04\/IMG-20240418-WA0014.jpg\",\"contentUrl\":\"\/wp-content\/uploads\/2024\/04\/IMG-20240418-WA0014.jpg\",\"width\":2048,\"height\":1536},{\"@type\":\"BreadcrumbList\",\"@id\":\"https:\/\/www.laescueladelagua.com\/en\/encuentro-del-proyecto-europeo-vet-labs-en-dinamarca\/#breadcrumb\",\"itemListElement\":[{\"@type\":\"ListItem\",\"position\":1,\"name\":\"Home\",\"item\":\"https:\/\/wapwebedapro01.azurewebsites.net\/\"},{\"@type\":\"ListItem\",\"position\":2,\"name\":\"Encuentro del Proyecto Europeo VET Labs en Dinamarca\"}]},{\"@type\":\"WebSite\",\"@id\":\"https:\/\/wapwebedapro01.azurewebsites.net\/#website\",\"url\":\"https:\/\/wapwebedapro01.azurewebsites.net\/\",\"name\":\"Escuela del agua\",\"description\":\"\",\"publisher\":{\"@id\":\"https:\/\/wapwebedapro01.azurewebsites.net\/#organization\"},\"potentialAction\":[{\"@type\":\"SearchAction\",\"target\":{\"@type\":\"EntryPoint\",\"urlTemplate\":\"https:\/\/wapwebedapro01.azurewebsites.net\/?s={search_term_string}\"},\"query-input\":{\"@type\":\"PropertyValueSpecification\",\"valueRequired\":true,\"valueName\":\"search_term_string\"}}],\"inLanguage\":\"en-US\"},{\"@type\":\"Organization\",\"@id\":\"https:\/\/wapwebedapro01.azurewebsites.net\/#organization\",\"name\":\"Escuela del agua\",\"url\":\"https:\/\/wapwebedapro01.azurewebsites.net\/\",\"logo\":{\"@type\":\"ImageObject\",\"inLanguage\":\"en-US\",\"@id\":\"https:\/\/wapwebedapro01.azurewebsites.net\/#\/schema\/logo\/image\/\",\"url\":\"\/wp-content\/uploads\/2023\/08\/logo_EscueladelAgua_mod.1.1_150px.png\",\"contentUrl\":\"\/wp-content\/uploads\/2023\/08\/logo_EscueladelAgua_mod.1.1_150px.png\",\"width\":150,\"height\":90,\"caption\":\"Escuela del agua\"},\"image\":{\"@id\":\"https:\/\/wapwebedapro01.azurewebsites.net\/#\/schema\/logo\/image\/\"}},{\"@type\":\"Person\",\"@id\":\"https:\/\/wapwebedapro01.azurewebsites.net\/#\/schema\/person\/527f67ae18a7f9a5e4516ba82e2fff6f\",\"name\":\"emrodriguez\",\"image\":{\"@type\":\"ImageObject\",\"inLanguage\":\"en-US\",\"@id\":\"https:\/\/wapwebedapro01.azurewebsites.net\/#\/schema\/person\/image\/\",\"url\":\"https:\/\/secure.gravatar.com\/avatar\/f5a7da42368190a610c3fc6e2d270294?s=96&d=mm&r=g\",\"contentUrl\":\"https:\/\/secure.gravatar.com\/avatar\/f5a7da42368190a610c3fc6e2d270294?s=96&d=mm&r=g\",\"caption\":\"emrodriguez\"},\"url\":\"https:\/\/www.laescueladelagua.com\/en\/author\/emrodriguez\/\"}]}<\/script>\r\n<!-- \/ Yoast SEO plugin. -->","yoast_head_json":{"title":"Encuentro del Proyecto Europeo VET Labs en Dinamarca - Escuela del agua","robots":{"index":"index","follow":"follow","max-snippet":"max-snippet:-1","max-image-preview":"max-image-preview:large","max-video-preview":"max-video-preview:-1"},"canonical":"https:\/\/www.laescueladelagua.com\/en\/encuentro-del-proyecto-europeo-vet-labs-en-dinamarca\/","og_locale":"en_US","og_type":"article","og_title":"Encuentro del Proyecto Europeo VET Labs en Dinamarca - Escuela del agua","og_description":"Los d\u00edas 18 y 19 de Abril tuvo lugar en Dinamarca el encuentro de los coordinadores del proyecto Water Challenge VET Labs.\u00a0 La coordinaci\u00f3n del proyecto, la Fundaci\u00f3 BCN Formaci\u00f3 Professional y los socios, los Centros Mercantec (Viborg), De Wijnpers (Lovaina) INS Esteve Terradas (Cornell\u00e0 de Llobregat) junto con la empresa que les lanza el [&hellip;]","og_url":"https:\/\/www.laescueladelagua.com\/en\/encuentro-del-proyecto-europeo-vet-labs-en-dinamarca\/","og_site_name":"Escuela del agua","article_published_time":"2024-04-26T06:53:35+00:00","og_image":[{"width":2048,"height":1536,"url":"https:\/\/www.laescueladelagua.com\/wp-content\/uploads\/2024\/04\/IMG-20240418-WA0014.jpg","type":"image\/jpeg"}],"author":"emrodriguez","twitter_card":"summary_large_image","twitter_misc":{"Written by":"emrodriguez","Est. reading time":"1 minute"},"schema":{"@context":"https:\/\/schema.org","@graph":[{"@type":"Article","@id":"https:\/\/www.laescueladelagua.com\/en\/encuentro-del-proyecto-europeo-vet-labs-en-dinamarca\/#article","isPartOf":{"@id":"https:\/\/www.laescueladelagua.com\/en\/encuentro-del-proyecto-europeo-vet-labs-en-dinamarca\/"},"author":{"name":"emrodriguez","@id":"https:\/\/wapwebedapro01.azurewebsites.net\/#\/schema\/person\/527f67ae18a7f9a5e4516ba82e2fff6f"},"headline":"Encuentro del Proyecto Europeo VET Labs en Dinamarca","datePublished":"2024-04-26T06:53:35+00:00","mainEntityOfPage":{"@id":"https:\/\/www.laescueladelagua.com\/en\/encuentro-del-proyecto-europeo-vet-labs-en-dinamarca\/"},"wordCount":210,"commentCount":0,"publisher":{"@id":"https:\/\/wapwebedapro01.azurewebsites.net\/#organization"},"image":{"@id":"https:\/\/www.laescueladelagua.com\/en\/encuentro-del-proyecto-europeo-vet-labs-en-dinamarca\/#primaryimage"},"thumbnailUrl":"\/wp-content\/uploads\/2024\/04\/IMG-20240418-WA0014.jpg","articleSection":["FP Dual","Proyectos Europeos"],"inLanguage":"en-US","potentialAction":[{"@type":"CommentAction","name":"Comment","target":["https:\/\/www.laescueladelagua.com\/en\/encuentro-del-proyecto-europeo-vet-labs-en-dinamarca\/#respond"]}]},{"@type":"WebPage","@id":"https:\/\/www.laescueladelagua.com\/en\/encuentro-del-proyecto-europeo-vet-labs-en-dinamarca\/","url":"https:\/\/www.laescueladelagua.com\/en\/encuentro-del-proyecto-europeo-vet-labs-en-dinamarca\/","name":"Encuentro del Proyecto Europeo VET Labs en Dinamarca - Escuela del agua","isPartOf":{"@id":"https:\/\/wapwebedapro01.azurewebsites.net\/#website"},"primaryImageOfPage":{"@id":"https:\/\/www.laescueladelagua.com\/en\/encuentro-del-proyecto-europeo-vet-labs-en-dinamarca\/#primaryimage"},"image":{"@id":"https:\/\/www.laescueladelagua.com\/en\/encuentro-del-proyecto-europeo-vet-labs-en-dinamarca\/#primaryimage"},"thumbnailUrl":"\/wp-content\/uploads\/2024\/04\/IMG-20240418-WA0014.jpg","datePublished":"2024-04-26T06:53:35+00:00","breadcrumb":{"@id":"https:\/\/www.laescueladelagua.com\/en\/encuentro-del-proyecto-europeo-vet-labs-en-dinamarca\/#breadcrumb"},"inLanguage":"en-US","potentialAction":[{"@type":"ReadAction","target":["https:\/\/www.laescueladelagua.com\/en\/encuentro-del-proyecto-europeo-vet-labs-en-dinamarca\/"]}]},{"@type":"ImageObject","inLanguage":"en-US","@id":"https:\/\/www.laescueladelagua.com\/en\/encuentro-del-proyecto-europeo-vet-labs-en-dinamarca\/#primaryimage","url":"\/wp-content\/uploads\/2024\/04\/IMG-20240418-WA0014.jpg","contentUrl":"\/wp-content\/uploads\/2024\/04\/IMG-20240418-WA0014.jpg","width":2048,"height":1536},{"@type":"BreadcrumbList","@id":"https:\/\/www.laescueladelagua.com\/en\/encuentro-del-proyecto-europeo-vet-labs-en-dinamarca\/#breadcrumb","itemListElement":[{"@type":"ListItem","position":1,"name":"Home","item":"https:\/\/wapwebedapro01.azurewebsites.net\/"},{"@type":"ListItem","position":2,"name":"Encuentro del Proyecto Europeo VET Labs en Dinamarca"}]},{"@type":"WebSite","@id":"https:\/\/wapwebedapro01.azurewebsites.net\/#website","url":"https:\/\/wapwebedapro01.azurewebsites.net\/","name":"Escuela del agua","description":"","publisher":{"@id":"https:\/\/wapwebedapro01.azurewebsites.net\/#organization"},"potentialAction":[{"@type":"SearchAction","target":{"@type":"EntryPoint","urlTemplate":"https:\/\/wapwebedapro01.azurewebsites.net\/?s={search_term_string}"},"query-input":{"@type":"PropertyValueSpecification","valueRequired":true,"valueName":"search_term_string"}}],"inLanguage":"en-US"},{"@type":"Organization","@id":"https:\/\/wapwebedapro01.azurewebsites.net\/#organization","name":"Escuela del agua","url":"https:\/\/wapwebedapro01.azurewebsites.net\/","logo":{"@type":"ImageObject","inLanguage":"en-US","@id":"https:\/\/wapwebedapro01.azurewebsites.net\/#\/schema\/logo\/image\/","url":"\/wp-content\/uploads\/2023\/08\/logo_EscueladelAgua_mod.1.1_150px.png","contentUrl":"\/wp-content\/uploads\/2023\/08\/logo_EscueladelAgua_mod.1.1_150px.png","width":150,"height":90,"caption":"Escuela del agua"},"image":{"@id":"https:\/\/wapwebedapro01.azurewebsites.net\/#\/schema\/logo\/image\/"}},{"@type":"Person","@id":"https:\/\/wapwebedapro01.azurewebsites.net\/#\/schema\/person\/527f67ae18a7f9a5e4516ba82e2fff6f","name":"emrodriguez","image":{"@type":"ImageObject","inLanguage":"en-US","@id":"https:\/\/wapwebedapro01.azurewebsites.net\/#\/schema\/person\/image\/","url":"https:\/\/secure.gravatar.com\/avatar\/f5a7da42368190a610c3fc6e2d270294?s=96&d=mm&r=g","contentUrl":"https:\/\/secure.gravatar.com\/avatar\/f5a7da42368190a610c3fc6e2d270294?s=96&d=mm&r=g","caption":"emrodriguez"},"url":"https:\/\/www.laescueladelagua.com\/en\/author\/emrodriguez\/"}]}},"meta_box":[],"_links":{"self":[{"href":"https:\/\/www.laescueladelagua.com\/en\/wp-json\/wp\/v2\/posts\/3057","targetHints":{"allow":["GET"]}}],"collection":[{"href":"https:\/\/www.laescueladelagua.com\/en\/wp-json\/wp\/v2\/posts"}],"about":[{"href":"https:\/\/www.laescueladelagua.com\/en\/wp-json\/wp\/v2\/types\/post"}],"author":[{"embeddable":true,"href":"https:\/\/www.laescueladelagua.com\/en\/wp-json\/wp\/v2\/users\/6"}],"replies":[{"embeddable":true,"href":"https:\/\/www.laescueladelagua.com\/en\/wp-json\/wp\/v2\/comments?post=3057"}],"version-history":[{"count":1,"href":"https:\/\/www.laescueladelagua.com\/en\/wp-json\/wp\/v2\/posts\/3057\/revisions"}],"predecessor-version":[{"id":3059,"href":"https:\/\/www.laescueladelagua.com\/en\/wp-json\/wp\/v2\/posts\/3057\/revisions\/3059"}],"wp:featuredmedia":[{"embeddable":true,"href":"https:\/\/www.laescueladelagua.com\/en\/wp-json\/wp\/v2\/media\/3058"}],"wp:attachment":[{"href":"https:\/\/www.laescueladelagua.com\/en\/wp-json\/wp\/v2\/media?parent=3057"}],"wp:term":[{"taxonomy":"category","embeddable":true,"href":"https:\/\/www.laescueladelagua.com\/en\/wp-json\/wp\/v2\/categories?post=3057"},{"taxonomy":"post_tag","embeddable":true,"href":"https:\/\/www.laescueladelagua.com\/en\/wp-json\/wp\/v2\/tags?post=3057"}],"curies":[{"name":"wp","href":"https:\/\/api.w.org\/{rel}","templated":true}]}}