{"id":3135,"date":"2024-05-06T07:50:47","date_gmt":"2024-05-06T07:50:47","guid":{"rendered":"https:\/\/www.laescueladelagua.com\/?p=3135"},"modified":"2024-05-06T07:50:47","modified_gmt":"2024-05-06T07:50:47","slug":"nuevos-horizontes-profesionales-con-los-ciclos-de-fp-dual-del-agua","status":"publish","type":"post","link":"https:\/\/www.laescueladelagua.com\/en\/nuevos-horizontes-profesionales-con-los-ciclos-de-fp-dual-del-agua\/","title":{"rendered":"New professional horizons with dual water fp cycles"},"content":{"rendered":"<p><span style=\"font-weight: 400;\">Dual vocational training constitutes a key educational model for addressing youth unemployment, since it offers a practical route with companies that allows young people to be provided with concrete skills and direct experience in the professional field. Dual vocational training is, therefore, an effective response to the gap between the supply and demand of skills in the labor market. The fact of collaborating closely with companies and the ability of VET programs to adapt to the changing needs of the industry ensure that students acquire the most relevant skills demanded by employers.<\/span><\/p>\n<p><b>The modernization of the water sector generates quality jobs<\/b><\/p>\n<p><span style=\"font-weight: 400;\">In the water sector, this modality plays a fundamental role in the labor insertion of young people and in the preparation of highly qualified professionals. From the supply of drinking water to the treatment of wastewater for reuse, the water sector includes a wide range of activities that require qualified and specialized personnel, in a field that is also constantly evolving.<\/span><\/p>\n<p><span style=\"font-weight: 400;\">In this sense, the technological transformation that the water sector is experiencing with its digitalization, in order to address the challenges posed by the sustainable management of water resources, requires more and more qualified professionals. The automation of facilities and the introduction of specific software in water management, such as advanced technology in searching for leaks and the use of drones to monitor water quality or control the status of hydraulic works. , as well as the application of artificial intelligence, open new professional horizons for which highly qualified digital technical profiles are necessary.<\/span><\/p>\n<p>&nbsp;<\/p>\n<p><b>Agbar, more than 10 years promoting dual FP in the sector<\/b><\/p>\n<p><span style=\"font-weight: 400;\">Since 2012, Agbar has promoted dual FP cycles in the sector through the Water School, participating directly with different public institutes in Catalonia in the design and implementation of the Medium Level Training Cycle (CFGM) in Networks and Treatment Stations. of Water and the Higher Level Training Cycle (CFGS) in Water Management. <\/span><span style=\"font-weight: 400;\">More specifically, the Pere Martell Institute of Tarragona has been a pioneer in teaching both cycles in the dual modality, with the help of Agbar and the Water School, in collaboration with the Department of Education of the Generalitat of Catalonia. <\/span><\/p>\n<p><span style=\"font-weight: 400;\">Currently, the CFGM in Water Treatment Networks and Stations is also taught at the Municipal Labor School of Granollers, at the Institute of Sustainability and Environment of Barcelona and at the Alfons Costafreda Institute of T\u00e0rrega. On the other hand, the CFGS in Water Management is taught at the Esteve Terrades Institute in Cornell\u00e0.<\/span><\/p>\n<p><span style=\"font-weight: 400;\">The replicability of this educational model on a national scale, with a total of 18 centers spread across 7 autonomous communities, as well as the desire to provide an educational, social, business and economic benefit, make this educational commitment a successful model of public collaboration. -private with different administrations and institutions in Catalonia, since Agbar&#039;s dual FP cycles have an employability of 80%.<\/span><\/p>","protected":false},"excerpt":{"rendered":"<p>Dual vocational training constitutes a key educational model for addressing youth unemployment, since it offers a practical route with companies that allows young people to be provided with concrete skills and direct experience in the professional field. Dual FP is, therefore, an effective response to the gap between [\u2026]<\/p>","protected":false},"author":6,"featured_media":3136,"comment_status":"open","ping_status":"open","sticky":false,"template":"","format":"standard","meta":{"footnotes":""},"categories":[28],"tags":[],"class_list":["post-3135","post","type-post","status-publish","format-standard","has-post-thumbnail","hentry","category-fp-dual"],"yoast_head":"<!-- This site is optimized with the Yoast SEO plugin v24.5 - https:\/\/yoast.com\/wordpress\/plugins\/seo\/ -->\r\n<title>Nuevos horizontes profesionales con los ciclos de fp dual del agua - Escuela del agua<\/title>\r\n<meta name=\"robots\" content=\"index, follow, max-snippet:-1, max-image-preview:large, max-video-preview:-1\" \/>\r\n<link rel=\"canonical\" href=\"https:\/\/www.laescueladelagua.com\/en\/nuevos-horizontes-profesionales-con-los-ciclos-de-fp-dual-del-agua\/\" \/>\r\n<meta property=\"og:locale\" content=\"en_US\" \/>\r\n<meta property=\"og:type\" content=\"article\" \/>\r\n<meta property=\"og:title\" content=\"Nuevos horizontes profesionales con los ciclos de fp dual del agua - Escuela del agua\" \/>\r\n<meta property=\"og:description\" content=\"La FP dual constituye un modelo educativo clave para el abordaje del desempleo juvenil, ya que ofrece una v\u00eda pr\u00e1ctica con las empresas que permite dotar a los j\u00f3venes de habilidades concretas y de experiencia directa en el campo profesional . La FP dual es, por tanto, una respuesta efectiva ante la brecha entre la [&hellip;]\" \/>\r\n<meta property=\"og:url\" content=\"https:\/\/www.laescueladelagua.com\/en\/nuevos-horizontes-profesionales-con-los-ciclos-de-fp-dual-del-agua\/\" \/>\r\n<meta property=\"og:site_name\" content=\"Escuela del agua\" \/>\r\n<meta property=\"article:published_time\" content=\"2024-05-06T07:50:47+00:00\" \/>\r\n<meta property=\"og:image\" content=\"https:\/\/www.laescueladelagua.com\/wp-content\/uploads\/2024\/05\/Foto-1_-768x512-1.jpg\" \/>\r\n\t<meta property=\"og:image:width\" content=\"768\" \/>\r\n\t<meta property=\"og:image:height\" content=\"512\" \/>\r\n\t<meta property=\"og:image:type\" content=\"image\/jpeg\" \/>\r\n<meta name=\"author\" content=\"emrodriguez\" \/>\r\n<meta name=\"twitter:card\" content=\"summary_large_image\" \/>\r\n<meta name=\"twitter:label1\" content=\"Written by\" \/>\n\t<meta name=\"twitter:data1\" content=\"emrodriguez\" \/>\n\t<meta name=\"twitter:label2\" content=\"Est. reading time\" \/>\n\t<meta name=\"twitter:data2\" content=\"3 minutes\" \/>\r\n<script type=\"application\/ld+json\" class=\"yoast-schema-graph\">{\"@context\":\"https:\/\/schema.org\",\"@graph\":[{\"@type\":\"Article\",\"@id\":\"https:\/\/www.laescueladelagua.com\/en\/nuevos-horizontes-profesionales-con-los-ciclos-de-fp-dual-del-agua\/#article\",\"isPartOf\":{\"@id\":\"https:\/\/www.laescueladelagua.com\/en\/nuevos-horizontes-profesionales-con-los-ciclos-de-fp-dual-del-agua\/\"},\"author\":{\"name\":\"emrodriguez\",\"@id\":\"https:\/\/wapwebedapro01.azurewebsites.net\/#\/schema\/person\/527f67ae18a7f9a5e4516ba82e2fff6f\"},\"headline\":\"Nuevos horizontes profesionales con los ciclos de fp dual del agua\",\"datePublished\":\"2024-05-06T07:50:47+00:00\",\"mainEntityOfPage\":{\"@id\":\"https:\/\/www.laescueladelagua.com\/en\/nuevos-horizontes-profesionales-con-los-ciclos-de-fp-dual-del-agua\/\"},\"wordCount\":586,\"commentCount\":0,\"publisher\":{\"@id\":\"https:\/\/wapwebedapro01.azurewebsites.net\/#organization\"},\"image\":{\"@id\":\"https:\/\/www.laescueladelagua.com\/en\/nuevos-horizontes-profesionales-con-los-ciclos-de-fp-dual-del-agua\/#primaryimage\"},\"thumbnailUrl\":\"\/wp-content\/uploads\/2024\/05\/Foto-1_-768x512-1.jpg\",\"articleSection\":[\"FP Dual\"],\"inLanguage\":\"en-US\",\"potentialAction\":[{\"@type\":\"CommentAction\",\"name\":\"Comment\",\"target\":[\"https:\/\/www.laescueladelagua.com\/en\/nuevos-horizontes-profesionales-con-los-ciclos-de-fp-dual-del-agua\/#respond\"]}]},{\"@type\":\"WebPage\",\"@id\":\"https:\/\/www.laescueladelagua.com\/en\/nuevos-horizontes-profesionales-con-los-ciclos-de-fp-dual-del-agua\/\",\"url\":\"https:\/\/www.laescueladelagua.com\/en\/nuevos-horizontes-profesionales-con-los-ciclos-de-fp-dual-del-agua\/\",\"name\":\"Nuevos horizontes profesionales con los ciclos de fp dual del agua - Escuela del agua\",\"isPartOf\":{\"@id\":\"https:\/\/wapwebedapro01.azurewebsites.net\/#website\"},\"primaryImageOfPage\":{\"@id\":\"https:\/\/www.laescueladelagua.com\/en\/nuevos-horizontes-profesionales-con-los-ciclos-de-fp-dual-del-agua\/#primaryimage\"},\"image\":{\"@id\":\"https:\/\/www.laescueladelagua.com\/en\/nuevos-horizontes-profesionales-con-los-ciclos-de-fp-dual-del-agua\/#primaryimage\"},\"thumbnailUrl\":\"\/wp-content\/uploads\/2024\/05\/Foto-1_-768x512-1.jpg\",\"datePublished\":\"2024-05-06T07:50:47+00:00\",\"breadcrumb\":{\"@id\":\"https:\/\/www.laescueladelagua.com\/en\/nuevos-horizontes-profesionales-con-los-ciclos-de-fp-dual-del-agua\/#breadcrumb\"},\"inLanguage\":\"en-US\",\"potentialAction\":[{\"@type\":\"ReadAction\",\"target\":[\"https:\/\/www.laescueladelagua.com\/en\/nuevos-horizontes-profesionales-con-los-ciclos-de-fp-dual-del-agua\/\"]}]},{\"@type\":\"ImageObject\",\"inLanguage\":\"en-US\",\"@id\":\"https:\/\/www.laescueladelagua.com\/en\/nuevos-horizontes-profesionales-con-los-ciclos-de-fp-dual-del-agua\/#primaryimage\",\"url\":\"\/wp-content\/uploads\/2024\/05\/Foto-1_-768x512-1.jpg\",\"contentUrl\":\"\/wp-content\/uploads\/2024\/05\/Foto-1_-768x512-1.jpg\",\"width\":768,\"height\":512},{\"@type\":\"BreadcrumbList\",\"@id\":\"https:\/\/www.laescueladelagua.com\/en\/nuevos-horizontes-profesionales-con-los-ciclos-de-fp-dual-del-agua\/#breadcrumb\",\"itemListElement\":[{\"@type\":\"ListItem\",\"position\":1,\"name\":\"Home\",\"item\":\"https:\/\/wapwebedapro01.azurewebsites.net\/\"},{\"@type\":\"ListItem\",\"position\":2,\"name\":\"Nuevos horizontes profesionales con los ciclos de fp dual del agua\"}]},{\"@type\":\"WebSite\",\"@id\":\"https:\/\/wapwebedapro01.azurewebsites.net\/#website\",\"url\":\"https:\/\/wapwebedapro01.azurewebsites.net\/\",\"name\":\"Escuela del agua\",\"description\":\"\",\"publisher\":{\"@id\":\"https:\/\/wapwebedapro01.azurewebsites.net\/#organization\"},\"potentialAction\":[{\"@type\":\"SearchAction\",\"target\":{\"@type\":\"EntryPoint\",\"urlTemplate\":\"https:\/\/wapwebedapro01.azurewebsites.net\/?s={search_term_string}\"},\"query-input\":{\"@type\":\"PropertyValueSpecification\",\"valueRequired\":true,\"valueName\":\"search_term_string\"}}],\"inLanguage\":\"en-US\"},{\"@type\":\"Organization\",\"@id\":\"https:\/\/wapwebedapro01.azurewebsites.net\/#organization\",\"name\":\"Escuela del agua\",\"url\":\"https:\/\/wapwebedapro01.azurewebsites.net\/\",\"logo\":{\"@type\":\"ImageObject\",\"inLanguage\":\"en-US\",\"@id\":\"https:\/\/wapwebedapro01.azurewebsites.net\/#\/schema\/logo\/image\/\",\"url\":\"\/wp-content\/uploads\/2023\/08\/logo_EscueladelAgua_mod.1.1_150px.png\",\"contentUrl\":\"\/wp-content\/uploads\/2023\/08\/logo_EscueladelAgua_mod.1.1_150px.png\",\"width\":150,\"height\":90,\"caption\":\"Escuela del agua\"},\"image\":{\"@id\":\"https:\/\/wapwebedapro01.azurewebsites.net\/#\/schema\/logo\/image\/\"}},{\"@type\":\"Person\",\"@id\":\"https:\/\/wapwebedapro01.azurewebsites.net\/#\/schema\/person\/527f67ae18a7f9a5e4516ba82e2fff6f\",\"name\":\"emrodriguez\",\"image\":{\"@type\":\"ImageObject\",\"inLanguage\":\"en-US\",\"@id\":\"https:\/\/wapwebedapro01.azurewebsites.net\/#\/schema\/person\/image\/\",\"url\":\"https:\/\/secure.gravatar.com\/avatar\/f5a7da42368190a610c3fc6e2d270294?s=96&d=mm&r=g\",\"contentUrl\":\"https:\/\/secure.gravatar.com\/avatar\/f5a7da42368190a610c3fc6e2d270294?s=96&d=mm&r=g\",\"caption\":\"emrodriguez\"},\"url\":\"https:\/\/www.laescueladelagua.com\/en\/author\/emrodriguez\/\"}]}<\/script>\r\n<!-- \/ Yoast SEO plugin. -->","yoast_head_json":{"title":"Nuevos horizontes profesionales con los ciclos de fp dual del agua - Escuela del agua","robots":{"index":"index","follow":"follow","max-snippet":"max-snippet:-1","max-image-preview":"max-image-preview:large","max-video-preview":"max-video-preview:-1"},"canonical":"https:\/\/www.laescueladelagua.com\/en\/nuevos-horizontes-profesionales-con-los-ciclos-de-fp-dual-del-agua\/","og_locale":"en_US","og_type":"article","og_title":"Nuevos horizontes profesionales con los ciclos de fp dual del agua - Escuela del agua","og_description":"La FP dual constituye un modelo educativo clave para el abordaje del desempleo juvenil, ya que ofrece una v\u00eda pr\u00e1ctica con las empresas que permite dotar a los j\u00f3venes de habilidades concretas y de experiencia directa en el campo profesional . La FP dual es, por tanto, una respuesta efectiva ante la brecha entre la [&hellip;]","og_url":"https:\/\/www.laescueladelagua.com\/en\/nuevos-horizontes-profesionales-con-los-ciclos-de-fp-dual-del-agua\/","og_site_name":"Escuela del agua","article_published_time":"2024-05-06T07:50:47+00:00","og_image":[{"width":768,"height":512,"url":"https:\/\/www.laescueladelagua.com\/wp-content\/uploads\/2024\/05\/Foto-1_-768x512-1.jpg","type":"image\/jpeg"}],"author":"emrodriguez","twitter_card":"summary_large_image","twitter_misc":{"Written by":"emrodriguez","Est. reading time":"3 minutes"},"schema":{"@context":"https:\/\/schema.org","@graph":[{"@type":"Article","@id":"https:\/\/www.laescueladelagua.com\/en\/nuevos-horizontes-profesionales-con-los-ciclos-de-fp-dual-del-agua\/#article","isPartOf":{"@id":"https:\/\/www.laescueladelagua.com\/en\/nuevos-horizontes-profesionales-con-los-ciclos-de-fp-dual-del-agua\/"},"author":{"name":"emrodriguez","@id":"https:\/\/wapwebedapro01.azurewebsites.net\/#\/schema\/person\/527f67ae18a7f9a5e4516ba82e2fff6f"},"headline":"Nuevos horizontes profesionales con los ciclos de fp dual del agua","datePublished":"2024-05-06T07:50:47+00:00","mainEntityOfPage":{"@id":"https:\/\/www.laescueladelagua.com\/en\/nuevos-horizontes-profesionales-con-los-ciclos-de-fp-dual-del-agua\/"},"wordCount":586,"commentCount":0,"publisher":{"@id":"https:\/\/wapwebedapro01.azurewebsites.net\/#organization"},"image":{"@id":"https:\/\/www.laescueladelagua.com\/en\/nuevos-horizontes-profesionales-con-los-ciclos-de-fp-dual-del-agua\/#primaryimage"},"thumbnailUrl":"\/wp-content\/uploads\/2024\/05\/Foto-1_-768x512-1.jpg","articleSection":["FP Dual"],"inLanguage":"en-US","potentialAction":[{"@type":"CommentAction","name":"Comment","target":["https:\/\/www.laescueladelagua.com\/en\/nuevos-horizontes-profesionales-con-los-ciclos-de-fp-dual-del-agua\/#respond"]}]},{"@type":"WebPage","@id":"https:\/\/www.laescueladelagua.com\/en\/nuevos-horizontes-profesionales-con-los-ciclos-de-fp-dual-del-agua\/","url":"https:\/\/www.laescueladelagua.com\/en\/nuevos-horizontes-profesionales-con-los-ciclos-de-fp-dual-del-agua\/","name":"Nuevos horizontes profesionales con los ciclos de fp dual del agua - Escuela del agua","isPartOf":{"@id":"https:\/\/wapwebedapro01.azurewebsites.net\/#website"},"primaryImageOfPage":{"@id":"https:\/\/www.laescueladelagua.com\/en\/nuevos-horizontes-profesionales-con-los-ciclos-de-fp-dual-del-agua\/#primaryimage"},"image":{"@id":"https:\/\/www.laescueladelagua.com\/en\/nuevos-horizontes-profesionales-con-los-ciclos-de-fp-dual-del-agua\/#primaryimage"},"thumbnailUrl":"\/wp-content\/uploads\/2024\/05\/Foto-1_-768x512-1.jpg","datePublished":"2024-05-06T07:50:47+00:00","breadcrumb":{"@id":"https:\/\/www.laescueladelagua.com\/en\/nuevos-horizontes-profesionales-con-los-ciclos-de-fp-dual-del-agua\/#breadcrumb"},"inLanguage":"en-US","potentialAction":[{"@type":"ReadAction","target":["https:\/\/www.laescueladelagua.com\/en\/nuevos-horizontes-profesionales-con-los-ciclos-de-fp-dual-del-agua\/"]}]},{"@type":"ImageObject","inLanguage":"en-US","@id":"https:\/\/www.laescueladelagua.com\/en\/nuevos-horizontes-profesionales-con-los-ciclos-de-fp-dual-del-agua\/#primaryimage","url":"\/wp-content\/uploads\/2024\/05\/Foto-1_-768x512-1.jpg","contentUrl":"\/wp-content\/uploads\/2024\/05\/Foto-1_-768x512-1.jpg","width":768,"height":512},{"@type":"BreadcrumbList","@id":"https:\/\/www.laescueladelagua.com\/en\/nuevos-horizontes-profesionales-con-los-ciclos-de-fp-dual-del-agua\/#breadcrumb","itemListElement":[{"@type":"ListItem","position":1,"name":"Home","item":"https:\/\/wapwebedapro01.azurewebsites.net\/"},{"@type":"ListItem","position":2,"name":"Nuevos horizontes profesionales con los ciclos de fp dual del agua"}]},{"@type":"WebSite","@id":"https:\/\/wapwebedapro01.azurewebsites.net\/#website","url":"https:\/\/wapwebedapro01.azurewebsites.net\/","name":"Escuela del agua","description":"","publisher":{"@id":"https:\/\/wapwebedapro01.azurewebsites.net\/#organization"},"potentialAction":[{"@type":"SearchAction","target":{"@type":"EntryPoint","urlTemplate":"https:\/\/wapwebedapro01.azurewebsites.net\/?s={search_term_string}"},"query-input":{"@type":"PropertyValueSpecification","valueRequired":true,"valueName":"search_term_string"}}],"inLanguage":"en-US"},{"@type":"Organization","@id":"https:\/\/wapwebedapro01.azurewebsites.net\/#organization","name":"Escuela del agua","url":"https:\/\/wapwebedapro01.azurewebsites.net\/","logo":{"@type":"ImageObject","inLanguage":"en-US","@id":"https:\/\/wapwebedapro01.azurewebsites.net\/#\/schema\/logo\/image\/","url":"\/wp-content\/uploads\/2023\/08\/logo_EscueladelAgua_mod.1.1_150px.png","contentUrl":"\/wp-content\/uploads\/2023\/08\/logo_EscueladelAgua_mod.1.1_150px.png","width":150,"height":90,"caption":"Escuela del agua"},"image":{"@id":"https:\/\/wapwebedapro01.azurewebsites.net\/#\/schema\/logo\/image\/"}},{"@type":"Person","@id":"https:\/\/wapwebedapro01.azurewebsites.net\/#\/schema\/person\/527f67ae18a7f9a5e4516ba82e2fff6f","name":"emrodriguez","image":{"@type":"ImageObject","inLanguage":"en-US","@id":"https:\/\/wapwebedapro01.azurewebsites.net\/#\/schema\/person\/image\/","url":"https:\/\/secure.gravatar.com\/avatar\/f5a7da42368190a610c3fc6e2d270294?s=96&d=mm&r=g","contentUrl":"https:\/\/secure.gravatar.com\/avatar\/f5a7da42368190a610c3fc6e2d270294?s=96&d=mm&r=g","caption":"emrodriguez"},"url":"https:\/\/www.laescueladelagua.com\/en\/author\/emrodriguez\/"}]}},"meta_box":[],"_links":{"self":[{"href":"https:\/\/www.laescueladelagua.com\/en\/wp-json\/wp\/v2\/posts\/3135","targetHints":{"allow":["GET"]}}],"collection":[{"href":"https:\/\/www.laescueladelagua.com\/en\/wp-json\/wp\/v2\/posts"}],"about":[{"href":"https:\/\/www.laescueladelagua.com\/en\/wp-json\/wp\/v2\/types\/post"}],"author":[{"embeddable":true,"href":"https:\/\/www.laescueladelagua.com\/en\/wp-json\/wp\/v2\/users\/6"}],"replies":[{"embeddable":true,"href":"https:\/\/www.laescueladelagua.com\/en\/wp-json\/wp\/v2\/comments?post=3135"}],"version-history":[{"count":1,"href":"https:\/\/www.laescueladelagua.com\/en\/wp-json\/wp\/v2\/posts\/3135\/revisions"}],"predecessor-version":[{"id":3137,"href":"https:\/\/www.laescueladelagua.com\/en\/wp-json\/wp\/v2\/posts\/3135\/revisions\/3137"}],"wp:featuredmedia":[{"embeddable":true,"href":"https:\/\/www.laescueladelagua.com\/en\/wp-json\/wp\/v2\/media\/3136"}],"wp:attachment":[{"href":"https:\/\/www.laescueladelagua.com\/en\/wp-json\/wp\/v2\/media?parent=3135"}],"wp:term":[{"taxonomy":"category","embeddable":true,"href":"https:\/\/www.laescueladelagua.com\/en\/wp-json\/wp\/v2\/categories?post=3135"},{"taxonomy":"post_tag","embeddable":true,"href":"https:\/\/www.laescueladelagua.com\/en\/wp-json\/wp\/v2\/tags?post=3135"}],"curies":[{"name":"wp","href":"https:\/\/api.w.org\/{rel}","templated":true}]}}