{"id":3826,"date":"2025-01-15T05:00:13","date_gmt":"2025-01-15T05:00:13","guid":{"rendered":"https:\/\/www.laescueladelagua.com\/?p=3826"},"modified":"2025-01-08T18:05:23","modified_gmt":"2025-01-08T18:05:23","slug":"la-escuela-del-agua-inspira-a-futuros-profesionales-en-una-sesion-de-empleabilidad-en-el-ies-cerro-infantes","status":"publish","type":"post","link":"https:\/\/www.laescueladelagua.com\/en\/la-escuela-del-agua-inspira-a-futuros-profesionales-en-una-sesion-de-empleabilidad-en-el-ies-cerro-infantes\/","title":{"rendered":"La Escuela del Agua inspira a futuros profesionales en una sesi\u00f3n de empleabilidad en el IES Cerro Infantes"},"content":{"rendered":"<p><span style=\"font-weight: 400;\">Combinando tecnolog\u00eda de vanguardia y orientaci\u00f3n profesional para los estudiantes del ciclo formativo de Grado Medio en Montaje y Mantenimiento de Instalaciones de Agua y el ciclo formativo de grado superior en t\u00e9cnico de agua.<\/span><\/p>\n<p><span style=\"font-weight: 400;\">La jornada comenz\u00f3 con una experiencia inmersiva de cuatro horas utilizando tecnolog\u00eda de Realidad Virtual (VR). Los alumnos tuvieron la oportunidad de reforzar sus conocimientos te\u00f3ricos mediante simulaciones pr\u00e1cticas en entornos laborales realistas. Con gafas de VR, los estudiantes participaron en m\u00f3dulos sobre \u00abReglas que Salvan\u00bb y \u00abEspacios Confinados\u00bb, donde identificaron peligros y riesgos comunes en el mantenimiento de redes de agua y aplicaron procedimientos de seguridad en espacios confinados. Esta innovadora metodolog\u00eda permiti\u00f3 a los alumnos experimentar situaciones cr\u00edticas y practicar la toma de decisiones seguras, todo en un entorno controlado y seguro.<\/span><\/p>\n<p><span style=\"font-weight: 400;\">Tras la sesi\u00f3n de VR, la Escuela del Agua ofreci\u00f3 una inspiradora charla de dos horas sobre empleabilidad. Durante esta sesi\u00f3n, el experto de la Escuela del Agua Alvaro Mayor comparti\u00f3 valiosos conocimientos sobre las tendencias actuales en el mercado laboral, destacando el crecimiento de las \u00abocupaciones verdes\u00bb y el papel fundamental de la Formaci\u00f3n Profesional en la transici\u00f3n ecol\u00f3gica.<\/span><\/p>\n<p><span style=\"font-weight: 400;\">Los estudiantes quedaron impresionados al conocer que el n\u00famero de profesionales de FP en ocupaciones verdes ha crecido un 41.8% en los \u00faltimos a\u00f1os, con proyecciones de superar los 2 millones para 2035. Adem\u00e1s, se destac\u00f3 que uno de cada tres nuevos empleos en la pr\u00f3xima d\u00e9cada estar\u00e1 relacionado con la sostenibilidad.<\/span><\/p>\n<p><span style=\"font-weight: 400;\">La presentaci\u00f3n abarc\u00f3 temas cruciales como los retos medioambientales actuales, los sectores clave en empleos verdes, y las habilidades m\u00e1s demandadas en el mercado laboral sostenible. Los alumnos participaron activamente, planteando preguntas sobre las oportunidades en \u00e1reas como el tratamiento de aguas, la gesti\u00f3n de recursos h\u00eddricos y las tecnolog\u00edas innovadoras en el sector.<\/span><\/p>\n<p><span style=\"font-weight: 400;\">Esta jornada formativa no s\u00f3lo proporcion\u00f3 a los estudiantes herramientas pr\u00e1cticas y conocimientos valiosos, sino que tambi\u00e9n los inspir\u00f3 a considerar las oportunidades que ofrece el sector del agua y la sostenibilidad en su futuro profesional.<\/span><\/p>\n<p><span style=\"font-weight: 400;\">La sesi\u00f3n concluy\u00f3 con un animado debate sobre las posibilidades de carrera en el sector del agua, dejando a los estudiantes con una visi\u00f3n clara de las oportunidades que les esperan y la importancia de la formaci\u00f3n especializada en este campo.<\/span><\/p>\n<p><span style=\"font-weight: 400;\">Desde la Escuela del Agua, seguimos comprometidos con la formaci\u00f3n y orientaci\u00f3n de los futuros profesionales del sector, contribuyendo as\u00ed a un futuro m\u00e1s sostenible y pr\u00f3spero para todos.<\/span><\/p>\n<p>&nbsp;<\/p>","protected":false},"excerpt":{"rendered":"<p>Combinando tecnolog\u00eda de vanguardia y orientaci\u00f3n profesional para los estudiantes del ciclo formativo de Grado Medio en Montaje y Mantenimiento de Instalaciones de Agua y el ciclo formativo de grado superior en t\u00e9cnico de agua. La jornada comenz\u00f3 con una experiencia inmersiva de cuatro horas utilizando tecnolog\u00eda de Realidad Virtual (VR). Los alumnos tuvieron la [&hellip;]<\/p>","protected":false},"author":7,"featured_media":3827,"comment_status":"open","ping_status":"open","sticky":false,"template":"","format":"standard","meta":{"footnotes":""},"categories":[28],"tags":[],"class_list":["post-3826","post","type-post","status-publish","format-standard","has-post-thumbnail","hentry","category-fp-dual"],"yoast_head":"<!-- This site is optimized with the Yoast SEO plugin v24.5 - https:\/\/yoast.com\/wordpress\/plugins\/seo\/ -->\r\n<title>La Escuela del Agua inspira a futuros profesionales en una sesi\u00f3n de empleabilidad en el IES Cerro Infantes - Escuela del agua<\/title>\r\n<meta name=\"robots\" content=\"index, follow, max-snippet:-1, max-image-preview:large, max-video-preview:-1\" \/>\r\n<link rel=\"canonical\" href=\"https:\/\/www.laescueladelagua.com\/en\/la-escuela-del-agua-inspira-a-futuros-profesionales-en-una-sesion-de-empleabilidad-en-el-ies-cerro-infantes\/\" \/>\r\n<meta property=\"og:locale\" content=\"en_US\" \/>\r\n<meta property=\"og:type\" content=\"article\" \/>\r\n<meta property=\"og:title\" content=\"La Escuela del Agua inspira a futuros profesionales en una sesi\u00f3n de empleabilidad en el IES Cerro Infantes - Escuela del agua\" \/>\r\n<meta property=\"og:description\" content=\"Combinando tecnolog\u00eda de vanguardia y orientaci\u00f3n profesional para los estudiantes del ciclo formativo de Grado Medio en Montaje y Mantenimiento de Instalaciones de Agua y el ciclo formativo de grado superior en t\u00e9cnico de agua. La jornada comenz\u00f3 con una experiencia inmersiva de cuatro horas utilizando tecnolog\u00eda de Realidad Virtual (VR). Los alumnos tuvieron la [&hellip;]\" \/>\r\n<meta property=\"og:url\" content=\"https:\/\/www.laescueladelagua.com\/en\/la-escuela-del-agua-inspira-a-futuros-profesionales-en-una-sesion-de-empleabilidad-en-el-ies-cerro-infantes\/\" \/>\r\n<meta property=\"og:site_name\" content=\"Escuela del agua\" \/>\r\n<meta property=\"article:published_time\" content=\"2025-01-15T05:00:13+00:00\" \/>\r\n<meta property=\"og:image\" content=\"https:\/\/www.laescueladelagua.com\/wp-content\/uploads\/2025\/01\/unnamed.jpg\" \/>\r\n\t<meta property=\"og:image:width\" content=\"512\" \/>\r\n\t<meta property=\"og:image:height\" content=\"384\" \/>\r\n\t<meta property=\"og:image:type\" content=\"image\/jpeg\" \/>\r\n<meta name=\"author\" content=\"david.oller\" \/>\r\n<meta name=\"twitter:card\" content=\"summary_large_image\" \/>\r\n<meta name=\"twitter:label1\" content=\"Written by\" \/>\n\t<meta name=\"twitter:data1\" content=\"david.oller\" \/>\n\t<meta name=\"twitter:label2\" content=\"Est. reading time\" \/>\n\t<meta name=\"twitter:data2\" content=\"2 minutes\" \/>\r\n<script type=\"application\/ld+json\" class=\"yoast-schema-graph\">{\"@context\":\"https:\/\/schema.org\",\"@graph\":[{\"@type\":\"Article\",\"@id\":\"https:\/\/www.laescueladelagua.com\/en\/la-escuela-del-agua-inspira-a-futuros-profesionales-en-una-sesion-de-empleabilidad-en-el-ies-cerro-infantes\/#article\",\"isPartOf\":{\"@id\":\"https:\/\/www.laescueladelagua.com\/en\/la-escuela-del-agua-inspira-a-futuros-profesionales-en-una-sesion-de-empleabilidad-en-el-ies-cerro-infantes\/\"},\"author\":{\"name\":\"david.oller\",\"@id\":\"https:\/\/wapwebedapro01.azurewebsites.net\/#\/schema\/person\/f4da9bd303ae80086067146a6fe01282\"},\"headline\":\"La Escuela del Agua inspira a futuros profesionales en una sesi\u00f3n de empleabilidad en el IES Cerro Infantes\",\"datePublished\":\"2025-01-15T05:00:13+00:00\",\"mainEntityOfPage\":{\"@id\":\"https:\/\/www.laescueladelagua.com\/en\/la-escuela-del-agua-inspira-a-futuros-profesionales-en-una-sesion-de-empleabilidad-en-el-ies-cerro-infantes\/\"},\"wordCount\":452,\"commentCount\":0,\"publisher\":{\"@id\":\"https:\/\/wapwebedapro01.azurewebsites.net\/#organization\"},\"image\":{\"@id\":\"https:\/\/www.laescueladelagua.com\/en\/la-escuela-del-agua-inspira-a-futuros-profesionales-en-una-sesion-de-empleabilidad-en-el-ies-cerro-infantes\/#primaryimage\"},\"thumbnailUrl\":\"\/wp-content\/uploads\/2025\/01\/unnamed.jpg\",\"articleSection\":[\"FP Dual\"],\"inLanguage\":\"en-US\",\"potentialAction\":[{\"@type\":\"CommentAction\",\"name\":\"Comment\",\"target\":[\"https:\/\/www.laescueladelagua.com\/en\/la-escuela-del-agua-inspira-a-futuros-profesionales-en-una-sesion-de-empleabilidad-en-el-ies-cerro-infantes\/#respond\"]}]},{\"@type\":\"WebPage\",\"@id\":\"https:\/\/www.laescueladelagua.com\/en\/la-escuela-del-agua-inspira-a-futuros-profesionales-en-una-sesion-de-empleabilidad-en-el-ies-cerro-infantes\/\",\"url\":\"https:\/\/www.laescueladelagua.com\/en\/la-escuela-del-agua-inspira-a-futuros-profesionales-en-una-sesion-de-empleabilidad-en-el-ies-cerro-infantes\/\",\"name\":\"La Escuela del Agua inspira a futuros profesionales en una sesi\u00f3n de empleabilidad en el IES Cerro Infantes - Escuela del agua\",\"isPartOf\":{\"@id\":\"https:\/\/wapwebedapro01.azurewebsites.net\/#website\"},\"primaryImageOfPage\":{\"@id\":\"https:\/\/www.laescueladelagua.com\/en\/la-escuela-del-agua-inspira-a-futuros-profesionales-en-una-sesion-de-empleabilidad-en-el-ies-cerro-infantes\/#primaryimage\"},\"image\":{\"@id\":\"https:\/\/www.laescueladelagua.com\/en\/la-escuela-del-agua-inspira-a-futuros-profesionales-en-una-sesion-de-empleabilidad-en-el-ies-cerro-infantes\/#primaryimage\"},\"thumbnailUrl\":\"\/wp-content\/uploads\/2025\/01\/unnamed.jpg\",\"datePublished\":\"2025-01-15T05:00:13+00:00\",\"breadcrumb\":{\"@id\":\"https:\/\/www.laescueladelagua.com\/en\/la-escuela-del-agua-inspira-a-futuros-profesionales-en-una-sesion-de-empleabilidad-en-el-ies-cerro-infantes\/#breadcrumb\"},\"inLanguage\":\"en-US\",\"potentialAction\":[{\"@type\":\"ReadAction\",\"target\":[\"https:\/\/www.laescueladelagua.com\/en\/la-escuela-del-agua-inspira-a-futuros-profesionales-en-una-sesion-de-empleabilidad-en-el-ies-cerro-infantes\/\"]}]},{\"@type\":\"ImageObject\",\"inLanguage\":\"en-US\",\"@id\":\"https:\/\/www.laescueladelagua.com\/en\/la-escuela-del-agua-inspira-a-futuros-profesionales-en-una-sesion-de-empleabilidad-en-el-ies-cerro-infantes\/#primaryimage\",\"url\":\"\/wp-content\/uploads\/2025\/01\/unnamed.jpg\",\"contentUrl\":\"\/wp-content\/uploads\/2025\/01\/unnamed.jpg\",\"width\":512,\"height\":384},{\"@type\":\"BreadcrumbList\",\"@id\":\"https:\/\/www.laescueladelagua.com\/en\/la-escuela-del-agua-inspira-a-futuros-profesionales-en-una-sesion-de-empleabilidad-en-el-ies-cerro-infantes\/#breadcrumb\",\"itemListElement\":[{\"@type\":\"ListItem\",\"position\":1,\"name\":\"Home\",\"item\":\"https:\/\/wapwebedapro01.azurewebsites.net\/\"},{\"@type\":\"ListItem\",\"position\":2,\"name\":\"La Escuela del Agua inspira a futuros profesionales en una sesi\u00f3n de empleabilidad en el IES Cerro Infantes\"}]},{\"@type\":\"WebSite\",\"@id\":\"https:\/\/wapwebedapro01.azurewebsites.net\/#website\",\"url\":\"https:\/\/wapwebedapro01.azurewebsites.net\/\",\"name\":\"Escuela del agua\",\"description\":\"\",\"publisher\":{\"@id\":\"https:\/\/wapwebedapro01.azurewebsites.net\/#organization\"},\"potentialAction\":[{\"@type\":\"SearchAction\",\"target\":{\"@type\":\"EntryPoint\",\"urlTemplate\":\"https:\/\/wapwebedapro01.azurewebsites.net\/?s={search_term_string}\"},\"query-input\":{\"@type\":\"PropertyValueSpecification\",\"valueRequired\":true,\"valueName\":\"search_term_string\"}}],\"inLanguage\":\"en-US\"},{\"@type\":\"Organization\",\"@id\":\"https:\/\/wapwebedapro01.azurewebsites.net\/#organization\",\"name\":\"Escuela del agua\",\"url\":\"https:\/\/wapwebedapro01.azurewebsites.net\/\",\"logo\":{\"@type\":\"ImageObject\",\"inLanguage\":\"en-US\",\"@id\":\"https:\/\/wapwebedapro01.azurewebsites.net\/#\/schema\/logo\/image\/\",\"url\":\"\/wp-content\/uploads\/2023\/08\/logo_EscueladelAgua_mod.1.1_150px.png\",\"contentUrl\":\"\/wp-content\/uploads\/2023\/08\/logo_EscueladelAgua_mod.1.1_150px.png\",\"width\":150,\"height\":90,\"caption\":\"Escuela del agua\"},\"image\":{\"@id\":\"https:\/\/wapwebedapro01.azurewebsites.net\/#\/schema\/logo\/image\/\"}},{\"@type\":\"Person\",\"@id\":\"https:\/\/wapwebedapro01.azurewebsites.net\/#\/schema\/person\/f4da9bd303ae80086067146a6fe01282\",\"name\":\"david.oller\",\"image\":{\"@type\":\"ImageObject\",\"inLanguage\":\"en-US\",\"@id\":\"https:\/\/wapwebedapro01.azurewebsites.net\/#\/schema\/person\/image\/\",\"url\":\"https:\/\/secure.gravatar.com\/avatar\/698f6c52e9efecbb9e5d6923485f2cf6?s=96&d=mm&r=g\",\"contentUrl\":\"https:\/\/secure.gravatar.com\/avatar\/698f6c52e9efecbb9e5d6923485f2cf6?s=96&d=mm&r=g\",\"caption\":\"david.oller\"},\"url\":\"https:\/\/www.laescueladelagua.com\/en\/author\/david-oller\/\"}]}<\/script>\r\n<!-- \/ Yoast SEO plugin. -->","yoast_head_json":{"title":"La Escuela del Agua inspira a futuros profesionales en una sesi\u00f3n de empleabilidad en el IES Cerro Infantes - Escuela del agua","robots":{"index":"index","follow":"follow","max-snippet":"max-snippet:-1","max-image-preview":"max-image-preview:large","max-video-preview":"max-video-preview:-1"},"canonical":"https:\/\/www.laescueladelagua.com\/en\/la-escuela-del-agua-inspira-a-futuros-profesionales-en-una-sesion-de-empleabilidad-en-el-ies-cerro-infantes\/","og_locale":"en_US","og_type":"article","og_title":"La Escuela del Agua inspira a futuros profesionales en una sesi\u00f3n de empleabilidad en el IES Cerro Infantes - Escuela del agua","og_description":"Combinando tecnolog\u00eda de vanguardia y orientaci\u00f3n profesional para los estudiantes del ciclo formativo de Grado Medio en Montaje y Mantenimiento de Instalaciones de Agua y el ciclo formativo de grado superior en t\u00e9cnico de agua. La jornada comenz\u00f3 con una experiencia inmersiva de cuatro horas utilizando tecnolog\u00eda de Realidad Virtual (VR). Los alumnos tuvieron la [&hellip;]","og_url":"https:\/\/www.laescueladelagua.com\/en\/la-escuela-del-agua-inspira-a-futuros-profesionales-en-una-sesion-de-empleabilidad-en-el-ies-cerro-infantes\/","og_site_name":"Escuela del agua","article_published_time":"2025-01-15T05:00:13+00:00","og_image":[{"width":512,"height":384,"url":"https:\/\/www.laescueladelagua.com\/wp-content\/uploads\/2025\/01\/unnamed.jpg","type":"image\/jpeg"}],"author":"david.oller","twitter_card":"summary_large_image","twitter_misc":{"Written by":"david.oller","Est. reading time":"2 minutes"},"schema":{"@context":"https:\/\/schema.org","@graph":[{"@type":"Article","@id":"https:\/\/www.laescueladelagua.com\/en\/la-escuela-del-agua-inspira-a-futuros-profesionales-en-una-sesion-de-empleabilidad-en-el-ies-cerro-infantes\/#article","isPartOf":{"@id":"https:\/\/www.laescueladelagua.com\/en\/la-escuela-del-agua-inspira-a-futuros-profesionales-en-una-sesion-de-empleabilidad-en-el-ies-cerro-infantes\/"},"author":{"name":"david.oller","@id":"https:\/\/wapwebedapro01.azurewebsites.net\/#\/schema\/person\/f4da9bd303ae80086067146a6fe01282"},"headline":"La Escuela del Agua inspira a futuros profesionales en una sesi\u00f3n de empleabilidad en el IES Cerro Infantes","datePublished":"2025-01-15T05:00:13+00:00","mainEntityOfPage":{"@id":"https:\/\/www.laescueladelagua.com\/en\/la-escuela-del-agua-inspira-a-futuros-profesionales-en-una-sesion-de-empleabilidad-en-el-ies-cerro-infantes\/"},"wordCount":452,"commentCount":0,"publisher":{"@id":"https:\/\/wapwebedapro01.azurewebsites.net\/#organization"},"image":{"@id":"https:\/\/www.laescueladelagua.com\/en\/la-escuela-del-agua-inspira-a-futuros-profesionales-en-una-sesion-de-empleabilidad-en-el-ies-cerro-infantes\/#primaryimage"},"thumbnailUrl":"\/wp-content\/uploads\/2025\/01\/unnamed.jpg","articleSection":["FP Dual"],"inLanguage":"en-US","potentialAction":[{"@type":"CommentAction","name":"Comment","target":["https:\/\/www.laescueladelagua.com\/en\/la-escuela-del-agua-inspira-a-futuros-profesionales-en-una-sesion-de-empleabilidad-en-el-ies-cerro-infantes\/#respond"]}]},{"@type":"WebPage","@id":"https:\/\/www.laescueladelagua.com\/en\/la-escuela-del-agua-inspira-a-futuros-profesionales-en-una-sesion-de-empleabilidad-en-el-ies-cerro-infantes\/","url":"https:\/\/www.laescueladelagua.com\/en\/la-escuela-del-agua-inspira-a-futuros-profesionales-en-una-sesion-de-empleabilidad-en-el-ies-cerro-infantes\/","name":"La Escuela del Agua inspira a futuros profesionales en una sesi\u00f3n de empleabilidad en el IES Cerro Infantes - Escuela del agua","isPartOf":{"@id":"https:\/\/wapwebedapro01.azurewebsites.net\/#website"},"primaryImageOfPage":{"@id":"https:\/\/www.laescueladelagua.com\/en\/la-escuela-del-agua-inspira-a-futuros-profesionales-en-una-sesion-de-empleabilidad-en-el-ies-cerro-infantes\/#primaryimage"},"image":{"@id":"https:\/\/www.laescueladelagua.com\/en\/la-escuela-del-agua-inspira-a-futuros-profesionales-en-una-sesion-de-empleabilidad-en-el-ies-cerro-infantes\/#primaryimage"},"thumbnailUrl":"\/wp-content\/uploads\/2025\/01\/unnamed.jpg","datePublished":"2025-01-15T05:00:13+00:00","breadcrumb":{"@id":"https:\/\/www.laescueladelagua.com\/en\/la-escuela-del-agua-inspira-a-futuros-profesionales-en-una-sesion-de-empleabilidad-en-el-ies-cerro-infantes\/#breadcrumb"},"inLanguage":"en-US","potentialAction":[{"@type":"ReadAction","target":["https:\/\/www.laescueladelagua.com\/en\/la-escuela-del-agua-inspira-a-futuros-profesionales-en-una-sesion-de-empleabilidad-en-el-ies-cerro-infantes\/"]}]},{"@type":"ImageObject","inLanguage":"en-US","@id":"https:\/\/www.laescueladelagua.com\/en\/la-escuela-del-agua-inspira-a-futuros-profesionales-en-una-sesion-de-empleabilidad-en-el-ies-cerro-infantes\/#primaryimage","url":"\/wp-content\/uploads\/2025\/01\/unnamed.jpg","contentUrl":"\/wp-content\/uploads\/2025\/01\/unnamed.jpg","width":512,"height":384},{"@type":"BreadcrumbList","@id":"https:\/\/www.laescueladelagua.com\/en\/la-escuela-del-agua-inspira-a-futuros-profesionales-en-una-sesion-de-empleabilidad-en-el-ies-cerro-infantes\/#breadcrumb","itemListElement":[{"@type":"ListItem","position":1,"name":"Home","item":"https:\/\/wapwebedapro01.azurewebsites.net\/"},{"@type":"ListItem","position":2,"name":"La Escuela del Agua inspira a futuros profesionales en una sesi\u00f3n de empleabilidad en el IES Cerro Infantes"}]},{"@type":"WebSite","@id":"https:\/\/wapwebedapro01.azurewebsites.net\/#website","url":"https:\/\/wapwebedapro01.azurewebsites.net\/","name":"Escuela del agua","description":"","publisher":{"@id":"https:\/\/wapwebedapro01.azurewebsites.net\/#organization"},"potentialAction":[{"@type":"SearchAction","target":{"@type":"EntryPoint","urlTemplate":"https:\/\/wapwebedapro01.azurewebsites.net\/?s={search_term_string}"},"query-input":{"@type":"PropertyValueSpecification","valueRequired":true,"valueName":"search_term_string"}}],"inLanguage":"en-US"},{"@type":"Organization","@id":"https:\/\/wapwebedapro01.azurewebsites.net\/#organization","name":"Escuela del agua","url":"https:\/\/wapwebedapro01.azurewebsites.net\/","logo":{"@type":"ImageObject","inLanguage":"en-US","@id":"https:\/\/wapwebedapro01.azurewebsites.net\/#\/schema\/logo\/image\/","url":"\/wp-content\/uploads\/2023\/08\/logo_EscueladelAgua_mod.1.1_150px.png","contentUrl":"\/wp-content\/uploads\/2023\/08\/logo_EscueladelAgua_mod.1.1_150px.png","width":150,"height":90,"caption":"Escuela del agua"},"image":{"@id":"https:\/\/wapwebedapro01.azurewebsites.net\/#\/schema\/logo\/image\/"}},{"@type":"Person","@id":"https:\/\/wapwebedapro01.azurewebsites.net\/#\/schema\/person\/f4da9bd303ae80086067146a6fe01282","name":"david.oller","image":{"@type":"ImageObject","inLanguage":"en-US","@id":"https:\/\/wapwebedapro01.azurewebsites.net\/#\/schema\/person\/image\/","url":"https:\/\/secure.gravatar.com\/avatar\/698f6c52e9efecbb9e5d6923485f2cf6?s=96&d=mm&r=g","contentUrl":"https:\/\/secure.gravatar.com\/avatar\/698f6c52e9efecbb9e5d6923485f2cf6?s=96&d=mm&r=g","caption":"david.oller"},"url":"https:\/\/www.laescueladelagua.com\/en\/author\/david-oller\/"}]}},"meta_box":[],"_links":{"self":[{"href":"https:\/\/www.laescueladelagua.com\/en\/wp-json\/wp\/v2\/posts\/3826","targetHints":{"allow":["GET"]}}],"collection":[{"href":"https:\/\/www.laescueladelagua.com\/en\/wp-json\/wp\/v2\/posts"}],"about":[{"href":"https:\/\/www.laescueladelagua.com\/en\/wp-json\/wp\/v2\/types\/post"}],"author":[{"embeddable":true,"href":"https:\/\/www.laescueladelagua.com\/en\/wp-json\/wp\/v2\/users\/7"}],"replies":[{"embeddable":true,"href":"https:\/\/www.laescueladelagua.com\/en\/wp-json\/wp\/v2\/comments?post=3826"}],"version-history":[{"count":1,"href":"https:\/\/www.laescueladelagua.com\/en\/wp-json\/wp\/v2\/posts\/3826\/revisions"}],"predecessor-version":[{"id":3828,"href":"https:\/\/www.laescueladelagua.com\/en\/wp-json\/wp\/v2\/posts\/3826\/revisions\/3828"}],"wp:featuredmedia":[{"embeddable":true,"href":"https:\/\/www.laescueladelagua.com\/en\/wp-json\/wp\/v2\/media\/3827"}],"wp:attachment":[{"href":"https:\/\/www.laescueladelagua.com\/en\/wp-json\/wp\/v2\/media?parent=3826"}],"wp:term":[{"taxonomy":"category","embeddable":true,"href":"https:\/\/www.laescueladelagua.com\/en\/wp-json\/wp\/v2\/categories?post=3826"},{"taxonomy":"post_tag","embeddable":true,"href":"https:\/\/www.laescueladelagua.com\/en\/wp-json\/wp\/v2\/tags?post=3826"}],"curies":[{"name":"wp","href":"https:\/\/api.w.org\/{rel}","templated":true}]}}