{"id":4115,"date":"2025-03-19T12:15:13","date_gmt":"2025-03-19T12:15:13","guid":{"rendered":"https:\/\/www.laescueladelagua.com\/?p=4115"},"modified":"2025-03-19T12:17:07","modified_gmt":"2025-03-19T12:17:07","slug":"entrega-de-certificados-de-acreditacion-de-competencias-profesionales","status":"publish","type":"post","link":"https:\/\/www.laescueladelagua.com\/en\/entrega-de-certificados-de-acreditacion-de-competencias-profesionales\/","title":{"rendered":"Entrega de certificados de acreditaci\u00f3n de competencias profesionales"},"content":{"rendered":"<p>La Escuela del agua de Agbar<span style=\"font-weight: 400;\">, en su compromiso con la profesionalizaci\u00f3n del sector y la mejora continua de la cualificaci\u00f3n de las personas trabajadoras, ha participado activamente en el nuevo procedimiento masivo de acreditaci\u00f3n de competencias profesionales impulsado por la Agencia FPCAT en Catalu\u00f1a.\u00a0<\/span><\/p>\n<p>&nbsp;<\/p>\n<h4><b>Un nuevo modelo de acreditaci\u00f3n adaptado a las empresas<\/b><\/h4>\n<p>&nbsp;<\/p>\n<p><span style=\"font-weight: 400;\">El pasado 11 de marzo, la Agencia FPCAT llev\u00f3 a cabo el acto de entrega de Certificados de Acreditaci\u00f3n de Competencias Profesionales en la sede del Distrito Administrativo de Barcelona. En el evento se entregaron los certificados de las personas trabajadoras acreditadas a sus respectivas entidades.<\/span><\/p>\n<p><span style=\"font-weight: 400;\">Este acto marc\u00f3 el cierre exitoso de la prueba piloto del nuevo procedimiento de acreditaci\u00f3n de car\u00e1cter masivo, que permite gestionar colectivamente la acreditaci\u00f3n de la plantilla mediante convenios de colaboraci\u00f3n con las empresas interesadas y, cuando sea necesario, vincularlo a sus planes de formaci\u00f3n complementaria.<\/span><\/p>\n<p><span style=\"font-weight: 400;\">El evento cont\u00f3 con la presencia del Sr. Francesc Roca, secretario de Formaci\u00f3n Profesional del Departamento de Educaci\u00f3n y Formaci\u00f3n Profesional, del Sr. Jos\u00e9 Luis Dur\u00e1n, presidente ejecutivo de la Ag\u00e8ncia FPCAT y del Sr. Manuel Cermer\u00f3n, CEO de Veolia Espa\u00f1a, adem\u00e1s de representantes y personal acreditado de las empresas participantes.<\/span><\/p>\n<p>&nbsp;<\/p>\n<h4><b>Compromiso con la formaci\u00f3n y la profesionalizaci\u00f3n del sector<\/b><\/h4>\n<p>&nbsp;<\/p>\n<p><span style=\"font-weight: 400;\">La implementaci\u00f3n de este procedimiento responde a la necesidad de adaptar el reconocimiento de competencias profesionales a un mercado laboral en constante evoluci\u00f3n. Tal como destac\u00f3 el Sr. Dur\u00e1n: \u201c<\/span><i><span style=\"font-weight: 400;\">La acreditaci\u00f3n masiva ofrece un proceso m\u00e1s flexible, adaptado a la realidad de cada entidad, permitiendo realizar el procedimiento en los propios espacios de la organizaci\u00f3n e involucrando a sus profesionales como asesores y evaluadores<\/span><\/i><span style=\"font-weight: 400;\">\u201d.<\/span><\/p>\n<p><span style=\"font-weight: 400;\">El CEO de Veolia, Sr. Cermeron, afirm\u00f3: \u201c<\/span><i><span style=\"font-weight: 400;\">La acreditaci\u00f3n masiva reafirma el compromiso de Agbar con la formaci\u00f3n profesional, apostando por un modelo que contribuye a la sostenibilidad y excelencia del sector del agua. Este nuevo procedimiento se consolida como una herramienta clave para mejorar la cualificaci\u00f3n de nuestro personal y aumentar la competitividad en el mercado<\/span><\/i><span style=\"font-weight: 400;\">\u201d.<\/span><\/p>\n<p><span style=\"font-weight: 400;\">Con la coordinaci\u00f3n de la Escuela del agua de Agbar y el apoyo de los Departamentos de Recursos Humanos del Grupo, este proceso de acreditaci\u00f3n masiva ha permitido a los empleados obtener una certificaci\u00f3n profesional con validez estatal, reconociendo oficialmente sus habilidades adquiridas a trav\u00e9s de la experiencia laboral y la formaci\u00f3n no formal. Los resultados de la prueba piloto han sido altamente positivos, con un 70% de los empleados acreditados, impulsando as\u00ed la profesionalizaci\u00f3n del sector y dando cumplimiento al Real Decreto 3\/2023. Este acto representa un reconocimiento al \u00e9xito del despliegue de las acreditaciones profesionales en todo el territorio estatal.<\/span><\/p>\n<p><span style=\"font-weight: 400;\">Para m\u00e1s informaci\u00f3n, puedes consultar el apartado de acreditaciones de nuestra <a href=\"https:\/\/www.laescueladelagua.com\/en\/formacion-para-la-cualificacion-profesional\/acreditacion-de-competencias\/\">p\u00e1gina web<\/a>.<\/span><\/p>","protected":false},"excerpt":{"rendered":"<p>La Escuela del agua de Agbar, en su compromiso con la profesionalizaci\u00f3n del sector y la mejora continua de la cualificaci\u00f3n de las personas trabajadoras, ha participado activamente en el nuevo procedimiento masivo de acreditaci\u00f3n de competencias profesionales impulsado por la Agencia FPCAT en Catalu\u00f1a.\u00a0 &nbsp; Un nuevo modelo de acreditaci\u00f3n adaptado a las empresas [&hellip;]<\/p>","protected":false},"author":14,"featured_media":4119,"comment_status":"open","ping_status":"open","sticky":false,"template":"","format":"standard","meta":{"footnotes":""},"categories":[111,83,147],"tags":[],"class_list":["post-4115","post","type-post","status-publish","format-standard","has-post-thumbnail","hentry","category-acreditacion-profesional","category-cualificacion-profesional","category-formacion-continua"],"yoast_head":"<!-- This site is optimized with the Yoast SEO plugin v24.5 - https:\/\/yoast.com\/wordpress\/plugins\/seo\/ -->\r\n<title>Entrega de certificados de acreditaci\u00f3n de competencias profesionales - Escuela del agua<\/title>\r\n<meta name=\"description\" content=\"La Escuela del agua de Agbar, en su compromiso con la profesionalizaci\u00f3n del sector y la mejora continua de la cualificaci\u00f3n de las personas trabajadoras, ha participado activamente en el nuevo procedimiento masivo de acreditaci\u00f3n de competencias profesionales impulsado por la Ag\u00e8ncia FPCAT en Catalu\u00f1a.\" \/>\r\n<meta name=\"robots\" content=\"index, follow, max-snippet:-1, max-image-preview:large, max-video-preview:-1\" \/>\r\n<link rel=\"canonical\" href=\"https:\/\/www.laescueladelagua.com\/en\/entrega-de-certificados-de-acreditacion-de-competencias-profesionales\/\" \/>\r\n<meta property=\"og:locale\" content=\"en_US\" \/>\r\n<meta property=\"og:type\" content=\"article\" \/>\r\n<meta property=\"og:title\" content=\"Entrega de certificados de acreditaci\u00f3n de competencias profesionales - Escuela del agua\" \/>\r\n<meta property=\"og:description\" content=\"La Escuela del agua de Agbar, en su compromiso con la profesionalizaci\u00f3n del sector y la mejora continua de la cualificaci\u00f3n de las personas trabajadoras, ha participado activamente en el nuevo procedimiento masivo de acreditaci\u00f3n de competencias profesionales impulsado por la Ag\u00e8ncia FPCAT en Catalu\u00f1a.\" \/>\r\n<meta property=\"og:url\" content=\"https:\/\/www.laescueladelagua.com\/en\/entrega-de-certificados-de-acreditacion-de-competencias-profesionales\/\" \/>\r\n<meta property=\"og:site_name\" content=\"Escuela del agua\" \/>\r\n<meta property=\"article:published_time\" content=\"2025-03-19T12:15:13+00:00\" \/>\r\n<meta property=\"article:modified_time\" content=\"2025-03-19T12:17:07+00:00\" \/>\r\n<meta property=\"og:image\" content=\"https:\/\/www.laescueladelagua.com\/wp-content\/uploads\/2025\/03\/Imatge_Acte_11_03-scaled.jpg\" \/>\r\n\t<meta property=\"og:image:width\" content=\"2560\" \/>\r\n\t<meta property=\"og:image:height\" content=\"1353\" \/>\r\n\t<meta property=\"og:image:type\" content=\"image\/jpeg\" \/>\r\n<meta name=\"author\" content=\"william-jose.moreno\" \/>\r\n<meta name=\"twitter:card\" content=\"summary_large_image\" \/>\r\n<meta name=\"twitter:label1\" content=\"Written by\" \/>\n\t<meta name=\"twitter:data1\" content=\"william-jose.moreno\" \/>\n\t<meta name=\"twitter:label2\" content=\"Est. reading time\" \/>\n\t<meta name=\"twitter:data2\" content=\"3 minutes\" \/>\r\n<script type=\"application\/ld+json\" class=\"yoast-schema-graph\">{\"@context\":\"https:\/\/schema.org\",\"@graph\":[{\"@type\":\"Article\",\"@id\":\"https:\/\/www.laescueladelagua.com\/ca\/entrega-de-certificados-de-acreditacion-de-competencias-profesionales\/#article\",\"isPartOf\":{\"@id\":\"https:\/\/www.laescueladelagua.com\/ca\/entrega-de-certificados-de-acreditacion-de-competencias-profesionales\/\"},\"author\":{\"name\":\"william-jose.moreno\",\"@id\":\"https:\/\/wapwebedapro01.azurewebsites.net\/#\/schema\/person\/2ef62850d0c872a47ffe56f15c22323c\"},\"headline\":\"Entrega de certificados de acreditaci\u00f3n de competencias profesionales\",\"datePublished\":\"2025-03-19T12:15:13+00:00\",\"dateModified\":\"2025-03-19T12:17:07+00:00\",\"mainEntityOfPage\":{\"@id\":\"https:\/\/www.laescueladelagua.com\/ca\/entrega-de-certificados-de-acreditacion-de-competencias-profesionales\/\"},\"wordCount\":491,\"commentCount\":0,\"publisher\":{\"@id\":\"https:\/\/wapwebedapro01.azurewebsites.net\/#organization\"},\"image\":{\"@id\":\"https:\/\/www.laescueladelagua.com\/ca\/entrega-de-certificados-de-acreditacion-de-competencias-profesionales\/#primaryimage\"},\"thumbnailUrl\":\"\/wp-content\/uploads\/2025\/03\/Imatge_Acte_11_03-scaled.jpg\",\"articleSection\":[\"Acreditaci\u00f3n Profesional\",\"Cualificaci\u00f3n Profesional\",\"Formaci\u00f3n Continua\"],\"inLanguage\":\"en-US\",\"potentialAction\":[{\"@type\":\"CommentAction\",\"name\":\"Comment\",\"target\":[\"https:\/\/www.laescueladelagua.com\/ca\/entrega-de-certificados-de-acreditacion-de-competencias-profesionales\/#respond\"]}]},{\"@type\":\"WebPage\",\"@id\":\"https:\/\/www.laescueladelagua.com\/ca\/entrega-de-certificados-de-acreditacion-de-competencias-profesionales\/\",\"url\":\"https:\/\/www.laescueladelagua.com\/ca\/entrega-de-certificados-de-acreditacion-de-competencias-profesionales\/\",\"name\":\"Entrega de certificados de acreditaci\u00f3n de competencias profesionales - Escuela del agua\",\"isPartOf\":{\"@id\":\"https:\/\/wapwebedapro01.azurewebsites.net\/#website\"},\"primaryImageOfPage\":{\"@id\":\"https:\/\/www.laescueladelagua.com\/ca\/entrega-de-certificados-de-acreditacion-de-competencias-profesionales\/#primaryimage\"},\"image\":{\"@id\":\"https:\/\/www.laescueladelagua.com\/ca\/entrega-de-certificados-de-acreditacion-de-competencias-profesionales\/#primaryimage\"},\"thumbnailUrl\":\"\/wp-content\/uploads\/2025\/03\/Imatge_Acte_11_03-scaled.jpg\",\"datePublished\":\"2025-03-19T12:15:13+00:00\",\"dateModified\":\"2025-03-19T12:17:07+00:00\",\"description\":\"La Escuela del agua de Agbar, en su compromiso con la profesionalizaci\u00f3n del sector y la mejora continua de la cualificaci\u00f3n de las personas trabajadoras, ha participado activamente en el nuevo procedimiento masivo de acreditaci\u00f3n de competencias profesionales impulsado por la Ag\u00e8ncia FPCAT en Catalu\u00f1a.\",\"breadcrumb\":{\"@id\":\"https:\/\/www.laescueladelagua.com\/ca\/entrega-de-certificados-de-acreditacion-de-competencias-profesionales\/#breadcrumb\"},\"inLanguage\":\"en-US\",\"potentialAction\":[{\"@type\":\"ReadAction\",\"target\":[\"https:\/\/www.laescueladelagua.com\/ca\/entrega-de-certificados-de-acreditacion-de-competencias-profesionales\/\"]}]},{\"@type\":\"ImageObject\",\"inLanguage\":\"en-US\",\"@id\":\"https:\/\/www.laescueladelagua.com\/ca\/entrega-de-certificados-de-acreditacion-de-competencias-profesionales\/#primaryimage\",\"url\":\"\/wp-content\/uploads\/2025\/03\/Imatge_Acte_11_03-scaled.jpg\",\"contentUrl\":\"\/wp-content\/uploads\/2025\/03\/Imatge_Acte_11_03-scaled.jpg\",\"width\":2560,\"height\":1353},{\"@type\":\"BreadcrumbList\",\"@id\":\"https:\/\/www.laescueladelagua.com\/ca\/entrega-de-certificados-de-acreditacion-de-competencias-profesionales\/#breadcrumb\",\"itemListElement\":[{\"@type\":\"ListItem\",\"position\":1,\"name\":\"Home\",\"item\":\"https:\/\/wapwebedapro01.azurewebsites.net\/\"},{\"@type\":\"ListItem\",\"position\":2,\"name\":\"Entrega de certificados de acreditaci\u00f3n de competencias profesionales\"}]},{\"@type\":\"WebSite\",\"@id\":\"https:\/\/wapwebedapro01.azurewebsites.net\/#website\",\"url\":\"https:\/\/wapwebedapro01.azurewebsites.net\/\",\"name\":\"Escuela del agua\",\"description\":\"\",\"publisher\":{\"@id\":\"https:\/\/wapwebedapro01.azurewebsites.net\/#organization\"},\"potentialAction\":[{\"@type\":\"SearchAction\",\"target\":{\"@type\":\"EntryPoint\",\"urlTemplate\":\"https:\/\/wapwebedapro01.azurewebsites.net\/?s={search_term_string}\"},\"query-input\":{\"@type\":\"PropertyValueSpecification\",\"valueRequired\":true,\"valueName\":\"search_term_string\"}}],\"inLanguage\":\"en-US\"},{\"@type\":\"Organization\",\"@id\":\"https:\/\/wapwebedapro01.azurewebsites.net\/#organization\",\"name\":\"Escuela del agua\",\"url\":\"https:\/\/wapwebedapro01.azurewebsites.net\/\",\"logo\":{\"@type\":\"ImageObject\",\"inLanguage\":\"en-US\",\"@id\":\"https:\/\/wapwebedapro01.azurewebsites.net\/#\/schema\/logo\/image\/\",\"url\":\"\/wp-content\/uploads\/2023\/08\/logo_EscueladelAgua_mod.1.1_150px.png\",\"contentUrl\":\"\/wp-content\/uploads\/2023\/08\/logo_EscueladelAgua_mod.1.1_150px.png\",\"width\":150,\"height\":90,\"caption\":\"Escuela del agua\"},\"image\":{\"@id\":\"https:\/\/wapwebedapro01.azurewebsites.net\/#\/schema\/logo\/image\/\"}},{\"@type\":\"Person\",\"@id\":\"https:\/\/wapwebedapro01.azurewebsites.net\/#\/schema\/person\/2ef62850d0c872a47ffe56f15c22323c\",\"name\":\"william-jose.moreno\",\"image\":{\"@type\":\"ImageObject\",\"inLanguage\":\"en-US\",\"@id\":\"https:\/\/wapwebedapro01.azurewebsites.net\/#\/schema\/person\/image\/\",\"url\":\"https:\/\/secure.gravatar.com\/avatar\/f4016a09806c3bffd47afd9693b0eb27?s=96&d=mm&r=g\",\"contentUrl\":\"https:\/\/secure.gravatar.com\/avatar\/f4016a09806c3bffd47afd9693b0eb27?s=96&d=mm&r=g\",\"caption\":\"william-jose.moreno\"},\"url\":\"https:\/\/www.laescueladelagua.com\/en\/author\/william-jose-moreno\/\"}]}<\/script>\r\n<!-- \/ Yoast SEO plugin. -->","yoast_head_json":{"title":"Entrega de certificados de acreditaci\u00f3n de competencias profesionales - Escuela del agua","description":"La Escuela del agua de Agbar, en su compromiso con la profesionalizaci\u00f3n del sector y la mejora continua de la cualificaci\u00f3n de las personas trabajadoras, ha participado activamente en el nuevo procedimiento masivo de acreditaci\u00f3n de competencias profesionales impulsado por la Ag\u00e8ncia FPCAT en Catalu\u00f1a.","robots":{"index":"index","follow":"follow","max-snippet":"max-snippet:-1","max-image-preview":"max-image-preview:large","max-video-preview":"max-video-preview:-1"},"canonical":"https:\/\/www.laescueladelagua.com\/en\/entrega-de-certificados-de-acreditacion-de-competencias-profesionales\/","og_locale":"en_US","og_type":"article","og_title":"Entrega de certificados de acreditaci\u00f3n de competencias profesionales - Escuela del agua","og_description":"La Escuela del agua de Agbar, en su compromiso con la profesionalizaci\u00f3n del sector y la mejora continua de la cualificaci\u00f3n de las personas trabajadoras, ha participado activamente en el nuevo procedimiento masivo de acreditaci\u00f3n de competencias profesionales impulsado por la Ag\u00e8ncia FPCAT en Catalu\u00f1a.","og_url":"https:\/\/www.laescueladelagua.com\/en\/entrega-de-certificados-de-acreditacion-de-competencias-profesionales\/","og_site_name":"Escuela del agua","article_published_time":"2025-03-19T12:15:13+00:00","article_modified_time":"2025-03-19T12:17:07+00:00","og_image":[{"width":2560,"height":1353,"url":"https:\/\/www.laescueladelagua.com\/wp-content\/uploads\/2025\/03\/Imatge_Acte_11_03-scaled.jpg","type":"image\/jpeg"}],"author":"william-jose.moreno","twitter_card":"summary_large_image","twitter_misc":{"Written by":"william-jose.moreno","Est. reading time":"3 minutes"},"schema":{"@context":"https:\/\/schema.org","@graph":[{"@type":"Article","@id":"https:\/\/www.laescueladelagua.com\/ca\/entrega-de-certificados-de-acreditacion-de-competencias-profesionales\/#article","isPartOf":{"@id":"https:\/\/www.laescueladelagua.com\/ca\/entrega-de-certificados-de-acreditacion-de-competencias-profesionales\/"},"author":{"name":"william-jose.moreno","@id":"https:\/\/wapwebedapro01.azurewebsites.net\/#\/schema\/person\/2ef62850d0c872a47ffe56f15c22323c"},"headline":"Entrega de certificados de acreditaci\u00f3n de competencias profesionales","datePublished":"2025-03-19T12:15:13+00:00","dateModified":"2025-03-19T12:17:07+00:00","mainEntityOfPage":{"@id":"https:\/\/www.laescueladelagua.com\/ca\/entrega-de-certificados-de-acreditacion-de-competencias-profesionales\/"},"wordCount":491,"commentCount":0,"publisher":{"@id":"https:\/\/wapwebedapro01.azurewebsites.net\/#organization"},"image":{"@id":"https:\/\/www.laescueladelagua.com\/ca\/entrega-de-certificados-de-acreditacion-de-competencias-profesionales\/#primaryimage"},"thumbnailUrl":"\/wp-content\/uploads\/2025\/03\/Imatge_Acte_11_03-scaled.jpg","articleSection":["Acreditaci\u00f3n Profesional","Cualificaci\u00f3n Profesional","Formaci\u00f3n Continua"],"inLanguage":"en-US","potentialAction":[{"@type":"CommentAction","name":"Comment","target":["https:\/\/www.laescueladelagua.com\/ca\/entrega-de-certificados-de-acreditacion-de-competencias-profesionales\/#respond"]}]},{"@type":"WebPage","@id":"https:\/\/www.laescueladelagua.com\/ca\/entrega-de-certificados-de-acreditacion-de-competencias-profesionales\/","url":"https:\/\/www.laescueladelagua.com\/ca\/entrega-de-certificados-de-acreditacion-de-competencias-profesionales\/","name":"Entrega de certificados de acreditaci\u00f3n de competencias profesionales - Escuela del agua","isPartOf":{"@id":"https:\/\/wapwebedapro01.azurewebsites.net\/#website"},"primaryImageOfPage":{"@id":"https:\/\/www.laescueladelagua.com\/ca\/entrega-de-certificados-de-acreditacion-de-competencias-profesionales\/#primaryimage"},"image":{"@id":"https:\/\/www.laescueladelagua.com\/ca\/entrega-de-certificados-de-acreditacion-de-competencias-profesionales\/#primaryimage"},"thumbnailUrl":"\/wp-content\/uploads\/2025\/03\/Imatge_Acte_11_03-scaled.jpg","datePublished":"2025-03-19T12:15:13+00:00","dateModified":"2025-03-19T12:17:07+00:00","description":"La Escuela del agua de Agbar, en su compromiso con la profesionalizaci\u00f3n del sector y la mejora continua de la cualificaci\u00f3n de las personas trabajadoras, ha participado activamente en el nuevo procedimiento masivo de acreditaci\u00f3n de competencias profesionales impulsado por la Ag\u00e8ncia FPCAT en Catalu\u00f1a.","breadcrumb":{"@id":"https:\/\/www.laescueladelagua.com\/ca\/entrega-de-certificados-de-acreditacion-de-competencias-profesionales\/#breadcrumb"},"inLanguage":"en-US","potentialAction":[{"@type":"ReadAction","target":["https:\/\/www.laescueladelagua.com\/ca\/entrega-de-certificados-de-acreditacion-de-competencias-profesionales\/"]}]},{"@type":"ImageObject","inLanguage":"en-US","@id":"https:\/\/www.laescueladelagua.com\/ca\/entrega-de-certificados-de-acreditacion-de-competencias-profesionales\/#primaryimage","url":"\/wp-content\/uploads\/2025\/03\/Imatge_Acte_11_03-scaled.jpg","contentUrl":"\/wp-content\/uploads\/2025\/03\/Imatge_Acte_11_03-scaled.jpg","width":2560,"height":1353},{"@type":"BreadcrumbList","@id":"https:\/\/www.laescueladelagua.com\/ca\/entrega-de-certificados-de-acreditacion-de-competencias-profesionales\/#breadcrumb","itemListElement":[{"@type":"ListItem","position":1,"name":"Home","item":"https:\/\/wapwebedapro01.azurewebsites.net\/"},{"@type":"ListItem","position":2,"name":"Entrega de certificados de acreditaci\u00f3n de competencias profesionales"}]},{"@type":"WebSite","@id":"https:\/\/wapwebedapro01.azurewebsites.net\/#website","url":"https:\/\/wapwebedapro01.azurewebsites.net\/","name":"Escuela del agua","description":"","publisher":{"@id":"https:\/\/wapwebedapro01.azurewebsites.net\/#organization"},"potentialAction":[{"@type":"SearchAction","target":{"@type":"EntryPoint","urlTemplate":"https:\/\/wapwebedapro01.azurewebsites.net\/?s={search_term_string}"},"query-input":{"@type":"PropertyValueSpecification","valueRequired":true,"valueName":"search_term_string"}}],"inLanguage":"en-US"},{"@type":"Organization","@id":"https:\/\/wapwebedapro01.azurewebsites.net\/#organization","name":"Escuela del agua","url":"https:\/\/wapwebedapro01.azurewebsites.net\/","logo":{"@type":"ImageObject","inLanguage":"en-US","@id":"https:\/\/wapwebedapro01.azurewebsites.net\/#\/schema\/logo\/image\/","url":"\/wp-content\/uploads\/2023\/08\/logo_EscueladelAgua_mod.1.1_150px.png","contentUrl":"\/wp-content\/uploads\/2023\/08\/logo_EscueladelAgua_mod.1.1_150px.png","width":150,"height":90,"caption":"Escuela del agua"},"image":{"@id":"https:\/\/wapwebedapro01.azurewebsites.net\/#\/schema\/logo\/image\/"}},{"@type":"Person","@id":"https:\/\/wapwebedapro01.azurewebsites.net\/#\/schema\/person\/2ef62850d0c872a47ffe56f15c22323c","name":"william-jose.moreno","image":{"@type":"ImageObject","inLanguage":"en-US","@id":"https:\/\/wapwebedapro01.azurewebsites.net\/#\/schema\/person\/image\/","url":"https:\/\/secure.gravatar.com\/avatar\/f4016a09806c3bffd47afd9693b0eb27?s=96&d=mm&r=g","contentUrl":"https:\/\/secure.gravatar.com\/avatar\/f4016a09806c3bffd47afd9693b0eb27?s=96&d=mm&r=g","caption":"william-jose.moreno"},"url":"https:\/\/www.laescueladelagua.com\/en\/author\/william-jose-moreno\/"}]}},"meta_box":[],"_links":{"self":[{"href":"https:\/\/www.laescueladelagua.com\/en\/wp-json\/wp\/v2\/posts\/4115","targetHints":{"allow":["GET"]}}],"collection":[{"href":"https:\/\/www.laescueladelagua.com\/en\/wp-json\/wp\/v2\/posts"}],"about":[{"href":"https:\/\/www.laescueladelagua.com\/en\/wp-json\/wp\/v2\/types\/post"}],"author":[{"embeddable":true,"href":"https:\/\/www.laescueladelagua.com\/en\/wp-json\/wp\/v2\/users\/14"}],"replies":[{"embeddable":true,"href":"https:\/\/www.laescueladelagua.com\/en\/wp-json\/wp\/v2\/comments?post=4115"}],"version-history":[{"count":6,"href":"https:\/\/www.laescueladelagua.com\/en\/wp-json\/wp\/v2\/posts\/4115\/revisions"}],"predecessor-version":[{"id":4123,"href":"https:\/\/www.laescueladelagua.com\/en\/wp-json\/wp\/v2\/posts\/4115\/revisions\/4123"}],"wp:featuredmedia":[{"embeddable":true,"href":"https:\/\/www.laescueladelagua.com\/en\/wp-json\/wp\/v2\/media\/4119"}],"wp:attachment":[{"href":"https:\/\/www.laescueladelagua.com\/en\/wp-json\/wp\/v2\/media?parent=4115"}],"wp:term":[{"taxonomy":"category","embeddable":true,"href":"https:\/\/www.laescueladelagua.com\/en\/wp-json\/wp\/v2\/categories?post=4115"},{"taxonomy":"post_tag","embeddable":true,"href":"https:\/\/www.laescueladelagua.com\/en\/wp-json\/wp\/v2\/tags?post=4115"}],"curies":[{"name":"wp","href":"https:\/\/api.w.org\/{rel}","templated":true}]}}